{"id":10722,"date":"2025-01-13T06:38:06","date_gmt":"2025-01-13T06:38:06","guid":{"rendered":"https:\/\/sindromecharge.es\/index.php\/2025\/01\/13\/hasta-6-000-ascensores-siguen-aun-sin-reparar-zona-cero-dana\/"},"modified":"2025-01-13T06:38:06","modified_gmt":"2025-01-13T06:38:06","slug":"hasta-6-000-ascensores-siguen-aun-sin-reparar-zona-cero-dana","status":"publish","type":"post","link":"https:\/\/sindromecharge.es\/index.php\/2025\/01\/13\/hasta-6-000-ascensores-siguen-aun-sin-reparar-zona-cero-dana\/","title":{"rendered":"Hasta 6.000 ascensores siguen a\u00fan sin reparar en la zona cero de la DANA"},"content":{"rendered":"<p>Leemos en Discapacidad la siguiente noticia que os reproducimos de forma \u00edntegra: <\/p>\n<div>\n<p>Dos meses y medio despu\u00e9s de la catastr\u00f3fica DANA que inund\u00f3 varias comarcas valencianas y que ha dejado 224 muertos, tres desaparecidos e ingentes da\u00f1os materiales,<b> Miguel Almena sigue confinado<\/b> en su casa contra su voluntad. Este vecino de Aldaia, como otros miles de decenas de localidades, sufre el <b>colapso del ascensor de su edificio<\/b> como una condena. Solo la visita espor\u00e1dica de voluntarios de Cruz Roja le permite asomarse a la calle. El problema, en t\u00e9rminos generales, va para largo, ya que <b>hasta 6.000 elevadores de los 10.000 da\u00f1ados inicialmente<\/b> contin\u00faan a la espera de ser reparados en la zona cero, seg\u00fan las empresas del sector, y el horizonte temporal que manejan pasa por ir solucionando las aver\u00edas a lo largo de este a\u00f1o, por lo que piden \u00abpaciencia\u00bb. Mientras, las entidades de la discapacidad instan a la Generalitat a cruzar datos para poder <b>priorizar los bloques en los que viven personas mayores o dependientes<\/b>.<\/p>\n<p>El cuello de botella para atender las miles solicitudes de reparaci\u00f3n de estos elementos tiene que ver con dos aspectos: la <b>falta de personal y de piezas<\/b>. Seg\u00fan explica el presidente de la Asociaci\u00f3n de Empresas de Ascensores de la Comunitat Valenciana (Ascencoval), <b>Emilio Carbonell<\/b>, el n\u00famero de elevadores afectados ha bajado desde los 7.000-10.000 iniciales a un rango entre 2.000 y 6.000, que son <b>los que quedan todav\u00eda por reparar,<\/b> aunque la cifra se actualizar\u00e1 y concretar\u00e1 esta semana tras las Navidades. Estos \u00faltimos casos son los m\u00e1s \u00abcomplicados\u00bb, ya que los materiales como motores, pistones y cabinas resultaron muy da\u00f1ados al quedar sumergidos. \u00abHay que reponerlos tras la limpieza, tener el material y volver a instalarlos. En el mejor de los casos hablamos de un <b>plazo de seis semanas por ascensor<\/b>\u00ab, explica el dirigente patronal.<\/p>\n<p>En la provincia de Valencia se instalan de media al a\u00f1o unos 1.500 ascensores nuevos, por lo que la colocaci\u00f3n de 2.000 (la cifra m\u00e1s baja de la horquilla prevista) supone <b>tener que duplicar la capacidad de las empresas locales<\/b>. \u00abLo m\u00e1s dif\u00edcil es tener montadores cualificados\u00bb, afirma Carbonell. Por ello, Ascencoval ha organizado <b>tres cursos de formaci\u00f3n<\/b> en colaboraci\u00f3n con la Federaci\u00f3n del Metal (Femeval) y el Servicio Valenciano de Empleo (Labora). El primero est\u00e1 previsto para este mes de enero y los otros dos ya han sido convocados. La Generalitat, de hecho, est\u00e1 <b>localizando operarios de este \u00e1mbito<\/b>, a los que proporciona alojamiento y transporte para que puedan prestar asistencia en las zonas afectadas por las riadas.<\/p>\n<p>Esta situaci\u00f3n est\u00e1 afectando especialmente a las <b>personas con movilidad reducida, discapacidad o dependencia<\/b>. El Comit\u00e9 de Entidades Representantes de Personas con Discapacidad (Cermi CV)  ha presentado a la Generalitat una propuesta de decreto para reponer los ascensores inoperativos mediante un procedimiento administrativo excepcional y tambi\u00e9n ha solicitado a la Conselleria de Bienestar Social que cruce sus datos con otros departamentos y administraciones para averiguar el n\u00famero de personas confinadas a la fuerza en sus viviendas y la ubicaci\u00f3n de las mismas para priorizar estos casos. \u00ab<b>Los ascensores constituyen un derecho b\u00e1sico de las personas<\/b>. En estos casos no pueden salir de sus propias viviendas o recibir servicios domiciliarios\u00bb, expone el presidente de la entidad, <b>Luis Va\u00f1\u00f3<\/b>. <\/p>\n<p>Por ello, insiste en que se aborde un <b>\u00abplan de emergencias inclusivo\u00bb<\/b> que refleje esta realidad. \u00abNo podemos ir a salto de mata como vamos en este momento\u00bb, denuncia. Mientras se reparan definitivamente los elevadores, pide la instalaci\u00f3n de <b>salvaescaleras o elevadores provisionales<\/b>, porque \u00abno se puede depender de la buena voluntad de familiares, voluntarios o asociaciones para bajarlos\u00bb a la calle.<\/p>\n<p>A este problema se une el econ\u00f3mico, ya que, mientras los seguros (en el caso de tenerlos contratados) eval\u00faan los da\u00f1os, numerosas comunidades de vecinos \u00abtienen que adelantar una derrama para las reparaciones que en el caso de edificios con pocas viviendas pueden ser de hasta 5.000 euros por puerta\u00bb, asegura Va\u00f1\u00f3, y no podr\u00e1n pagarla. \u00ab<b>Es un problema muy cr\u00edtico que est\u00e1 invisibilizado<\/b>, pero para las personas con movilidad reducida tiene una relevancia brutal, es una barrera insalvable para su autonom\u00eda\u00bb, a\u00f1ade el presidente del Cermi CV.<\/p>\n<p>La vicepresidenta primera y consellera de Servicios Sociales, <b>Susana Camarero<\/b>, dijo tras el pleno de la semana pasada que su departamento llevan \u00abdesde el principio\u00bb trabajando de la mano del Cermi y con los ayuntamientos para detectar cu\u00e1les son las personas vulnerables de esas localidades. \u00abNo solamente para ayudarles a bajar, les hemos puesto hasta gr\u00faas en algunos de los municipios, sino tambi\u00e9n llev\u00e1ndoles la alimentaci\u00f3n, la medicaci\u00f3n y el personal de asistencia que han requerido\u00bb. Adem\u00e1s, asegur\u00f3 que varias consellerias est\u00e1n tratando de solucionar la \u00abproblem\u00e1tica\u00bb de los ascensores.<\/p>\n<h2>Nueva ayuda de 2.000 euros por coche<\/h2>\n<p>El pleno del Consell tiene previsto aprobar este martes una partida extraordinaria inicial de 250 millones de euros para compensar \u00absin condici\u00f3n, sin fiscalidad, de manera expr\u00e9s y con la m\u00ednima burocracia\u00bb la p\u00e9rdida de veh\u00edculos a consecuencia de la DANA. Seg\u00fan avanz\u00f3 el pasado viernes el <i>president <\/i>Carlos Maz\u00f3n, se conceder\u00e1n 250 euros por ciclomotor, 750 por motocicleta, 2.000 por turismos, furgonetas o similares y 2.500 euros a los adaptados a personas con movilidad reducida.<\/p>\n<\/div>\n<p>Fuente: Discapacidad https:\/\/www.20minutos.es\/noticia\/5671247\/0\/hasta-6-000-ascensores-siguen-aun-sin-reparar-zona-cero-dana\/<\/p>\n","protected":false},"excerpt":{"rendered":"<p>Dos meses y medio despu\u00e9s de la catastr\u00f3fica DANA que inund\u00f3 varias comarcas valencianas y que ha dejado 224 muertos, tres desaparecidos e ingentes da\u00f1os&#8230;<\/p>\n","protected":false},"author":1,"featured_media":0,"comment_status":"closed","ping_status":"closed","sticky":false,"template":"","format":"standard","meta":{"footnotes":""},"categories":[8],"tags":[],"class_list":["post-10722","post","type-post","status-publish","format-standard","hentry","category-noticias"],"yoast_head":"<!-- This site is optimized with the Yoast SEO plugin v27.5 - https:\/\/yoast.com\/product\/yoast-seo-wordpress\/ -->\n<title>Hasta 6.000 ascensores siguen a\u00fan sin reparar en la zona cero de la DANA - Asociaci\u00f3n Espa\u00f1ola S\u00edndrome de Charge<\/title>\n<meta name=\"robots\" content=\"index, follow, max-snippet:-1, max-image-preview:large, max-video-preview:-1\" \/>\n<link rel=\"canonical\" href=\"https:\/\/sindromecharge.es\/index.php\/2025\/01\/13\/hasta-6-000-ascensores-siguen-aun-sin-reparar-zona-cero-dana\/\" \/>\n<meta property=\"og:locale\" content=\"es_ES\" \/>\n<meta property=\"og:type\" content=\"article\" \/>\n<meta property=\"og:title\" content=\"Hasta 6.000 ascensores siguen a\u00fan sin reparar en la zona cero de la DANA - Asociaci\u00f3n Espa\u00f1ola S\u00edndrome de Charge\" \/>\n<meta property=\"og:description\" content=\"Dos meses y medio despu\u00e9s de la catastr\u00f3fica DANA que inund\u00f3 varias comarcas valencianas y que ha dejado 224 muertos, tres desaparecidos e ingentes da\u00f1os&#8230;\" \/>\n<meta property=\"og:url\" content=\"https:\/\/sindromecharge.es\/index.php\/2025\/01\/13\/hasta-6-000-ascensores-siguen-aun-sin-reparar-zona-cero-dana\/\" \/>\n<meta property=\"og:site_name\" content=\"Asociaci\u00f3n Espa\u00f1ola S\u00edndrome de Charge\" \/>\n<meta property=\"article:publisher\" content=\"https:\/\/www.facebook.com\/asociacionsindromecharge\" \/>\n<meta property=\"article:published_time\" content=\"2025-01-13T06:38:06+00:00\" \/>\n<meta property=\"og:image\" content=\"https:\/\/sindromecharge.es\/wp-content\/uploads\/2013\/09\/logodecharge300x98.png\" \/>\n\t<meta property=\"og:image:width\" content=\"300\" \/>\n\t<meta property=\"og:image:height\" content=\"98\" \/>\n\t<meta property=\"og:image:type\" content=\"image\/png\" \/>\n<meta name=\"author\" content=\"Charge\" \/>\n<meta name=\"twitter:card\" content=\"summary_large_image\" \/>\n<meta name=\"twitter:creator\" content=\"@sindromecharge\" \/>\n<meta name=\"twitter:site\" content=\"@sindromecharge\" \/>\n<meta name=\"twitter:label1\" content=\"Escrito por\" \/>\n\t<meta name=\"twitter:data1\" content=\"Charge\" \/>\n\t<meta name=\"twitter:label2\" content=\"Tiempo de lectura\" \/>\n\t<meta name=\"twitter:data2\" content=\"5 minutos\" \/>\n<script type=\"application\/ld+json\" class=\"yoast-schema-graph\">{\"@context\":\"https:\\\/\\\/schema.org\",\"@graph\":[{\"@type\":\"Article\",\"@id\":\"https:\\\/\\\/sindromecharge.es\\\/index.php\\\/2025\\\/01\\\/13\\\/hasta-6-000-ascensores-siguen-aun-sin-reparar-zona-cero-dana\\\/#article\",\"isPartOf\":{\"@id\":\"https:\\\/\\\/sindromecharge.es\\\/index.php\\\/2025\\\/01\\\/13\\\/hasta-6-000-ascensores-siguen-aun-sin-reparar-zona-cero-dana\\\/\"},\"author\":{\"name\":\"Charge\",\"@id\":\"https:\\\/\\\/sindromecharge.es\\\/#\\\/schema\\\/person\\\/39a60ebe0a2b4d5a11179701e336b039\"},\"headline\":\"Hasta 6.000 ascensores siguen a\u00fan sin reparar en la zona cero de la DANA\",\"datePublished\":\"2025-01-13T06:38:06+00:00\",\"mainEntityOfPage\":{\"@id\":\"https:\\\/\\\/sindromecharge.es\\\/index.php\\\/2025\\\/01\\\/13\\\/hasta-6-000-ascensores-siguen-aun-sin-reparar-zona-cero-dana\\\/\"},\"wordCount\":929,\"articleSection\":[\"noticias\"],\"inLanguage\":\"es\"},{\"@type\":\"WebPage\",\"@id\":\"https:\\\/\\\/sindromecharge.es\\\/index.php\\\/2025\\\/01\\\/13\\\/hasta-6-000-ascensores-siguen-aun-sin-reparar-zona-cero-dana\\\/\",\"url\":\"https:\\\/\\\/sindromecharge.es\\\/index.php\\\/2025\\\/01\\\/13\\\/hasta-6-000-ascensores-siguen-aun-sin-reparar-zona-cero-dana\\\/\",\"name\":\"Hasta 6.000 ascensores siguen a\u00fan sin reparar en la zona cero de la DANA - Asociaci\u00f3n Espa\u00f1ola S\u00edndrome de Charge\",\"isPartOf\":{\"@id\":\"https:\\\/\\\/sindromecharge.es\\\/#website\"},\"datePublished\":\"2025-01-13T06:38:06+00:00\",\"author\":{\"@id\":\"https:\\\/\\\/sindromecharge.es\\\/#\\\/schema\\\/person\\\/39a60ebe0a2b4d5a11179701e336b039\"},\"breadcrumb\":{\"@id\":\"https:\\\/\\\/sindromecharge.es\\\/index.php\\\/2025\\\/01\\\/13\\\/hasta-6-000-ascensores-siguen-aun-sin-reparar-zona-cero-dana\\\/#breadcrumb\"},\"inLanguage\":\"es\",\"potentialAction\":[{\"@type\":\"ReadAction\",\"target\":[\"https:\\\/\\\/sindromecharge.es\\\/index.php\\\/2025\\\/01\\\/13\\\/hasta-6-000-ascensores-siguen-aun-sin-reparar-zona-cero-dana\\\/\"]}]},{\"@type\":\"BreadcrumbList\",\"@id\":\"https:\\\/\\\/sindromecharge.es\\\/index.php\\\/2025\\\/01\\\/13\\\/hasta-6-000-ascensores-siguen-aun-sin-reparar-zona-cero-dana\\\/#breadcrumb\",\"itemListElement\":[{\"@type\":\"ListItem\",\"position\":1,\"name\":\"Portada\",\"item\":\"https:\\\/\\\/sindromecharge.es\\\/\"},{\"@type\":\"ListItem\",\"position\":2,\"name\":\"Hasta 6.000 ascensores siguen a\u00fan sin reparar en la zona cero de la DANA\"}]},{\"@type\":\"WebSite\",\"@id\":\"https:\\\/\\\/sindromecharge.es\\\/#website\",\"url\":\"https:\\\/\\\/sindromecharge.es\\\/\",\"name\":\"Asociaci\u00f3n Espa\u00f1ola S\u00edndrome de Charge\",\"description\":\"\",\"potentialAction\":[{\"@type\":\"SearchAction\",\"target\":{\"@type\":\"EntryPoint\",\"urlTemplate\":\"https:\\\/\\\/sindromecharge.es\\\/?s={search_term_string}\"},\"query-input\":{\"@type\":\"PropertyValueSpecification\",\"valueRequired\":true,\"valueName\":\"search_term_string\"}}],\"inLanguage\":\"es\"},{\"@type\":\"Person\",\"@id\":\"https:\\\/\\\/sindromecharge.es\\\/#\\\/schema\\\/person\\\/39a60ebe0a2b4d5a11179701e336b039\",\"name\":\"Charge\",\"image\":{\"@type\":\"ImageObject\",\"inLanguage\":\"es\",\"@id\":\"https:\\\/\\\/secure.gravatar.com\\\/avatar\\\/c3b46e32a0fc3b093a0873fb767bf3293de856293065e84ef06b7ec7a8acfb98?s=96&d=identicon&r=x\",\"url\":\"https:\\\/\\\/secure.gravatar.com\\\/avatar\\\/c3b46e32a0fc3b093a0873fb767bf3293de856293065e84ef06b7ec7a8acfb98?s=96&d=identicon&r=x\",\"contentUrl\":\"https:\\\/\\\/secure.gravatar.com\\\/avatar\\\/c3b46e32a0fc3b093a0873fb767bf3293de856293065e84ef06b7ec7a8acfb98?s=96&d=identicon&r=x\",\"caption\":\"Charge\"},\"url\":\"https:\\\/\\\/sindromecharge.es\\\/index.php\\\/author\\\/admin\\\/\"}]}<\/script>\n<!-- \/ Yoast SEO plugin. -->","yoast_head_json":{"title":"Hasta 6.000 ascensores siguen a\u00fan sin reparar en la zona cero de la DANA - Asociaci\u00f3n Espa\u00f1ola S\u00edndrome de Charge","robots":{"index":"index","follow":"follow","max-snippet":"max-snippet:-1","max-image-preview":"max-image-preview:large","max-video-preview":"max-video-preview:-1"},"canonical":"https:\/\/sindromecharge.es\/index.php\/2025\/01\/13\/hasta-6-000-ascensores-siguen-aun-sin-reparar-zona-cero-dana\/","og_locale":"es_ES","og_type":"article","og_title":"Hasta 6.000 ascensores siguen a\u00fan sin reparar en la zona cero de la DANA - Asociaci\u00f3n Espa\u00f1ola S\u00edndrome de Charge","og_description":"Dos meses y medio despu\u00e9s de la catastr\u00f3fica DANA que inund\u00f3 varias comarcas valencianas y que ha dejado 224 muertos, tres desaparecidos e ingentes da\u00f1os&#8230;","og_url":"https:\/\/sindromecharge.es\/index.php\/2025\/01\/13\/hasta-6-000-ascensores-siguen-aun-sin-reparar-zona-cero-dana\/","og_site_name":"Asociaci\u00f3n Espa\u00f1ola S\u00edndrome de Charge","article_publisher":"https:\/\/www.facebook.com\/asociacionsindromecharge","article_published_time":"2025-01-13T06:38:06+00:00","og_image":[{"width":300,"height":98,"url":"https:\/\/sindromecharge.es\/wp-content\/uploads\/2013\/09\/logodecharge300x98.png","type":"image\/png"}],"author":"Charge","twitter_card":"summary_large_image","twitter_creator":"@sindromecharge","twitter_site":"@sindromecharge","twitter_misc":{"Escrito por":"Charge","Tiempo de lectura":"5 minutos"},"schema":{"@context":"https:\/\/schema.org","@graph":[{"@type":"Article","@id":"https:\/\/sindromecharge.es\/index.php\/2025\/01\/13\/hasta-6-000-ascensores-siguen-aun-sin-reparar-zona-cero-dana\/#article","isPartOf":{"@id":"https:\/\/sindromecharge.es\/index.php\/2025\/01\/13\/hasta-6-000-ascensores-siguen-aun-sin-reparar-zona-cero-dana\/"},"author":{"name":"Charge","@id":"https:\/\/sindromecharge.es\/#\/schema\/person\/39a60ebe0a2b4d5a11179701e336b039"},"headline":"Hasta 6.000 ascensores siguen a\u00fan sin reparar en la zona cero de la DANA","datePublished":"2025-01-13T06:38:06+00:00","mainEntityOfPage":{"@id":"https:\/\/sindromecharge.es\/index.php\/2025\/01\/13\/hasta-6-000-ascensores-siguen-aun-sin-reparar-zona-cero-dana\/"},"wordCount":929,"articleSection":["noticias"],"inLanguage":"es"},{"@type":"WebPage","@id":"https:\/\/sindromecharge.es\/index.php\/2025\/01\/13\/hasta-6-000-ascensores-siguen-aun-sin-reparar-zona-cero-dana\/","url":"https:\/\/sindromecharge.es\/index.php\/2025\/01\/13\/hasta-6-000-ascensores-siguen-aun-sin-reparar-zona-cero-dana\/","name":"Hasta 6.000 ascensores siguen a\u00fan sin reparar en la zona cero de la DANA - Asociaci\u00f3n Espa\u00f1ola S\u00edndrome de Charge","isPartOf":{"@id":"https:\/\/sindromecharge.es\/#website"},"datePublished":"2025-01-13T06:38:06+00:00","author":{"@id":"https:\/\/sindromecharge.es\/#\/schema\/person\/39a60ebe0a2b4d5a11179701e336b039"},"breadcrumb":{"@id":"https:\/\/sindromecharge.es\/index.php\/2025\/01\/13\/hasta-6-000-ascensores-siguen-aun-sin-reparar-zona-cero-dana\/#breadcrumb"},"inLanguage":"es","potentialAction":[{"@type":"ReadAction","target":["https:\/\/sindromecharge.es\/index.php\/2025\/01\/13\/hasta-6-000-ascensores-siguen-aun-sin-reparar-zona-cero-dana\/"]}]},{"@type":"BreadcrumbList","@id":"https:\/\/sindromecharge.es\/index.php\/2025\/01\/13\/hasta-6-000-ascensores-siguen-aun-sin-reparar-zona-cero-dana\/#breadcrumb","itemListElement":[{"@type":"ListItem","position":1,"name":"Portada","item":"https:\/\/sindromecharge.es\/"},{"@type":"ListItem","position":2,"name":"Hasta 6.000 ascensores siguen a\u00fan sin reparar en la zona cero de la DANA"}]},{"@type":"WebSite","@id":"https:\/\/sindromecharge.es\/#website","url":"https:\/\/sindromecharge.es\/","name":"Asociaci\u00f3n Espa\u00f1ola S\u00edndrome de Charge","description":"","potentialAction":[{"@type":"SearchAction","target":{"@type":"EntryPoint","urlTemplate":"https:\/\/sindromecharge.es\/?s={search_term_string}"},"query-input":{"@type":"PropertyValueSpecification","valueRequired":true,"valueName":"search_term_string"}}],"inLanguage":"es"},{"@type":"Person","@id":"https:\/\/sindromecharge.es\/#\/schema\/person\/39a60ebe0a2b4d5a11179701e336b039","name":"Charge","image":{"@type":"ImageObject","inLanguage":"es","@id":"https:\/\/secure.gravatar.com\/avatar\/c3b46e32a0fc3b093a0873fb767bf3293de856293065e84ef06b7ec7a8acfb98?s=96&d=identicon&r=x","url":"https:\/\/secure.gravatar.com\/avatar\/c3b46e32a0fc3b093a0873fb767bf3293de856293065e84ef06b7ec7a8acfb98?s=96&d=identicon&r=x","contentUrl":"https:\/\/secure.gravatar.com\/avatar\/c3b46e32a0fc3b093a0873fb767bf3293de856293065e84ef06b7ec7a8acfb98?s=96&d=identicon&r=x","caption":"Charge"},"url":"https:\/\/sindromecharge.es\/index.php\/author\/admin\/"}]}},"_links":{"self":[{"href":"https:\/\/sindromecharge.es\/index.php\/wp-json\/wp\/v2\/posts\/10722","targetHints":{"allow":["GET"]}}],"collection":[{"href":"https:\/\/sindromecharge.es\/index.php\/wp-json\/wp\/v2\/posts"}],"about":[{"href":"https:\/\/sindromecharge.es\/index.php\/wp-json\/wp\/v2\/types\/post"}],"author":[{"embeddable":true,"href":"https:\/\/sindromecharge.es\/index.php\/wp-json\/wp\/v2\/users\/1"}],"replies":[{"embeddable":true,"href":"https:\/\/sindromecharge.es\/index.php\/wp-json\/wp\/v2\/comments?post=10722"}],"version-history":[{"count":0,"href":"https:\/\/sindromecharge.es\/index.php\/wp-json\/wp\/v2\/posts\/10722\/revisions"}],"wp:attachment":[{"href":"https:\/\/sindromecharge.es\/index.php\/wp-json\/wp\/v2\/media?parent=10722"}],"wp:term":[{"taxonomy":"category","embeddable":true,"href":"https:\/\/sindromecharge.es\/index.php\/wp-json\/wp\/v2\/categories?post=10722"},{"taxonomy":"post_tag","embeddable":true,"href":"https:\/\/sindromecharge.es\/index.php\/wp-json\/wp\/v2\/tags?post=10722"}],"curies":[{"name":"wp","href":"https:\/\/api.w.org\/{rel}","templated":true}]}}