{"id":10717,"date":"2025-01-11T07:41:21","date_gmt":"2025-01-11T07:41:21","guid":{"rendered":"https:\/\/sindromecharge.es\/index.php\/2025\/01\/11\/javier-pita-fundador-navilens-nuestro-objetivo-que-mundo-sea-mas-inclusivo-accesible\/"},"modified":"2025-01-11T07:41:21","modified_gmt":"2025-01-11T07:41:21","slug":"javier-pita-fundador-navilens-nuestro-objetivo-que-mundo-sea-mas-inclusivo-accesible","status":"publish","type":"post","link":"https:\/\/sindromecharge.es\/index.php\/2025\/01\/11\/javier-pita-fundador-navilens-nuestro-objetivo-que-mundo-sea-mas-inclusivo-accesible\/","title":{"rendered":"Javier Pita, fundador de NaviLens: \u00abNuestro objetivo es que el mundo sea cada vez m\u00e1s inclusivo y accesible\u00bb"},"content":{"rendered":"<p>Leemos en Discapacidad la siguiente noticia que os reproducimos de forma \u00edntegra: <\/p>\n<div>\n<p>Si se utiliza todo su potencial y se tiene en cuenta a todo tipo de usuarios, las nuevas tecnolog\u00edas pueden convertirse en herramientas tremendamente \u00fatiles para las <b>personas con discapacidad<\/b>, hasta el punto de permitirles <b>derribar muchas de las barreras<\/b>. El mejor ejemplo lo tenemos en el bolsillo, en algo tan omnipresente como el smartphone, un objeto muy visual que, sin embargo, con las herramientas adecuadas, puede ayudar mucho a las personas con <b>discapacidad visual<\/b>, pues existen multitud de aplicaciones dise\u00f1adas para hacerles m\u00e1s f\u00e1cil su d\u00eda a d\u00eda.<\/p>\n<p>Desde <a href=\"https:\/\/www.20minutos.es\/minuteca\/once\/\" title=\"ONCE\" target=\"_blank\">ONCE<\/a> no tardaron en ver este potencial, y hace m\u00e1s de 10 a\u00f1os, all\u00e1 por el a\u00f1o 2012, se pusieron en contacto con una empresa murciana para ver de qu\u00e9 manera se podr\u00eda utilizar la c\u00e1mara de los m\u00f3viles para hacer <b>m\u00e1s accesible el entorno para personas ciegas.<\/b> As\u00ed, tras a\u00f1os de b\u00fasqueda nacieron los c\u00f3digos NaviLens, una tecnolog\u00eda que est\u00e1 revolucionando la<b> movilidad de las personas ciegas<\/b> y que ya est\u00e1 presente en m\u00e1s de 20 pa\u00edses.<\/p>\n<h2>Un \u2018QR\u2019 mucho m\u00e1s accesible<\/h2>\n<p>La tecnolog\u00eda NaviLens consiste en<b> c\u00f3digos que pueden leer con la c\u00e1mara de los m\u00f3viles<\/b> -tipo <a href=\"https:\/\/www.20minutos.es\/tecnologia\/minuteca\/codigo-qr\/\" title=\"C\u00f3digo QR\" target=\"_blank\">QR<\/a>-, pero que, en lugar de llevarnos a una p\u00e1gina web nos dan una informaci\u00f3n auditiva, \u00abse puso en contacto con nosotros la ONCE para ver si pod\u00edamos investigar sobre c\u00f3mo los tel\u00e9fonos m\u00f3viles se pod\u00edan mejorar de alguna manera las dificultades que ten\u00edan las personas con discapacidad visual en su d\u00eda a d\u00eda, y encontramos que las personas con discapacidad visual <b>ten\u00edan problemas sobre todo en espacios desconocidos<\/b>, porque<b> no tienen acceso a la se\u00f1al\u00e9tica<\/b>, por eso se nos ocurri\u00f3 crear algo con lo que, usando la c\u00e1mara del m\u00f3vil se pudiera acceder a esta se\u00f1al\u00e9tica\u00bb, recuerda Javier Pita, CEO y fundador de NaviLens.<\/p>\n<p>Los c\u00f3digos QR parec\u00edan ser la mejor opci\u00f3n, con el h\u00e1ndicap de que para acceder a la informaci\u00f3n de la que disponen<b> tienes que estar muy cerca y enfocarlos muy bien<\/b>, algo muy complejo para una persona que no ve o ve muy poco, \u00abten\u00edamos que crear, por tanto, unos que se pudieran enfocar desde m\u00e1s distancia. Esta idea se fragu\u00f3 entre nosotros y la Universidad de Alicante y, tras cinco a\u00f1os, logramos crear un c\u00f3digo con estas caracter\u00edsticas. Con <b>colores y celdas m\u00e1s grandes<\/b>, conseguimos que se lea a<b> 20 metros de distancia y sin necesidad de enfocar<\/b>. Lo presentamos en Tifloinnova, una feria de tecnolog\u00eda que organiza la ONCE, y fue muy bien recibida por los usuarios. Y ah\u00ed empez\u00f3 la expansi\u00f3n de NaviLens\u00bb, cuenta Pita.<\/p>\n<p>En la actualidad, los c\u00f3digos Navilens est\u00e1n disponibles en m\u00e1s de 20 pa\u00edses, en<b> redes de transporte p\u00fablico <\/b>de muchas ciudades espa\u00f1olas, cada vez en m\u00e1s productos de gran consumo, y hay personas con las aplicaciones de Navilens descargadas en su m\u00f3vil en m\u00e1s de 130 pa\u00edses, pues est\u00e1 disponible en 37 idiomas, \u00abayuda mucho a las personas ciegas a orientarse, a tener informaci\u00f3n en tiempo real del servicio. En Madrid, por ejemplo, est\u00e1 en toda la l\u00ednea 8 de metro y en todas las paradas del autob\u00fas. Sirven para que los usuarios sepan<b> d\u00f3nde est\u00e1 la parada, qu\u00e9 l\u00edneas pasan, a qu\u00e9 hora, la entrada a la boca de metro<\/b>, para ver si tienen que ir a la derecha, a la izquierda\u2026 les va guiando. Y en los productos de consumo, hace una descripci\u00f3n del producto, sus ingredientes\u2026 Tambi\u00e9n estamos en las puertas de las farmacias de muchas ciudades\u2026 cada vez estamos en m\u00e1s sitios, porque<b> hacen que una se\u00f1al\u00e9tica pase a ser interactiva<\/b>, y es muy f\u00e1cil de implantar, con un vinilo o un cartel\u00bb, explica Javier Pita.<\/p>\n<h2>Para personas ciegas\u2026 y mucho m\u00e1s<\/h2>\n<p>El objetivo principal de los c\u00f3digos Navilens es<b> ayudar a las personas ciegas<\/b>, que solo tienen que bajarse dos aplicaciones NaviLens y NaviLensGo (esta \u00faltima espec\u00edfica para el transporte p\u00fablico) para poder acceder a la informaci\u00f3n auditiva de los c\u00f3digos que en encuentren en su d\u00eda a d\u00eda.<\/p>\n<p>Adem\u00e1s, tambi\u00e9n disponen de un servicio para que cada persona, de manera individual pueda <b>crear y descargar sus propios c\u00f3digos<\/b> y pegarlos en objetos que utilice en su d\u00eda a d\u00eda.<\/p>\n<p>Pero, como advierten desde Navilens, estos c\u00f3digos <b>no son solo \u00fatiles para personas con una discapacidad visua<\/b>l, \u00abcomo el c\u00f3digo NaviLens funciona mucho mejor que un c\u00f3digo QR est\u00e1ndar, es muy \u00fatil para todas las personas, su aplicaci\u00f3n es universal. Adem\u00e1s, como la informaci\u00f3n auditiva que ofrece est\u00e1 disponible en varios idiomas, es \u00fatil, por ejemplo, para los <b>turistas extranjeros<\/b>, que con solo leer los c\u00f3digos de las paradas de la EMT o del Metro, van a tener acceso directo a toda la informaci\u00f3n en su propio idioma, y lo mismo para un espa\u00f1ol que est\u00e9 fuera de Espa\u00f1a, porque hay c\u00f3digos Navilens en Jap\u00f3n\u00bb, cuenta Pita orgulloso, \u00abuna persona de Australia, que era de origen mexicano, vino a Madrid a conocer el sistema con su pareja, que solo hablaba ingl\u00e9s. Ella no era ciega, pero como ten\u00eda alergias, us\u00f3 NaviLens para saber qu\u00e9 productos de una marca de cereales ten\u00edan los al\u00e9rgenos que deb\u00eda evitar, porque la aplicaci\u00f3n directamente le traduc\u00eda el etiquetado, que en el supermercado estaba solo en espa\u00f1ol\u00bb.<\/p>\n<p>Desde hace un tiempo, desde NaviLens ofrecen un programa gratuito para poder <b>crear c\u00f3digo QR accesibles <\/b>a trav\u00e9s de su web, \u00abhemos lanzado el c\u00f3digo QR accesible Navilens, un c\u00f3digo que combina uno c\u00f3digo QR est\u00e1ndar con un NaviLens alrededor. Este c\u00f3digo se puede generar de manera gratuita en nuestra p\u00e1gina web, de modo que, por ejemplo, el propietario de un restaurante que quiera tener su carta en c\u00f3digo QR pueda visitar nuestra p\u00e1gina y generar su c\u00f3digo QR accesible Navilens de manera gratuita, <b>un c\u00f3digo al que podr\u00e1 acceder las personas ciegas<\/b>, porque, como explic\u00e1bamos antes, no hace falta estar cerca o enfocar para acceder a la informaci\u00f3n\u00bb.<\/p>\n<h2>Una compra completamente accesible<\/h2>\n<p>Aunque, como asegura Javier Pita, los c\u00f3digos NaviLens son como &#8216;una navaja suiza&#8217;, con muchas utilidades, le gustar\u00eda destacar la capacidad de estos c\u00f3digos para <b>proporcionar autonom\u00eda a las personas ciegas<\/b>, especialmente<b> a la hora a hacer la compra<\/b>, que es una de las grandes asignaturas pendientes, \u00abestos c\u00f3digos complementan el etiquetado en Braille, que solo puede almacenar una informaci\u00f3n muy concreta porque requiere de mucho espacio, por eso siempre decimos que NaviLens va mucho m\u00e1s all\u00e1 de lo que exige <b>real decreto de <a href=\"https:\/\/www.20minutos.es\/minuteca\/accesibilidad\/\" title=\"Accesibilidad\" target=\"_blank\">accesibilidad<\/a><\/b> para productos de consumo\u00bb, pues va mucho m\u00e1s all\u00e1 de lo que aporta el <b>braille<\/b> o un QR tradicional, \u00abcon estas herramientas, tienes que coger el producto con la mano, y nadie te dice c\u00f3mo llegar a ese producto. Y adem\u00e1s, tienes que coger un producto uno a uno y leerlo de forma independiente. NaviLens, en cambio,<b> permite leer a m\u00e1s distancia y muchos c\u00f3digos al mismo tiempo<\/b> y podemos pedirle que nos gu\u00ede hacia d\u00f3nde est\u00e1 el producto que buscamos. Es decir, que permite que una persona con discapacidad visual <b>pueda hacer la compra de manera independiente<\/b>, porque permite te saber d\u00f3nde est\u00e1 la entrada del supermercado, a\u00f1adiendo un c\u00f3digo en la carteler\u00eda te ayuda a moverte y saber en qu\u00e9 pasillo est\u00e1s y, una vez en el pasillo, a elegir el producto que buscas. Esto ya ocurre en B\u00e9lgica, donde unos conocidos supermercados  tienen c\u00f3digos tanto en la entrada,  en los pasillos, en los productos&#8230; y los pone justo al lado de las etiquetas del precio para que sepan, por ejemplo, si hay ofertas tipo 3&#215;2&#8243;.<\/p>\n<p>Sin embargo, para que todas las personas ciegas puedan hacer la compra aut\u00f3noma sea una realidad, no basta con que lo haga un supermercado en un pa\u00eds, tiene que<b> universalizarse el sistema<\/b>, algo en lo que insisten desde la marca, \u00abcualquier organismo o negocio puede acceder a NaviLens para hacerlo m\u00e1s accesible, ya sea una gran empresa o supermercado como otra m\u00e1s peque\u00f1a y ser\u00eda lo ideal, porque si queremos cumplir nuestro objetivo, que es universalizar el uso de Navilens, <b>se necesita aunar esfuerzos entre gobiernos, fabricantes, empresas\u2026<\/b> para que estuviera presente en todas los productos y todas las tiendas\u00bb. <\/p>\n<p>Ellos, por su parte, ya est\u00e1n haciendo esfuerzos para que as\u00ed sea, y se re\u00fanen habitualmente con empresas y administraciones, \u00abtenemos un proyecto con algunos gobiernos regionales para que los centros de salud sean m\u00e1s accesibles, otro con la<b> Agencia espa\u00f1ola del medicamento<\/b> para que en Cinfa, que es la mayor farmac\u00e9utica de espa\u00f1a en gen\u00e9ticos, tenga un c\u00f3digo Navilens en todos sus productos, tambien estamos preparando kits gratuitos para escuelas\u2026 y un mont\u00f3n de cosas m\u00e1s\u00bb, afirma Javier ilusionado.<\/p>\n<p>Y es que, aunque suene ut\u00f3pico, su objetivo es que NaviLens se expanda para conseguir, poco a poco,<b> un mundo m\u00e1s accesible e inclusivo<\/b>, \u00abser\u00eda muy beneficioso para todas las personas, especialmente aquellas con discapacidad visual, porque nuestro objetivo que es esta tecnolog\u00eda logre un mundo m\u00e1s accesible para todos. Para m\u00ed es un orgullo decir que una tecnolog\u00eda 100% espa\u00f1ola es capaz de hacer un mundo m\u00e1s accesible y expandirse por el mundo, desde Melbourne hasta Nueva York pasando por Jap\u00f3n\u2026\u00bb.<\/p>\n<\/div>\n<p>Fuente: Discapacidad https:\/\/www.20minutos.es\/noticia\/5671001\/0\/javier-pita-fundador-navilens-nuestro-objetivo-que-mundo-sea-mas-inclusivo-accesible\/<\/p>\n","protected":false},"excerpt":{"rendered":"<p>NaviLens en su sistema de c\u00f3digos que permite a las personas ciegas acceder a informaci\u00f3n a trav\u00e9s del m\u00f3vil.<\/p>\n","protected":false},"author":1,"featured_media":0,"comment_status":"closed","ping_status":"closed","sticky":false,"template":"","format":"standard","meta":{"footnotes":""},"categories":[8],"tags":[],"class_list":["post-10717","post","type-post","status-publish","format-standard","hentry","category-noticias"],"yoast_head":"<!-- This site is optimized with the Yoast SEO plugin v27.5 - https:\/\/yoast.com\/product\/yoast-seo-wordpress\/ -->\n<title>Javier Pita, fundador de NaviLens: &quot;Nuestro objetivo es que el mundo sea cada vez m\u00e1s inclusivo y accesible&quot; - Asociaci\u00f3n Espa\u00f1ola S\u00edndrome de Charge<\/title>\n<meta name=\"robots\" content=\"index, follow, max-snippet:-1, max-image-preview:large, max-video-preview:-1\" \/>\n<link rel=\"canonical\" href=\"https:\/\/sindromecharge.es\/index.php\/2025\/01\/11\/javier-pita-fundador-navilens-nuestro-objetivo-que-mundo-sea-mas-inclusivo-accesible\/\" \/>\n<meta property=\"og:locale\" content=\"es_ES\" \/>\n<meta property=\"og:type\" content=\"article\" \/>\n<meta property=\"og:title\" content=\"Javier Pita, fundador de NaviLens: &quot;Nuestro objetivo es que el mundo sea cada vez m\u00e1s inclusivo y accesible&quot; - Asociaci\u00f3n Espa\u00f1ola S\u00edndrome de Charge\" \/>\n<meta property=\"og:description\" content=\"NaviLens en su sistema de c\u00f3digos que permite a las personas ciegas acceder a informaci\u00f3n a trav\u00e9s del m\u00f3vil.\" \/>\n<meta property=\"og:url\" content=\"https:\/\/sindromecharge.es\/index.php\/2025\/01\/11\/javier-pita-fundador-navilens-nuestro-objetivo-que-mundo-sea-mas-inclusivo-accesible\/\" \/>\n<meta property=\"og:site_name\" content=\"Asociaci\u00f3n Espa\u00f1ola S\u00edndrome de Charge\" \/>\n<meta property=\"article:publisher\" content=\"https:\/\/www.facebook.com\/asociacionsindromecharge\" \/>\n<meta property=\"article:published_time\" content=\"2025-01-11T07:41:21+00:00\" \/>\n<meta property=\"og:image\" content=\"https:\/\/sindromecharge.es\/wp-content\/uploads\/2013\/09\/logodecharge300x98.png\" \/>\n\t<meta property=\"og:image:width\" content=\"300\" \/>\n\t<meta property=\"og:image:height\" content=\"98\" \/>\n\t<meta property=\"og:image:type\" content=\"image\/png\" \/>\n<meta name=\"author\" content=\"Charge\" \/>\n<meta name=\"twitter:card\" content=\"summary_large_image\" \/>\n<meta name=\"twitter:creator\" content=\"@sindromecharge\" \/>\n<meta name=\"twitter:site\" content=\"@sindromecharge\" \/>\n<meta name=\"twitter:label1\" content=\"Escrito por\" \/>\n\t<meta name=\"twitter:data1\" content=\"Charge\" \/>\n\t<meta name=\"twitter:label2\" content=\"Tiempo de lectura\" \/>\n\t<meta name=\"twitter:data2\" content=\"8 minutos\" \/>\n<script type=\"application\/ld+json\" class=\"yoast-schema-graph\">{\"@context\":\"https:\\\/\\\/schema.org\",\"@graph\":[{\"@type\":\"Article\",\"@id\":\"https:\\\/\\\/sindromecharge.es\\\/index.php\\\/2025\\\/01\\\/11\\\/javier-pita-fundador-navilens-nuestro-objetivo-que-mundo-sea-mas-inclusivo-accesible\\\/#article\",\"isPartOf\":{\"@id\":\"https:\\\/\\\/sindromecharge.es\\\/index.php\\\/2025\\\/01\\\/11\\\/javier-pita-fundador-navilens-nuestro-objetivo-que-mundo-sea-mas-inclusivo-accesible\\\/\"},\"author\":{\"name\":\"Charge\",\"@id\":\"https:\\\/\\\/sindromecharge.es\\\/#\\\/schema\\\/person\\\/39a60ebe0a2b4d5a11179701e336b039\"},\"headline\":\"Javier Pita, fundador de NaviLens: \u00abNuestro objetivo es que el mundo sea cada vez m\u00e1s inclusivo y accesible\u00bb\",\"datePublished\":\"2025-01-11T07:41:21+00:00\",\"mainEntityOfPage\":{\"@id\":\"https:\\\/\\\/sindromecharge.es\\\/index.php\\\/2025\\\/01\\\/11\\\/javier-pita-fundador-navilens-nuestro-objetivo-que-mundo-sea-mas-inclusivo-accesible\\\/\"},\"wordCount\":1696,\"articleSection\":[\"noticias\"],\"inLanguage\":\"es\"},{\"@type\":\"WebPage\",\"@id\":\"https:\\\/\\\/sindromecharge.es\\\/index.php\\\/2025\\\/01\\\/11\\\/javier-pita-fundador-navilens-nuestro-objetivo-que-mundo-sea-mas-inclusivo-accesible\\\/\",\"url\":\"https:\\\/\\\/sindromecharge.es\\\/index.php\\\/2025\\\/01\\\/11\\\/javier-pita-fundador-navilens-nuestro-objetivo-que-mundo-sea-mas-inclusivo-accesible\\\/\",\"name\":\"Javier Pita, fundador de NaviLens: \\\"Nuestro objetivo es que el mundo sea cada vez m\u00e1s inclusivo y accesible\\\" - Asociaci\u00f3n Espa\u00f1ola S\u00edndrome de Charge\",\"isPartOf\":{\"@id\":\"https:\\\/\\\/sindromecharge.es\\\/#website\"},\"datePublished\":\"2025-01-11T07:41:21+00:00\",\"author\":{\"@id\":\"https:\\\/\\\/sindromecharge.es\\\/#\\\/schema\\\/person\\\/39a60ebe0a2b4d5a11179701e336b039\"},\"breadcrumb\":{\"@id\":\"https:\\\/\\\/sindromecharge.es\\\/index.php\\\/2025\\\/01\\\/11\\\/javier-pita-fundador-navilens-nuestro-objetivo-que-mundo-sea-mas-inclusivo-accesible\\\/#breadcrumb\"},\"inLanguage\":\"es\",\"potentialAction\":[{\"@type\":\"ReadAction\",\"target\":[\"https:\\\/\\\/sindromecharge.es\\\/index.php\\\/2025\\\/01\\\/11\\\/javier-pita-fundador-navilens-nuestro-objetivo-que-mundo-sea-mas-inclusivo-accesible\\\/\"]}]},{\"@type\":\"BreadcrumbList\",\"@id\":\"https:\\\/\\\/sindromecharge.es\\\/index.php\\\/2025\\\/01\\\/11\\\/javier-pita-fundador-navilens-nuestro-objetivo-que-mundo-sea-mas-inclusivo-accesible\\\/#breadcrumb\",\"itemListElement\":[{\"@type\":\"ListItem\",\"position\":1,\"name\":\"Portada\",\"item\":\"https:\\\/\\\/sindromecharge.es\\\/\"},{\"@type\":\"ListItem\",\"position\":2,\"name\":\"Javier Pita, fundador de NaviLens: &#8220;Nuestro objetivo es que el mundo sea cada vez m\u00e1s inclusivo y accesible&#8221;\"}]},{\"@type\":\"WebSite\",\"@id\":\"https:\\\/\\\/sindromecharge.es\\\/#website\",\"url\":\"https:\\\/\\\/sindromecharge.es\\\/\",\"name\":\"Asociaci\u00f3n Espa\u00f1ola S\u00edndrome de Charge\",\"description\":\"\",\"potentialAction\":[{\"@type\":\"SearchAction\",\"target\":{\"@type\":\"EntryPoint\",\"urlTemplate\":\"https:\\\/\\\/sindromecharge.es\\\/?s={search_term_string}\"},\"query-input\":{\"@type\":\"PropertyValueSpecification\",\"valueRequired\":true,\"valueName\":\"search_term_string\"}}],\"inLanguage\":\"es\"},{\"@type\":\"Person\",\"@id\":\"https:\\\/\\\/sindromecharge.es\\\/#\\\/schema\\\/person\\\/39a60ebe0a2b4d5a11179701e336b039\",\"name\":\"Charge\",\"image\":{\"@type\":\"ImageObject\",\"inLanguage\":\"es\",\"@id\":\"https:\\\/\\\/secure.gravatar.com\\\/avatar\\\/c3b46e32a0fc3b093a0873fb767bf3293de856293065e84ef06b7ec7a8acfb98?s=96&d=identicon&r=x\",\"url\":\"https:\\\/\\\/secure.gravatar.com\\\/avatar\\\/c3b46e32a0fc3b093a0873fb767bf3293de856293065e84ef06b7ec7a8acfb98?s=96&d=identicon&r=x\",\"contentUrl\":\"https:\\\/\\\/secure.gravatar.com\\\/avatar\\\/c3b46e32a0fc3b093a0873fb767bf3293de856293065e84ef06b7ec7a8acfb98?s=96&d=identicon&r=x\",\"caption\":\"Charge\"},\"url\":\"https:\\\/\\\/sindromecharge.es\\\/index.php\\\/author\\\/admin\\\/\"}]}<\/script>\n<!-- \/ Yoast SEO plugin. -->","yoast_head_json":{"title":"Javier Pita, fundador de NaviLens: \"Nuestro objetivo es que el mundo sea cada vez m\u00e1s inclusivo y accesible\" - Asociaci\u00f3n Espa\u00f1ola S\u00edndrome de Charge","robots":{"index":"index","follow":"follow","max-snippet":"max-snippet:-1","max-image-preview":"max-image-preview:large","max-video-preview":"max-video-preview:-1"},"canonical":"https:\/\/sindromecharge.es\/index.php\/2025\/01\/11\/javier-pita-fundador-navilens-nuestro-objetivo-que-mundo-sea-mas-inclusivo-accesible\/","og_locale":"es_ES","og_type":"article","og_title":"Javier Pita, fundador de NaviLens: \"Nuestro objetivo es que el mundo sea cada vez m\u00e1s inclusivo y accesible\" - Asociaci\u00f3n Espa\u00f1ola S\u00edndrome de Charge","og_description":"NaviLens en su sistema de c\u00f3digos que permite a las personas ciegas acceder a informaci\u00f3n a trav\u00e9s del m\u00f3vil.","og_url":"https:\/\/sindromecharge.es\/index.php\/2025\/01\/11\/javier-pita-fundador-navilens-nuestro-objetivo-que-mundo-sea-mas-inclusivo-accesible\/","og_site_name":"Asociaci\u00f3n Espa\u00f1ola S\u00edndrome de Charge","article_publisher":"https:\/\/www.facebook.com\/asociacionsindromecharge","article_published_time":"2025-01-11T07:41:21+00:00","og_image":[{"width":300,"height":98,"url":"https:\/\/sindromecharge.es\/wp-content\/uploads\/2013\/09\/logodecharge300x98.png","type":"image\/png"}],"author":"Charge","twitter_card":"summary_large_image","twitter_creator":"@sindromecharge","twitter_site":"@sindromecharge","twitter_misc":{"Escrito por":"Charge","Tiempo de lectura":"8 minutos"},"schema":{"@context":"https:\/\/schema.org","@graph":[{"@type":"Article","@id":"https:\/\/sindromecharge.es\/index.php\/2025\/01\/11\/javier-pita-fundador-navilens-nuestro-objetivo-que-mundo-sea-mas-inclusivo-accesible\/#article","isPartOf":{"@id":"https:\/\/sindromecharge.es\/index.php\/2025\/01\/11\/javier-pita-fundador-navilens-nuestro-objetivo-que-mundo-sea-mas-inclusivo-accesible\/"},"author":{"name":"Charge","@id":"https:\/\/sindromecharge.es\/#\/schema\/person\/39a60ebe0a2b4d5a11179701e336b039"},"headline":"Javier Pita, fundador de NaviLens: \u00abNuestro objetivo es que el mundo sea cada vez m\u00e1s inclusivo y accesible\u00bb","datePublished":"2025-01-11T07:41:21+00:00","mainEntityOfPage":{"@id":"https:\/\/sindromecharge.es\/index.php\/2025\/01\/11\/javier-pita-fundador-navilens-nuestro-objetivo-que-mundo-sea-mas-inclusivo-accesible\/"},"wordCount":1696,"articleSection":["noticias"],"inLanguage":"es"},{"@type":"WebPage","@id":"https:\/\/sindromecharge.es\/index.php\/2025\/01\/11\/javier-pita-fundador-navilens-nuestro-objetivo-que-mundo-sea-mas-inclusivo-accesible\/","url":"https:\/\/sindromecharge.es\/index.php\/2025\/01\/11\/javier-pita-fundador-navilens-nuestro-objetivo-que-mundo-sea-mas-inclusivo-accesible\/","name":"Javier Pita, fundador de NaviLens: \"Nuestro objetivo es que el mundo sea cada vez m\u00e1s inclusivo y accesible\" - Asociaci\u00f3n Espa\u00f1ola S\u00edndrome de Charge","isPartOf":{"@id":"https:\/\/sindromecharge.es\/#website"},"datePublished":"2025-01-11T07:41:21+00:00","author":{"@id":"https:\/\/sindromecharge.es\/#\/schema\/person\/39a60ebe0a2b4d5a11179701e336b039"},"breadcrumb":{"@id":"https:\/\/sindromecharge.es\/index.php\/2025\/01\/11\/javier-pita-fundador-navilens-nuestro-objetivo-que-mundo-sea-mas-inclusivo-accesible\/#breadcrumb"},"inLanguage":"es","potentialAction":[{"@type":"ReadAction","target":["https:\/\/sindromecharge.es\/index.php\/2025\/01\/11\/javier-pita-fundador-navilens-nuestro-objetivo-que-mundo-sea-mas-inclusivo-accesible\/"]}]},{"@type":"BreadcrumbList","@id":"https:\/\/sindromecharge.es\/index.php\/2025\/01\/11\/javier-pita-fundador-navilens-nuestro-objetivo-que-mundo-sea-mas-inclusivo-accesible\/#breadcrumb","itemListElement":[{"@type":"ListItem","position":1,"name":"Portada","item":"https:\/\/sindromecharge.es\/"},{"@type":"ListItem","position":2,"name":"Javier Pita, fundador de NaviLens: &#8220;Nuestro objetivo es que el mundo sea cada vez m\u00e1s inclusivo y accesible&#8221;"}]},{"@type":"WebSite","@id":"https:\/\/sindromecharge.es\/#website","url":"https:\/\/sindromecharge.es\/","name":"Asociaci\u00f3n Espa\u00f1ola S\u00edndrome de Charge","description":"","potentialAction":[{"@type":"SearchAction","target":{"@type":"EntryPoint","urlTemplate":"https:\/\/sindromecharge.es\/?s={search_term_string}"},"query-input":{"@type":"PropertyValueSpecification","valueRequired":true,"valueName":"search_term_string"}}],"inLanguage":"es"},{"@type":"Person","@id":"https:\/\/sindromecharge.es\/#\/schema\/person\/39a60ebe0a2b4d5a11179701e336b039","name":"Charge","image":{"@type":"ImageObject","inLanguage":"es","@id":"https:\/\/secure.gravatar.com\/avatar\/c3b46e32a0fc3b093a0873fb767bf3293de856293065e84ef06b7ec7a8acfb98?s=96&d=identicon&r=x","url":"https:\/\/secure.gravatar.com\/avatar\/c3b46e32a0fc3b093a0873fb767bf3293de856293065e84ef06b7ec7a8acfb98?s=96&d=identicon&r=x","contentUrl":"https:\/\/secure.gravatar.com\/avatar\/c3b46e32a0fc3b093a0873fb767bf3293de856293065e84ef06b7ec7a8acfb98?s=96&d=identicon&r=x","caption":"Charge"},"url":"https:\/\/sindromecharge.es\/index.php\/author\/admin\/"}]}},"_links":{"self":[{"href":"https:\/\/sindromecharge.es\/index.php\/wp-json\/wp\/v2\/posts\/10717","targetHints":{"allow":["GET"]}}],"collection":[{"href":"https:\/\/sindromecharge.es\/index.php\/wp-json\/wp\/v2\/posts"}],"about":[{"href":"https:\/\/sindromecharge.es\/index.php\/wp-json\/wp\/v2\/types\/post"}],"author":[{"embeddable":true,"href":"https:\/\/sindromecharge.es\/index.php\/wp-json\/wp\/v2\/users\/1"}],"replies":[{"embeddable":true,"href":"https:\/\/sindromecharge.es\/index.php\/wp-json\/wp\/v2\/comments?post=10717"}],"version-history":[{"count":0,"href":"https:\/\/sindromecharge.es\/index.php\/wp-json\/wp\/v2\/posts\/10717\/revisions"}],"wp:attachment":[{"href":"https:\/\/sindromecharge.es\/index.php\/wp-json\/wp\/v2\/media?parent=10717"}],"wp:term":[{"taxonomy":"category","embeddable":true,"href":"https:\/\/sindromecharge.es\/index.php\/wp-json\/wp\/v2\/categories?post=10717"},{"taxonomy":"post_tag","embeddable":true,"href":"https:\/\/sindromecharge.es\/index.php\/wp-json\/wp\/v2\/tags?post=10717"}],"curies":[{"name":"wp","href":"https:\/\/api.w.org\/{rel}","templated":true}]}}