{"id":10716,"date":"2025-01-10T11:44:48","date_gmt":"2025-01-10T11:44:48","guid":{"rendered":"https:\/\/sindromecharge.es\/index.php\/2025\/01\/10\/cermi-mujeres-denuncia-un-incremento-10-los-asesinatos-mujeres-con-discapacidad-2023\/"},"modified":"2025-01-10T11:44:48","modified_gmt":"2025-01-10T11:44:48","slug":"cermi-mujeres-denuncia-un-incremento-10-los-asesinatos-mujeres-con-discapacidad-2023","status":"publish","type":"post","link":"https:\/\/sindromecharge.es\/index.php\/2025\/01\/10\/cermi-mujeres-denuncia-un-incremento-10-los-asesinatos-mujeres-con-discapacidad-2023\/","title":{"rendered":"Crecen un 10% los asesinatos de mujeres con discapacidad en 2023"},"content":{"rendered":"<p>Leemos en Discapacidad la siguiente noticia que os reproducimos de forma \u00edntegra: <\/p>\n<div>\n<p>La Fundaci\u00f3n Cermi Mujeres (FCM) alert\u00f3 este jueves sobre la elevada cifra de <b><a href=\"https:\/\/www.20minutos.es\/noticia\/5671089\/0\/cermi-mujeres-denuncia-un-incremento-10-los-asesinatos-mujeres-con-discapacidad-2023\/\">mujeres <\/a>con <a href=\"https:\/\/www.20minutos.es\/minuteca\/discapacidad\/\" title=\"Discapacidad\">discapacidad <\/a>asesinadas por sus parejas y exparejas a lo largo del a\u00f1o 2023,<\/b> que de conformidad con los datos del XVII Informe Anual del Observatorio Estatal de Violencia contra la Mujeres, es de m\u00e1s de un 10% del total.<\/p>\n<p>As\u00ed se ha pronunciado la entidad tras analizar <b>el XVII Informe Anual del Observatorio Estatal de Violencia sobre la Mujer <\/b>presentado y aprobado el 17 de diciembre de 2024 en la convocatoria ordinaria del Pleno del Observatorio, del que Cermi Mujeres forma parte en calidad de vocal.<\/p>\n<p>La propia entidad ha recordado que, de acuerdo con el reciente Informe, el n\u00famero de mujeres v\u00edctimas mortales por violencia contra la mujer por raz\u00f3n de g\u00e9nero durante el a\u00f1o 2023 fue de 58, <b>de las cuales seis ten\u00edan reconocido alg\u00fan tipo de discapacidad<\/b>, suponiendo un aumento en comparaci\u00f3n con el a\u00f1o anterior (tres mujeres con discapacidad, de un total de 49 mujeres asesinadas en 2022). En cuesti\u00f3n de porcentajes, los datos del a\u00f1o 2023 se traducen en<b> un 10,3% de mujeres con discapacidad v\u00edctimas, frente al 6,1% registrado en el a\u00f1o 2022<\/b>.<\/p>\n<p>Adem\u00e1s, este XVII Informe recoge otros datos relevantes, como que en el periodo 2012-2023, <b>fueron 62 las mujeres con discapacidad las que perdieron la vida a manos de sus parejas o exparejas <\/b>de un total de 635 mujeres v\u00edctimas mortales, representando un 9,8% de ese c\u00f3mputo total.<\/p>\n<p>Asimismo, hay que sumar otras cuestiones tambi\u00e9n reflejadas en el citado documento, como que actualmente son 9.161 las <a href=\"https:\/\/www.20minutos.es\/minuteca\/mujeres-maltratadas\/\" title=\"Mujeres maltratadas\">mujeres <\/a>con discapacidad v\u00edctimas de violencia que son preceptoras de la renta activa de inserci\u00f3n, como consecuencia de la situaci\u00f3n de desempleo en la que se encuentran, o que, entre las 18.464 victimizaciones de mujeres por delitos contra la libertad e indemnidad sexual, se incluyen 275 por delitos de corrupci\u00f3n de personas menores de edad o personas con discapacidad.<\/p>\n<p>Por esto, la Fundaci\u00f3n Cermi Mujeres urge poner el foco \u00absobre el incremento y<b> la prevalencia de las distintas formas y manifestaciones de violencia <\/b>que se ejercen contra las mujeres con discapacidad, otorgando una mayor visibilidad a su realidad y adoptando pol\u00edticas p\u00fablicas que tengan en consideraci\u00f3n sus necesidades espec\u00edficas y las formas agravadas de violencia que sufren\u00bb.<\/p>\n<p>La entidad s\u00ed celebra en cambio la incorporaci\u00f3n de la variable de discapacidad al Informe, incluyendo tanto a las mujeres v\u00edctimas que tienen la discapacidad reconocida <b>en los registros del Imserso o del INSS,<\/b> como a las que figuran como tales en los datos recogidos por la Delegaci\u00f3n del Gobierno contra la Violencia de G\u00e9nero, aunque carezcan de reconocimiento oficial.<\/p>\n<h2>Accesibilidad<\/h2>\n<p>Por su parte, y a pesar de que en el Informe Anual del Observatorio se destaca la accesibilidad del servicio de informaci\u00f3n y asesoramiento jur\u00eddico en materia de violencia contra las mujeres por raz\u00f3n de g\u00e9nero (016), Cermi Mujeres denuncia l<b>a urgencia de orientaciones claras y auditorias efectivas de los servicios especializados de violencia de g\u00e9nero<\/b> como \u00fanico camino para atender a las necesidades de estas mujeres, y de evitar, adem\u00e1s, la doble victimizaci\u00f3n que supone para ellas no s\u00f3lo la violencia a la que son sometidas, sino tambi\u00e9n esa falta de accesibilidad de los servicios especializados.<\/p>\n<p>Por otro lado, desde Fundaci\u00f3n Cermi Mujeres quieren llamar la atenci\u00f3n sobre <b>el aumento de las competencias atribuidas a los Juzgados de Violencia sobre la Mujer<\/b> como consecuencia de la reforma del art\u00edculo 89 de la Ley Org\u00e1nica del Poder Judicial operada a trav\u00e9s de la aprobaci\u00f3n de la Ley Org\u00e1nica 1\/2025, de 2 de enero, de medidas en materia de eficiencia del Servicio P\u00fablico de Justicia.<\/p>\n<p>Ese incremento competencial ha supuesto que, a partir de ahora, los Juzgados y Secciones de Violencia sobre la Mujer conocer\u00e1n tambi\u00e9n de <b>la instrucci\u00f3n de los procesos de exigencia de responsabilidad por una multiplicidad de delitos <\/b>como, por ejemplo, de los delitos de homicidio, aborto, lesiones, lesiones al feto, delitos contra la libertad, delitos contra la integridad moral, contra la libertad e indemnidad sexual, contra la intimidad y el derecho a la propia imagen, contra el honor o cualquier otro delito cometido con violencia o intimidaci\u00f3n, siempre que se hubiesen cometido contra quien sea o haya sido su esposa o mujer que est\u00e9 o haya estado ligada al autor por an\u00e1loga relaci\u00f3n de afectividad, aun sin convivencia, as\u00ed como de los cometidos sobre los descendientes, propios o de la esposa o conviviente, o sobre los menores o personas con discapacidad que con \u00e9l convivan o que se hallen sujetos a la potestad, tutela, curatela, acogimiento o guarda de hecho de la esposa o conviviente, cuando tambi\u00e9n se haya producido un acto de violencia de g\u00e9nero.<\/p>\n<p>Este aumento competencial<b> no ha implicado un refuerzo presupuestario correlativo<\/b>, ni un incremento del n\u00famero de Juzgados, lo que conducir\u00e1, irremediablemente, a un colapso de los Juzgados de Violencia sobre la Mujer, con todas las consecuencias negativas que ello implicar\u00e1 en la gesti\u00f3n de los casos de los que conozcan estos \u00f3rganos jurisdiccionales, concluye Cermi Mujeres.<\/p>\n<\/div>\n<p>Fuente: Discapacidad https:\/\/www.20minutos.es\/noticia\/5671089\/0\/cermi-mujeres-denuncia-un-incremento-10-los-asesinatos-mujeres-con-discapacidad-2023\/<\/p>\n","protected":false},"excerpt":{"rendered":"<p>Seis de las 58 mujeres asesinadas en 2023 por violencia de g\u00e9nero ten\u00edan alg\u00fan tipo de discapacidad<\/p>\n","protected":false},"author":1,"featured_media":0,"comment_status":"closed","ping_status":"closed","sticky":false,"template":"","format":"standard","meta":{"footnotes":""},"categories":[8],"tags":[],"class_list":["post-10716","post","type-post","status-publish","format-standard","hentry","category-noticias"],"yoast_head":"<!-- This site is optimized with the Yoast SEO plugin v27.5 - https:\/\/yoast.com\/product\/yoast-seo-wordpress\/ -->\n<title>Crecen un 10% los asesinatos de mujeres con discapacidad en 2023 - Asociaci\u00f3n Espa\u00f1ola S\u00edndrome de Charge<\/title>\n<meta name=\"robots\" content=\"index, follow, max-snippet:-1, max-image-preview:large, max-video-preview:-1\" \/>\n<link rel=\"canonical\" href=\"https:\/\/sindromecharge.es\/index.php\/2025\/01\/10\/cermi-mujeres-denuncia-un-incremento-10-los-asesinatos-mujeres-con-discapacidad-2023\/\" \/>\n<meta property=\"og:locale\" content=\"es_ES\" \/>\n<meta property=\"og:type\" content=\"article\" \/>\n<meta property=\"og:title\" content=\"Crecen un 10% los asesinatos de mujeres con discapacidad en 2023 - Asociaci\u00f3n Espa\u00f1ola S\u00edndrome de Charge\" \/>\n<meta property=\"og:description\" content=\"Seis de las 58 mujeres asesinadas en 2023 por violencia de g\u00e9nero ten\u00edan alg\u00fan tipo de discapacidad\" \/>\n<meta property=\"og:url\" content=\"https:\/\/sindromecharge.es\/index.php\/2025\/01\/10\/cermi-mujeres-denuncia-un-incremento-10-los-asesinatos-mujeres-con-discapacidad-2023\/\" \/>\n<meta property=\"og:site_name\" content=\"Asociaci\u00f3n Espa\u00f1ola S\u00edndrome de Charge\" \/>\n<meta property=\"article:publisher\" content=\"https:\/\/www.facebook.com\/asociacionsindromecharge\" \/>\n<meta property=\"article:published_time\" content=\"2025-01-10T11:44:48+00:00\" \/>\n<meta property=\"og:image\" content=\"https:\/\/sindromecharge.es\/wp-content\/uploads\/2013\/09\/logodecharge300x98.png\" \/>\n\t<meta property=\"og:image:width\" content=\"300\" \/>\n\t<meta property=\"og:image:height\" content=\"98\" \/>\n\t<meta property=\"og:image:type\" content=\"image\/png\" \/>\n<meta name=\"author\" content=\"Charge\" \/>\n<meta name=\"twitter:card\" content=\"summary_large_image\" \/>\n<meta name=\"twitter:creator\" content=\"@sindromecharge\" \/>\n<meta name=\"twitter:site\" content=\"@sindromecharge\" \/>\n<meta name=\"twitter:label1\" content=\"Escrito por\" \/>\n\t<meta name=\"twitter:data1\" content=\"Charge\" \/>\n\t<meta name=\"twitter:label2\" content=\"Tiempo de lectura\" \/>\n\t<meta name=\"twitter:data2\" content=\"4 minutos\" \/>\n<script type=\"application\/ld+json\" class=\"yoast-schema-graph\">{\"@context\":\"https:\\\/\\\/schema.org\",\"@graph\":[{\"@type\":\"Article\",\"@id\":\"https:\\\/\\\/sindromecharge.es\\\/index.php\\\/2025\\\/01\\\/10\\\/cermi-mujeres-denuncia-un-incremento-10-los-asesinatos-mujeres-con-discapacidad-2023\\\/#article\",\"isPartOf\":{\"@id\":\"https:\\\/\\\/sindromecharge.es\\\/index.php\\\/2025\\\/01\\\/10\\\/cermi-mujeres-denuncia-un-incremento-10-los-asesinatos-mujeres-con-discapacidad-2023\\\/\"},\"author\":{\"name\":\"Charge\",\"@id\":\"https:\\\/\\\/sindromecharge.es\\\/#\\\/schema\\\/person\\\/39a60ebe0a2b4d5a11179701e336b039\"},\"headline\":\"Crecen un 10% los asesinatos de mujeres con discapacidad en 2023\",\"datePublished\":\"2025-01-10T11:44:48+00:00\",\"mainEntityOfPage\":{\"@id\":\"https:\\\/\\\/sindromecharge.es\\\/index.php\\\/2025\\\/01\\\/10\\\/cermi-mujeres-denuncia-un-incremento-10-los-asesinatos-mujeres-con-discapacidad-2023\\\/\"},\"wordCount\":900,\"articleSection\":[\"noticias\"],\"inLanguage\":\"es\"},{\"@type\":\"WebPage\",\"@id\":\"https:\\\/\\\/sindromecharge.es\\\/index.php\\\/2025\\\/01\\\/10\\\/cermi-mujeres-denuncia-un-incremento-10-los-asesinatos-mujeres-con-discapacidad-2023\\\/\",\"url\":\"https:\\\/\\\/sindromecharge.es\\\/index.php\\\/2025\\\/01\\\/10\\\/cermi-mujeres-denuncia-un-incremento-10-los-asesinatos-mujeres-con-discapacidad-2023\\\/\",\"name\":\"Crecen un 10% los asesinatos de mujeres con discapacidad en 2023 - Asociaci\u00f3n Espa\u00f1ola S\u00edndrome de Charge\",\"isPartOf\":{\"@id\":\"https:\\\/\\\/sindromecharge.es\\\/#website\"},\"datePublished\":\"2025-01-10T11:44:48+00:00\",\"author\":{\"@id\":\"https:\\\/\\\/sindromecharge.es\\\/#\\\/schema\\\/person\\\/39a60ebe0a2b4d5a11179701e336b039\"},\"breadcrumb\":{\"@id\":\"https:\\\/\\\/sindromecharge.es\\\/index.php\\\/2025\\\/01\\\/10\\\/cermi-mujeres-denuncia-un-incremento-10-los-asesinatos-mujeres-con-discapacidad-2023\\\/#breadcrumb\"},\"inLanguage\":\"es\",\"potentialAction\":[{\"@type\":\"ReadAction\",\"target\":[\"https:\\\/\\\/sindromecharge.es\\\/index.php\\\/2025\\\/01\\\/10\\\/cermi-mujeres-denuncia-un-incremento-10-los-asesinatos-mujeres-con-discapacidad-2023\\\/\"]}]},{\"@type\":\"BreadcrumbList\",\"@id\":\"https:\\\/\\\/sindromecharge.es\\\/index.php\\\/2025\\\/01\\\/10\\\/cermi-mujeres-denuncia-un-incremento-10-los-asesinatos-mujeres-con-discapacidad-2023\\\/#breadcrumb\",\"itemListElement\":[{\"@type\":\"ListItem\",\"position\":1,\"name\":\"Portada\",\"item\":\"https:\\\/\\\/sindromecharge.es\\\/\"},{\"@type\":\"ListItem\",\"position\":2,\"name\":\"Crecen un 10% los asesinatos de mujeres con discapacidad en 2023\"}]},{\"@type\":\"WebSite\",\"@id\":\"https:\\\/\\\/sindromecharge.es\\\/#website\",\"url\":\"https:\\\/\\\/sindromecharge.es\\\/\",\"name\":\"Asociaci\u00f3n Espa\u00f1ola S\u00edndrome de Charge\",\"description\":\"\",\"potentialAction\":[{\"@type\":\"SearchAction\",\"target\":{\"@type\":\"EntryPoint\",\"urlTemplate\":\"https:\\\/\\\/sindromecharge.es\\\/?s={search_term_string}\"},\"query-input\":{\"@type\":\"PropertyValueSpecification\",\"valueRequired\":true,\"valueName\":\"search_term_string\"}}],\"inLanguage\":\"es\"},{\"@type\":\"Person\",\"@id\":\"https:\\\/\\\/sindromecharge.es\\\/#\\\/schema\\\/person\\\/39a60ebe0a2b4d5a11179701e336b039\",\"name\":\"Charge\",\"image\":{\"@type\":\"ImageObject\",\"inLanguage\":\"es\",\"@id\":\"https:\\\/\\\/secure.gravatar.com\\\/avatar\\\/c3b46e32a0fc3b093a0873fb767bf3293de856293065e84ef06b7ec7a8acfb98?s=96&d=identicon&r=x\",\"url\":\"https:\\\/\\\/secure.gravatar.com\\\/avatar\\\/c3b46e32a0fc3b093a0873fb767bf3293de856293065e84ef06b7ec7a8acfb98?s=96&d=identicon&r=x\",\"contentUrl\":\"https:\\\/\\\/secure.gravatar.com\\\/avatar\\\/c3b46e32a0fc3b093a0873fb767bf3293de856293065e84ef06b7ec7a8acfb98?s=96&d=identicon&r=x\",\"caption\":\"Charge\"},\"url\":\"https:\\\/\\\/sindromecharge.es\\\/index.php\\\/author\\\/admin\\\/\"}]}<\/script>\n<!-- \/ Yoast SEO plugin. -->","yoast_head_json":{"title":"Crecen un 10% los asesinatos de mujeres con discapacidad en 2023 - Asociaci\u00f3n Espa\u00f1ola S\u00edndrome de Charge","robots":{"index":"index","follow":"follow","max-snippet":"max-snippet:-1","max-image-preview":"max-image-preview:large","max-video-preview":"max-video-preview:-1"},"canonical":"https:\/\/sindromecharge.es\/index.php\/2025\/01\/10\/cermi-mujeres-denuncia-un-incremento-10-los-asesinatos-mujeres-con-discapacidad-2023\/","og_locale":"es_ES","og_type":"article","og_title":"Crecen un 10% los asesinatos de mujeres con discapacidad en 2023 - Asociaci\u00f3n Espa\u00f1ola S\u00edndrome de Charge","og_description":"Seis de las 58 mujeres asesinadas en 2023 por violencia de g\u00e9nero ten\u00edan alg\u00fan tipo de discapacidad","og_url":"https:\/\/sindromecharge.es\/index.php\/2025\/01\/10\/cermi-mujeres-denuncia-un-incremento-10-los-asesinatos-mujeres-con-discapacidad-2023\/","og_site_name":"Asociaci\u00f3n Espa\u00f1ola S\u00edndrome de Charge","article_publisher":"https:\/\/www.facebook.com\/asociacionsindromecharge","article_published_time":"2025-01-10T11:44:48+00:00","og_image":[{"width":300,"height":98,"url":"https:\/\/sindromecharge.es\/wp-content\/uploads\/2013\/09\/logodecharge300x98.png","type":"image\/png"}],"author":"Charge","twitter_card":"summary_large_image","twitter_creator":"@sindromecharge","twitter_site":"@sindromecharge","twitter_misc":{"Escrito por":"Charge","Tiempo de lectura":"4 minutos"},"schema":{"@context":"https:\/\/schema.org","@graph":[{"@type":"Article","@id":"https:\/\/sindromecharge.es\/index.php\/2025\/01\/10\/cermi-mujeres-denuncia-un-incremento-10-los-asesinatos-mujeres-con-discapacidad-2023\/#article","isPartOf":{"@id":"https:\/\/sindromecharge.es\/index.php\/2025\/01\/10\/cermi-mujeres-denuncia-un-incremento-10-los-asesinatos-mujeres-con-discapacidad-2023\/"},"author":{"name":"Charge","@id":"https:\/\/sindromecharge.es\/#\/schema\/person\/39a60ebe0a2b4d5a11179701e336b039"},"headline":"Crecen un 10% los asesinatos de mujeres con discapacidad en 2023","datePublished":"2025-01-10T11:44:48+00:00","mainEntityOfPage":{"@id":"https:\/\/sindromecharge.es\/index.php\/2025\/01\/10\/cermi-mujeres-denuncia-un-incremento-10-los-asesinatos-mujeres-con-discapacidad-2023\/"},"wordCount":900,"articleSection":["noticias"],"inLanguage":"es"},{"@type":"WebPage","@id":"https:\/\/sindromecharge.es\/index.php\/2025\/01\/10\/cermi-mujeres-denuncia-un-incremento-10-los-asesinatos-mujeres-con-discapacidad-2023\/","url":"https:\/\/sindromecharge.es\/index.php\/2025\/01\/10\/cermi-mujeres-denuncia-un-incremento-10-los-asesinatos-mujeres-con-discapacidad-2023\/","name":"Crecen un 10% los asesinatos de mujeres con discapacidad en 2023 - Asociaci\u00f3n Espa\u00f1ola S\u00edndrome de Charge","isPartOf":{"@id":"https:\/\/sindromecharge.es\/#website"},"datePublished":"2025-01-10T11:44:48+00:00","author":{"@id":"https:\/\/sindromecharge.es\/#\/schema\/person\/39a60ebe0a2b4d5a11179701e336b039"},"breadcrumb":{"@id":"https:\/\/sindromecharge.es\/index.php\/2025\/01\/10\/cermi-mujeres-denuncia-un-incremento-10-los-asesinatos-mujeres-con-discapacidad-2023\/#breadcrumb"},"inLanguage":"es","potentialAction":[{"@type":"ReadAction","target":["https:\/\/sindromecharge.es\/index.php\/2025\/01\/10\/cermi-mujeres-denuncia-un-incremento-10-los-asesinatos-mujeres-con-discapacidad-2023\/"]}]},{"@type":"BreadcrumbList","@id":"https:\/\/sindromecharge.es\/index.php\/2025\/01\/10\/cermi-mujeres-denuncia-un-incremento-10-los-asesinatos-mujeres-con-discapacidad-2023\/#breadcrumb","itemListElement":[{"@type":"ListItem","position":1,"name":"Portada","item":"https:\/\/sindromecharge.es\/"},{"@type":"ListItem","position":2,"name":"Crecen un 10% los asesinatos de mujeres con discapacidad en 2023"}]},{"@type":"WebSite","@id":"https:\/\/sindromecharge.es\/#website","url":"https:\/\/sindromecharge.es\/","name":"Asociaci\u00f3n Espa\u00f1ola S\u00edndrome de Charge","description":"","potentialAction":[{"@type":"SearchAction","target":{"@type":"EntryPoint","urlTemplate":"https:\/\/sindromecharge.es\/?s={search_term_string}"},"query-input":{"@type":"PropertyValueSpecification","valueRequired":true,"valueName":"search_term_string"}}],"inLanguage":"es"},{"@type":"Person","@id":"https:\/\/sindromecharge.es\/#\/schema\/person\/39a60ebe0a2b4d5a11179701e336b039","name":"Charge","image":{"@type":"ImageObject","inLanguage":"es","@id":"https:\/\/secure.gravatar.com\/avatar\/c3b46e32a0fc3b093a0873fb767bf3293de856293065e84ef06b7ec7a8acfb98?s=96&d=identicon&r=x","url":"https:\/\/secure.gravatar.com\/avatar\/c3b46e32a0fc3b093a0873fb767bf3293de856293065e84ef06b7ec7a8acfb98?s=96&d=identicon&r=x","contentUrl":"https:\/\/secure.gravatar.com\/avatar\/c3b46e32a0fc3b093a0873fb767bf3293de856293065e84ef06b7ec7a8acfb98?s=96&d=identicon&r=x","caption":"Charge"},"url":"https:\/\/sindromecharge.es\/index.php\/author\/admin\/"}]}},"_links":{"self":[{"href":"https:\/\/sindromecharge.es\/index.php\/wp-json\/wp\/v2\/posts\/10716","targetHints":{"allow":["GET"]}}],"collection":[{"href":"https:\/\/sindromecharge.es\/index.php\/wp-json\/wp\/v2\/posts"}],"about":[{"href":"https:\/\/sindromecharge.es\/index.php\/wp-json\/wp\/v2\/types\/post"}],"author":[{"embeddable":true,"href":"https:\/\/sindromecharge.es\/index.php\/wp-json\/wp\/v2\/users\/1"}],"replies":[{"embeddable":true,"href":"https:\/\/sindromecharge.es\/index.php\/wp-json\/wp\/v2\/comments?post=10716"}],"version-history":[{"count":0,"href":"https:\/\/sindromecharge.es\/index.php\/wp-json\/wp\/v2\/posts\/10716\/revisions"}],"wp:attachment":[{"href":"https:\/\/sindromecharge.es\/index.php\/wp-json\/wp\/v2\/media?parent=10716"}],"wp:term":[{"taxonomy":"category","embeddable":true,"href":"https:\/\/sindromecharge.es\/index.php\/wp-json\/wp\/v2\/categories?post=10716"},{"taxonomy":"post_tag","embeddable":true,"href":"https:\/\/sindromecharge.es\/index.php\/wp-json\/wp\/v2\/tags?post=10716"}],"curies":[{"name":"wp","href":"https:\/\/api.w.org\/{rel}","templated":true}]}}