{"id":10715,"date":"2025-01-10T10:53:49","date_gmt":"2025-01-10T10:53:49","guid":{"rendered":"https:\/\/sindromecharge.es\/index.php\/2025\/01\/10\/los-contratos-personas-con-discapacidad-caen-un-0-8-2024\/"},"modified":"2025-01-10T10:53:49","modified_gmt":"2025-01-10T10:53:49","slug":"los-contratos-personas-con-discapacidad-caen-un-0-8-2024","status":"publish","type":"post","link":"https:\/\/sindromecharge.es\/index.php\/2025\/01\/10\/los-contratos-personas-con-discapacidad-caen-un-0-8-2024\/","title":{"rendered":"Los contratos a personas con discapacidad caen en 2024: \u00abLa tramitaci\u00f3n de una ley de empleo es inaplazable\u00bb"},"content":{"rendered":"<p>Leemos en Discapacidad la siguiente noticia que os reproducimos de forma \u00edntegra: <\/p>\n<div>\n<p>El volumen de contratos realizados a personas con <a href=\"https:\/\/www.20minutos.es\/minuteca\/discapacidad\/\" title=\"Discapacidad\">discapacidad<\/a><b> en 2024 fue de 271.765<\/b>, lo que supone un<b>a disminuci\u00f3n de un 0,8% con respecto a 2023<\/b>, cuando se contabilizaron un total de 274.039 contrataciones a ciudadanos con discapacidad.<\/p>\n<p>As\u00ed lo ponen de manifiesto los \u00faltimos datos del<b> Servicio P\u00fablico de Empleo Estatal (<a href=\"https:\/\/www.20minutos.es\/minuteca\/sepe-servicio-publico-empleo-estatal\/\" title=\"SEPE: Servicio P\u00fablico de Empleo Estatal\" target=\"_blank\">SEPE<\/a><\/b>), que indican que el n\u00famero de contratos formalizados con trabajadores con discapacidad en 2024 supone la cifra m\u00e1s baja desde 2016, a\u00f1o en el que se registraron un total de 268.160 contrataciones en este colectivo.<\/p>\n<p>Esta disminuci\u00f3n de contratos es sensiblemente mayor que la producida entre la poblaci\u00f3n en general, donde ha habido una leve ca\u00edda del 0,2% de acuerdo con las cifras facilitadas por el SEPE, lo que implica un <b>aumento de la brecha entre las personas con y sin discapacidad<\/b>.<\/p>\n<p>Del an\u00e1lisis de los datos llevados a cabo por parte del Observatorio sobre Discapacidad y Mercado de Trabajo (Odismet) de <a href=\"https:\/\/www.20minutos.es\/minuteca\/fundacion-once\/\" title=\"Fundaci\u00f3n Once\" target=\"_blank\">Fundaci\u00f3n ONCE<\/a>, junto con el Observatorio de las Ocupaciones del Servicio P\u00fablico de Empleo Estatal (SEPE), se desprende tambi\u00e9n la <b>mejora en la estabilidad del empleo de las personas con discapacidad<\/b>, al reducirse la contrataci\u00f3n temporal hasta el 68,4% y <b>dispararse los contratos indefinidos al 23,4%<\/b>, que junto con los fijos discontinuos suman ya el 31,6% del total.<\/p>\n<p>Sin embargo, esta buena noticia queda matizada cuando se compara el dato con el de la poblaci\u00f3n general, donde los<b> contratos indefinidos suman ya el 28% del global<\/b>.<\/p>\n<p>Los grandes pilares del empleo de las personas con discapacidad son los contratos espec\u00edficos y el trabajo generado en <b>Centros Especiales de Empleo (CEE<\/b>), que representan el 37% y el 27%, respectivamente, del empleo global al colectivo.<\/p>\n<p>En estos casos tambi\u00e9n se producen ca\u00eddas respecto al ejercicio anterior, que representan el 4,4% en el caso de los contratos espec\u00edficos y el 1,8% en el de los de CEE.<\/p>\n<p>En cuanto al g\u00e9nero, el empleo generado para<b> mujeres con <a href=\"https:\/\/www.20minutos.es\/minuteca\/discapacidad\/\" title=\"Discapacidad\" target=\"_blank\">discapacidad<\/a><\/b> apenas representa el 41% del total, frente al 47% alcanzado entre las mujeres a nivel de poblaci\u00f3n general.<\/p>\n<p>Por su parte<b>, mejora la contrataci\u00f3n a los m\u00e1s j\u00f3venes con discapacidad <\/b>al compararlos con los datos de 2023, pues se produce un crecimiento del 3,9%. Sin embargo, a\u00fan se generan muy pocos contratos a personas con discapacidad menores de 30 a\u00f1os, dado que solo representan el 19,6% del total. Al igual que en otros apartados, el comportamiento del mercado laboral es muy distinto al compararlo con la poblaci\u00f3n el general: en este caso, el empleo entre los m\u00e1s j\u00f3venes se eleva a casi el 40%.<\/p>\n<h2>Sectores econ\u00f3micos y ocupaciones<\/h2>\n<p>En cuanto a los sectores econ\u00f3micos y la participaci\u00f3n en ellos por parte de trabajadores con discapacidad, el d<b>e los servicios contin\u00faa siendo el gran nicho de trabajo <\/b>para este sector de la poblaci\u00f3n. En \u00e9l se haya el <b>82,4% del total del empleo generado<\/b>. Este efecto es m\u00e1s intenso que el evidenciado entre la poblaci\u00f3n general, donde el empleo del sector servicios suma el 73,4%.<\/p>\n<p>Las <b>ocupaciones elementales<\/b> vuelven a representar el mayor volumen de contrataci\u00f3n, alcanzando el 43,7% de los contratos firmados entre personas con discapacidad, un porcentaje considerablemente m\u00e1s elevado que el 33,3% alcanzado entre la poblaci\u00f3n general.<\/p>\n<p>En consonancia con el volumen de empleo generado en la categor\u00eda de \u2018ocupaciones elementales\u2019, las ocupaciones con m\u00e1s contratos son, \u2018<b>Personal de limpieza<\/b> de oficinas, hoteles y otros establecimientos similares\u2019 (43.019 contratos), \u2018Peones de las industrias manufactureras\u2019 (19.438 contratos), \u2018Camareros asalariados\u2019 (12.217 contratos).<\/p>\n<p>En cualquier caso, las personas con discapacidad tambi\u00e9n se emplean en <b>ocupaciones de mayor nivel de cualificaci\u00f3n <\/b>y buenos ejemplos como los \u2018Trabajadores cualificados en huertas, invernaderos, viveros y jardines\u2019 (1.577), \u2018Artistas creativos e interpretativos no clasificados bajo otros ep\u00edgrafes\u2019 (1.539), \u2018Profesores y profesionales de la ense\u00f1anza no clasificados bajo otros ep\u00edgrafes\u2019 (1.343), \u2018Compositores, m\u00fasicos y cantantes\u2019 (1.138), \u2018Asistentes de direcci\u00f3n y administrativos\u2019 (840) o \u2018Programadores inform\u00e1ticos\u2019 (284), entre otros.<\/p>\n<p>Por \u00faltimo, y respecto a la <b>distribuci\u00f3n geogr\u00e1fica<\/b>, al igual que ocurre para el total del empleo generado en Espa\u00f1a, tres comunidades aut\u00f3nomas suman casi la mitad de<\/p>\n<p>los contratos creados. Entre<b> Andaluc\u00eda, Catalu\u00f1a y la Comunidad de Madrid<\/b> se alcanza el 46,2% (el 51,1% para el total de empleo nacional). Sin embargo, la distribuci\u00f3n a nivel provincial cambia un poco este ranking siendo Madrid, Barcelona y Valencia las tres provincias con mayor volumen de creaci\u00f3n de empleo para las personas con discapacidad.<\/p>\n<h2>Valoraci\u00f3n<\/h2>\n<p>Teniendo en cuenta estos datos, Sabina Lobato, directora de Formaci\u00f3n, Empleo, Operaciones y Estudios de Fundaci\u00f3n ONCE, considera que \u00abel balance que muestran tanto las cifras de cierre de contrataci\u00f3n como la estad\u00edstica anual del INE sobre empleo de personas con discapacidad pone de manifiesto el <b>crecimiento sistem\u00e1tico de la brecha de empleo<\/b> entre las personas con y sin discapacidad\u00bb.<\/p>\n<p>En este sentido, a\u00f1ade, \u201c<b>no podemos seguir dejando la expectativa de mejoras al albur de las din\u00e1micas del mercado laboral<\/b> que llevan a este crecimiento de la desigualdad, sin hacer apuestas ambiciosas y valientes. Estamos hablando de la <b>tramitaci\u00f3n inaplazable de una nueva Ley de Empleo para personas con discapacidad<\/b>, de estrategias p\u00fablicas que permitan el acceso a primeras oportunidades a j\u00f3venes y personas que se reciclan profesionalmente por discapacidad sobrevenida, as\u00ed como con la cautela del impacto negativo que puede tener el futuro Estatuto del Becario en tramitaci\u00f3n. En definitiva, iniciativas innovadoras que provoquen<b> cambios sist\u00e9micos en la empleabilidad a largo plazo <\/b>para el colectivo y en la generaci\u00f3n de una verdadera cultura inclusiva en las empresas\u201d.<\/p>\n<\/div>\n<p>Fuente: Discapacidad https:\/\/www.20minutos.es\/noticia\/5671184\/0\/los-contratos-personas-con-discapacidad-caen-un-0-8-2024\/<\/p>\n","protected":false},"excerpt":{"rendered":"<p>En 2024 se realizaron 271.765 contratos y en 2023 fueron 274.039. Supone la cifra m\u00e1s baja desde 2016.<\/p>\n","protected":false},"author":1,"featured_media":0,"comment_status":"closed","ping_status":"closed","sticky":false,"template":"","format":"standard","meta":{"footnotes":""},"categories":[8],"tags":[],"class_list":["post-10715","post","type-post","status-publish","format-standard","hentry","category-noticias"],"yoast_head":"<!-- This site is optimized with the Yoast SEO plugin v27.5 - https:\/\/yoast.com\/product\/yoast-seo-wordpress\/ -->\n<title>Los contratos a personas con discapacidad caen en 2024: &quot;La tramitaci\u00f3n de una ley de empleo es inaplazable&quot; - Asociaci\u00f3n Espa\u00f1ola S\u00edndrome de Charge<\/title>\n<meta name=\"robots\" content=\"index, follow, max-snippet:-1, max-image-preview:large, max-video-preview:-1\" \/>\n<link rel=\"canonical\" href=\"https:\/\/sindromecharge.es\/index.php\/2025\/01\/10\/los-contratos-personas-con-discapacidad-caen-un-0-8-2024\/\" \/>\n<meta property=\"og:locale\" content=\"es_ES\" \/>\n<meta property=\"og:type\" content=\"article\" \/>\n<meta property=\"og:title\" content=\"Los contratos a personas con discapacidad caen en 2024: &quot;La tramitaci\u00f3n de una ley de empleo es inaplazable&quot; - Asociaci\u00f3n Espa\u00f1ola S\u00edndrome de Charge\" \/>\n<meta property=\"og:description\" content=\"En 2024 se realizaron 271.765 contratos y en 2023 fueron 274.039. Supone la cifra m\u00e1s baja desde 2016.\" \/>\n<meta property=\"og:url\" content=\"https:\/\/sindromecharge.es\/index.php\/2025\/01\/10\/los-contratos-personas-con-discapacidad-caen-un-0-8-2024\/\" \/>\n<meta property=\"og:site_name\" content=\"Asociaci\u00f3n Espa\u00f1ola S\u00edndrome de Charge\" \/>\n<meta property=\"article:publisher\" content=\"https:\/\/www.facebook.com\/asociacionsindromecharge\" \/>\n<meta property=\"article:published_time\" content=\"2025-01-10T10:53:49+00:00\" \/>\n<meta property=\"og:image\" content=\"https:\/\/sindromecharge.es\/wp-content\/uploads\/2013\/09\/logodecharge300x98.png\" \/>\n\t<meta property=\"og:image:width\" content=\"300\" \/>\n\t<meta property=\"og:image:height\" content=\"98\" \/>\n\t<meta property=\"og:image:type\" content=\"image\/png\" \/>\n<meta name=\"author\" content=\"Charge\" \/>\n<meta name=\"twitter:card\" content=\"summary_large_image\" \/>\n<meta name=\"twitter:creator\" content=\"@sindromecharge\" \/>\n<meta name=\"twitter:site\" content=\"@sindromecharge\" \/>\n<meta name=\"twitter:label1\" content=\"Escrito por\" \/>\n\t<meta name=\"twitter:data1\" content=\"Charge\" \/>\n\t<meta name=\"twitter:label2\" content=\"Tiempo de lectura\" \/>\n\t<meta name=\"twitter:data2\" content=\"5 minutos\" \/>\n<script type=\"application\/ld+json\" class=\"yoast-schema-graph\">{\"@context\":\"https:\\\/\\\/schema.org\",\"@graph\":[{\"@type\":\"Article\",\"@id\":\"https:\\\/\\\/sindromecharge.es\\\/index.php\\\/2025\\\/01\\\/10\\\/los-contratos-personas-con-discapacidad-caen-un-0-8-2024\\\/#article\",\"isPartOf\":{\"@id\":\"https:\\\/\\\/sindromecharge.es\\\/index.php\\\/2025\\\/01\\\/10\\\/los-contratos-personas-con-discapacidad-caen-un-0-8-2024\\\/\"},\"author\":{\"name\":\"Charge\",\"@id\":\"https:\\\/\\\/sindromecharge.es\\\/#\\\/schema\\\/person\\\/39a60ebe0a2b4d5a11179701e336b039\"},\"headline\":\"Los contratos a personas con discapacidad caen en 2024: \u00abLa tramitaci\u00f3n de una ley de empleo es inaplazable\u00bb\",\"datePublished\":\"2025-01-10T10:53:49+00:00\",\"mainEntityOfPage\":{\"@id\":\"https:\\\/\\\/sindromecharge.es\\\/index.php\\\/2025\\\/01\\\/10\\\/los-contratos-personas-con-discapacidad-caen-un-0-8-2024\\\/\"},\"wordCount\":975,\"articleSection\":[\"noticias\"],\"inLanguage\":\"es\"},{\"@type\":\"WebPage\",\"@id\":\"https:\\\/\\\/sindromecharge.es\\\/index.php\\\/2025\\\/01\\\/10\\\/los-contratos-personas-con-discapacidad-caen-un-0-8-2024\\\/\",\"url\":\"https:\\\/\\\/sindromecharge.es\\\/index.php\\\/2025\\\/01\\\/10\\\/los-contratos-personas-con-discapacidad-caen-un-0-8-2024\\\/\",\"name\":\"Los contratos a personas con discapacidad caen en 2024: \\\"La tramitaci\u00f3n de una ley de empleo es inaplazable\\\" - Asociaci\u00f3n Espa\u00f1ola S\u00edndrome de Charge\",\"isPartOf\":{\"@id\":\"https:\\\/\\\/sindromecharge.es\\\/#website\"},\"datePublished\":\"2025-01-10T10:53:49+00:00\",\"author\":{\"@id\":\"https:\\\/\\\/sindromecharge.es\\\/#\\\/schema\\\/person\\\/39a60ebe0a2b4d5a11179701e336b039\"},\"breadcrumb\":{\"@id\":\"https:\\\/\\\/sindromecharge.es\\\/index.php\\\/2025\\\/01\\\/10\\\/los-contratos-personas-con-discapacidad-caen-un-0-8-2024\\\/#breadcrumb\"},\"inLanguage\":\"es\",\"potentialAction\":[{\"@type\":\"ReadAction\",\"target\":[\"https:\\\/\\\/sindromecharge.es\\\/index.php\\\/2025\\\/01\\\/10\\\/los-contratos-personas-con-discapacidad-caen-un-0-8-2024\\\/\"]}]},{\"@type\":\"BreadcrumbList\",\"@id\":\"https:\\\/\\\/sindromecharge.es\\\/index.php\\\/2025\\\/01\\\/10\\\/los-contratos-personas-con-discapacidad-caen-un-0-8-2024\\\/#breadcrumb\",\"itemListElement\":[{\"@type\":\"ListItem\",\"position\":1,\"name\":\"Portada\",\"item\":\"https:\\\/\\\/sindromecharge.es\\\/\"},{\"@type\":\"ListItem\",\"position\":2,\"name\":\"Los contratos a personas con discapacidad caen en 2024: &#8220;La tramitaci\u00f3n de una ley de empleo es inaplazable&#8221;\"}]},{\"@type\":\"WebSite\",\"@id\":\"https:\\\/\\\/sindromecharge.es\\\/#website\",\"url\":\"https:\\\/\\\/sindromecharge.es\\\/\",\"name\":\"Asociaci\u00f3n Espa\u00f1ola S\u00edndrome de Charge\",\"description\":\"\",\"potentialAction\":[{\"@type\":\"SearchAction\",\"target\":{\"@type\":\"EntryPoint\",\"urlTemplate\":\"https:\\\/\\\/sindromecharge.es\\\/?s={search_term_string}\"},\"query-input\":{\"@type\":\"PropertyValueSpecification\",\"valueRequired\":true,\"valueName\":\"search_term_string\"}}],\"inLanguage\":\"es\"},{\"@type\":\"Person\",\"@id\":\"https:\\\/\\\/sindromecharge.es\\\/#\\\/schema\\\/person\\\/39a60ebe0a2b4d5a11179701e336b039\",\"name\":\"Charge\",\"image\":{\"@type\":\"ImageObject\",\"inLanguage\":\"es\",\"@id\":\"https:\\\/\\\/secure.gravatar.com\\\/avatar\\\/c3b46e32a0fc3b093a0873fb767bf3293de856293065e84ef06b7ec7a8acfb98?s=96&d=identicon&r=x\",\"url\":\"https:\\\/\\\/secure.gravatar.com\\\/avatar\\\/c3b46e32a0fc3b093a0873fb767bf3293de856293065e84ef06b7ec7a8acfb98?s=96&d=identicon&r=x\",\"contentUrl\":\"https:\\\/\\\/secure.gravatar.com\\\/avatar\\\/c3b46e32a0fc3b093a0873fb767bf3293de856293065e84ef06b7ec7a8acfb98?s=96&d=identicon&r=x\",\"caption\":\"Charge\"},\"url\":\"https:\\\/\\\/sindromecharge.es\\\/index.php\\\/author\\\/admin\\\/\"}]}<\/script>\n<!-- \/ Yoast SEO plugin. -->","yoast_head_json":{"title":"Los contratos a personas con discapacidad caen en 2024: \"La tramitaci\u00f3n de una ley de empleo es inaplazable\" - Asociaci\u00f3n Espa\u00f1ola S\u00edndrome de Charge","robots":{"index":"index","follow":"follow","max-snippet":"max-snippet:-1","max-image-preview":"max-image-preview:large","max-video-preview":"max-video-preview:-1"},"canonical":"https:\/\/sindromecharge.es\/index.php\/2025\/01\/10\/los-contratos-personas-con-discapacidad-caen-un-0-8-2024\/","og_locale":"es_ES","og_type":"article","og_title":"Los contratos a personas con discapacidad caen en 2024: \"La tramitaci\u00f3n de una ley de empleo es inaplazable\" - Asociaci\u00f3n Espa\u00f1ola S\u00edndrome de Charge","og_description":"En 2024 se realizaron 271.765 contratos y en 2023 fueron 274.039. Supone la cifra m\u00e1s baja desde 2016.","og_url":"https:\/\/sindromecharge.es\/index.php\/2025\/01\/10\/los-contratos-personas-con-discapacidad-caen-un-0-8-2024\/","og_site_name":"Asociaci\u00f3n Espa\u00f1ola S\u00edndrome de Charge","article_publisher":"https:\/\/www.facebook.com\/asociacionsindromecharge","article_published_time":"2025-01-10T10:53:49+00:00","og_image":[{"width":300,"height":98,"url":"https:\/\/sindromecharge.es\/wp-content\/uploads\/2013\/09\/logodecharge300x98.png","type":"image\/png"}],"author":"Charge","twitter_card":"summary_large_image","twitter_creator":"@sindromecharge","twitter_site":"@sindromecharge","twitter_misc":{"Escrito por":"Charge","Tiempo de lectura":"5 minutos"},"schema":{"@context":"https:\/\/schema.org","@graph":[{"@type":"Article","@id":"https:\/\/sindromecharge.es\/index.php\/2025\/01\/10\/los-contratos-personas-con-discapacidad-caen-un-0-8-2024\/#article","isPartOf":{"@id":"https:\/\/sindromecharge.es\/index.php\/2025\/01\/10\/los-contratos-personas-con-discapacidad-caen-un-0-8-2024\/"},"author":{"name":"Charge","@id":"https:\/\/sindromecharge.es\/#\/schema\/person\/39a60ebe0a2b4d5a11179701e336b039"},"headline":"Los contratos a personas con discapacidad caen en 2024: \u00abLa tramitaci\u00f3n de una ley de empleo es inaplazable\u00bb","datePublished":"2025-01-10T10:53:49+00:00","mainEntityOfPage":{"@id":"https:\/\/sindromecharge.es\/index.php\/2025\/01\/10\/los-contratos-personas-con-discapacidad-caen-un-0-8-2024\/"},"wordCount":975,"articleSection":["noticias"],"inLanguage":"es"},{"@type":"WebPage","@id":"https:\/\/sindromecharge.es\/index.php\/2025\/01\/10\/los-contratos-personas-con-discapacidad-caen-un-0-8-2024\/","url":"https:\/\/sindromecharge.es\/index.php\/2025\/01\/10\/los-contratos-personas-con-discapacidad-caen-un-0-8-2024\/","name":"Los contratos a personas con discapacidad caen en 2024: \"La tramitaci\u00f3n de una ley de empleo es inaplazable\" - Asociaci\u00f3n Espa\u00f1ola S\u00edndrome de Charge","isPartOf":{"@id":"https:\/\/sindromecharge.es\/#website"},"datePublished":"2025-01-10T10:53:49+00:00","author":{"@id":"https:\/\/sindromecharge.es\/#\/schema\/person\/39a60ebe0a2b4d5a11179701e336b039"},"breadcrumb":{"@id":"https:\/\/sindromecharge.es\/index.php\/2025\/01\/10\/los-contratos-personas-con-discapacidad-caen-un-0-8-2024\/#breadcrumb"},"inLanguage":"es","potentialAction":[{"@type":"ReadAction","target":["https:\/\/sindromecharge.es\/index.php\/2025\/01\/10\/los-contratos-personas-con-discapacidad-caen-un-0-8-2024\/"]}]},{"@type":"BreadcrumbList","@id":"https:\/\/sindromecharge.es\/index.php\/2025\/01\/10\/los-contratos-personas-con-discapacidad-caen-un-0-8-2024\/#breadcrumb","itemListElement":[{"@type":"ListItem","position":1,"name":"Portada","item":"https:\/\/sindromecharge.es\/"},{"@type":"ListItem","position":2,"name":"Los contratos a personas con discapacidad caen en 2024: &#8220;La tramitaci\u00f3n de una ley de empleo es inaplazable&#8221;"}]},{"@type":"WebSite","@id":"https:\/\/sindromecharge.es\/#website","url":"https:\/\/sindromecharge.es\/","name":"Asociaci\u00f3n Espa\u00f1ola S\u00edndrome de Charge","description":"","potentialAction":[{"@type":"SearchAction","target":{"@type":"EntryPoint","urlTemplate":"https:\/\/sindromecharge.es\/?s={search_term_string}"},"query-input":{"@type":"PropertyValueSpecification","valueRequired":true,"valueName":"search_term_string"}}],"inLanguage":"es"},{"@type":"Person","@id":"https:\/\/sindromecharge.es\/#\/schema\/person\/39a60ebe0a2b4d5a11179701e336b039","name":"Charge","image":{"@type":"ImageObject","inLanguage":"es","@id":"https:\/\/secure.gravatar.com\/avatar\/c3b46e32a0fc3b093a0873fb767bf3293de856293065e84ef06b7ec7a8acfb98?s=96&d=identicon&r=x","url":"https:\/\/secure.gravatar.com\/avatar\/c3b46e32a0fc3b093a0873fb767bf3293de856293065e84ef06b7ec7a8acfb98?s=96&d=identicon&r=x","contentUrl":"https:\/\/secure.gravatar.com\/avatar\/c3b46e32a0fc3b093a0873fb767bf3293de856293065e84ef06b7ec7a8acfb98?s=96&d=identicon&r=x","caption":"Charge"},"url":"https:\/\/sindromecharge.es\/index.php\/author\/admin\/"}]}},"_links":{"self":[{"href":"https:\/\/sindromecharge.es\/index.php\/wp-json\/wp\/v2\/posts\/10715","targetHints":{"allow":["GET"]}}],"collection":[{"href":"https:\/\/sindromecharge.es\/index.php\/wp-json\/wp\/v2\/posts"}],"about":[{"href":"https:\/\/sindromecharge.es\/index.php\/wp-json\/wp\/v2\/types\/post"}],"author":[{"embeddable":true,"href":"https:\/\/sindromecharge.es\/index.php\/wp-json\/wp\/v2\/users\/1"}],"replies":[{"embeddable":true,"href":"https:\/\/sindromecharge.es\/index.php\/wp-json\/wp\/v2\/comments?post=10715"}],"version-history":[{"count":0,"href":"https:\/\/sindromecharge.es\/index.php\/wp-json\/wp\/v2\/posts\/10715\/revisions"}],"wp:attachment":[{"href":"https:\/\/sindromecharge.es\/index.php\/wp-json\/wp\/v2\/media?parent=10715"}],"wp:term":[{"taxonomy":"category","embeddable":true,"href":"https:\/\/sindromecharge.es\/index.php\/wp-json\/wp\/v2\/categories?post=10715"},{"taxonomy":"post_tag","embeddable":true,"href":"https:\/\/sindromecharge.es\/index.php\/wp-json\/wp\/v2\/tags?post=10715"}],"curies":[{"name":"wp","href":"https:\/\/api.w.org\/{rel}","templated":true}]}}