{"id":10703,"date":"2025-01-07T06:55:25","date_gmt":"2025-01-07T06:55:25","guid":{"rendered":"https:\/\/sindromecharge.es\/index.php\/2025\/01\/07\/restaurantes-para-todos-cartas-accesibles-para-personas-con-discapacidad-visual\/"},"modified":"2025-01-07T06:55:25","modified_gmt":"2025-01-07T06:55:25","slug":"restaurantes-para-todos-cartas-accesibles-para-personas-con-discapacidad-visual","status":"publish","type":"post","link":"https:\/\/sindromecharge.es\/index.php\/2025\/01\/07\/restaurantes-para-todos-cartas-accesibles-para-personas-con-discapacidad-visual\/","title":{"rendered":"Restaurantes Para Todos: un proyecto de cartas accesibles para personas con discapacidad visual"},"content":{"rendered":"<p>Leemos en Discapacidad la siguiente noticia que os reproducimos de forma \u00edntegra: <\/p>\n<div>\n<p>Leire Gorrochategui y Jorge del Bosque son matem\u00e1ticos y trabajan en banca. Jorge dice que son curiosos, que les gusta descubrir y aprender cosas nuevas. Siguiendo esta premisa vital hicieron un <b>curso de accesibilidad relacionado con las p\u00e1ginas web y la <a href=\"https:\/\/www.20minutos.es\/minuteca\/discapacidad\/\" title=\"Discapacidad\">discapacidad<\/a> visual<\/b>. A los dos les gust\u00f3 mucho el tema y les llam\u00f3 la atenci\u00f3n. Jorge tiene una discapacidad, pero nada que ver con el terreno visual.<\/p>\n<p>Gracias al curso aprendieron cosas como la importancia del contraste o del tama\u00f1o del texto para que una p\u00e1gina web sea accesible para una persona con discapacidad visual. \u201cCuando haces una web accesible teniendo en cuenta estos elementos sirve para todas las personas, no es como la carta en braille que solo la pueden leer <a href=\"https:\/\/www.20minutos.es\/minuteca\/ciegos\/\" title=\"Ciegos\">ciegos<\/a>. <b>Si est\u00e1 bien dise\u00f1ada deber\u00eda ser accesible para todos<\/b>\u201d, cuenta Leire. Tambi\u00e9n conocieron el mundo de los lectores de pantalla. \u201cSon softwares que leen el contenido que t\u00fa ves en la pantalla y que permiten entrar en los botones, enlaces. Los lectores de pantalla te permiten navegar como lo haces t\u00fa por una web, solo que en vez de navegar por la vista, es por la voz\u201d, dice Leire.<\/p>\n<p>\u201cGeneralmente <b>los problemas de<a href=\"https:\/\/www.20minutos.es\/minuteca\/accesibilidad\/\" title=\"Accesibilidad\"> accesibilidad<\/a> en las p\u00e1ginas web est\u00e1n en las im\u00e1genes y en los pdf<\/b>\u201d, a\u00f1ade Jorge. Cuando un restaurante cuelga, por ejemplo, una foto de su carta, esto no le sirve absolutamente de nada a una persona con discapacidad visual. En el mejor de los casos el lector de voz le dir\u00e1 imagen de la carta del restaurante pero nada m\u00e1s, no puede leer lo que hay en dicha imagen.<\/p>\n<p>Mientras la pareja hac\u00eda su curso, la prima de Jorge abr\u00eda un restaurante. Ellos descubrieron la <b>falta de accesibilidad que hay en las p\u00e1ginas web<\/b> y pensaron que ser\u00eda bueno que el nuevo restaurante de la prima de Jorge tuviera una carta online accesible para personas con discapacidad visual.<\/p>\n<p>As\u00ed naci\u00f3 <a href=\"https:\/\/www.20minutos.es\/minuteca\/restaurantes\/\" title=\"Restaurantes\">Restaurantes<\/a> Para Todos en 2022, una asociaci\u00f3n sin \u00e1nimo de lucro que <b>adapta las cartas de los restaurantes para que sean accesibles para las personas que tienen una discapacidad visual.<\/b> \u201cEmpezamos en formato digital pensando para lectores de pantalla\u201d, cuenta Leire, \u201cy ahora imprimimos tambi\u00e9n en papel en braille\u201d.<\/p>\n<p>Restaurantes Para Todos es una <a href=\"https:\/\/www.restaurantesparatodos.org\/\" target=\"_blank\">p\u00e1gina web <\/a>donde est\u00e1n todos los restaurantes que tienen su carta adaptada y tambi\u00e9n una aplicaci\u00f3n m\u00f3vil que funciona exactamente igual que la web. \u201cTodas las cartas tienen un <b>tabla de contenido para que puedas ir a las distintas secciones<\/b> sin tener que ir pasando por todos los platos de la carta\u201d, explica Jorge. \u201cEsto posibilita que vayas directamente a la carne o a los postres, por ejemplo\u201d. La web y la app incluyen tambi\u00e9n un buscador para buscar restaurantes por tipo de comidas o por ubicaci\u00f3n.<\/p>\n<p>La pareja colabora con <b>Farpe, la Federaci\u00f3n de Asociaciones de Distrofias Hereditarias de la Retina<\/b>. Gracias a las peticiones y gu\u00eda de personas con discapacidad visual pueden elaborar correctamente las cartas accesibles de los restaurantes. Cuando empezaron no conoc\u00edan a nadie con discapacidad visual, as\u00ed que fueron contactando con varias personas a trav\u00e9s de las redes sociales y les ped\u00edan ayuda para asegurarse de que lo que estaban haciendo serv\u00eda.<\/p>\n<p>La asociaci\u00f3n cuenta con el<b> apoyo de distintos voluntarios<\/b>, como la madre del propio Jorge, que es quien tiene la impresora braille en su casa y se encarga de imprimir las cartas en papel para los restaurantes. La familia y el resto de voluntarios hacen todos los materiales accesibles tanto en su formato online como en papel.<\/p>\n<p>\u201cTodav\u00eda somos poquitos restaurantes\u201d, dice Leire. \u201cTenemos las cartas adaptadas del 1 o 2% de los restaurantes de Espa\u00f1a (unas <b>700 cartas de 48 provincias<\/b>)\u201d, a\u00f1ade Jorge. \u201cLo suyo ser\u00eda que cuando una persona con discapacidad visual salga a comer pueda elegir entre m\u00e1s restaurantes\u201d, sigue Leire. \u201cEsto es lo que nos gustar\u00eda a nosotros y a las personas con discapacidad visual\u201d.<\/p>\n<p>Jorge, Leire y el resto de voluntarios dedican su tiempo libre a Restaurantes Para Todos. \u201cSe hace lo que se puede\u201d, dice Jorge. \u201cVamos a empezar a cobrar 20 euros a cada restaurante que aparezca en nuestra web porque <b>me gustar\u00eda pagar a alguien para que haga el trabajo de forma m\u00e1s seria<\/b>\u201d, sigue Jorge. \u201cQueremos delegar\u201d, completa Leire. \u201cTal como estamos ahora no me veo creciendo porque no nos da la vida ni de tiempo ni de dinero\u201d, dice Jorge.<\/p>\n<p>Mientras hacen lo posible para obtener ingresos y poder contratar a una persona, Leire y Jorge  nos piden un favor: \u201cNos ayudar\u00eda mucho que <b>cuando alguien vaya a un restaurante les hable de nosotros <\/b>y les invite a que contacten para unirse\u201d, dice Leire. \u201cLa persona tarda un momentito y es lo que nos viene mejor para que se vaya dando a conocer\u201d, concluye Jorge.<\/p>\n<\/div>\n<p>Fuente: Discapacidad https:\/\/www.20minutos.es\/noticia\/5665707\/0\/restaurantes-para-todos-cartas-accesibles-para-personas-con-discapacidad-visual\/<\/p>\n","protected":false},"excerpt":{"rendered":"<p>Leire Gorrochategui y Jorge del Bosque son matem\u00e1ticos y trabajan en banca. Jorge dice que son curiosos, que les gusta descubrir y aprender cosas nuevas. Siguiendo&#8230;<\/p>\n","protected":false},"author":1,"featured_media":0,"comment_status":"closed","ping_status":"closed","sticky":false,"template":"","format":"standard","meta":{"footnotes":""},"categories":[8],"tags":[],"class_list":["post-10703","post","type-post","status-publish","format-standard","hentry","category-noticias"],"yoast_head":"<!-- This site is optimized with the Yoast SEO plugin v27.5 - https:\/\/yoast.com\/product\/yoast-seo-wordpress\/ -->\n<title>Restaurantes Para Todos: un proyecto de cartas accesibles para personas con discapacidad visual - Asociaci\u00f3n Espa\u00f1ola S\u00edndrome de Charge<\/title>\n<meta name=\"robots\" content=\"index, follow, max-snippet:-1, max-image-preview:large, max-video-preview:-1\" \/>\n<link rel=\"canonical\" href=\"https:\/\/sindromecharge.es\/index.php\/2025\/01\/07\/restaurantes-para-todos-cartas-accesibles-para-personas-con-discapacidad-visual\/\" \/>\n<meta property=\"og:locale\" content=\"es_ES\" \/>\n<meta property=\"og:type\" content=\"article\" \/>\n<meta property=\"og:title\" content=\"Restaurantes Para Todos: un proyecto de cartas accesibles para personas con discapacidad visual - Asociaci\u00f3n Espa\u00f1ola S\u00edndrome de Charge\" \/>\n<meta property=\"og:description\" content=\"Leire Gorrochategui y Jorge del Bosque son matem\u00e1ticos y trabajan en banca. Jorge dice que son curiosos, que les gusta descubrir y aprender cosas nuevas. Siguiendo&#8230;\" \/>\n<meta property=\"og:url\" content=\"https:\/\/sindromecharge.es\/index.php\/2025\/01\/07\/restaurantes-para-todos-cartas-accesibles-para-personas-con-discapacidad-visual\/\" \/>\n<meta property=\"og:site_name\" content=\"Asociaci\u00f3n Espa\u00f1ola S\u00edndrome de Charge\" \/>\n<meta property=\"article:publisher\" content=\"https:\/\/www.facebook.com\/asociacionsindromecharge\" \/>\n<meta property=\"article:published_time\" content=\"2025-01-07T06:55:25+00:00\" \/>\n<meta property=\"og:image\" content=\"https:\/\/sindromecharge.es\/wp-content\/uploads\/2013\/09\/logodecharge300x98.png\" \/>\n\t<meta property=\"og:image:width\" content=\"300\" \/>\n\t<meta property=\"og:image:height\" content=\"98\" \/>\n\t<meta property=\"og:image:type\" content=\"image\/png\" \/>\n<meta name=\"author\" content=\"Charge\" \/>\n<meta name=\"twitter:card\" content=\"summary_large_image\" \/>\n<meta name=\"twitter:creator\" content=\"@sindromecharge\" \/>\n<meta name=\"twitter:site\" content=\"@sindromecharge\" \/>\n<meta name=\"twitter:label1\" content=\"Escrito por\" \/>\n\t<meta name=\"twitter:data1\" content=\"Charge\" \/>\n\t<meta name=\"twitter:label2\" content=\"Tiempo de lectura\" \/>\n\t<meta name=\"twitter:data2\" content=\"4 minutos\" \/>\n<script type=\"application\/ld+json\" class=\"yoast-schema-graph\">{\"@context\":\"https:\\\/\\\/schema.org\",\"@graph\":[{\"@type\":\"Article\",\"@id\":\"https:\\\/\\\/sindromecharge.es\\\/index.php\\\/2025\\\/01\\\/07\\\/restaurantes-para-todos-cartas-accesibles-para-personas-con-discapacidad-visual\\\/#article\",\"isPartOf\":{\"@id\":\"https:\\\/\\\/sindromecharge.es\\\/index.php\\\/2025\\\/01\\\/07\\\/restaurantes-para-todos-cartas-accesibles-para-personas-con-discapacidad-visual\\\/\"},\"author\":{\"name\":\"Charge\",\"@id\":\"https:\\\/\\\/sindromecharge.es\\\/#\\\/schema\\\/person\\\/39a60ebe0a2b4d5a11179701e336b039\"},\"headline\":\"Restaurantes Para Todos: un proyecto de cartas accesibles para personas con discapacidad visual\",\"datePublished\":\"2025-01-07T06:55:25+00:00\",\"mainEntityOfPage\":{\"@id\":\"https:\\\/\\\/sindromecharge.es\\\/index.php\\\/2025\\\/01\\\/07\\\/restaurantes-para-todos-cartas-accesibles-para-personas-con-discapacidad-visual\\\/\"},\"wordCount\":862,\"articleSection\":[\"noticias\"],\"inLanguage\":\"es\"},{\"@type\":\"WebPage\",\"@id\":\"https:\\\/\\\/sindromecharge.es\\\/index.php\\\/2025\\\/01\\\/07\\\/restaurantes-para-todos-cartas-accesibles-para-personas-con-discapacidad-visual\\\/\",\"url\":\"https:\\\/\\\/sindromecharge.es\\\/index.php\\\/2025\\\/01\\\/07\\\/restaurantes-para-todos-cartas-accesibles-para-personas-con-discapacidad-visual\\\/\",\"name\":\"Restaurantes Para Todos: un proyecto de cartas accesibles para personas con discapacidad visual - Asociaci\u00f3n Espa\u00f1ola S\u00edndrome de Charge\",\"isPartOf\":{\"@id\":\"https:\\\/\\\/sindromecharge.es\\\/#website\"},\"datePublished\":\"2025-01-07T06:55:25+00:00\",\"author\":{\"@id\":\"https:\\\/\\\/sindromecharge.es\\\/#\\\/schema\\\/person\\\/39a60ebe0a2b4d5a11179701e336b039\"},\"breadcrumb\":{\"@id\":\"https:\\\/\\\/sindromecharge.es\\\/index.php\\\/2025\\\/01\\\/07\\\/restaurantes-para-todos-cartas-accesibles-para-personas-con-discapacidad-visual\\\/#breadcrumb\"},\"inLanguage\":\"es\",\"potentialAction\":[{\"@type\":\"ReadAction\",\"target\":[\"https:\\\/\\\/sindromecharge.es\\\/index.php\\\/2025\\\/01\\\/07\\\/restaurantes-para-todos-cartas-accesibles-para-personas-con-discapacidad-visual\\\/\"]}]},{\"@type\":\"BreadcrumbList\",\"@id\":\"https:\\\/\\\/sindromecharge.es\\\/index.php\\\/2025\\\/01\\\/07\\\/restaurantes-para-todos-cartas-accesibles-para-personas-con-discapacidad-visual\\\/#breadcrumb\",\"itemListElement\":[{\"@type\":\"ListItem\",\"position\":1,\"name\":\"Portada\",\"item\":\"https:\\\/\\\/sindromecharge.es\\\/\"},{\"@type\":\"ListItem\",\"position\":2,\"name\":\"Restaurantes Para Todos: un proyecto de cartas accesibles para personas con discapacidad visual\"}]},{\"@type\":\"WebSite\",\"@id\":\"https:\\\/\\\/sindromecharge.es\\\/#website\",\"url\":\"https:\\\/\\\/sindromecharge.es\\\/\",\"name\":\"Asociaci\u00f3n Espa\u00f1ola S\u00edndrome de Charge\",\"description\":\"\",\"potentialAction\":[{\"@type\":\"SearchAction\",\"target\":{\"@type\":\"EntryPoint\",\"urlTemplate\":\"https:\\\/\\\/sindromecharge.es\\\/?s={search_term_string}\"},\"query-input\":{\"@type\":\"PropertyValueSpecification\",\"valueRequired\":true,\"valueName\":\"search_term_string\"}}],\"inLanguage\":\"es\"},{\"@type\":\"Person\",\"@id\":\"https:\\\/\\\/sindromecharge.es\\\/#\\\/schema\\\/person\\\/39a60ebe0a2b4d5a11179701e336b039\",\"name\":\"Charge\",\"image\":{\"@type\":\"ImageObject\",\"inLanguage\":\"es\",\"@id\":\"https:\\\/\\\/secure.gravatar.com\\\/avatar\\\/c3b46e32a0fc3b093a0873fb767bf3293de856293065e84ef06b7ec7a8acfb98?s=96&d=identicon&r=x\",\"url\":\"https:\\\/\\\/secure.gravatar.com\\\/avatar\\\/c3b46e32a0fc3b093a0873fb767bf3293de856293065e84ef06b7ec7a8acfb98?s=96&d=identicon&r=x\",\"contentUrl\":\"https:\\\/\\\/secure.gravatar.com\\\/avatar\\\/c3b46e32a0fc3b093a0873fb767bf3293de856293065e84ef06b7ec7a8acfb98?s=96&d=identicon&r=x\",\"caption\":\"Charge\"},\"url\":\"https:\\\/\\\/sindromecharge.es\\\/index.php\\\/author\\\/admin\\\/\"}]}<\/script>\n<!-- \/ Yoast SEO plugin. -->","yoast_head_json":{"title":"Restaurantes Para Todos: un proyecto de cartas accesibles para personas con discapacidad visual - Asociaci\u00f3n Espa\u00f1ola S\u00edndrome de Charge","robots":{"index":"index","follow":"follow","max-snippet":"max-snippet:-1","max-image-preview":"max-image-preview:large","max-video-preview":"max-video-preview:-1"},"canonical":"https:\/\/sindromecharge.es\/index.php\/2025\/01\/07\/restaurantes-para-todos-cartas-accesibles-para-personas-con-discapacidad-visual\/","og_locale":"es_ES","og_type":"article","og_title":"Restaurantes Para Todos: un proyecto de cartas accesibles para personas con discapacidad visual - Asociaci\u00f3n Espa\u00f1ola S\u00edndrome de Charge","og_description":"Leire Gorrochategui y Jorge del Bosque son matem\u00e1ticos y trabajan en banca. Jorge dice que son curiosos, que les gusta descubrir y aprender cosas nuevas. Siguiendo&#8230;","og_url":"https:\/\/sindromecharge.es\/index.php\/2025\/01\/07\/restaurantes-para-todos-cartas-accesibles-para-personas-con-discapacidad-visual\/","og_site_name":"Asociaci\u00f3n Espa\u00f1ola S\u00edndrome de Charge","article_publisher":"https:\/\/www.facebook.com\/asociacionsindromecharge","article_published_time":"2025-01-07T06:55:25+00:00","og_image":[{"width":300,"height":98,"url":"https:\/\/sindromecharge.es\/wp-content\/uploads\/2013\/09\/logodecharge300x98.png","type":"image\/png"}],"author":"Charge","twitter_card":"summary_large_image","twitter_creator":"@sindromecharge","twitter_site":"@sindromecharge","twitter_misc":{"Escrito por":"Charge","Tiempo de lectura":"4 minutos"},"schema":{"@context":"https:\/\/schema.org","@graph":[{"@type":"Article","@id":"https:\/\/sindromecharge.es\/index.php\/2025\/01\/07\/restaurantes-para-todos-cartas-accesibles-para-personas-con-discapacidad-visual\/#article","isPartOf":{"@id":"https:\/\/sindromecharge.es\/index.php\/2025\/01\/07\/restaurantes-para-todos-cartas-accesibles-para-personas-con-discapacidad-visual\/"},"author":{"name":"Charge","@id":"https:\/\/sindromecharge.es\/#\/schema\/person\/39a60ebe0a2b4d5a11179701e336b039"},"headline":"Restaurantes Para Todos: un proyecto de cartas accesibles para personas con discapacidad visual","datePublished":"2025-01-07T06:55:25+00:00","mainEntityOfPage":{"@id":"https:\/\/sindromecharge.es\/index.php\/2025\/01\/07\/restaurantes-para-todos-cartas-accesibles-para-personas-con-discapacidad-visual\/"},"wordCount":862,"articleSection":["noticias"],"inLanguage":"es"},{"@type":"WebPage","@id":"https:\/\/sindromecharge.es\/index.php\/2025\/01\/07\/restaurantes-para-todos-cartas-accesibles-para-personas-con-discapacidad-visual\/","url":"https:\/\/sindromecharge.es\/index.php\/2025\/01\/07\/restaurantes-para-todos-cartas-accesibles-para-personas-con-discapacidad-visual\/","name":"Restaurantes Para Todos: un proyecto de cartas accesibles para personas con discapacidad visual - Asociaci\u00f3n Espa\u00f1ola S\u00edndrome de Charge","isPartOf":{"@id":"https:\/\/sindromecharge.es\/#website"},"datePublished":"2025-01-07T06:55:25+00:00","author":{"@id":"https:\/\/sindromecharge.es\/#\/schema\/person\/39a60ebe0a2b4d5a11179701e336b039"},"breadcrumb":{"@id":"https:\/\/sindromecharge.es\/index.php\/2025\/01\/07\/restaurantes-para-todos-cartas-accesibles-para-personas-con-discapacidad-visual\/#breadcrumb"},"inLanguage":"es","potentialAction":[{"@type":"ReadAction","target":["https:\/\/sindromecharge.es\/index.php\/2025\/01\/07\/restaurantes-para-todos-cartas-accesibles-para-personas-con-discapacidad-visual\/"]}]},{"@type":"BreadcrumbList","@id":"https:\/\/sindromecharge.es\/index.php\/2025\/01\/07\/restaurantes-para-todos-cartas-accesibles-para-personas-con-discapacidad-visual\/#breadcrumb","itemListElement":[{"@type":"ListItem","position":1,"name":"Portada","item":"https:\/\/sindromecharge.es\/"},{"@type":"ListItem","position":2,"name":"Restaurantes Para Todos: un proyecto de cartas accesibles para personas con discapacidad visual"}]},{"@type":"WebSite","@id":"https:\/\/sindromecharge.es\/#website","url":"https:\/\/sindromecharge.es\/","name":"Asociaci\u00f3n Espa\u00f1ola S\u00edndrome de Charge","description":"","potentialAction":[{"@type":"SearchAction","target":{"@type":"EntryPoint","urlTemplate":"https:\/\/sindromecharge.es\/?s={search_term_string}"},"query-input":{"@type":"PropertyValueSpecification","valueRequired":true,"valueName":"search_term_string"}}],"inLanguage":"es"},{"@type":"Person","@id":"https:\/\/sindromecharge.es\/#\/schema\/person\/39a60ebe0a2b4d5a11179701e336b039","name":"Charge","image":{"@type":"ImageObject","inLanguage":"es","@id":"https:\/\/secure.gravatar.com\/avatar\/c3b46e32a0fc3b093a0873fb767bf3293de856293065e84ef06b7ec7a8acfb98?s=96&d=identicon&r=x","url":"https:\/\/secure.gravatar.com\/avatar\/c3b46e32a0fc3b093a0873fb767bf3293de856293065e84ef06b7ec7a8acfb98?s=96&d=identicon&r=x","contentUrl":"https:\/\/secure.gravatar.com\/avatar\/c3b46e32a0fc3b093a0873fb767bf3293de856293065e84ef06b7ec7a8acfb98?s=96&d=identicon&r=x","caption":"Charge"},"url":"https:\/\/sindromecharge.es\/index.php\/author\/admin\/"}]}},"_links":{"self":[{"href":"https:\/\/sindromecharge.es\/index.php\/wp-json\/wp\/v2\/posts\/10703","targetHints":{"allow":["GET"]}}],"collection":[{"href":"https:\/\/sindromecharge.es\/index.php\/wp-json\/wp\/v2\/posts"}],"about":[{"href":"https:\/\/sindromecharge.es\/index.php\/wp-json\/wp\/v2\/types\/post"}],"author":[{"embeddable":true,"href":"https:\/\/sindromecharge.es\/index.php\/wp-json\/wp\/v2\/users\/1"}],"replies":[{"embeddable":true,"href":"https:\/\/sindromecharge.es\/index.php\/wp-json\/wp\/v2\/comments?post=10703"}],"version-history":[{"count":0,"href":"https:\/\/sindromecharge.es\/index.php\/wp-json\/wp\/v2\/posts\/10703\/revisions"}],"wp:attachment":[{"href":"https:\/\/sindromecharge.es\/index.php\/wp-json\/wp\/v2\/media?parent=10703"}],"wp:term":[{"taxonomy":"category","embeddable":true,"href":"https:\/\/sindromecharge.es\/index.php\/wp-json\/wp\/v2\/categories?post=10703"},{"taxonomy":"post_tag","embeddable":true,"href":"https:\/\/sindromecharge.es\/index.php\/wp-json\/wp\/v2\/tags?post=10703"}],"curies":[{"name":"wp","href":"https:\/\/api.w.org\/{rel}","templated":true}]}}