{"id":10700,"date":"2025-01-04T10:09:13","date_gmt":"2025-01-04T10:09:13","guid":{"rendered":"https:\/\/sindromecharge.es\/index.php\/2025\/01\/04\/revolucion-escritura-braille-cumple-200-anos-punzon-tecnologia\/"},"modified":"2025-01-04T10:09:13","modified_gmt":"2025-01-04T10:09:13","slug":"revolucion-escritura-braille-cumple-200-anos-punzon-tecnologia","status":"publish","type":"post","link":"https:\/\/sindromecharge.es\/index.php\/2025\/01\/04\/revolucion-escritura-braille-cumple-200-anos-punzon-tecnologia\/","title":{"rendered":"La revoluci\u00f3n de la escritura Braille cumple 200 a\u00f1os: del punz\u00f3n a las nuevas tecnolog\u00edas"},"content":{"rendered":"<p>Leemos en Discapacidad la siguiente noticia que os reproducimos de forma \u00edntegra: <\/p>\n<div>\n<p>Cada 4 de enero se conmemora el D\u00eda Mundial del Braille, y, adem\u00e1s, este a\u00f1o, <b>se celebra el 200 aniversario desde la invenci\u00f3n de este sistema<\/b> de lectoescritura tan importante para millones de personas ciegas en todo el mundo. Un sistema que marc\u00f3 una gran diferencia para el d\u00eda a d\u00eda de las personas ciegas y supuso una revoluci\u00f3n en cuanto su acceso a la cultura, a la educaci\u00f3n y a la vida diaria en general y que, en solo dos siglos ha sido capaz de evolucionar desde el punz\u00f3n para marcar los puntos a la m\u00e1s moderna tecnolog\u00eda.<\/p>\n<p>El braille ha sabido adaptarse y evolucionar, en apenas dos siglos, a un mayor ritmo que la escritura tal y como la conocemos. Desde su invenci\u00f3n <b>por Luis Braille en 1825<\/b>, este sistema ha sabido amoldarse y permitir que las personas ciegas pudieran acceder a la lectura y la escritura en igualdad de condiciones.<\/p>\n<p>\u201cPara las personas ciegas el braille supuso un antes y un despu\u00e9s, se derribaron un mont\u00f3n de barreras\u201d, destaca Marina Rojas, jefa de la Unidad de Braille de la <a href=\"https:\/\/www.20minutos.es\/minuteca\/once\/\" title=\"ONCE\" target=\"_blank\">ONCE<\/a> y de<b> la Comisi\u00f3n Braille Espa\u00f1ola, una especie de RAE <\/b>que vela para que este sistema de lectoescritura no deje de avanzar, dentro de un razonado orden.<\/p>\n<p>La historia de la escritura para personas ciegas tuvo sus primeros acercamientos con los franceses Valent\u00edn Ha\u00fcy y su impresi\u00f3n de letras normales en relieve, o Charles Barbier, militar autor de un c\u00f3digo de puntos para env\u00edo de mensajes cifrados en el ej\u00e9rcito, que ser\u00eda la inspiraci\u00f3n para que, en 1825, un muy joven Louis Braille propusiera el actual sistema. \u201c<b>Antes est\u00e1bamos aislados de la sociedad<\/b> y ahora, sin embargo, estamos totalmente integradas y esto ha sido posible gracias al braille\u201d, insiste Rojas.<\/p>\n<p>Actualmente, el braille est\u00e1 presente en cualquier aspecto de la vida diaria de una persona ciega: <b>desde los medicamentos y alimentos<\/b>, en sus desplazamientos diarios, en su forma de acceder al ocio y la cultura, hasta en su trabajo, gracias a las l\u00edneas braille, lectores de pantalla o almacenamientos digitales.<\/p>\n<h2><span>De la pauta y el punz\u00f3n a la \u00faltima tecnolog\u00eda<\/span><\/h2>\n<p>En 200 a\u00f1os el braille, lejos de convertirse en un enemigo de las nuevas tecnolog\u00edas, <b>se han convertido en grandes aliadas <\/b>gracias a las diferentes oportunidades que ofrecen para enriquecer y adaptar este sistema de lectoescritura a las diferentes necesidades de los usuarios.<\/p>\n<p>\u201cA lo largo de estos a\u00f1os se ha desarrollado un m\u00e9todo premiado internacionalmente para el sistema braille para los m\u00e1s peque\u00f1os, Braitico, y se ha creado otro m\u00e9todo para adultos Ponte a Punto. Adem\u00e1s, en estos a\u00f1os se ha creado un nuevo editor de textos braille, Ebrai, que se ha convertido en uno de los mejores del mundo, en constante evoluci\u00f3n y al que <b>se puede acceder de forma gratuita desde cualquier parte del planeta<\/b>, favoreciendo el acceso al braille para personas ciegas de otros lugares del mundo\u201d, cuenta Carmen Bayarri, directora del Servicio Bibliogr\u00e1fico de la ONCE.<\/p>\n<p>Adem\u00e1s, gracias a las nuevas tecnolog\u00edas se han desarrollados dispositivos que acompa\u00f1an a las personas ciegas en su d\u00eda a d\u00eda, ya sea en la educaci\u00f3n, en el trabajo o en su tiempo libre. Como las conocidas l\u00edneas braille, los lectores de pantalla e, incluso, dispositivos m\u00e1s peque\u00f1os para los tel\u00e9fonos m\u00f3viles como <b>el Teclado Braille Hable ONCE<\/b>.<\/p>\n<p>Con motivo de la celebraci\u00f3n de su segundo centenario se han preparado varias actividades, \u201ccomenzamos con nuestra participaci\u00f3n en el Congreso que organiza<b> el Consejo Iberoamericano del Braille en Oporto<\/b>, lanzaremos la segunda edici\u00f3n del concurso Braille Nova, esperamos que se apruebe el Real Decreto del Etiquetado Braille en los productos de consumo y que, por fin, consigamos que este c\u00f3digo de lectoescritura sea reconocido por la Unesco como Patrimonio Cultural Inmaterial de la Humanidad\u201d, finalizada Marina Rojas.<\/p>\n<h2><span>D\u00eda Mundial del Braille<\/span><\/h2>\n<p>La ONU proclam\u00f3 en 2019 D\u00eda Mundial del Braille<b> el 4 de enero, nacimiento de Louis Braille (1809-1852) <\/b>creador de este sistema de lectoescritura que hoy utilizan 285 millones de personas ciegas en todo el mundo. Son seis puntos que, con 64 combinaciones, se usan para componer letras y n\u00fameros, escribir en cualquier idioma, leer partituras o anotar partidas de ajedrez.<\/p>\n<p>Desde la ONCE se impulsa el uso del braille con el objetivo de que los afiliados a la Organizaci\u00f3n y el resto de<b> la ciudadan\u00eda puedan conocer y disfrutar de este c\u00f3digo de lectoescritura<\/b> desde todos sus \u00e1mbitos: educativo, cultural, el uso del braille en la vida cotidiana, en el ocio y en muchas otras vertientes.<\/p>\n<p>El conocimiento y el uso del braille es ya habitual en colegios y universidades, y <b>est\u00e1 presente en envases de productos alimenticios y de medicamentos<\/b>, botoneras de ascensor, cartas de restaurantes, etc., lo que supone una gran mejora en la vida cotidiana de las personas ciegas o con baja visi\u00f3n.<\/p>\n<h2><span>Aprendizaje<\/span><\/h2>\n<p>La ONCE garantiza el aprendizaje del braille desde temprana edad a trav\u00e9s de <b>su modelo personalizado de atenci\u00f3n educativa<\/b>, que va ligado a la alfabetizaci\u00f3n, como el resto de los escolares. Adem\u00e1s, se ofrece este aprendizaje a personas que pierden la vista a cualquier edad utilizando diferentes metodolog\u00edas y de una manera personalizada al nivel funcional que necesite cada usuario.<\/p>\n<p>La Organizaci\u00f3n impulsa <b>la figura del promotor de braille para adultos<\/b>, con el fin de intensificar la ense\u00f1anza para personas que pierden la visi\u00f3n en edad adulta y ha puesto en marcha un m\u00e9todo de aprendizaje de ense\u00f1anza destinado a ellos llamado \u201cPonte a Punto\u201d, que pretende acercar el c\u00f3digo de forma amigable y din\u00e1mica.<\/p>\n<h2><span>Comisi\u00f3n Braille Espa\u00f1ola<\/span><\/h2>\n<p>La ONCE <b>cre\u00f3 en 1984 la Comisi\u00f3n Braille Espa\u00f1ola (CBE)<\/b>, el \u00f3rgano que ostenta la m\u00e1xima autoridad en Espa\u00f1a para la fijaci\u00f3n de normas de uso y desarrollo del sistema braille de lectoescritura, as\u00ed como la simbolog\u00eda en relieve y color aplicable a l\u00e1minas o cualquier producto. Desde la CBE, una especie de Real Academia Espa\u00f1ola (RAE) del braille, se asesora a distintas empresas y organizaciones sobre c\u00f3mo incluir este sistema en sus productos y servicios.<\/p>\n<p>Durante 2024 <b>se han realizado m\u00e1s de 400 asesoramientos sobre braille<\/b>, especialmente para tem\u00e1ticas relativas con alimentaci\u00f3n, bebidas, productos farmacol\u00f3gicos, juegos o se\u00f1al\u00e9tica de edificios. Tambi\u00e9n se ha asesorado a la Administraci\u00f3n para garantizar el voto accesible con el \u201ckit braille\u201d para las personas ciegas en las elecciones generales y auton\u00f3micas.<\/p>\n<h2><span>Cup\u00f3n conmemorativo<\/span><\/h2>\n<p>La ONCE se une tambi\u00e9n a este D\u00eda Mundial del Braille<b> dedic\u00e1ndole un cup\u00f3n conmemorativo<\/b>. Cinco millones de cupones recorrer\u00e1n Espa\u00f1a al grito de \u201cBraille, 200 a\u00f1os abriendo puertas\u201d, en el que se puede ver c\u00f3mo una persona ciega con su bast\u00f3n entra dentro de un libro con muchos puntos en braille, una met\u00e1fora de su acceso al mundo.<\/p>\n<\/div>\n<p>Fuente: Discapacidad https:\/\/www.20minutos.es\/noticia\/5669244\/0\/revolucion-escritura-braille-cumple-200-anos-punzon-tecnologia\/<\/p>\n","protected":false},"excerpt":{"rendered":"<p>El sistema de lectoescritura que permite el acceso al conocimiento a las personas ciegas.<\/p>\n","protected":false},"author":1,"featured_media":0,"comment_status":"closed","ping_status":"closed","sticky":false,"template":"","format":"standard","meta":{"footnotes":""},"categories":[8],"tags":[],"class_list":["post-10700","post","type-post","status-publish","format-standard","hentry","category-noticias"],"yoast_head":"<!-- This site is optimized with the Yoast SEO plugin v27.5 - https:\/\/yoast.com\/product\/yoast-seo-wordpress\/ -->\n<title>La revoluci\u00f3n de la escritura Braille cumple 200 a\u00f1os: del punz\u00f3n a las nuevas tecnolog\u00edas - Asociaci\u00f3n Espa\u00f1ola S\u00edndrome de Charge<\/title>\n<meta name=\"robots\" content=\"index, follow, max-snippet:-1, max-image-preview:large, max-video-preview:-1\" \/>\n<link rel=\"canonical\" href=\"https:\/\/sindromecharge.es\/index.php\/2025\/01\/04\/revolucion-escritura-braille-cumple-200-anos-punzon-tecnologia\/\" \/>\n<meta property=\"og:locale\" content=\"es_ES\" \/>\n<meta property=\"og:type\" content=\"article\" \/>\n<meta property=\"og:title\" content=\"La revoluci\u00f3n de la escritura Braille cumple 200 a\u00f1os: del punz\u00f3n a las nuevas tecnolog\u00edas - Asociaci\u00f3n Espa\u00f1ola S\u00edndrome de Charge\" \/>\n<meta property=\"og:description\" content=\"El sistema de lectoescritura que permite el acceso al conocimiento a las personas ciegas.\" \/>\n<meta property=\"og:url\" content=\"https:\/\/sindromecharge.es\/index.php\/2025\/01\/04\/revolucion-escritura-braille-cumple-200-anos-punzon-tecnologia\/\" \/>\n<meta property=\"og:site_name\" content=\"Asociaci\u00f3n Espa\u00f1ola S\u00edndrome de Charge\" \/>\n<meta property=\"article:publisher\" content=\"https:\/\/www.facebook.com\/asociacionsindromecharge\" \/>\n<meta property=\"article:published_time\" content=\"2025-01-04T10:09:13+00:00\" \/>\n<meta property=\"og:image\" content=\"https:\/\/sindromecharge.es\/wp-content\/uploads\/2013\/09\/logodecharge300x98.png\" \/>\n\t<meta property=\"og:image:width\" content=\"300\" \/>\n\t<meta property=\"og:image:height\" content=\"98\" \/>\n\t<meta property=\"og:image:type\" content=\"image\/png\" \/>\n<meta name=\"author\" content=\"Charge\" \/>\n<meta name=\"twitter:card\" content=\"summary_large_image\" \/>\n<meta name=\"twitter:creator\" content=\"@sindromecharge\" \/>\n<meta name=\"twitter:site\" content=\"@sindromecharge\" \/>\n<meta name=\"twitter:label1\" content=\"Escrito por\" \/>\n\t<meta name=\"twitter:data1\" content=\"Charge\" \/>\n\t<meta name=\"twitter:label2\" content=\"Tiempo de lectura\" \/>\n\t<meta name=\"twitter:data2\" content=\"6 minutos\" \/>\n<script type=\"application\/ld+json\" class=\"yoast-schema-graph\">{\"@context\":\"https:\\\/\\\/schema.org\",\"@graph\":[{\"@type\":\"Article\",\"@id\":\"https:\\\/\\\/sindromecharge.es\\\/index.php\\\/2025\\\/01\\\/04\\\/revolucion-escritura-braille-cumple-200-anos-punzon-tecnologia\\\/#article\",\"isPartOf\":{\"@id\":\"https:\\\/\\\/sindromecharge.es\\\/index.php\\\/2025\\\/01\\\/04\\\/revolucion-escritura-braille-cumple-200-anos-punzon-tecnologia\\\/\"},\"author\":{\"name\":\"Charge\",\"@id\":\"https:\\\/\\\/sindromecharge.es\\\/#\\\/schema\\\/person\\\/39a60ebe0a2b4d5a11179701e336b039\"},\"headline\":\"La revoluci\u00f3n de la escritura Braille cumple 200 a\u00f1os: del punz\u00f3n a las nuevas tecnolog\u00edas\",\"datePublished\":\"2025-01-04T10:09:13+00:00\",\"mainEntityOfPage\":{\"@id\":\"https:\\\/\\\/sindromecharge.es\\\/index.php\\\/2025\\\/01\\\/04\\\/revolucion-escritura-braille-cumple-200-anos-punzon-tecnologia\\\/\"},\"wordCount\":1238,\"articleSection\":[\"noticias\"],\"inLanguage\":\"es\"},{\"@type\":\"WebPage\",\"@id\":\"https:\\\/\\\/sindromecharge.es\\\/index.php\\\/2025\\\/01\\\/04\\\/revolucion-escritura-braille-cumple-200-anos-punzon-tecnologia\\\/\",\"url\":\"https:\\\/\\\/sindromecharge.es\\\/index.php\\\/2025\\\/01\\\/04\\\/revolucion-escritura-braille-cumple-200-anos-punzon-tecnologia\\\/\",\"name\":\"La revoluci\u00f3n de la escritura Braille cumple 200 a\u00f1os: del punz\u00f3n a las nuevas tecnolog\u00edas - Asociaci\u00f3n Espa\u00f1ola S\u00edndrome de Charge\",\"isPartOf\":{\"@id\":\"https:\\\/\\\/sindromecharge.es\\\/#website\"},\"datePublished\":\"2025-01-04T10:09:13+00:00\",\"author\":{\"@id\":\"https:\\\/\\\/sindromecharge.es\\\/#\\\/schema\\\/person\\\/39a60ebe0a2b4d5a11179701e336b039\"},\"breadcrumb\":{\"@id\":\"https:\\\/\\\/sindromecharge.es\\\/index.php\\\/2025\\\/01\\\/04\\\/revolucion-escritura-braille-cumple-200-anos-punzon-tecnologia\\\/#breadcrumb\"},\"inLanguage\":\"es\",\"potentialAction\":[{\"@type\":\"ReadAction\",\"target\":[\"https:\\\/\\\/sindromecharge.es\\\/index.php\\\/2025\\\/01\\\/04\\\/revolucion-escritura-braille-cumple-200-anos-punzon-tecnologia\\\/\"]}]},{\"@type\":\"BreadcrumbList\",\"@id\":\"https:\\\/\\\/sindromecharge.es\\\/index.php\\\/2025\\\/01\\\/04\\\/revolucion-escritura-braille-cumple-200-anos-punzon-tecnologia\\\/#breadcrumb\",\"itemListElement\":[{\"@type\":\"ListItem\",\"position\":1,\"name\":\"Portada\",\"item\":\"https:\\\/\\\/sindromecharge.es\\\/\"},{\"@type\":\"ListItem\",\"position\":2,\"name\":\"La revoluci\u00f3n de la escritura Braille cumple 200 a\u00f1os: del punz\u00f3n a las nuevas tecnolog\u00edas\"}]},{\"@type\":\"WebSite\",\"@id\":\"https:\\\/\\\/sindromecharge.es\\\/#website\",\"url\":\"https:\\\/\\\/sindromecharge.es\\\/\",\"name\":\"Asociaci\u00f3n Espa\u00f1ola S\u00edndrome de Charge\",\"description\":\"\",\"potentialAction\":[{\"@type\":\"SearchAction\",\"target\":{\"@type\":\"EntryPoint\",\"urlTemplate\":\"https:\\\/\\\/sindromecharge.es\\\/?s={search_term_string}\"},\"query-input\":{\"@type\":\"PropertyValueSpecification\",\"valueRequired\":true,\"valueName\":\"search_term_string\"}}],\"inLanguage\":\"es\"},{\"@type\":\"Person\",\"@id\":\"https:\\\/\\\/sindromecharge.es\\\/#\\\/schema\\\/person\\\/39a60ebe0a2b4d5a11179701e336b039\",\"name\":\"Charge\",\"image\":{\"@type\":\"ImageObject\",\"inLanguage\":\"es\",\"@id\":\"https:\\\/\\\/secure.gravatar.com\\\/avatar\\\/c3b46e32a0fc3b093a0873fb767bf3293de856293065e84ef06b7ec7a8acfb98?s=96&d=identicon&r=x\",\"url\":\"https:\\\/\\\/secure.gravatar.com\\\/avatar\\\/c3b46e32a0fc3b093a0873fb767bf3293de856293065e84ef06b7ec7a8acfb98?s=96&d=identicon&r=x\",\"contentUrl\":\"https:\\\/\\\/secure.gravatar.com\\\/avatar\\\/c3b46e32a0fc3b093a0873fb767bf3293de856293065e84ef06b7ec7a8acfb98?s=96&d=identicon&r=x\",\"caption\":\"Charge\"},\"url\":\"https:\\\/\\\/sindromecharge.es\\\/index.php\\\/author\\\/admin\\\/\"}]}<\/script>\n<!-- \/ Yoast SEO plugin. -->","yoast_head_json":{"title":"La revoluci\u00f3n de la escritura Braille cumple 200 a\u00f1os: del punz\u00f3n a las nuevas tecnolog\u00edas - Asociaci\u00f3n Espa\u00f1ola S\u00edndrome de Charge","robots":{"index":"index","follow":"follow","max-snippet":"max-snippet:-1","max-image-preview":"max-image-preview:large","max-video-preview":"max-video-preview:-1"},"canonical":"https:\/\/sindromecharge.es\/index.php\/2025\/01\/04\/revolucion-escritura-braille-cumple-200-anos-punzon-tecnologia\/","og_locale":"es_ES","og_type":"article","og_title":"La revoluci\u00f3n de la escritura Braille cumple 200 a\u00f1os: del punz\u00f3n a las nuevas tecnolog\u00edas - Asociaci\u00f3n Espa\u00f1ola S\u00edndrome de Charge","og_description":"El sistema de lectoescritura que permite el acceso al conocimiento a las personas ciegas.","og_url":"https:\/\/sindromecharge.es\/index.php\/2025\/01\/04\/revolucion-escritura-braille-cumple-200-anos-punzon-tecnologia\/","og_site_name":"Asociaci\u00f3n Espa\u00f1ola S\u00edndrome de Charge","article_publisher":"https:\/\/www.facebook.com\/asociacionsindromecharge","article_published_time":"2025-01-04T10:09:13+00:00","og_image":[{"width":300,"height":98,"url":"https:\/\/sindromecharge.es\/wp-content\/uploads\/2013\/09\/logodecharge300x98.png","type":"image\/png"}],"author":"Charge","twitter_card":"summary_large_image","twitter_creator":"@sindromecharge","twitter_site":"@sindromecharge","twitter_misc":{"Escrito por":"Charge","Tiempo de lectura":"6 minutos"},"schema":{"@context":"https:\/\/schema.org","@graph":[{"@type":"Article","@id":"https:\/\/sindromecharge.es\/index.php\/2025\/01\/04\/revolucion-escritura-braille-cumple-200-anos-punzon-tecnologia\/#article","isPartOf":{"@id":"https:\/\/sindromecharge.es\/index.php\/2025\/01\/04\/revolucion-escritura-braille-cumple-200-anos-punzon-tecnologia\/"},"author":{"name":"Charge","@id":"https:\/\/sindromecharge.es\/#\/schema\/person\/39a60ebe0a2b4d5a11179701e336b039"},"headline":"La revoluci\u00f3n de la escritura Braille cumple 200 a\u00f1os: del punz\u00f3n a las nuevas tecnolog\u00edas","datePublished":"2025-01-04T10:09:13+00:00","mainEntityOfPage":{"@id":"https:\/\/sindromecharge.es\/index.php\/2025\/01\/04\/revolucion-escritura-braille-cumple-200-anos-punzon-tecnologia\/"},"wordCount":1238,"articleSection":["noticias"],"inLanguage":"es"},{"@type":"WebPage","@id":"https:\/\/sindromecharge.es\/index.php\/2025\/01\/04\/revolucion-escritura-braille-cumple-200-anos-punzon-tecnologia\/","url":"https:\/\/sindromecharge.es\/index.php\/2025\/01\/04\/revolucion-escritura-braille-cumple-200-anos-punzon-tecnologia\/","name":"La revoluci\u00f3n de la escritura Braille cumple 200 a\u00f1os: del punz\u00f3n a las nuevas tecnolog\u00edas - Asociaci\u00f3n Espa\u00f1ola S\u00edndrome de Charge","isPartOf":{"@id":"https:\/\/sindromecharge.es\/#website"},"datePublished":"2025-01-04T10:09:13+00:00","author":{"@id":"https:\/\/sindromecharge.es\/#\/schema\/person\/39a60ebe0a2b4d5a11179701e336b039"},"breadcrumb":{"@id":"https:\/\/sindromecharge.es\/index.php\/2025\/01\/04\/revolucion-escritura-braille-cumple-200-anos-punzon-tecnologia\/#breadcrumb"},"inLanguage":"es","potentialAction":[{"@type":"ReadAction","target":["https:\/\/sindromecharge.es\/index.php\/2025\/01\/04\/revolucion-escritura-braille-cumple-200-anos-punzon-tecnologia\/"]}]},{"@type":"BreadcrumbList","@id":"https:\/\/sindromecharge.es\/index.php\/2025\/01\/04\/revolucion-escritura-braille-cumple-200-anos-punzon-tecnologia\/#breadcrumb","itemListElement":[{"@type":"ListItem","position":1,"name":"Portada","item":"https:\/\/sindromecharge.es\/"},{"@type":"ListItem","position":2,"name":"La revoluci\u00f3n de la escritura Braille cumple 200 a\u00f1os: del punz\u00f3n a las nuevas tecnolog\u00edas"}]},{"@type":"WebSite","@id":"https:\/\/sindromecharge.es\/#website","url":"https:\/\/sindromecharge.es\/","name":"Asociaci\u00f3n Espa\u00f1ola S\u00edndrome de Charge","description":"","potentialAction":[{"@type":"SearchAction","target":{"@type":"EntryPoint","urlTemplate":"https:\/\/sindromecharge.es\/?s={search_term_string}"},"query-input":{"@type":"PropertyValueSpecification","valueRequired":true,"valueName":"search_term_string"}}],"inLanguage":"es"},{"@type":"Person","@id":"https:\/\/sindromecharge.es\/#\/schema\/person\/39a60ebe0a2b4d5a11179701e336b039","name":"Charge","image":{"@type":"ImageObject","inLanguage":"es","@id":"https:\/\/secure.gravatar.com\/avatar\/c3b46e32a0fc3b093a0873fb767bf3293de856293065e84ef06b7ec7a8acfb98?s=96&d=identicon&r=x","url":"https:\/\/secure.gravatar.com\/avatar\/c3b46e32a0fc3b093a0873fb767bf3293de856293065e84ef06b7ec7a8acfb98?s=96&d=identicon&r=x","contentUrl":"https:\/\/secure.gravatar.com\/avatar\/c3b46e32a0fc3b093a0873fb767bf3293de856293065e84ef06b7ec7a8acfb98?s=96&d=identicon&r=x","caption":"Charge"},"url":"https:\/\/sindromecharge.es\/index.php\/author\/admin\/"}]}},"_links":{"self":[{"href":"https:\/\/sindromecharge.es\/index.php\/wp-json\/wp\/v2\/posts\/10700","targetHints":{"allow":["GET"]}}],"collection":[{"href":"https:\/\/sindromecharge.es\/index.php\/wp-json\/wp\/v2\/posts"}],"about":[{"href":"https:\/\/sindromecharge.es\/index.php\/wp-json\/wp\/v2\/types\/post"}],"author":[{"embeddable":true,"href":"https:\/\/sindromecharge.es\/index.php\/wp-json\/wp\/v2\/users\/1"}],"replies":[{"embeddable":true,"href":"https:\/\/sindromecharge.es\/index.php\/wp-json\/wp\/v2\/comments?post=10700"}],"version-history":[{"count":0,"href":"https:\/\/sindromecharge.es\/index.php\/wp-json\/wp\/v2\/posts\/10700\/revisions"}],"wp:attachment":[{"href":"https:\/\/sindromecharge.es\/index.php\/wp-json\/wp\/v2\/media?parent=10700"}],"wp:term":[{"taxonomy":"category","embeddable":true,"href":"https:\/\/sindromecharge.es\/index.php\/wp-json\/wp\/v2\/categories?post=10700"},{"taxonomy":"post_tag","embeddable":true,"href":"https:\/\/sindromecharge.es\/index.php\/wp-json\/wp\/v2\/tags?post=10700"}],"curies":[{"name":"wp","href":"https:\/\/api.w.org\/{rel}","templated":true}]}}