{"id":10699,"date":"2025-01-03T10:59:20","date_gmt":"2025-01-03T10:59:20","guid":{"rendered":"https:\/\/sindromecharge.es\/index.php\/2025\/01\/03\/solo-21-los-juguetes-pueden-ser-usados-por-ninos-con-discapacidad-motora-segun-una-invetigacion\/"},"modified":"2025-01-03T10:59:20","modified_gmt":"2025-01-03T10:59:20","slug":"solo-21-los-juguetes-pueden-ser-usados-por-ninos-con-discapacidad-motora-segun-una-invetigacion","status":"publish","type":"post","link":"https:\/\/sindromecharge.es\/index.php\/2025\/01\/03\/solo-21-los-juguetes-pueden-ser-usados-por-ninos-con-discapacidad-motora-segun-una-invetigacion\/","title":{"rendered":"S\u00f3lo el 21% de los juguetes pueden ser usados por ni\u00f1os con discapacidad motora, seg\u00fan una invetigaci\u00f3n"},"content":{"rendered":"<p>Leemos en Discapacidad la siguiente noticia que os reproducimos de forma \u00edntegra: <\/p>\n<div>\n<p>La Federaci\u00f3n de Asociaciones de Personas con Discapacidad F\u00edsica y Org\u00e1nica de la Comunidad Madrid,<b> FAMMA-Cocemfe Madrid<\/b>, en v\u00edsperas del <a href=\"https:\/\/www.20minutos.es\/minuteca\/los-reyes-magos\/\" title=\"Los Reyes Magos\" target=\"_blank\">d\u00eda de Reyes<\/a>, hace un llamamiento a las empresas espa\u00f1olas del sector del juguete para que refuercen su compromiso con la inclusi\u00f3n y la diversidad, fabricando juguetes adaptados a las necesidades de los ni\u00f1os con movilidad reducida.<\/p>\n<p>Las \u00faltimas investigaciones, despu\u00e9s de examinar unos 3.000 juguetes demuestran que,<b> tan solo el 21% de ellos, pudieron ser usados por ni\u00f1os con discapacidad motora<\/b>. Y, \u00fanicamente, el 5% de los juguetes evaluados eran accesibles para tres tipos de discapacidades de manera simult\u00e1nea.<\/p>\n<p><b>En Espa\u00f1a hay un total de 130.000 ni\u00f1os<\/b>, de edades comprendidas entre 6 y 15 a\u00f1os, con alguna <a href=\"https:\/\/www.20minutos.es\/minuteca\/discapacidad\/\" title=\"Discapacidad\" target=\"_blank\">discapacidad<\/a>, seg\u00fan los indican los \u00faltimos datos del INE. De los cuales, <b>89.700 presentan una discapacidad f\u00edsica<\/b>.<\/p>\n<p>Por ello, FAMMA hace un<b> llamamiento a la colaboraci\u00f3n entre fabricantes, dise\u00f1adores y distribuidores<\/b> para cambiar esta situaci\u00f3n. Asimismo, anima a las familias y la sociedad en general a apoyar iniciativas que promuevan la<b> inclusi\u00f3n en el juego<\/b>.<\/p>\n<p>\u201cEs fundamental que todos los ni\u00f1os, independientemente de sus capacidades f\u00edsicas, puedan disfrutar de juguetes que les permitan jugar, aprender y so\u00f1ar en igualdad de condiciones\u201d, declar<b>a Javier Font, portavoz de FAMMA<\/b>. \u201c<b>La inclusi\u00f3n debe estar presente en cada etapa <\/b>del dise\u00f1o y la fabricaci\u00f3n de los juguetes, y creemos que las empresas espa\u00f1olas tienen la capacidad y la responsabilidad de liderar este cambio\u201d.<\/p>\n<p>Por esta raz\u00f3n, FAMMA insta a las empresas espa\u00f1olas de juguetes a tener una <b>mayor implicaci\u00f3n en la fabricaci\u00f3n de juguetes para ni\u00f1os con movilidad reducida<\/b>. As\u00ed como optimizar los procesos de la creaci\u00f3n de juguetes mediante la adaptaci\u00f3n de las herramientas de dise\u00f1o universal para la elaboraci\u00f3n de dichos productos.<\/p>\n<p>Tambi\u00e9n pide incrementar la formaci\u00f3n en <a href=\"https:\/\/www.20minutos.es\/minuteca\/inclusion\/\" title=\"Inclusi\u00f3n\" target=\"_blank\">inclusi\u00f3n<\/a> para los fabricantes, pues es uno de los motivos que genera una<b> producci\u00f3n baja en juguetes adaptados<\/b>.<\/p>\n<p>En este sentido, la Federaci\u00f3n pone a disposici\u00f3n de las empresas jugueteras su experiencia y conocimiento en materia de<a href=\"https:\/\/www.20minutos.es\/minuteca\/accesibilidad\/\" title=\"Accesibilidad\" target=\"_blank\"> accesibilidad<\/a> para colaborar en el desarrollo de productos adaptados y fomentar la sensibilizaci\u00f3n del sector.<\/p>\n<h1>Todos los ni\u00f1os, independientemente de sus capacidades, deber\u00eda poder disfrutar de juguetes que les permitan aprender y so\u00f1ar en igualdad de condiciones<\/h1>\n<p>\u201cSe est\u00e1n viendo algunos <b>avances en el terreno de los videojuegos<\/b>, con la llamada realidad inmersiva, pero queda todav\u00eda un largo recorrido por hacer y trabajar\u201d, matiza el presidente de la federaci\u00f3n.<\/p>\n<p>Recordar que, a trav\u00e9s del juego, y m\u00e1s en estas edades tan tempranas, se <b>estimula el desarrollo cognitivo del menor<\/b>, se promueve el pensamiento cr\u00edtico. Por no hablar de respiro mental que genera, ayudando a la prevenci\u00f3n de enfermedades de salud mental. Por ello, la federaci\u00f3n reclama optimizar los procesos de creaci\u00f3n de juguetes mediante la adaptaci\u00f3n de las<b> herramientas de dise\u00f1o universal<\/b> para la elaboraci\u00f3n de dichos productos, as\u00ed como incrementar la<b> sensibilizaci\u00f3n en inclusi\u00f3n de los fabricantes<\/b>, pues es una de las cuestiones por las que la fabricaci\u00f3n de juguetes inclusivos es tan baja.<\/p>\n<\/div>\n<p>Fuente: Discapacidad https:\/\/www.20minutos.es\/noticia\/5669214\/0\/solo-21-los-juguetes-pueden-ser-usados-por-ninos-con-discapacidad-motora-segun-una-invetigacion\/<\/p>\n","protected":false},"excerpt":{"rendered":"<p>FAMMA, Federaci\u00f3n de Asociaciones de Personas con Discapacidad F\u00edsica y Org\u00e1nica de Madrid, invita a las empresas a implicarse m\u00e1s en la fabricaci\u00f3n de juguetes para ni\u00f1os con movilidad reducida.<\/p>\n","protected":false},"author":1,"featured_media":0,"comment_status":"closed","ping_status":"closed","sticky":false,"template":"","format":"standard","meta":{"footnotes":""},"categories":[8],"tags":[],"class_list":["post-10699","post","type-post","status-publish","format-standard","hentry","category-noticias"],"yoast_head":"<!-- This site is optimized with the Yoast SEO plugin v27.5 - https:\/\/yoast.com\/product\/yoast-seo-wordpress\/ -->\n<title>S\u00f3lo el 21% de los juguetes pueden ser usados por ni\u00f1os con discapacidad motora, seg\u00fan una invetigaci\u00f3n - Asociaci\u00f3n Espa\u00f1ola S\u00edndrome de Charge<\/title>\n<meta name=\"robots\" content=\"index, follow, max-snippet:-1, max-image-preview:large, max-video-preview:-1\" \/>\n<link rel=\"canonical\" href=\"https:\/\/sindromecharge.es\/index.php\/2025\/01\/03\/solo-21-los-juguetes-pueden-ser-usados-por-ninos-con-discapacidad-motora-segun-una-invetigacion\/\" \/>\n<meta property=\"og:locale\" content=\"es_ES\" \/>\n<meta property=\"og:type\" content=\"article\" \/>\n<meta property=\"og:title\" content=\"S\u00f3lo el 21% de los juguetes pueden ser usados por ni\u00f1os con discapacidad motora, seg\u00fan una invetigaci\u00f3n - Asociaci\u00f3n Espa\u00f1ola S\u00edndrome de Charge\" \/>\n<meta property=\"og:description\" content=\"FAMMA, Federaci\u00f3n de Asociaciones de Personas con Discapacidad F\u00edsica y Org\u00e1nica de Madrid, invita a las empresas a implicarse m\u00e1s en la fabricaci\u00f3n de juguetes para ni\u00f1os con movilidad reducida.\" \/>\n<meta property=\"og:url\" content=\"https:\/\/sindromecharge.es\/index.php\/2025\/01\/03\/solo-21-los-juguetes-pueden-ser-usados-por-ninos-con-discapacidad-motora-segun-una-invetigacion\/\" \/>\n<meta property=\"og:site_name\" content=\"Asociaci\u00f3n Espa\u00f1ola S\u00edndrome de Charge\" \/>\n<meta property=\"article:publisher\" content=\"https:\/\/www.facebook.com\/asociacionsindromecharge\" \/>\n<meta property=\"article:published_time\" content=\"2025-01-03T10:59:20+00:00\" \/>\n<meta property=\"og:image\" content=\"https:\/\/sindromecharge.es\/wp-content\/uploads\/2013\/09\/logodecharge300x98.png\" \/>\n\t<meta property=\"og:image:width\" content=\"300\" \/>\n\t<meta property=\"og:image:height\" content=\"98\" \/>\n\t<meta property=\"og:image:type\" content=\"image\/png\" \/>\n<meta name=\"author\" content=\"Charge\" \/>\n<meta name=\"twitter:card\" content=\"summary_large_image\" \/>\n<meta name=\"twitter:creator\" content=\"@sindromecharge\" \/>\n<meta name=\"twitter:site\" content=\"@sindromecharge\" \/>\n<meta name=\"twitter:label1\" content=\"Escrito por\" \/>\n\t<meta name=\"twitter:data1\" content=\"Charge\" \/>\n\t<meta name=\"twitter:label2\" content=\"Tiempo de lectura\" \/>\n\t<meta name=\"twitter:data2\" content=\"3 minutos\" \/>\n<script type=\"application\/ld+json\" class=\"yoast-schema-graph\">{\"@context\":\"https:\\\/\\\/schema.org\",\"@graph\":[{\"@type\":\"Article\",\"@id\":\"https:\\\/\\\/sindromecharge.es\\\/index.php\\\/2025\\\/01\\\/03\\\/solo-21-los-juguetes-pueden-ser-usados-por-ninos-con-discapacidad-motora-segun-una-invetigacion\\\/#article\",\"isPartOf\":{\"@id\":\"https:\\\/\\\/sindromecharge.es\\\/index.php\\\/2025\\\/01\\\/03\\\/solo-21-los-juguetes-pueden-ser-usados-por-ninos-con-discapacidad-motora-segun-una-invetigacion\\\/\"},\"author\":{\"name\":\"Charge\",\"@id\":\"https:\\\/\\\/sindromecharge.es\\\/#\\\/schema\\\/person\\\/39a60ebe0a2b4d5a11179701e336b039\"},\"headline\":\"S\u00f3lo el 21% de los juguetes pueden ser usados por ni\u00f1os con discapacidad motora, seg\u00fan una invetigaci\u00f3n\",\"datePublished\":\"2025-01-03T10:59:20+00:00\",\"mainEntityOfPage\":{\"@id\":\"https:\\\/\\\/sindromecharge.es\\\/index.php\\\/2025\\\/01\\\/03\\\/solo-21-los-juguetes-pueden-ser-usados-por-ninos-con-discapacidad-motora-segun-una-invetigacion\\\/\"},\"wordCount\":591,\"articleSection\":[\"noticias\"],\"inLanguage\":\"es\"},{\"@type\":\"WebPage\",\"@id\":\"https:\\\/\\\/sindromecharge.es\\\/index.php\\\/2025\\\/01\\\/03\\\/solo-21-los-juguetes-pueden-ser-usados-por-ninos-con-discapacidad-motora-segun-una-invetigacion\\\/\",\"url\":\"https:\\\/\\\/sindromecharge.es\\\/index.php\\\/2025\\\/01\\\/03\\\/solo-21-los-juguetes-pueden-ser-usados-por-ninos-con-discapacidad-motora-segun-una-invetigacion\\\/\",\"name\":\"S\u00f3lo el 21% de los juguetes pueden ser usados por ni\u00f1os con discapacidad motora, seg\u00fan una invetigaci\u00f3n - Asociaci\u00f3n Espa\u00f1ola S\u00edndrome de Charge\",\"isPartOf\":{\"@id\":\"https:\\\/\\\/sindromecharge.es\\\/#website\"},\"datePublished\":\"2025-01-03T10:59:20+00:00\",\"author\":{\"@id\":\"https:\\\/\\\/sindromecharge.es\\\/#\\\/schema\\\/person\\\/39a60ebe0a2b4d5a11179701e336b039\"},\"breadcrumb\":{\"@id\":\"https:\\\/\\\/sindromecharge.es\\\/index.php\\\/2025\\\/01\\\/03\\\/solo-21-los-juguetes-pueden-ser-usados-por-ninos-con-discapacidad-motora-segun-una-invetigacion\\\/#breadcrumb\"},\"inLanguage\":\"es\",\"potentialAction\":[{\"@type\":\"ReadAction\",\"target\":[\"https:\\\/\\\/sindromecharge.es\\\/index.php\\\/2025\\\/01\\\/03\\\/solo-21-los-juguetes-pueden-ser-usados-por-ninos-con-discapacidad-motora-segun-una-invetigacion\\\/\"]}]},{\"@type\":\"BreadcrumbList\",\"@id\":\"https:\\\/\\\/sindromecharge.es\\\/index.php\\\/2025\\\/01\\\/03\\\/solo-21-los-juguetes-pueden-ser-usados-por-ninos-con-discapacidad-motora-segun-una-invetigacion\\\/#breadcrumb\",\"itemListElement\":[{\"@type\":\"ListItem\",\"position\":1,\"name\":\"Portada\",\"item\":\"https:\\\/\\\/sindromecharge.es\\\/\"},{\"@type\":\"ListItem\",\"position\":2,\"name\":\"S\u00f3lo el 21% de los juguetes pueden ser usados por ni\u00f1os con discapacidad motora, seg\u00fan una invetigaci\u00f3n\"}]},{\"@type\":\"WebSite\",\"@id\":\"https:\\\/\\\/sindromecharge.es\\\/#website\",\"url\":\"https:\\\/\\\/sindromecharge.es\\\/\",\"name\":\"Asociaci\u00f3n Espa\u00f1ola S\u00edndrome de Charge\",\"description\":\"\",\"potentialAction\":[{\"@type\":\"SearchAction\",\"target\":{\"@type\":\"EntryPoint\",\"urlTemplate\":\"https:\\\/\\\/sindromecharge.es\\\/?s={search_term_string}\"},\"query-input\":{\"@type\":\"PropertyValueSpecification\",\"valueRequired\":true,\"valueName\":\"search_term_string\"}}],\"inLanguage\":\"es\"},{\"@type\":\"Person\",\"@id\":\"https:\\\/\\\/sindromecharge.es\\\/#\\\/schema\\\/person\\\/39a60ebe0a2b4d5a11179701e336b039\",\"name\":\"Charge\",\"image\":{\"@type\":\"ImageObject\",\"inLanguage\":\"es\",\"@id\":\"https:\\\/\\\/secure.gravatar.com\\\/avatar\\\/c3b46e32a0fc3b093a0873fb767bf3293de856293065e84ef06b7ec7a8acfb98?s=96&d=identicon&r=x\",\"url\":\"https:\\\/\\\/secure.gravatar.com\\\/avatar\\\/c3b46e32a0fc3b093a0873fb767bf3293de856293065e84ef06b7ec7a8acfb98?s=96&d=identicon&r=x\",\"contentUrl\":\"https:\\\/\\\/secure.gravatar.com\\\/avatar\\\/c3b46e32a0fc3b093a0873fb767bf3293de856293065e84ef06b7ec7a8acfb98?s=96&d=identicon&r=x\",\"caption\":\"Charge\"},\"url\":\"https:\\\/\\\/sindromecharge.es\\\/index.php\\\/author\\\/admin\\\/\"}]}<\/script>\n<!-- \/ Yoast SEO plugin. -->","yoast_head_json":{"title":"S\u00f3lo el 21% de los juguetes pueden ser usados por ni\u00f1os con discapacidad motora, seg\u00fan una invetigaci\u00f3n - Asociaci\u00f3n Espa\u00f1ola S\u00edndrome de Charge","robots":{"index":"index","follow":"follow","max-snippet":"max-snippet:-1","max-image-preview":"max-image-preview:large","max-video-preview":"max-video-preview:-1"},"canonical":"https:\/\/sindromecharge.es\/index.php\/2025\/01\/03\/solo-21-los-juguetes-pueden-ser-usados-por-ninos-con-discapacidad-motora-segun-una-invetigacion\/","og_locale":"es_ES","og_type":"article","og_title":"S\u00f3lo el 21% de los juguetes pueden ser usados por ni\u00f1os con discapacidad motora, seg\u00fan una invetigaci\u00f3n - Asociaci\u00f3n Espa\u00f1ola S\u00edndrome de Charge","og_description":"FAMMA, Federaci\u00f3n de Asociaciones de Personas con Discapacidad F\u00edsica y Org\u00e1nica de Madrid, invita a las empresas a implicarse m\u00e1s en la fabricaci\u00f3n de juguetes para ni\u00f1os con movilidad reducida.","og_url":"https:\/\/sindromecharge.es\/index.php\/2025\/01\/03\/solo-21-los-juguetes-pueden-ser-usados-por-ninos-con-discapacidad-motora-segun-una-invetigacion\/","og_site_name":"Asociaci\u00f3n Espa\u00f1ola S\u00edndrome de Charge","article_publisher":"https:\/\/www.facebook.com\/asociacionsindromecharge","article_published_time":"2025-01-03T10:59:20+00:00","og_image":[{"width":300,"height":98,"url":"https:\/\/sindromecharge.es\/wp-content\/uploads\/2013\/09\/logodecharge300x98.png","type":"image\/png"}],"author":"Charge","twitter_card":"summary_large_image","twitter_creator":"@sindromecharge","twitter_site":"@sindromecharge","twitter_misc":{"Escrito por":"Charge","Tiempo de lectura":"3 minutos"},"schema":{"@context":"https:\/\/schema.org","@graph":[{"@type":"Article","@id":"https:\/\/sindromecharge.es\/index.php\/2025\/01\/03\/solo-21-los-juguetes-pueden-ser-usados-por-ninos-con-discapacidad-motora-segun-una-invetigacion\/#article","isPartOf":{"@id":"https:\/\/sindromecharge.es\/index.php\/2025\/01\/03\/solo-21-los-juguetes-pueden-ser-usados-por-ninos-con-discapacidad-motora-segun-una-invetigacion\/"},"author":{"name":"Charge","@id":"https:\/\/sindromecharge.es\/#\/schema\/person\/39a60ebe0a2b4d5a11179701e336b039"},"headline":"S\u00f3lo el 21% de los juguetes pueden ser usados por ni\u00f1os con discapacidad motora, seg\u00fan una invetigaci\u00f3n","datePublished":"2025-01-03T10:59:20+00:00","mainEntityOfPage":{"@id":"https:\/\/sindromecharge.es\/index.php\/2025\/01\/03\/solo-21-los-juguetes-pueden-ser-usados-por-ninos-con-discapacidad-motora-segun-una-invetigacion\/"},"wordCount":591,"articleSection":["noticias"],"inLanguage":"es"},{"@type":"WebPage","@id":"https:\/\/sindromecharge.es\/index.php\/2025\/01\/03\/solo-21-los-juguetes-pueden-ser-usados-por-ninos-con-discapacidad-motora-segun-una-invetigacion\/","url":"https:\/\/sindromecharge.es\/index.php\/2025\/01\/03\/solo-21-los-juguetes-pueden-ser-usados-por-ninos-con-discapacidad-motora-segun-una-invetigacion\/","name":"S\u00f3lo el 21% de los juguetes pueden ser usados por ni\u00f1os con discapacidad motora, seg\u00fan una invetigaci\u00f3n - Asociaci\u00f3n Espa\u00f1ola S\u00edndrome de Charge","isPartOf":{"@id":"https:\/\/sindromecharge.es\/#website"},"datePublished":"2025-01-03T10:59:20+00:00","author":{"@id":"https:\/\/sindromecharge.es\/#\/schema\/person\/39a60ebe0a2b4d5a11179701e336b039"},"breadcrumb":{"@id":"https:\/\/sindromecharge.es\/index.php\/2025\/01\/03\/solo-21-los-juguetes-pueden-ser-usados-por-ninos-con-discapacidad-motora-segun-una-invetigacion\/#breadcrumb"},"inLanguage":"es","potentialAction":[{"@type":"ReadAction","target":["https:\/\/sindromecharge.es\/index.php\/2025\/01\/03\/solo-21-los-juguetes-pueden-ser-usados-por-ninos-con-discapacidad-motora-segun-una-invetigacion\/"]}]},{"@type":"BreadcrumbList","@id":"https:\/\/sindromecharge.es\/index.php\/2025\/01\/03\/solo-21-los-juguetes-pueden-ser-usados-por-ninos-con-discapacidad-motora-segun-una-invetigacion\/#breadcrumb","itemListElement":[{"@type":"ListItem","position":1,"name":"Portada","item":"https:\/\/sindromecharge.es\/"},{"@type":"ListItem","position":2,"name":"S\u00f3lo el 21% de los juguetes pueden ser usados por ni\u00f1os con discapacidad motora, seg\u00fan una invetigaci\u00f3n"}]},{"@type":"WebSite","@id":"https:\/\/sindromecharge.es\/#website","url":"https:\/\/sindromecharge.es\/","name":"Asociaci\u00f3n Espa\u00f1ola S\u00edndrome de Charge","description":"","potentialAction":[{"@type":"SearchAction","target":{"@type":"EntryPoint","urlTemplate":"https:\/\/sindromecharge.es\/?s={search_term_string}"},"query-input":{"@type":"PropertyValueSpecification","valueRequired":true,"valueName":"search_term_string"}}],"inLanguage":"es"},{"@type":"Person","@id":"https:\/\/sindromecharge.es\/#\/schema\/person\/39a60ebe0a2b4d5a11179701e336b039","name":"Charge","image":{"@type":"ImageObject","inLanguage":"es","@id":"https:\/\/secure.gravatar.com\/avatar\/c3b46e32a0fc3b093a0873fb767bf3293de856293065e84ef06b7ec7a8acfb98?s=96&d=identicon&r=x","url":"https:\/\/secure.gravatar.com\/avatar\/c3b46e32a0fc3b093a0873fb767bf3293de856293065e84ef06b7ec7a8acfb98?s=96&d=identicon&r=x","contentUrl":"https:\/\/secure.gravatar.com\/avatar\/c3b46e32a0fc3b093a0873fb767bf3293de856293065e84ef06b7ec7a8acfb98?s=96&d=identicon&r=x","caption":"Charge"},"url":"https:\/\/sindromecharge.es\/index.php\/author\/admin\/"}]}},"_links":{"self":[{"href":"https:\/\/sindromecharge.es\/index.php\/wp-json\/wp\/v2\/posts\/10699","targetHints":{"allow":["GET"]}}],"collection":[{"href":"https:\/\/sindromecharge.es\/index.php\/wp-json\/wp\/v2\/posts"}],"about":[{"href":"https:\/\/sindromecharge.es\/index.php\/wp-json\/wp\/v2\/types\/post"}],"author":[{"embeddable":true,"href":"https:\/\/sindromecharge.es\/index.php\/wp-json\/wp\/v2\/users\/1"}],"replies":[{"embeddable":true,"href":"https:\/\/sindromecharge.es\/index.php\/wp-json\/wp\/v2\/comments?post=10699"}],"version-history":[{"count":0,"href":"https:\/\/sindromecharge.es\/index.php\/wp-json\/wp\/v2\/posts\/10699\/revisions"}],"wp:attachment":[{"href":"https:\/\/sindromecharge.es\/index.php\/wp-json\/wp\/v2\/media?parent=10699"}],"wp:term":[{"taxonomy":"category","embeddable":true,"href":"https:\/\/sindromecharge.es\/index.php\/wp-json\/wp\/v2\/categories?post=10699"},{"taxonomy":"post_tag","embeddable":true,"href":"https:\/\/sindromecharge.es\/index.php\/wp-json\/wp\/v2\/tags?post=10699"}],"curies":[{"name":"wp","href":"https:\/\/api.w.org\/{rel}","templated":true}]}}