{"id":10696,"date":"2025-01-02T06:43:18","date_gmt":"2025-01-02T06:43:18","guid":{"rendered":"https:\/\/sindromecharge.es\/index.php\/2025\/01\/02\/estas-son-las-diferencias-baston-blanco-baston-rojiblanco-que-llevan-las-personas-con-discapacidad-visual\/"},"modified":"2025-01-02T06:43:18","modified_gmt":"2025-01-02T06:43:18","slug":"estas-son-las-diferencias-baston-blanco-baston-rojiblanco-que-llevan-las-personas-con-discapacidad-visual","status":"publish","type":"post","link":"https:\/\/sindromecharge.es\/index.php\/2025\/01\/02\/estas-son-las-diferencias-baston-blanco-baston-rojiblanco-que-llevan-las-personas-con-discapacidad-visual\/","title":{"rendered":"Qu\u00e9 diferencia al bast\u00f3n blanco y al rojiblanco para personas con discapacidad visual"},"content":{"rendered":"<p>Leemos en Discapacidad la siguiente noticia que os reproducimos de forma \u00edntegra: <\/p>\n<div>\n<p>Las personas que tienen <a href=\"https:\/\/www.20minutos.es\/minuteca\/discapacidad\/\" title=\"Discapacidad\">discapacidad<\/a> visual suelen ir en los espacios p\u00fablicos ayud\u00e1ndose mediante un bast\u00f3n, que<b> puede ser solamente blanco o una combinaci\u00f3n de blanco y rojo. <\/b><\/p>\n<p>Estos colores no son aleatorios, tienen un porqu\u00e9, <b>pero muchas personas no conocen la diferencia entre ellos,<\/b> algo que puede ser de ayuda a la hora de echar una mano a las personas con discapacidad. <\/p>\n<p>Pues bien, las personas con discapacidad visual llevan el bast\u00f3n blanco, mientras que el rojiblanco lo portan las personas que,<b> adem\u00e1s de ser ciegas o tener discapacidad visual grave, tambi\u00e9n son sordas. <\/b><\/p>\n<p>Por otro lado, tambi\u00e9n hay personas <b>que portan un bast\u00f3n de color verde.<\/b> Estas son las personas que tienen baja visi\u00f3n. <\/p>\n<p>Todas estas personas que portan el bast\u00f3n, <b>tambi\u00e9n pueden ir acompa\u00f1adas de un perro gu\u00eda<\/b>, al que no se debe ni hablar ni tocar, ya que est\u00e1 ayudando a la persona discapacitada. <\/p>\n<blockquote class=\"twitter-tweet\">\n<p lang=\"es\" dir=\"ltr\">\ud83e\uddd0 \u00a1Tenlo en cuenta! Las personas con discapacidad visual llevan bast\u00f3n blanco y el de las personas sordociegas es rojo y blanco. Ambas pueden ir acompa\u00f1adas de perro gu\u00eda. \ud83d\udc15<br \/>\ud83d\ude4f Ellas no te pueden ver, pero t\u00fa a ellas s\u00ed.<a href=\"https:\/\/twitter.com\/CERMI_Madrid?ref_src=twsrc%5Etfw\">@CERMI_Madrid<\/a> <a href=\"https:\/\/twitter.com\/hashtag\/Inclusi%C3%B3n?src=hash&amp;ref_src=twsrc%5Etfw\">#Inclusi\u00f3n<\/a> <a href=\"https:\/\/t.co\/u0TI6f7WOm\">pic.twitter.com\/u0TI6f7WOm<\/a><\/p>\n<p>\u2014 Metro de Madrid (@metro_madrid) <a href=\"https:\/\/twitter.com\/metro_madrid\/status\/1594974894919675904?ref_src=twsrc%5Etfw\">November 22, 2022<\/a><\/p><\/blockquote>\n<p> <script async src=\"https:\/\/platform.twitter.com\/widgets.js\" charset=\"utf-8\"><\/script><\/div>\n<p>Fuente: Discapacidad https:\/\/www.20minutos.es\/noticia\/5656419\/0\/estas-son-las-diferencias-baston-blanco-baston-rojiblanco-que-llevan-las-personas-con-discapacidad-visual\/<\/p>\n","protected":false},"excerpt":{"rendered":"<p>Las personas que tienen discapacidad visual suelen ir en los espacios p\u00fablicos ayud\u00e1ndose mediante un bast\u00f3n, que puede ser solamente blanco o una combinaci\u00f3n de blanco y rojo.<\/p>\n","protected":false},"author":1,"featured_media":0,"comment_status":"closed","ping_status":"closed","sticky":false,"template":"","format":"standard","meta":{"footnotes":""},"categories":[8],"tags":[],"class_list":["post-10696","post","type-post","status-publish","format-standard","hentry","category-noticias"],"yoast_head":"<!-- This site is optimized with the Yoast SEO plugin v27.5 - https:\/\/yoast.com\/product\/yoast-seo-wordpress\/ -->\n<title>Qu\u00e9 diferencia al bast\u00f3n blanco y al rojiblanco para personas con discapacidad visual - Asociaci\u00f3n Espa\u00f1ola S\u00edndrome de Charge<\/title>\n<meta name=\"robots\" content=\"index, follow, max-snippet:-1, max-image-preview:large, max-video-preview:-1\" \/>\n<link rel=\"canonical\" href=\"https:\/\/sindromecharge.es\/index.php\/2025\/01\/02\/estas-son-las-diferencias-baston-blanco-baston-rojiblanco-que-llevan-las-personas-con-discapacidad-visual\/\" \/>\n<meta property=\"og:locale\" content=\"es_ES\" \/>\n<meta property=\"og:type\" content=\"article\" \/>\n<meta property=\"og:title\" content=\"Qu\u00e9 diferencia al bast\u00f3n blanco y al rojiblanco para personas con discapacidad visual - Asociaci\u00f3n Espa\u00f1ola S\u00edndrome de Charge\" \/>\n<meta property=\"og:description\" content=\"Las personas que tienen discapacidad visual suelen ir en los espacios p\u00fablicos ayud\u00e1ndose mediante un bast\u00f3n, que puede ser solamente blanco o una combinaci\u00f3n de blanco y rojo.\" \/>\n<meta property=\"og:url\" content=\"https:\/\/sindromecharge.es\/index.php\/2025\/01\/02\/estas-son-las-diferencias-baston-blanco-baston-rojiblanco-que-llevan-las-personas-con-discapacidad-visual\/\" \/>\n<meta property=\"og:site_name\" content=\"Asociaci\u00f3n Espa\u00f1ola S\u00edndrome de Charge\" \/>\n<meta property=\"article:publisher\" content=\"https:\/\/www.facebook.com\/asociacionsindromecharge\" \/>\n<meta property=\"article:published_time\" content=\"2025-01-02T06:43:18+00:00\" \/>\n<meta property=\"og:image\" content=\"https:\/\/sindromecharge.es\/wp-content\/uploads\/2013\/09\/logodecharge300x98.png\" \/>\n\t<meta property=\"og:image:width\" content=\"300\" \/>\n\t<meta property=\"og:image:height\" content=\"98\" \/>\n\t<meta property=\"og:image:type\" content=\"image\/png\" \/>\n<meta name=\"author\" content=\"Charge\" \/>\n<meta name=\"twitter:card\" content=\"summary_large_image\" \/>\n<meta name=\"twitter:creator\" content=\"@sindromecharge\" \/>\n<meta name=\"twitter:site\" content=\"@sindromecharge\" \/>\n<meta name=\"twitter:label1\" content=\"Escrito por\" \/>\n\t<meta name=\"twitter:data1\" content=\"Charge\" \/>\n\t<meta name=\"twitter:label2\" content=\"Tiempo de lectura\" \/>\n\t<meta name=\"twitter:data2\" content=\"1 minuto\" \/>\n<script type=\"application\/ld+json\" class=\"yoast-schema-graph\">{\"@context\":\"https:\\\/\\\/schema.org\",\"@graph\":[{\"@type\":\"Article\",\"@id\":\"https:\\\/\\\/sindromecharge.es\\\/index.php\\\/2025\\\/01\\\/02\\\/estas-son-las-diferencias-baston-blanco-baston-rojiblanco-que-llevan-las-personas-con-discapacidad-visual\\\/#article\",\"isPartOf\":{\"@id\":\"https:\\\/\\\/sindromecharge.es\\\/index.php\\\/2025\\\/01\\\/02\\\/estas-son-las-diferencias-baston-blanco-baston-rojiblanco-que-llevan-las-personas-con-discapacidad-visual\\\/\"},\"author\":{\"name\":\"Charge\",\"@id\":\"https:\\\/\\\/sindromecharge.es\\\/#\\\/schema\\\/person\\\/39a60ebe0a2b4d5a11179701e336b039\"},\"headline\":\"Qu\u00e9 diferencia al bast\u00f3n blanco y al rojiblanco para personas con discapacidad visual\",\"datePublished\":\"2025-01-02T06:43:18+00:00\",\"mainEntityOfPage\":{\"@id\":\"https:\\\/\\\/sindromecharge.es\\\/index.php\\\/2025\\\/01\\\/02\\\/estas-son-las-diferencias-baston-blanco-baston-rojiblanco-que-llevan-las-personas-con-discapacidad-visual\\\/\"},\"wordCount\":254,\"articleSection\":[\"noticias\"],\"inLanguage\":\"es\"},{\"@type\":\"WebPage\",\"@id\":\"https:\\\/\\\/sindromecharge.es\\\/index.php\\\/2025\\\/01\\\/02\\\/estas-son-las-diferencias-baston-blanco-baston-rojiblanco-que-llevan-las-personas-con-discapacidad-visual\\\/\",\"url\":\"https:\\\/\\\/sindromecharge.es\\\/index.php\\\/2025\\\/01\\\/02\\\/estas-son-las-diferencias-baston-blanco-baston-rojiblanco-que-llevan-las-personas-con-discapacidad-visual\\\/\",\"name\":\"Qu\u00e9 diferencia al bast\u00f3n blanco y al rojiblanco para personas con discapacidad visual - Asociaci\u00f3n Espa\u00f1ola S\u00edndrome de Charge\",\"isPartOf\":{\"@id\":\"https:\\\/\\\/sindromecharge.es\\\/#website\"},\"datePublished\":\"2025-01-02T06:43:18+00:00\",\"author\":{\"@id\":\"https:\\\/\\\/sindromecharge.es\\\/#\\\/schema\\\/person\\\/39a60ebe0a2b4d5a11179701e336b039\"},\"breadcrumb\":{\"@id\":\"https:\\\/\\\/sindromecharge.es\\\/index.php\\\/2025\\\/01\\\/02\\\/estas-son-las-diferencias-baston-blanco-baston-rojiblanco-que-llevan-las-personas-con-discapacidad-visual\\\/#breadcrumb\"},\"inLanguage\":\"es\",\"potentialAction\":[{\"@type\":\"ReadAction\",\"target\":[\"https:\\\/\\\/sindromecharge.es\\\/index.php\\\/2025\\\/01\\\/02\\\/estas-son-las-diferencias-baston-blanco-baston-rojiblanco-que-llevan-las-personas-con-discapacidad-visual\\\/\"]}]},{\"@type\":\"BreadcrumbList\",\"@id\":\"https:\\\/\\\/sindromecharge.es\\\/index.php\\\/2025\\\/01\\\/02\\\/estas-son-las-diferencias-baston-blanco-baston-rojiblanco-que-llevan-las-personas-con-discapacidad-visual\\\/#breadcrumb\",\"itemListElement\":[{\"@type\":\"ListItem\",\"position\":1,\"name\":\"Portada\",\"item\":\"https:\\\/\\\/sindromecharge.es\\\/\"},{\"@type\":\"ListItem\",\"position\":2,\"name\":\"Qu\u00e9 diferencia al bast\u00f3n blanco y al rojiblanco para personas con discapacidad visual\"}]},{\"@type\":\"WebSite\",\"@id\":\"https:\\\/\\\/sindromecharge.es\\\/#website\",\"url\":\"https:\\\/\\\/sindromecharge.es\\\/\",\"name\":\"Asociaci\u00f3n Espa\u00f1ola S\u00edndrome de Charge\",\"description\":\"\",\"potentialAction\":[{\"@type\":\"SearchAction\",\"target\":{\"@type\":\"EntryPoint\",\"urlTemplate\":\"https:\\\/\\\/sindromecharge.es\\\/?s={search_term_string}\"},\"query-input\":{\"@type\":\"PropertyValueSpecification\",\"valueRequired\":true,\"valueName\":\"search_term_string\"}}],\"inLanguage\":\"es\"},{\"@type\":\"Person\",\"@id\":\"https:\\\/\\\/sindromecharge.es\\\/#\\\/schema\\\/person\\\/39a60ebe0a2b4d5a11179701e336b039\",\"name\":\"Charge\",\"image\":{\"@type\":\"ImageObject\",\"inLanguage\":\"es\",\"@id\":\"https:\\\/\\\/secure.gravatar.com\\\/avatar\\\/c3b46e32a0fc3b093a0873fb767bf3293de856293065e84ef06b7ec7a8acfb98?s=96&d=identicon&r=x\",\"url\":\"https:\\\/\\\/secure.gravatar.com\\\/avatar\\\/c3b46e32a0fc3b093a0873fb767bf3293de856293065e84ef06b7ec7a8acfb98?s=96&d=identicon&r=x\",\"contentUrl\":\"https:\\\/\\\/secure.gravatar.com\\\/avatar\\\/c3b46e32a0fc3b093a0873fb767bf3293de856293065e84ef06b7ec7a8acfb98?s=96&d=identicon&r=x\",\"caption\":\"Charge\"},\"url\":\"https:\\\/\\\/sindromecharge.es\\\/index.php\\\/author\\\/admin\\\/\"}]}<\/script>\n<!-- \/ Yoast SEO plugin. -->","yoast_head_json":{"title":"Qu\u00e9 diferencia al bast\u00f3n blanco y al rojiblanco para personas con discapacidad visual - Asociaci\u00f3n Espa\u00f1ola S\u00edndrome de Charge","robots":{"index":"index","follow":"follow","max-snippet":"max-snippet:-1","max-image-preview":"max-image-preview:large","max-video-preview":"max-video-preview:-1"},"canonical":"https:\/\/sindromecharge.es\/index.php\/2025\/01\/02\/estas-son-las-diferencias-baston-blanco-baston-rojiblanco-que-llevan-las-personas-con-discapacidad-visual\/","og_locale":"es_ES","og_type":"article","og_title":"Qu\u00e9 diferencia al bast\u00f3n blanco y al rojiblanco para personas con discapacidad visual - Asociaci\u00f3n Espa\u00f1ola S\u00edndrome de Charge","og_description":"Las personas que tienen discapacidad visual suelen ir en los espacios p\u00fablicos ayud\u00e1ndose mediante un bast\u00f3n, que puede ser solamente blanco o una combinaci\u00f3n de blanco y rojo.","og_url":"https:\/\/sindromecharge.es\/index.php\/2025\/01\/02\/estas-son-las-diferencias-baston-blanco-baston-rojiblanco-que-llevan-las-personas-con-discapacidad-visual\/","og_site_name":"Asociaci\u00f3n Espa\u00f1ola S\u00edndrome de Charge","article_publisher":"https:\/\/www.facebook.com\/asociacionsindromecharge","article_published_time":"2025-01-02T06:43:18+00:00","og_image":[{"width":300,"height":98,"url":"https:\/\/sindromecharge.es\/wp-content\/uploads\/2013\/09\/logodecharge300x98.png","type":"image\/png"}],"author":"Charge","twitter_card":"summary_large_image","twitter_creator":"@sindromecharge","twitter_site":"@sindromecharge","twitter_misc":{"Escrito por":"Charge","Tiempo de lectura":"1 minuto"},"schema":{"@context":"https:\/\/schema.org","@graph":[{"@type":"Article","@id":"https:\/\/sindromecharge.es\/index.php\/2025\/01\/02\/estas-son-las-diferencias-baston-blanco-baston-rojiblanco-que-llevan-las-personas-con-discapacidad-visual\/#article","isPartOf":{"@id":"https:\/\/sindromecharge.es\/index.php\/2025\/01\/02\/estas-son-las-diferencias-baston-blanco-baston-rojiblanco-que-llevan-las-personas-con-discapacidad-visual\/"},"author":{"name":"Charge","@id":"https:\/\/sindromecharge.es\/#\/schema\/person\/39a60ebe0a2b4d5a11179701e336b039"},"headline":"Qu\u00e9 diferencia al bast\u00f3n blanco y al rojiblanco para personas con discapacidad visual","datePublished":"2025-01-02T06:43:18+00:00","mainEntityOfPage":{"@id":"https:\/\/sindromecharge.es\/index.php\/2025\/01\/02\/estas-son-las-diferencias-baston-blanco-baston-rojiblanco-que-llevan-las-personas-con-discapacidad-visual\/"},"wordCount":254,"articleSection":["noticias"],"inLanguage":"es"},{"@type":"WebPage","@id":"https:\/\/sindromecharge.es\/index.php\/2025\/01\/02\/estas-son-las-diferencias-baston-blanco-baston-rojiblanco-que-llevan-las-personas-con-discapacidad-visual\/","url":"https:\/\/sindromecharge.es\/index.php\/2025\/01\/02\/estas-son-las-diferencias-baston-blanco-baston-rojiblanco-que-llevan-las-personas-con-discapacidad-visual\/","name":"Qu\u00e9 diferencia al bast\u00f3n blanco y al rojiblanco para personas con discapacidad visual - Asociaci\u00f3n Espa\u00f1ola S\u00edndrome de Charge","isPartOf":{"@id":"https:\/\/sindromecharge.es\/#website"},"datePublished":"2025-01-02T06:43:18+00:00","author":{"@id":"https:\/\/sindromecharge.es\/#\/schema\/person\/39a60ebe0a2b4d5a11179701e336b039"},"breadcrumb":{"@id":"https:\/\/sindromecharge.es\/index.php\/2025\/01\/02\/estas-son-las-diferencias-baston-blanco-baston-rojiblanco-que-llevan-las-personas-con-discapacidad-visual\/#breadcrumb"},"inLanguage":"es","potentialAction":[{"@type":"ReadAction","target":["https:\/\/sindromecharge.es\/index.php\/2025\/01\/02\/estas-son-las-diferencias-baston-blanco-baston-rojiblanco-que-llevan-las-personas-con-discapacidad-visual\/"]}]},{"@type":"BreadcrumbList","@id":"https:\/\/sindromecharge.es\/index.php\/2025\/01\/02\/estas-son-las-diferencias-baston-blanco-baston-rojiblanco-que-llevan-las-personas-con-discapacidad-visual\/#breadcrumb","itemListElement":[{"@type":"ListItem","position":1,"name":"Portada","item":"https:\/\/sindromecharge.es\/"},{"@type":"ListItem","position":2,"name":"Qu\u00e9 diferencia al bast\u00f3n blanco y al rojiblanco para personas con discapacidad visual"}]},{"@type":"WebSite","@id":"https:\/\/sindromecharge.es\/#website","url":"https:\/\/sindromecharge.es\/","name":"Asociaci\u00f3n Espa\u00f1ola S\u00edndrome de Charge","description":"","potentialAction":[{"@type":"SearchAction","target":{"@type":"EntryPoint","urlTemplate":"https:\/\/sindromecharge.es\/?s={search_term_string}"},"query-input":{"@type":"PropertyValueSpecification","valueRequired":true,"valueName":"search_term_string"}}],"inLanguage":"es"},{"@type":"Person","@id":"https:\/\/sindromecharge.es\/#\/schema\/person\/39a60ebe0a2b4d5a11179701e336b039","name":"Charge","image":{"@type":"ImageObject","inLanguage":"es","@id":"https:\/\/secure.gravatar.com\/avatar\/c3b46e32a0fc3b093a0873fb767bf3293de856293065e84ef06b7ec7a8acfb98?s=96&d=identicon&r=x","url":"https:\/\/secure.gravatar.com\/avatar\/c3b46e32a0fc3b093a0873fb767bf3293de856293065e84ef06b7ec7a8acfb98?s=96&d=identicon&r=x","contentUrl":"https:\/\/secure.gravatar.com\/avatar\/c3b46e32a0fc3b093a0873fb767bf3293de856293065e84ef06b7ec7a8acfb98?s=96&d=identicon&r=x","caption":"Charge"},"url":"https:\/\/sindromecharge.es\/index.php\/author\/admin\/"}]}},"_links":{"self":[{"href":"https:\/\/sindromecharge.es\/index.php\/wp-json\/wp\/v2\/posts\/10696","targetHints":{"allow":["GET"]}}],"collection":[{"href":"https:\/\/sindromecharge.es\/index.php\/wp-json\/wp\/v2\/posts"}],"about":[{"href":"https:\/\/sindromecharge.es\/index.php\/wp-json\/wp\/v2\/types\/post"}],"author":[{"embeddable":true,"href":"https:\/\/sindromecharge.es\/index.php\/wp-json\/wp\/v2\/users\/1"}],"replies":[{"embeddable":true,"href":"https:\/\/sindromecharge.es\/index.php\/wp-json\/wp\/v2\/comments?post=10696"}],"version-history":[{"count":0,"href":"https:\/\/sindromecharge.es\/index.php\/wp-json\/wp\/v2\/posts\/10696\/revisions"}],"wp:attachment":[{"href":"https:\/\/sindromecharge.es\/index.php\/wp-json\/wp\/v2\/media?parent=10696"}],"wp:term":[{"taxonomy":"category","embeddable":true,"href":"https:\/\/sindromecharge.es\/index.php\/wp-json\/wp\/v2\/categories?post=10696"},{"taxonomy":"post_tag","embeddable":true,"href":"https:\/\/sindromecharge.es\/index.php\/wp-json\/wp\/v2\/tags?post=10696"}],"curies":[{"name":"wp","href":"https:\/\/api.w.org\/{rel}","templated":true}]}}