{"id":10695,"date":"2025-01-01T07:44:09","date_gmt":"2025-01-01T07:44:09","guid":{"rendered":"https:\/\/sindromecharge.es\/index.php\/2025\/01\/01\/conchita-pone-musica-un-cuento-infantil-una-esas-ideas-que-solo-se-te-ocurren-cuando-no-te-rindes\/"},"modified":"2025-01-01T07:44:09","modified_gmt":"2025-01-01T07:44:09","slug":"conchita-pone-musica-un-cuento-infantil-una-esas-ideas-que-solo-se-te-ocurren-cuando-no-te-rindes","status":"publish","type":"post","link":"https:\/\/sindromecharge.es\/index.php\/2025\/01\/01\/conchita-pone-musica-un-cuento-infantil-una-esas-ideas-que-solo-se-te-ocurren-cuando-no-te-rindes\/","title":{"rendered":"Conchita pone m\u00fasica a un cuento infantil: \u00abLos ni\u00f1os viven la discapacidad sin la connotaci\u00f3n negativa de los adultos\u00bb"},"content":{"rendered":"<p>Leemos en Discapacidad la siguiente noticia que os reproducimos de forma \u00edntegra: <\/p>\n<div>\n<p><i>Voy a estar bien<\/i>, dec\u00eda la cantante <a href=\"https:\/\/www.20minutos.es\/minuteca\/conchita\/\" title=\"Conchita\">Conchita<\/a> en un v\u00eddeo musical donde adem\u00e1s de cantar, bailaba claqu\u00e9. Para aprender esta disciplina de baile, tuvo que apuntarse a clase. All\u00ed conoci\u00f3 a <b>Amparo Fontanet, una trabajadora del sector del <a href=\"https:\/\/www.20minutos.es\/minuteca\/li-marketing\/\" title=\"Marketing\">marketing <\/a>y el dise\u00f1o gr\u00e1fico<\/b>. Aprendieron claqu\u00e9 y se hicieron amigas.<\/p>\n<p>Por aquel entonces Amparo dibujaba (casi como afici\u00f3n) personajes dirigidos al p\u00fablico infantil. A Conchita le interesaba mucho el tema, ya que tiene un hijo de 6 a\u00f1os. <b>Amparo compart\u00eda lo que iba creando en Instagram y Conchita lo ve\u00eda y lo comentaba con ella.<\/b><\/p>\n<p>\u201cYo soy de las que creen que las cosas pasan por algo, lo que tenemos que hacer es unir los puntos\u201d, explica Conchita. As\u00ed que, un tiempo despu\u00e9s le dijo a Amparo: <b>\u201c\u00bfPor qu\u00e9 no hacemos algo juntas?\u201d<\/b>. Amparo estaba muy ilusionada, \u201cConchita cre\u00eda mucho en los personajes y yo siempre he querido hacer <a href=\"https:\/\/www.20minutos.es\/minuteca\/cuentos\/\" title=\"Cuentos\">cuentos<\/a> ilustrados\u201d.<\/p>\n<p>Estuvieron mucho tiempo pensando qu\u00e9 hacer. Hasta barajaron la opci\u00f3n de hacer un musical, pero tras muchas horas de investigaci\u00f3n y reflexi\u00f3n, decidieron que<b> har\u00edan un libro ilustrado acompa\u00f1ado de una serie de canciones<\/b>. \u201cEsto se hace poco y a m\u00ed me parece muy bonito\u201d, dice Conchita. \u201cYo me fijo en lo que le gusta a mi hijo y los cuentos con m\u00fasica le encantan. Se va al cole escuchando las canciones y as\u00ed conoce un poco mejor a los personajes. Este formato posibilita que, por ejemplo, personajes sobre los que se pasa de refil\u00f3n en el cuento, tengan una canci\u00f3n propia que les dedica tres minutos. <b>El cuento y las canciones se complementan el uno al otro<\/b>\u201d. Para Amparo la m\u00fasica ayuda a crear el universo que ella ha querido desarrollar en su cuento.<\/p>\n<p>\u201c<b>Empezamos a pensarlo en la pandemia <\/b>y a m\u00ed me salv\u00f3 un poco porque al final est\u00e1s ilusionada con un proyecto nuevo\u201d, recuerda Conchita.<\/p>\n<p>As\u00ed naci\u00f3 <i>Trespatas y Olivia. Millones de posibilidades<\/i>, un libro con su propia banda sonora formada por ocho canciones. <b>El proyecto se dirige a ni\u00f1os de entre 3 y 8 a\u00f1os.<\/b><\/p>\n<p>Amparo le mandaba versiones de los personajes y de la historia mientras que Conchita le mandaba <b>propuestas de canciones<\/b>.<\/p>\n<p>\u201cEs un <b>cuento gracioso y sencillo de leer.<\/b> Ahora mismo me siento como cuando saqu\u00e9 mi primer disco\u201d, cuenta Conchita emocionada.<\/p>\n<p>\u201cTambi\u00e9n espero que haya adultos\u201d, a\u00f1ade Amparo, \u201cque saquen un buen significado del cuento. Son historias que entretienen a los ni\u00f1os pero hay un subtexto que llega a los adultos. <b>Los cuentos infantiles m\u00e1s bonitos son los que llegan a los adultos<\/b> y espero que eso pase con este. Que un adulto lo lea y diga es verdad. Al crecer nos cerramos posibilidades y pensamos que no podemos hacer cosas. Los ni\u00f1os no ven los l\u00edmites y es importante que los padres no se olviden de eso: recordarles que siempre hay posibilidades. T\u00fa tienes tus recursos dentro de ti para buscar soluciones. El aprendizaje es buscar los recursos dentro de ellos mismos. Esto es lo que experimenta Trespatas durante la historia\u201d, explica Amparo.<\/p>\n<p>\u201cDentro del libro hay un momento en que dicen se me ocurre <b>una de esas ideas que solo se te ocurren cuando no te rindes<\/b>\u201d, a\u00f1ade Conchita. \u201cEsa, esa, esa frase\u201d, enfatiza Amparo.<\/p>\n<p><b>Amparo y Conchita unieron sus habilidades.<\/b> \u201cQu\u00e9 mejor que contar con la m\u00fasica para transmitir algo que ya tiene imagen y palabra. La m\u00fasica es una cajita de emociones\u201d, dice Amparo.<\/p>\n<p>Sus creadoras recomiendan <b>primero leer el cuento y luego escuchar la m\u00fasica o viceversa<\/b>, pero nunca hacerlo a la vez. El libro tiene tambi\u00e9n actividades para fomentar la creatividad. \u201cEst\u00e1n pensadas para hacer sin m\u00f3vil, sin pantallitas. Son de dibujar, de escuchar las canciones\u201d, cuenta Amparo.<\/p>\n<p>Como su nombre indica, el perro Trespatas tiene tres patas. \u201cPero no se habla de ello, se pasa muy por encima y se trata con naturalidad. Se trata de ver que todos somos diferentes pero tambi\u00e9n parecidos\u201d, explica Conchita. \u201c<b>No es la historia de un perro al que le falta una pata.<\/b> Es un cuento sobre las soluciones que busca a los problemas, da igual que tenga tres patas\u201d, a\u00f1ade Amparo. \u201cTrespatas hubiera sido igual con cuatro patas y eso ya es una ense\u00f1anza. \u00c9l tiene soluciones para todo, as\u00ed que no tiene importancia que tenga tres patas\u201d, apunta Conchita.<\/p>\n<p>Amparo cree que el tema de la <a href=\"https:\/\/www.20minutos.es\/minuteca\/discapacidad\/\" title=\"Discapacidad\">discapacidad <\/a>se convierte en un drama por c\u00f3mo los adultos la ven. \u201cLos ni\u00f1os la viven de otra manera. La connotaci\u00f3n negativa la dan los adultos. <b>Es obvio que este perro tiene tres patas, \u00bfy qu\u00e9?<\/b>\u201d.<\/p>\n<\/div>\n<p>Fuente: Discapacidad https:\/\/www.20minutos.es\/noticia\/5664346\/0\/conchita-pone-musica-un-cuento-infantil-una-esas-ideas-que-solo-se-te-ocurren-cuando-no-te-rindes\/<\/p>\n","protected":false},"excerpt":{"rendered":"<p>Voy a estar bien, dec\u00eda la cantante Conchita en un v\u00eddeo musical donde adem\u00e1s de cantar, bailaba claqu\u00e9. Para aprender esta disciplina de baile, tuvo que&#8230;<\/p>\n","protected":false},"author":1,"featured_media":0,"comment_status":"closed","ping_status":"closed","sticky":false,"template":"","format":"standard","meta":{"footnotes":""},"categories":[8],"tags":[],"class_list":["post-10695","post","type-post","status-publish","format-standard","hentry","category-noticias"],"yoast_head":"<!-- This site is optimized with the Yoast SEO plugin v27.5 - https:\/\/yoast.com\/product\/yoast-seo-wordpress\/ -->\n<title>Conchita pone m\u00fasica a un cuento infantil: &quot;Los ni\u00f1os viven la discapacidad sin la connotaci\u00f3n negativa de los adultos&quot; - Asociaci\u00f3n Espa\u00f1ola S\u00edndrome de Charge<\/title>\n<meta name=\"robots\" content=\"index, follow, max-snippet:-1, max-image-preview:large, max-video-preview:-1\" \/>\n<link rel=\"canonical\" href=\"https:\/\/sindromecharge.es\/index.php\/2025\/01\/01\/conchita-pone-musica-un-cuento-infantil-una-esas-ideas-que-solo-se-te-ocurren-cuando-no-te-rindes\/\" \/>\n<meta property=\"og:locale\" content=\"es_ES\" \/>\n<meta property=\"og:type\" content=\"article\" \/>\n<meta property=\"og:title\" content=\"Conchita pone m\u00fasica a un cuento infantil: &quot;Los ni\u00f1os viven la discapacidad sin la connotaci\u00f3n negativa de los adultos&quot; - Asociaci\u00f3n Espa\u00f1ola S\u00edndrome de Charge\" \/>\n<meta property=\"og:description\" content=\"Voy a estar bien, dec\u00eda la cantante Conchita en un v\u00eddeo musical donde adem\u00e1s de cantar, bailaba claqu\u00e9. Para aprender esta disciplina de baile, tuvo que&#8230;\" \/>\n<meta property=\"og:url\" content=\"https:\/\/sindromecharge.es\/index.php\/2025\/01\/01\/conchita-pone-musica-un-cuento-infantil-una-esas-ideas-que-solo-se-te-ocurren-cuando-no-te-rindes\/\" \/>\n<meta property=\"og:site_name\" content=\"Asociaci\u00f3n Espa\u00f1ola S\u00edndrome de Charge\" \/>\n<meta property=\"article:publisher\" content=\"https:\/\/www.facebook.com\/asociacionsindromecharge\" \/>\n<meta property=\"article:published_time\" content=\"2025-01-01T07:44:09+00:00\" \/>\n<meta property=\"og:image\" content=\"https:\/\/sindromecharge.es\/wp-content\/uploads\/2013\/09\/logodecharge300x98.png\" \/>\n\t<meta property=\"og:image:width\" content=\"300\" \/>\n\t<meta property=\"og:image:height\" content=\"98\" \/>\n\t<meta property=\"og:image:type\" content=\"image\/png\" \/>\n<meta name=\"author\" content=\"Charge\" \/>\n<meta name=\"twitter:card\" content=\"summary_large_image\" \/>\n<meta name=\"twitter:creator\" content=\"@sindromecharge\" \/>\n<meta name=\"twitter:site\" content=\"@sindromecharge\" \/>\n<meta name=\"twitter:label1\" content=\"Escrito por\" \/>\n\t<meta name=\"twitter:data1\" content=\"Charge\" \/>\n\t<meta name=\"twitter:label2\" content=\"Tiempo de lectura\" \/>\n\t<meta name=\"twitter:data2\" content=\"4 minutos\" \/>\n<script type=\"application\/ld+json\" class=\"yoast-schema-graph\">{\"@context\":\"https:\\\/\\\/schema.org\",\"@graph\":[{\"@type\":\"Article\",\"@id\":\"https:\\\/\\\/sindromecharge.es\\\/index.php\\\/2025\\\/01\\\/01\\\/conchita-pone-musica-un-cuento-infantil-una-esas-ideas-que-solo-se-te-ocurren-cuando-no-te-rindes\\\/#article\",\"isPartOf\":{\"@id\":\"https:\\\/\\\/sindromecharge.es\\\/index.php\\\/2025\\\/01\\\/01\\\/conchita-pone-musica-un-cuento-infantil-una-esas-ideas-que-solo-se-te-ocurren-cuando-no-te-rindes\\\/\"},\"author\":{\"name\":\"Charge\",\"@id\":\"https:\\\/\\\/sindromecharge.es\\\/#\\\/schema\\\/person\\\/39a60ebe0a2b4d5a11179701e336b039\"},\"headline\":\"Conchita pone m\u00fasica a un cuento infantil: \u00abLos ni\u00f1os viven la discapacidad sin la connotaci\u00f3n negativa de los adultos\u00bb\",\"datePublished\":\"2025-01-01T07:44:09+00:00\",\"mainEntityOfPage\":{\"@id\":\"https:\\\/\\\/sindromecharge.es\\\/index.php\\\/2025\\\/01\\\/01\\\/conchita-pone-musica-un-cuento-infantil-una-esas-ideas-que-solo-se-te-ocurren-cuando-no-te-rindes\\\/\"},\"wordCount\":839,\"articleSection\":[\"noticias\"],\"inLanguage\":\"es\"},{\"@type\":\"WebPage\",\"@id\":\"https:\\\/\\\/sindromecharge.es\\\/index.php\\\/2025\\\/01\\\/01\\\/conchita-pone-musica-un-cuento-infantil-una-esas-ideas-que-solo-se-te-ocurren-cuando-no-te-rindes\\\/\",\"url\":\"https:\\\/\\\/sindromecharge.es\\\/index.php\\\/2025\\\/01\\\/01\\\/conchita-pone-musica-un-cuento-infantil-una-esas-ideas-que-solo-se-te-ocurren-cuando-no-te-rindes\\\/\",\"name\":\"Conchita pone m\u00fasica a un cuento infantil: \\\"Los ni\u00f1os viven la discapacidad sin la connotaci\u00f3n negativa de los adultos\\\" - Asociaci\u00f3n Espa\u00f1ola S\u00edndrome de Charge\",\"isPartOf\":{\"@id\":\"https:\\\/\\\/sindromecharge.es\\\/#website\"},\"datePublished\":\"2025-01-01T07:44:09+00:00\",\"author\":{\"@id\":\"https:\\\/\\\/sindromecharge.es\\\/#\\\/schema\\\/person\\\/39a60ebe0a2b4d5a11179701e336b039\"},\"breadcrumb\":{\"@id\":\"https:\\\/\\\/sindromecharge.es\\\/index.php\\\/2025\\\/01\\\/01\\\/conchita-pone-musica-un-cuento-infantil-una-esas-ideas-que-solo-se-te-ocurren-cuando-no-te-rindes\\\/#breadcrumb\"},\"inLanguage\":\"es\",\"potentialAction\":[{\"@type\":\"ReadAction\",\"target\":[\"https:\\\/\\\/sindromecharge.es\\\/index.php\\\/2025\\\/01\\\/01\\\/conchita-pone-musica-un-cuento-infantil-una-esas-ideas-que-solo-se-te-ocurren-cuando-no-te-rindes\\\/\"]}]},{\"@type\":\"BreadcrumbList\",\"@id\":\"https:\\\/\\\/sindromecharge.es\\\/index.php\\\/2025\\\/01\\\/01\\\/conchita-pone-musica-un-cuento-infantil-una-esas-ideas-que-solo-se-te-ocurren-cuando-no-te-rindes\\\/#breadcrumb\",\"itemListElement\":[{\"@type\":\"ListItem\",\"position\":1,\"name\":\"Portada\",\"item\":\"https:\\\/\\\/sindromecharge.es\\\/\"},{\"@type\":\"ListItem\",\"position\":2,\"name\":\"Conchita pone m\u00fasica a un cuento infantil: &#8220;Los ni\u00f1os viven la discapacidad sin la connotaci\u00f3n negativa de los adultos&#8221;\"}]},{\"@type\":\"WebSite\",\"@id\":\"https:\\\/\\\/sindromecharge.es\\\/#website\",\"url\":\"https:\\\/\\\/sindromecharge.es\\\/\",\"name\":\"Asociaci\u00f3n Espa\u00f1ola S\u00edndrome de Charge\",\"description\":\"\",\"potentialAction\":[{\"@type\":\"SearchAction\",\"target\":{\"@type\":\"EntryPoint\",\"urlTemplate\":\"https:\\\/\\\/sindromecharge.es\\\/?s={search_term_string}\"},\"query-input\":{\"@type\":\"PropertyValueSpecification\",\"valueRequired\":true,\"valueName\":\"search_term_string\"}}],\"inLanguage\":\"es\"},{\"@type\":\"Person\",\"@id\":\"https:\\\/\\\/sindromecharge.es\\\/#\\\/schema\\\/person\\\/39a60ebe0a2b4d5a11179701e336b039\",\"name\":\"Charge\",\"image\":{\"@type\":\"ImageObject\",\"inLanguage\":\"es\",\"@id\":\"https:\\\/\\\/secure.gravatar.com\\\/avatar\\\/c3b46e32a0fc3b093a0873fb767bf3293de856293065e84ef06b7ec7a8acfb98?s=96&d=identicon&r=x\",\"url\":\"https:\\\/\\\/secure.gravatar.com\\\/avatar\\\/c3b46e32a0fc3b093a0873fb767bf3293de856293065e84ef06b7ec7a8acfb98?s=96&d=identicon&r=x\",\"contentUrl\":\"https:\\\/\\\/secure.gravatar.com\\\/avatar\\\/c3b46e32a0fc3b093a0873fb767bf3293de856293065e84ef06b7ec7a8acfb98?s=96&d=identicon&r=x\",\"caption\":\"Charge\"},\"url\":\"https:\\\/\\\/sindromecharge.es\\\/index.php\\\/author\\\/admin\\\/\"}]}<\/script>\n<!-- \/ Yoast SEO plugin. -->","yoast_head_json":{"title":"Conchita pone m\u00fasica a un cuento infantil: \"Los ni\u00f1os viven la discapacidad sin la connotaci\u00f3n negativa de los adultos\" - Asociaci\u00f3n Espa\u00f1ola S\u00edndrome de Charge","robots":{"index":"index","follow":"follow","max-snippet":"max-snippet:-1","max-image-preview":"max-image-preview:large","max-video-preview":"max-video-preview:-1"},"canonical":"https:\/\/sindromecharge.es\/index.php\/2025\/01\/01\/conchita-pone-musica-un-cuento-infantil-una-esas-ideas-que-solo-se-te-ocurren-cuando-no-te-rindes\/","og_locale":"es_ES","og_type":"article","og_title":"Conchita pone m\u00fasica a un cuento infantil: \"Los ni\u00f1os viven la discapacidad sin la connotaci\u00f3n negativa de los adultos\" - Asociaci\u00f3n Espa\u00f1ola S\u00edndrome de Charge","og_description":"Voy a estar bien, dec\u00eda la cantante Conchita en un v\u00eddeo musical donde adem\u00e1s de cantar, bailaba claqu\u00e9. Para aprender esta disciplina de baile, tuvo que&#8230;","og_url":"https:\/\/sindromecharge.es\/index.php\/2025\/01\/01\/conchita-pone-musica-un-cuento-infantil-una-esas-ideas-que-solo-se-te-ocurren-cuando-no-te-rindes\/","og_site_name":"Asociaci\u00f3n Espa\u00f1ola S\u00edndrome de Charge","article_publisher":"https:\/\/www.facebook.com\/asociacionsindromecharge","article_published_time":"2025-01-01T07:44:09+00:00","og_image":[{"width":300,"height":98,"url":"https:\/\/sindromecharge.es\/wp-content\/uploads\/2013\/09\/logodecharge300x98.png","type":"image\/png"}],"author":"Charge","twitter_card":"summary_large_image","twitter_creator":"@sindromecharge","twitter_site":"@sindromecharge","twitter_misc":{"Escrito por":"Charge","Tiempo de lectura":"4 minutos"},"schema":{"@context":"https:\/\/schema.org","@graph":[{"@type":"Article","@id":"https:\/\/sindromecharge.es\/index.php\/2025\/01\/01\/conchita-pone-musica-un-cuento-infantil-una-esas-ideas-que-solo-se-te-ocurren-cuando-no-te-rindes\/#article","isPartOf":{"@id":"https:\/\/sindromecharge.es\/index.php\/2025\/01\/01\/conchita-pone-musica-un-cuento-infantil-una-esas-ideas-que-solo-se-te-ocurren-cuando-no-te-rindes\/"},"author":{"name":"Charge","@id":"https:\/\/sindromecharge.es\/#\/schema\/person\/39a60ebe0a2b4d5a11179701e336b039"},"headline":"Conchita pone m\u00fasica a un cuento infantil: \u00abLos ni\u00f1os viven la discapacidad sin la connotaci\u00f3n negativa de los adultos\u00bb","datePublished":"2025-01-01T07:44:09+00:00","mainEntityOfPage":{"@id":"https:\/\/sindromecharge.es\/index.php\/2025\/01\/01\/conchita-pone-musica-un-cuento-infantil-una-esas-ideas-que-solo-se-te-ocurren-cuando-no-te-rindes\/"},"wordCount":839,"articleSection":["noticias"],"inLanguage":"es"},{"@type":"WebPage","@id":"https:\/\/sindromecharge.es\/index.php\/2025\/01\/01\/conchita-pone-musica-un-cuento-infantil-una-esas-ideas-que-solo-se-te-ocurren-cuando-no-te-rindes\/","url":"https:\/\/sindromecharge.es\/index.php\/2025\/01\/01\/conchita-pone-musica-un-cuento-infantil-una-esas-ideas-que-solo-se-te-ocurren-cuando-no-te-rindes\/","name":"Conchita pone m\u00fasica a un cuento infantil: \"Los ni\u00f1os viven la discapacidad sin la connotaci\u00f3n negativa de los adultos\" - Asociaci\u00f3n Espa\u00f1ola S\u00edndrome de Charge","isPartOf":{"@id":"https:\/\/sindromecharge.es\/#website"},"datePublished":"2025-01-01T07:44:09+00:00","author":{"@id":"https:\/\/sindromecharge.es\/#\/schema\/person\/39a60ebe0a2b4d5a11179701e336b039"},"breadcrumb":{"@id":"https:\/\/sindromecharge.es\/index.php\/2025\/01\/01\/conchita-pone-musica-un-cuento-infantil-una-esas-ideas-que-solo-se-te-ocurren-cuando-no-te-rindes\/#breadcrumb"},"inLanguage":"es","potentialAction":[{"@type":"ReadAction","target":["https:\/\/sindromecharge.es\/index.php\/2025\/01\/01\/conchita-pone-musica-un-cuento-infantil-una-esas-ideas-que-solo-se-te-ocurren-cuando-no-te-rindes\/"]}]},{"@type":"BreadcrumbList","@id":"https:\/\/sindromecharge.es\/index.php\/2025\/01\/01\/conchita-pone-musica-un-cuento-infantil-una-esas-ideas-que-solo-se-te-ocurren-cuando-no-te-rindes\/#breadcrumb","itemListElement":[{"@type":"ListItem","position":1,"name":"Portada","item":"https:\/\/sindromecharge.es\/"},{"@type":"ListItem","position":2,"name":"Conchita pone m\u00fasica a un cuento infantil: &#8220;Los ni\u00f1os viven la discapacidad sin la connotaci\u00f3n negativa de los adultos&#8221;"}]},{"@type":"WebSite","@id":"https:\/\/sindromecharge.es\/#website","url":"https:\/\/sindromecharge.es\/","name":"Asociaci\u00f3n Espa\u00f1ola S\u00edndrome de Charge","description":"","potentialAction":[{"@type":"SearchAction","target":{"@type":"EntryPoint","urlTemplate":"https:\/\/sindromecharge.es\/?s={search_term_string}"},"query-input":{"@type":"PropertyValueSpecification","valueRequired":true,"valueName":"search_term_string"}}],"inLanguage":"es"},{"@type":"Person","@id":"https:\/\/sindromecharge.es\/#\/schema\/person\/39a60ebe0a2b4d5a11179701e336b039","name":"Charge","image":{"@type":"ImageObject","inLanguage":"es","@id":"https:\/\/secure.gravatar.com\/avatar\/c3b46e32a0fc3b093a0873fb767bf3293de856293065e84ef06b7ec7a8acfb98?s=96&d=identicon&r=x","url":"https:\/\/secure.gravatar.com\/avatar\/c3b46e32a0fc3b093a0873fb767bf3293de856293065e84ef06b7ec7a8acfb98?s=96&d=identicon&r=x","contentUrl":"https:\/\/secure.gravatar.com\/avatar\/c3b46e32a0fc3b093a0873fb767bf3293de856293065e84ef06b7ec7a8acfb98?s=96&d=identicon&r=x","caption":"Charge"},"url":"https:\/\/sindromecharge.es\/index.php\/author\/admin\/"}]}},"_links":{"self":[{"href":"https:\/\/sindromecharge.es\/index.php\/wp-json\/wp\/v2\/posts\/10695","targetHints":{"allow":["GET"]}}],"collection":[{"href":"https:\/\/sindromecharge.es\/index.php\/wp-json\/wp\/v2\/posts"}],"about":[{"href":"https:\/\/sindromecharge.es\/index.php\/wp-json\/wp\/v2\/types\/post"}],"author":[{"embeddable":true,"href":"https:\/\/sindromecharge.es\/index.php\/wp-json\/wp\/v2\/users\/1"}],"replies":[{"embeddable":true,"href":"https:\/\/sindromecharge.es\/index.php\/wp-json\/wp\/v2\/comments?post=10695"}],"version-history":[{"count":0,"href":"https:\/\/sindromecharge.es\/index.php\/wp-json\/wp\/v2\/posts\/10695\/revisions"}],"wp:attachment":[{"href":"https:\/\/sindromecharge.es\/index.php\/wp-json\/wp\/v2\/media?parent=10695"}],"wp:term":[{"taxonomy":"category","embeddable":true,"href":"https:\/\/sindromecharge.es\/index.php\/wp-json\/wp\/v2\/categories?post=10695"},{"taxonomy":"post_tag","embeddable":true,"href":"https:\/\/sindromecharge.es\/index.php\/wp-json\/wp\/v2\/tags?post=10695"}],"curies":[{"name":"wp","href":"https:\/\/api.w.org\/{rel}","templated":true}]}}