{"id":10694,"date":"2024-12-31T07:00:00","date_gmt":"2024-12-31T07:00:00","guid":{"rendered":"https:\/\/sindromecharge.es\/index.php\/2024\/12\/31\/trabajar-cobrar-pension-incapacidad-posible-cumples-requisitos-5667832\/"},"modified":"2024-12-31T07:00:00","modified_gmt":"2024-12-31T07:00:00","slug":"trabajar-cobrar-pension-incapacidad-posible-cumples-requisitos-5667832","status":"publish","type":"post","link":"https:\/\/sindromecharge.es\/index.php\/2024\/12\/31\/trabajar-cobrar-pension-incapacidad-posible-cumples-requisitos-5667832\/","title":{"rendered":"Trabajar y cobrar una pensi\u00f3n por incapacidad es posible si cumples estos requisitos"},"content":{"rendered":"<p>Leemos en Discapacidad la siguiente noticia que os reproducimos de forma \u00edntegra: <\/p>\n<div>\n<p>La<b> pensi\u00f3n de incapacidad permanente <\/b>es una prestaci\u00f3n econ\u00f3mica de la <b><a href=\"https:\/\/www.20minutos.es\/minuteca\/ministerio-de-inclusion-seguridad-social-y-migraciones\/\" title=\"Ministerio de Inclusi\u00f3n Seguridad Social y Migraciones\">Seguridad Social<\/a> <\/b>usada para cubrir la p\u00e9rdida de ingresos de una persona cuando por una <b>enfermedad o un accidente <\/b>no puede trabajar o debe cambiar de ocupaci\u00f3n. Tambi\u00e9n puede cobrarse por personas con discapacidad en determinados casos e incluso compaginarse con una n\u00f3mina laboral.<\/p>\n<p>El cobro de esta pensi\u00f3n con una n\u00f3mina por alg\u00fan trabajo es compatible en funci\u00f3n del <b>tipo de pensi\u00f3n de incapacidad<\/b>, pues existen la parcial, la total, la absoluta y la de gran invalidez. En los cuatro casos de pensi\u00f3n de incapacidad permanente se puede trabajar. Ahora bien, dependiendo del tipo de pensi\u00f3n que tenga una persona, podr\u00e1 estar en uno u otro puesto de trabajo espec\u00edfico.<\/p>\n<p>Lo que determina qu\u00e9 puesto se puede ocupar es el tipo de enfermedad que tenga el trabajador o el accidente que haya tenido. En todos los casos, si para desarrollar un puesto de trabajo el empleado debe cotizar, es obligatorio darse de alta en la <b>Seguridad Social<\/b>.<\/p>\n<h2>Pensi\u00f3n de incapacidad permanente parcial<\/h2>\n<p>La <b><a href=\"https:\/\/www.20minutos.es\/noticia\/5649697\/0\/que-tipos-incapacidades-existen-que-pensiones-dan-derecho\/\" title=\"\u00bfQu\u00e9 cuatro tipos de 'Incapacidades' existen y a qu\u00e9 pensiones dan derecho?\">pensi\u00f3n de incapacidad permanente parcial<\/a> <\/b>es un pago \u00fanico equivalente a 24 mensualidades de la base reguladora, que es la f\u00f3rmula con la que la Seguridad Social calcula el importe de las prestaciones de los trabajadores en funci\u00f3n de lo que cotizan y los d\u00edas que hayan trabajado. Esta prestaci\u00f3n permite <b>realizar cualquier tipo de trabajo<\/b>, incluido el que ya viniera ejerciendo el trabajador, siempre y cuando el empleado tenga en cuenta sus limitaciones derivadas del accidente o enfermedad.<\/p>\n<p>La <b>pensi\u00f3n parcial <\/b>se concede para aquellos trabajadores que hayan perdido al menos el 33% de su rendimiento normal. Por tanto, la persona que trabaje tendr\u00e1 un rendimiento profesional menor debido a su accidente o enfermedad.<\/p>\n<h2>Pensi\u00f3n de incapacidad permanente total<\/h2>\n<p>La <b>pensi\u00f3n de incapacidad permanente total <\/b>es una pensi\u00f3n de <b>14 pagas al a\u00f1o <\/b>(12 pagas mensuales prorrateadas en el caso de accidente laboral o enfermedad profesional) calculadas como un porcentaje de la base reguladora que var\u00eda en funci\u00f3n de los casos y del a\u00f1o.<\/p>\n<p>La pensi\u00f3n de incapacidad permanente total es <b>compatible con cualquier otro trabajo<\/b>, incluso en la misma empresa en la que estuviera el empleado, siempre y cuando las funciones no coincidan con las del puesto que dieron lugar a la incapacidad.<\/p>\n<p>Por ejemplo, si una persona que trabaja en un almac\u00e9n cargando y descargando tiene un accidente y le conceden la pensi\u00f3n de incapacidad permanente total, podr\u00eda seguir trabajando en la misma empresa, pero no en el mismo puesto del almac\u00e9n. De esa manera, si cuenta con conocimientos de venta y as\u00ed lo acuerda con sus empleadores, podr\u00e1 estar en el mostrador comercializando el producto.<\/p>\n<p>Pero hay una excepci\u00f3n a esta regla general: si una persona mayor de 55 a\u00f1os no tiene trabajo y ha agotado el desempleo, puede solicitar un incremento del 20% de la cuant\u00eda de la pensi\u00f3n. En ese caso, el trabajador no puede cobrar la pensi\u00f3n y trabajar o recibir otras prestaciones como bajas de paternidad, maternidad o de desempleo.<\/p>\n<h2>Pensi\u00f3n de incapacidad permanente absoluta o gran invalidez<\/h2>\n<p>Tanto las <b>pensiones de incapacidad permanente absoluta<\/b> como la de <b>gran invalidez <\/b>tienen condiciones similares, seg\u00fan la Seguridad Social. En estos casos, la persona puede recibir la pensi\u00f3n y trabajar en puestos compatibles con su estado siempre y cuando no represente ning\u00fan cambio en su capacidad de trabajo; en ninguno de los dos casos la Seguridad Social se\u00f1ala que sea incompatible cobrar la pensi\u00f3n y trabajar.<\/p>\n<p>La diferencia entre ambas prestaciones es que en la <b>pensi\u00f3n de gran invalidez <\/b>el trabajador necesita la asistencia de otra persona para vestirse, desplazarse o comer, mientras que la <b>pensi\u00f3n de incapacidad permanente absoluta <\/b>se concede a aquellas personas que han perdido su capacidad de trabajo para ejercer su profesi\u00f3n u oficio.<\/p>\n<p>Sin embargo, cuando la persona acceda a la jubilaci\u00f3n en ambos casos, la <b>pensi\u00f3n ser\u00e1 incompatible con ning\u00fan trabajo<\/b>, excepto en ocupaciones a tiempo parcial en los t\u00e9rminos que marca la ley.<\/p>\n<h2>Suspensi\u00f3n de la incapacidad permanente<\/h2>\n<p>La <b>Seguridad Social <\/b>puede bloquear el <b>pago de la pensi\u00f3n<\/b> y en su informaci\u00f3n oficial habla de <b>cuatro casos <\/b>por los que el pago de la pensi\u00f3n se puede suspender. Esto ocurre cuando el <b>beneficiario act\u00faa fraudulentamente<\/b> para conseguir o mantener la pensi\u00f3n, cuando la causa de la incapacidad permanente se debe o se agrava por la temeridad del trabajador, cuando el trabajador abandona el tratamiento sanitario prescrito sin causa justificada y agrava la incapacidad y cuando el trabajador abandona los procesos de rehabilitaci\u00f3n y readaptaci\u00f3n.<\/p>\n<\/div>\n<p>Fuente: Discapacidad https:\/\/www.20minutos.es\/lainformacion\/economia-y-finanzas\/trabajar-cobrar-pension-incapacidad-posible-cumples-requisitos-5667832\/<\/p>\n","protected":false},"excerpt":{"rendered":"<p>Hay cuatro tipos de incapacidad permanente: parcial, total, absoluta y gran invalidez. La primera es compatible con cualquier trabajo. La segunda es para trabajar en un puesto distinto al que se ten\u00eda. Las dos \u00faltimas s\u00f3lo permiten trabajar en puestos acorde hasta la jubilaci\u00f3n.<\/p>\n","protected":false},"author":1,"featured_media":0,"comment_status":"closed","ping_status":"closed","sticky":false,"template":"","format":"standard","meta":{"footnotes":""},"categories":[8],"tags":[],"class_list":["post-10694","post","type-post","status-publish","format-standard","hentry","category-noticias"],"yoast_head":"<!-- This site is optimized with the Yoast SEO plugin v27.5 - https:\/\/yoast.com\/product\/yoast-seo-wordpress\/ -->\n<title>Trabajar y cobrar una pensi\u00f3n por incapacidad es posible si cumples estos requisitos - Asociaci\u00f3n Espa\u00f1ola S\u00edndrome de Charge<\/title>\n<meta name=\"robots\" content=\"index, follow, max-snippet:-1, max-image-preview:large, max-video-preview:-1\" \/>\n<link rel=\"canonical\" href=\"https:\/\/sindromecharge.es\/index.php\/2024\/12\/31\/trabajar-cobrar-pension-incapacidad-posible-cumples-requisitos-5667832\/\" \/>\n<meta property=\"og:locale\" content=\"es_ES\" \/>\n<meta property=\"og:type\" content=\"article\" \/>\n<meta property=\"og:title\" content=\"Trabajar y cobrar una pensi\u00f3n por incapacidad es posible si cumples estos requisitos - Asociaci\u00f3n Espa\u00f1ola S\u00edndrome de Charge\" \/>\n<meta property=\"og:description\" content=\"Hay cuatro tipos de incapacidad permanente: parcial, total, absoluta y gran invalidez. La primera es compatible con cualquier trabajo. La segunda es para trabajar en un puesto distinto al que se ten\u00eda. Las dos \u00faltimas s\u00f3lo permiten trabajar en puestos acorde hasta la jubilaci\u00f3n.\" \/>\n<meta property=\"og:url\" content=\"https:\/\/sindromecharge.es\/index.php\/2024\/12\/31\/trabajar-cobrar-pension-incapacidad-posible-cumples-requisitos-5667832\/\" \/>\n<meta property=\"og:site_name\" content=\"Asociaci\u00f3n Espa\u00f1ola S\u00edndrome de Charge\" \/>\n<meta property=\"article:publisher\" content=\"https:\/\/www.facebook.com\/asociacionsindromecharge\" \/>\n<meta property=\"article:published_time\" content=\"2024-12-31T07:00:00+00:00\" \/>\n<meta property=\"og:image\" content=\"https:\/\/sindromecharge.es\/wp-content\/uploads\/2013\/09\/logodecharge300x98.png\" \/>\n\t<meta property=\"og:image:width\" content=\"300\" \/>\n\t<meta property=\"og:image:height\" content=\"98\" \/>\n\t<meta property=\"og:image:type\" content=\"image\/png\" \/>\n<meta name=\"author\" content=\"Charge\" \/>\n<meta name=\"twitter:card\" content=\"summary_large_image\" \/>\n<meta name=\"twitter:creator\" content=\"@sindromecharge\" \/>\n<meta name=\"twitter:site\" content=\"@sindromecharge\" \/>\n<meta name=\"twitter:label1\" content=\"Escrito por\" \/>\n\t<meta name=\"twitter:data1\" content=\"Charge\" \/>\n\t<meta name=\"twitter:label2\" content=\"Tiempo de lectura\" \/>\n\t<meta name=\"twitter:data2\" content=\"4 minutos\" \/>\n<script type=\"application\/ld+json\" class=\"yoast-schema-graph\">{\"@context\":\"https:\\\/\\\/schema.org\",\"@graph\":[{\"@type\":\"Article\",\"@id\":\"https:\\\/\\\/sindromecharge.es\\\/index.php\\\/2024\\\/12\\\/31\\\/trabajar-cobrar-pension-incapacidad-posible-cumples-requisitos-5667832\\\/#article\",\"isPartOf\":{\"@id\":\"https:\\\/\\\/sindromecharge.es\\\/index.php\\\/2024\\\/12\\\/31\\\/trabajar-cobrar-pension-incapacidad-posible-cumples-requisitos-5667832\\\/\"},\"author\":{\"name\":\"Charge\",\"@id\":\"https:\\\/\\\/sindromecharge.es\\\/#\\\/schema\\\/person\\\/39a60ebe0a2b4d5a11179701e336b039\"},\"headline\":\"Trabajar y cobrar una pensi\u00f3n por incapacidad es posible si cumples estos requisitos\",\"datePublished\":\"2024-12-31T07:00:00+00:00\",\"mainEntityOfPage\":{\"@id\":\"https:\\\/\\\/sindromecharge.es\\\/index.php\\\/2024\\\/12\\\/31\\\/trabajar-cobrar-pension-incapacidad-posible-cumples-requisitos-5667832\\\/\"},\"wordCount\":841,\"articleSection\":[\"noticias\"],\"inLanguage\":\"es\"},{\"@type\":\"WebPage\",\"@id\":\"https:\\\/\\\/sindromecharge.es\\\/index.php\\\/2024\\\/12\\\/31\\\/trabajar-cobrar-pension-incapacidad-posible-cumples-requisitos-5667832\\\/\",\"url\":\"https:\\\/\\\/sindromecharge.es\\\/index.php\\\/2024\\\/12\\\/31\\\/trabajar-cobrar-pension-incapacidad-posible-cumples-requisitos-5667832\\\/\",\"name\":\"Trabajar y cobrar una pensi\u00f3n por incapacidad es posible si cumples estos requisitos - Asociaci\u00f3n Espa\u00f1ola S\u00edndrome de Charge\",\"isPartOf\":{\"@id\":\"https:\\\/\\\/sindromecharge.es\\\/#website\"},\"datePublished\":\"2024-12-31T07:00:00+00:00\",\"author\":{\"@id\":\"https:\\\/\\\/sindromecharge.es\\\/#\\\/schema\\\/person\\\/39a60ebe0a2b4d5a11179701e336b039\"},\"breadcrumb\":{\"@id\":\"https:\\\/\\\/sindromecharge.es\\\/index.php\\\/2024\\\/12\\\/31\\\/trabajar-cobrar-pension-incapacidad-posible-cumples-requisitos-5667832\\\/#breadcrumb\"},\"inLanguage\":\"es\",\"potentialAction\":[{\"@type\":\"ReadAction\",\"target\":[\"https:\\\/\\\/sindromecharge.es\\\/index.php\\\/2024\\\/12\\\/31\\\/trabajar-cobrar-pension-incapacidad-posible-cumples-requisitos-5667832\\\/\"]}]},{\"@type\":\"BreadcrumbList\",\"@id\":\"https:\\\/\\\/sindromecharge.es\\\/index.php\\\/2024\\\/12\\\/31\\\/trabajar-cobrar-pension-incapacidad-posible-cumples-requisitos-5667832\\\/#breadcrumb\",\"itemListElement\":[{\"@type\":\"ListItem\",\"position\":1,\"name\":\"Portada\",\"item\":\"https:\\\/\\\/sindromecharge.es\\\/\"},{\"@type\":\"ListItem\",\"position\":2,\"name\":\"Trabajar y cobrar una pensi\u00f3n por incapacidad es posible si cumples estos requisitos\"}]},{\"@type\":\"WebSite\",\"@id\":\"https:\\\/\\\/sindromecharge.es\\\/#website\",\"url\":\"https:\\\/\\\/sindromecharge.es\\\/\",\"name\":\"Asociaci\u00f3n Espa\u00f1ola S\u00edndrome de Charge\",\"description\":\"\",\"potentialAction\":[{\"@type\":\"SearchAction\",\"target\":{\"@type\":\"EntryPoint\",\"urlTemplate\":\"https:\\\/\\\/sindromecharge.es\\\/?s={search_term_string}\"},\"query-input\":{\"@type\":\"PropertyValueSpecification\",\"valueRequired\":true,\"valueName\":\"search_term_string\"}}],\"inLanguage\":\"es\"},{\"@type\":\"Person\",\"@id\":\"https:\\\/\\\/sindromecharge.es\\\/#\\\/schema\\\/person\\\/39a60ebe0a2b4d5a11179701e336b039\",\"name\":\"Charge\",\"image\":{\"@type\":\"ImageObject\",\"inLanguage\":\"es\",\"@id\":\"https:\\\/\\\/secure.gravatar.com\\\/avatar\\\/c3b46e32a0fc3b093a0873fb767bf3293de856293065e84ef06b7ec7a8acfb98?s=96&d=identicon&r=x\",\"url\":\"https:\\\/\\\/secure.gravatar.com\\\/avatar\\\/c3b46e32a0fc3b093a0873fb767bf3293de856293065e84ef06b7ec7a8acfb98?s=96&d=identicon&r=x\",\"contentUrl\":\"https:\\\/\\\/secure.gravatar.com\\\/avatar\\\/c3b46e32a0fc3b093a0873fb767bf3293de856293065e84ef06b7ec7a8acfb98?s=96&d=identicon&r=x\",\"caption\":\"Charge\"},\"url\":\"https:\\\/\\\/sindromecharge.es\\\/index.php\\\/author\\\/admin\\\/\"}]}<\/script>\n<!-- \/ Yoast SEO plugin. -->","yoast_head_json":{"title":"Trabajar y cobrar una pensi\u00f3n por incapacidad es posible si cumples estos requisitos - Asociaci\u00f3n Espa\u00f1ola S\u00edndrome de Charge","robots":{"index":"index","follow":"follow","max-snippet":"max-snippet:-1","max-image-preview":"max-image-preview:large","max-video-preview":"max-video-preview:-1"},"canonical":"https:\/\/sindromecharge.es\/index.php\/2024\/12\/31\/trabajar-cobrar-pension-incapacidad-posible-cumples-requisitos-5667832\/","og_locale":"es_ES","og_type":"article","og_title":"Trabajar y cobrar una pensi\u00f3n por incapacidad es posible si cumples estos requisitos - Asociaci\u00f3n Espa\u00f1ola S\u00edndrome de Charge","og_description":"Hay cuatro tipos de incapacidad permanente: parcial, total, absoluta y gran invalidez. La primera es compatible con cualquier trabajo. La segunda es para trabajar en un puesto distinto al que se ten\u00eda. Las dos \u00faltimas s\u00f3lo permiten trabajar en puestos acorde hasta la jubilaci\u00f3n.","og_url":"https:\/\/sindromecharge.es\/index.php\/2024\/12\/31\/trabajar-cobrar-pension-incapacidad-posible-cumples-requisitos-5667832\/","og_site_name":"Asociaci\u00f3n Espa\u00f1ola S\u00edndrome de Charge","article_publisher":"https:\/\/www.facebook.com\/asociacionsindromecharge","article_published_time":"2024-12-31T07:00:00+00:00","og_image":[{"width":300,"height":98,"url":"https:\/\/sindromecharge.es\/wp-content\/uploads\/2013\/09\/logodecharge300x98.png","type":"image\/png"}],"author":"Charge","twitter_card":"summary_large_image","twitter_creator":"@sindromecharge","twitter_site":"@sindromecharge","twitter_misc":{"Escrito por":"Charge","Tiempo de lectura":"4 minutos"},"schema":{"@context":"https:\/\/schema.org","@graph":[{"@type":"Article","@id":"https:\/\/sindromecharge.es\/index.php\/2024\/12\/31\/trabajar-cobrar-pension-incapacidad-posible-cumples-requisitos-5667832\/#article","isPartOf":{"@id":"https:\/\/sindromecharge.es\/index.php\/2024\/12\/31\/trabajar-cobrar-pension-incapacidad-posible-cumples-requisitos-5667832\/"},"author":{"name":"Charge","@id":"https:\/\/sindromecharge.es\/#\/schema\/person\/39a60ebe0a2b4d5a11179701e336b039"},"headline":"Trabajar y cobrar una pensi\u00f3n por incapacidad es posible si cumples estos requisitos","datePublished":"2024-12-31T07:00:00+00:00","mainEntityOfPage":{"@id":"https:\/\/sindromecharge.es\/index.php\/2024\/12\/31\/trabajar-cobrar-pension-incapacidad-posible-cumples-requisitos-5667832\/"},"wordCount":841,"articleSection":["noticias"],"inLanguage":"es"},{"@type":"WebPage","@id":"https:\/\/sindromecharge.es\/index.php\/2024\/12\/31\/trabajar-cobrar-pension-incapacidad-posible-cumples-requisitos-5667832\/","url":"https:\/\/sindromecharge.es\/index.php\/2024\/12\/31\/trabajar-cobrar-pension-incapacidad-posible-cumples-requisitos-5667832\/","name":"Trabajar y cobrar una pensi\u00f3n por incapacidad es posible si cumples estos requisitos - Asociaci\u00f3n Espa\u00f1ola S\u00edndrome de Charge","isPartOf":{"@id":"https:\/\/sindromecharge.es\/#website"},"datePublished":"2024-12-31T07:00:00+00:00","author":{"@id":"https:\/\/sindromecharge.es\/#\/schema\/person\/39a60ebe0a2b4d5a11179701e336b039"},"breadcrumb":{"@id":"https:\/\/sindromecharge.es\/index.php\/2024\/12\/31\/trabajar-cobrar-pension-incapacidad-posible-cumples-requisitos-5667832\/#breadcrumb"},"inLanguage":"es","potentialAction":[{"@type":"ReadAction","target":["https:\/\/sindromecharge.es\/index.php\/2024\/12\/31\/trabajar-cobrar-pension-incapacidad-posible-cumples-requisitos-5667832\/"]}]},{"@type":"BreadcrumbList","@id":"https:\/\/sindromecharge.es\/index.php\/2024\/12\/31\/trabajar-cobrar-pension-incapacidad-posible-cumples-requisitos-5667832\/#breadcrumb","itemListElement":[{"@type":"ListItem","position":1,"name":"Portada","item":"https:\/\/sindromecharge.es\/"},{"@type":"ListItem","position":2,"name":"Trabajar y cobrar una pensi\u00f3n por incapacidad es posible si cumples estos requisitos"}]},{"@type":"WebSite","@id":"https:\/\/sindromecharge.es\/#website","url":"https:\/\/sindromecharge.es\/","name":"Asociaci\u00f3n Espa\u00f1ola S\u00edndrome de Charge","description":"","potentialAction":[{"@type":"SearchAction","target":{"@type":"EntryPoint","urlTemplate":"https:\/\/sindromecharge.es\/?s={search_term_string}"},"query-input":{"@type":"PropertyValueSpecification","valueRequired":true,"valueName":"search_term_string"}}],"inLanguage":"es"},{"@type":"Person","@id":"https:\/\/sindromecharge.es\/#\/schema\/person\/39a60ebe0a2b4d5a11179701e336b039","name":"Charge","image":{"@type":"ImageObject","inLanguage":"es","@id":"https:\/\/secure.gravatar.com\/avatar\/c3b46e32a0fc3b093a0873fb767bf3293de856293065e84ef06b7ec7a8acfb98?s=96&d=identicon&r=x","url":"https:\/\/secure.gravatar.com\/avatar\/c3b46e32a0fc3b093a0873fb767bf3293de856293065e84ef06b7ec7a8acfb98?s=96&d=identicon&r=x","contentUrl":"https:\/\/secure.gravatar.com\/avatar\/c3b46e32a0fc3b093a0873fb767bf3293de856293065e84ef06b7ec7a8acfb98?s=96&d=identicon&r=x","caption":"Charge"},"url":"https:\/\/sindromecharge.es\/index.php\/author\/admin\/"}]}},"_links":{"self":[{"href":"https:\/\/sindromecharge.es\/index.php\/wp-json\/wp\/v2\/posts\/10694","targetHints":{"allow":["GET"]}}],"collection":[{"href":"https:\/\/sindromecharge.es\/index.php\/wp-json\/wp\/v2\/posts"}],"about":[{"href":"https:\/\/sindromecharge.es\/index.php\/wp-json\/wp\/v2\/types\/post"}],"author":[{"embeddable":true,"href":"https:\/\/sindromecharge.es\/index.php\/wp-json\/wp\/v2\/users\/1"}],"replies":[{"embeddable":true,"href":"https:\/\/sindromecharge.es\/index.php\/wp-json\/wp\/v2\/comments?post=10694"}],"version-history":[{"count":0,"href":"https:\/\/sindromecharge.es\/index.php\/wp-json\/wp\/v2\/posts\/10694\/revisions"}],"wp:attachment":[{"href":"https:\/\/sindromecharge.es\/index.php\/wp-json\/wp\/v2\/media?parent=10694"}],"wp:term":[{"taxonomy":"category","embeddable":true,"href":"https:\/\/sindromecharge.es\/index.php\/wp-json\/wp\/v2\/categories?post=10694"},{"taxonomy":"post_tag","embeddable":true,"href":"https:\/\/sindromecharge.es\/index.php\/wp-json\/wp\/v2\/tags?post=10694"}],"curies":[{"name":"wp","href":"https:\/\/api.w.org\/{rel}","templated":true}]}}