{"id":10691,"date":"2024-12-30T06:17:55","date_gmt":"2024-12-30T06:17:55","guid":{"rendered":"https:\/\/sindromecharge.es\/index.php\/2024\/12\/30\/orquesta-implantados-cocleares-queriamos-demostrar-que-podemos-hacer-cosas\/"},"modified":"2024-12-30T06:17:55","modified_gmt":"2024-12-30T06:17:55","slug":"orquesta-implantados-cocleares-queriamos-demostrar-que-podemos-hacer-cosas","status":"publish","type":"post","link":"https:\/\/sindromecharge.es\/index.php\/2024\/12\/30\/orquesta-implantados-cocleares-queriamos-demostrar-que-podemos-hacer-cosas\/","title":{"rendered":"Una orquesta de implantados cocleares: \u00abQuiz\u00e1s tengamos que esforzarnos m\u00e1s, pero podemos llegar\u00bb"},"content":{"rendered":"<p>Leemos en Discapacidad la siguiente noticia que os reproducimos de forma \u00edntegra: <\/p>\n<div>\n<p>Adam Hanus tiene 15 a\u00f1os y toca la trompeta. Con 2 a\u00f1os fue operado en el Hospital Sant Joan de Deu de Barcelona. Es sordo. Le pusieron implantes cocleares. <b>Desde entonces puede o\u00edr.<\/b><\/p>\n<p>Una de las tareas de la doctora Mar\u00eda Antonia Claveria era hacer seguimiento a estos chavales operados e implantados. Durante a\u00f1os de tratamientos m\u00e9dicos tambi\u00e9n charlaban de sus vidas. Fue en una de estas charlas cuando uno de los chavales le dijo que hab\u00eda empezado a tocar la trompeta. Con el tiempo otro le coment\u00f3 que tocaba la guitarra. M\u00e1s adelante otro la bater\u00eda\u2026 \u201cEsto no es normal, tenemos que hacer algo, <b>\u00a1esto se tiene que saber!<\/b>\u201d, se dijo Mar\u00eda Antonia.<\/p>\n<p>El protocolo que se sigue con los implantados incluye un arduo trabajo para que adquieran el lenguaje. El lenguaje, lo que a nadie se le ocurri\u00f3 fue pensar en <b>hacer m\u00fasica<\/b>. <\/p>\n<p>\u201cYo empec\u00e9 a tocar porque mi madre hac\u00eda m\u00fasica. <b>Empec\u00e9 con 8 a\u00f1os con la trompeta<\/b>\u201d, cuenta Adam.<\/p>\n<p>La doctora dice que la <b>sordera es una <a href=\"https:\/\/www.20minutos.es\/minuteca\/discapacidad\/\" title=\"Discapacidad\">discapacidad <\/a>invisible, de ah\u00ed su empe\u00f1o en visibilizarla<\/b>. Habl\u00f3 con el hospital sobre la posibilidad de organizar un concierto de estos chavales implantados, pero la cosa no termin\u00f3 de cuajar. Pas\u00f3 el tiempo y a Mar\u00eda Antonia no se le iba la idea de la cabeza. Un d\u00eda en una reuni\u00f3n con Fundaci\u00f3n Gaes Solidaria sac\u00f3 el tema y cal\u00f3. Unieron fuerzas y organizaron con \u00e9xito en 2019 un concierto en el hospital.<\/p>\n<p>\u201c<b>Quer\u00edamos demostrar que cualquier persona que tenga una discapacidad en el o\u00eddo podemos hacer cosas. <\/b>Quiz\u00e1s tengamos que hacer m\u00e1s esfuerzo pero podemos llegar\u201d, cuenta Adam.<\/p>\n<p>El patio de butacas estaba lleno y entre el p\u00fablico se encontraba Jordi Cos, presidente y viola de la Orquesta Sinf\u00f3nica del Vall\u00e9s. Al terminar el concierto, se uni\u00f3 a la iniciativa. \u201cJordi nos dijo que esto no pod\u00eda quedar as\u00ed\u201d, recuerda Mar\u00eda Antonia. Y as\u00ed fue como la orquesta de implantados cocleares que se uni\u00f3 para dar un concierto en el hospital donde los trataban, se acab\u00f3 convirtiendo en la<b> Joven Orquesta Graeme Clark en honor a uno de los pioneros del implante coclear<\/b>.<\/p>\n<p>El concierto tambi\u00e9n fue importante porque entre el p\u00fablico estaban ni\u00f1os reci\u00e9n implantados con sus familias. \u201cLos ni\u00f1os de la orquesta eran un ejemplo de que con el tratamiento podr\u00edan no solo hablar, sino hasta tocar un instrumento. Es una orquesta que los <b>fortalece y empodera despu\u00e9s de todo el esfuerzo que hacen en el tratamiento<\/b>\u201d, dice Mar\u00eda Antonia.<\/p>\n<p>\u201cEsta orquesta es una lecci\u00f3n que ellos est\u00e1n dando de superaci\u00f3n, de madurez, de desarrollo a pesar de las dificultades\u201d, defiende Jordi, su director. \u201cC\u00f3mo afronto esta discapacidad y c\u00f3mo la supero.<b> Tienen una capacidad de superaci\u00f3n que otros ni\u00f1os no tienen<\/b>\u201d.<\/p>\n<p>Gracias tambi\u00e9n al apoyo de Fundaci\u00f3n Gaes Solidaria la orquesta sigui\u00f3 adelante con <b>profesores de m\u00fasica que se adaptaron a sus necesidades<\/b>.<\/p>\n<p>\u201cA m\u00ed tocar me mejora la atenci\u00f3n, estar atento a qu\u00e9 nota sale, tu manera de escuchar\u201d, cuenta Adam. \u201cEs diferente tocar si no tienes discapacidad en el o\u00eddo. He tenido momentos dif\u00edciles estudiando la trompeta porque era muy complicado. <b>Cuando tocas tienes que saber si est\u00e1 afinada y qu\u00e9 nota es exactamente<\/b>, pero a trav\u00e9s de un aparato electr\u00f3nico (el implante) es muy dif\u00edcil. Solo lo sabes si llevamos a\u00f1os. Con el tiempo te acostumbras y ahora ya no me resulta tan dif\u00edcil, aunque sigo teniendo dificultades\u201d.<\/p>\n<p>El repertorio de la orquesta incluye temas como <i>Guantamera<\/i>, <i>Hallelujah<\/i> o<i> We are the champions<\/i> (su lema). \u201cA m\u00ed <b>me gustar\u00eda tocar canciones cl\u00e1sicas<\/b>, pero se necesitan como cuarenta violines y nosotros no tenemos\u201d, dice Adam.<\/p>\n<p>Adam nota en su vida la disciplina que le ha inculcado la m\u00fasica. \u201c<b>Esto te ayuda en los estudios. <\/b>Adem\u00e1s creo que te abre la mente a diferentes puntos de vista porque cuando hablo con compa\u00f1eros que hacen m\u00fasica se nota que no tienen la misma opini\u00f3n en las cosas que los dem\u00e1s\u201d.<\/p>\n<h2>El Vaticano<\/h2>\n<p>Con la pandemia la orquesta qued\u00f3 en un prolongado silencio. Pero Mar\u00eda Antonia no se olvidada y pens\u00f3 que <b>lo mejor ser\u00eda idear algo para volver a lo grande<\/b> y as\u00ed devolver la ilusi\u00f3n a todos los participantes en el proyecto. Nuevamente volvi\u00f3 a contar con el apoyo de Fundaci\u00f3n Gaes para el que result\u00f3 ser su proyecto m\u00e1s (aparentemente) descabellado.<\/p>\n<p>Se le ocurri\u00f3 escribir al papa. Y le contest\u00f3. As\u00ed fue como la orquesta acab\u00f3 dando un <b>concierto en la plaza de San Pedro<\/b>. \u201cCuando termin\u00f3 el concierto vino un soldado y nos dijo que fu\u00e9ramos con \u00e9l. Yo no me lo cre\u00eda pero s\u00ed, nos llev\u00f3 a ver al papa. Nos salud\u00f3 a todos y nos hicimos una foto con \u00e9l. Fue una experiencia inolvidable\u201d, recuerda Adam contento.<\/p>\n<p>\u201cYo le ofrec\u00ed al santo padre el concierto para que el mundo pudiera conocer esta orquesta\u201d, explica Mar\u00eda Antonia. \u201cEs important\u00edsimo saber que <b>esta discapacidad tiene tratamiento para personas de cualquier edad<\/b>. Hay que batallar para que esto se sepa\u201d.<\/p>\n<p>\u201c<b>Cuando nos aplauden siento orgullo, felicidad.<\/b> Despu\u00e9s del concierto del Vaticano fuimos a dar una vuelta y se nos acercarnos dos se\u00f1oras que nos reconocieron y nos dijeron \u00a1vosotros sois los que hab\u00e9is tocado en la plaza! Les dijimos que s\u00ed. Fueron nuestras primeras fans y nos hicimos fotos con ellas\u201d, recuerda Adam.<\/p>\n<p>\u201cTener la orquesta de sordos es algo bueno\u201d, cuenta Adam. \u201cPara m\u00ed no es igual estar con otros sordos que con gente que no ha pasado por lo mismo o parecido a lo m\u00edo. Nos entendemos. En Roma un compa\u00f1ero perdi\u00f3 la mochila con sus implantes y no te imaginas lo asustado que estaba. Yo lo entend\u00eda porque perd\u00ed mi caja de la bater\u00eda de implantes y el cargador. No es que no sea nadie sin escuchar, pero estar sin escuchar a m\u00ed me cuesta. <b>El primer d\u00eda de conocernos ya ten\u00eda un v\u00ednculo con ellos y eso es lo que tiene especial la orquesta<\/b>\u201d, concluye.<\/p>\n<\/div>\n<p>Fuente: Discapacidad https:\/\/www.20minutos.es\/noticia\/5660990\/0\/orquesta-implantados-cocleares-queriamos-demostrar-que-podemos-hacer-cosas\/<\/p>\n","protected":false},"excerpt":{"rendered":"<p>La orquesta de implantados cocleares: \u201cQuer\u00edamos demostrar que podemos hacer cosas\u201d<\/p>\n","protected":false},"author":1,"featured_media":0,"comment_status":"closed","ping_status":"closed","sticky":false,"template":"","format":"standard","meta":{"footnotes":""},"categories":[8],"tags":[],"class_list":["post-10691","post","type-post","status-publish","format-standard","hentry","category-noticias"],"yoast_head":"<!-- This site is optimized with the Yoast SEO plugin v27.5 - https:\/\/yoast.com\/product\/yoast-seo-wordpress\/ -->\n<title>Una orquesta de implantados cocleares: &quot;Quiz\u00e1s tengamos que esforzarnos m\u00e1s, pero podemos llegar&quot; - Asociaci\u00f3n Espa\u00f1ola S\u00edndrome de Charge<\/title>\n<meta name=\"robots\" content=\"index, follow, max-snippet:-1, max-image-preview:large, max-video-preview:-1\" \/>\n<link rel=\"canonical\" href=\"https:\/\/sindromecharge.es\/index.php\/2024\/12\/30\/orquesta-implantados-cocleares-queriamos-demostrar-que-podemos-hacer-cosas\/\" \/>\n<meta property=\"og:locale\" content=\"es_ES\" \/>\n<meta property=\"og:type\" content=\"article\" \/>\n<meta property=\"og:title\" content=\"Una orquesta de implantados cocleares: &quot;Quiz\u00e1s tengamos que esforzarnos m\u00e1s, pero podemos llegar&quot; - Asociaci\u00f3n Espa\u00f1ola S\u00edndrome de Charge\" \/>\n<meta property=\"og:description\" content=\"La orquesta de implantados cocleares: \u201cQuer\u00edamos demostrar que podemos hacer cosas\u201d\" \/>\n<meta property=\"og:url\" content=\"https:\/\/sindromecharge.es\/index.php\/2024\/12\/30\/orquesta-implantados-cocleares-queriamos-demostrar-que-podemos-hacer-cosas\/\" \/>\n<meta property=\"og:site_name\" content=\"Asociaci\u00f3n Espa\u00f1ola S\u00edndrome de Charge\" \/>\n<meta property=\"article:publisher\" content=\"https:\/\/www.facebook.com\/asociacionsindromecharge\" \/>\n<meta property=\"article:published_time\" content=\"2024-12-30T06:17:55+00:00\" \/>\n<meta property=\"og:image\" content=\"https:\/\/sindromecharge.es\/wp-content\/uploads\/2013\/09\/logodecharge300x98.png\" \/>\n\t<meta property=\"og:image:width\" content=\"300\" \/>\n\t<meta property=\"og:image:height\" content=\"98\" \/>\n\t<meta property=\"og:image:type\" content=\"image\/png\" \/>\n<meta name=\"author\" content=\"Charge\" \/>\n<meta name=\"twitter:card\" content=\"summary_large_image\" \/>\n<meta name=\"twitter:creator\" content=\"@sindromecharge\" \/>\n<meta name=\"twitter:site\" content=\"@sindromecharge\" \/>\n<meta name=\"twitter:label1\" content=\"Escrito por\" \/>\n\t<meta name=\"twitter:data1\" content=\"Charge\" \/>\n\t<meta name=\"twitter:label2\" content=\"Tiempo de lectura\" \/>\n\t<meta name=\"twitter:data2\" content=\"5 minutos\" \/>\n<script type=\"application\/ld+json\" class=\"yoast-schema-graph\">{\"@context\":\"https:\\\/\\\/schema.org\",\"@graph\":[{\"@type\":\"Article\",\"@id\":\"https:\\\/\\\/sindromecharge.es\\\/index.php\\\/2024\\\/12\\\/30\\\/orquesta-implantados-cocleares-queriamos-demostrar-que-podemos-hacer-cosas\\\/#article\",\"isPartOf\":{\"@id\":\"https:\\\/\\\/sindromecharge.es\\\/index.php\\\/2024\\\/12\\\/30\\\/orquesta-implantados-cocleares-queriamos-demostrar-que-podemos-hacer-cosas\\\/\"},\"author\":{\"name\":\"Charge\",\"@id\":\"https:\\\/\\\/sindromecharge.es\\\/#\\\/schema\\\/person\\\/39a60ebe0a2b4d5a11179701e336b039\"},\"headline\":\"Una orquesta de implantados cocleares: \u00abQuiz\u00e1s tengamos que esforzarnos m\u00e1s, pero podemos llegar\u00bb\",\"datePublished\":\"2024-12-30T06:17:55+00:00\",\"mainEntityOfPage\":{\"@id\":\"https:\\\/\\\/sindromecharge.es\\\/index.php\\\/2024\\\/12\\\/30\\\/orquesta-implantados-cocleares-queriamos-demostrar-que-podemos-hacer-cosas\\\/\"},\"wordCount\":1099,\"articleSection\":[\"noticias\"],\"inLanguage\":\"es\"},{\"@type\":\"WebPage\",\"@id\":\"https:\\\/\\\/sindromecharge.es\\\/index.php\\\/2024\\\/12\\\/30\\\/orquesta-implantados-cocleares-queriamos-demostrar-que-podemos-hacer-cosas\\\/\",\"url\":\"https:\\\/\\\/sindromecharge.es\\\/index.php\\\/2024\\\/12\\\/30\\\/orquesta-implantados-cocleares-queriamos-demostrar-que-podemos-hacer-cosas\\\/\",\"name\":\"Una orquesta de implantados cocleares: \\\"Quiz\u00e1s tengamos que esforzarnos m\u00e1s, pero podemos llegar\\\" - Asociaci\u00f3n Espa\u00f1ola S\u00edndrome de Charge\",\"isPartOf\":{\"@id\":\"https:\\\/\\\/sindromecharge.es\\\/#website\"},\"datePublished\":\"2024-12-30T06:17:55+00:00\",\"author\":{\"@id\":\"https:\\\/\\\/sindromecharge.es\\\/#\\\/schema\\\/person\\\/39a60ebe0a2b4d5a11179701e336b039\"},\"breadcrumb\":{\"@id\":\"https:\\\/\\\/sindromecharge.es\\\/index.php\\\/2024\\\/12\\\/30\\\/orquesta-implantados-cocleares-queriamos-demostrar-que-podemos-hacer-cosas\\\/#breadcrumb\"},\"inLanguage\":\"es\",\"potentialAction\":[{\"@type\":\"ReadAction\",\"target\":[\"https:\\\/\\\/sindromecharge.es\\\/index.php\\\/2024\\\/12\\\/30\\\/orquesta-implantados-cocleares-queriamos-demostrar-que-podemos-hacer-cosas\\\/\"]}]},{\"@type\":\"BreadcrumbList\",\"@id\":\"https:\\\/\\\/sindromecharge.es\\\/index.php\\\/2024\\\/12\\\/30\\\/orquesta-implantados-cocleares-queriamos-demostrar-que-podemos-hacer-cosas\\\/#breadcrumb\",\"itemListElement\":[{\"@type\":\"ListItem\",\"position\":1,\"name\":\"Portada\",\"item\":\"https:\\\/\\\/sindromecharge.es\\\/\"},{\"@type\":\"ListItem\",\"position\":2,\"name\":\"Una orquesta de implantados cocleares: &#8220;Quiz\u00e1s tengamos que esforzarnos m\u00e1s, pero podemos llegar&#8221;\"}]},{\"@type\":\"WebSite\",\"@id\":\"https:\\\/\\\/sindromecharge.es\\\/#website\",\"url\":\"https:\\\/\\\/sindromecharge.es\\\/\",\"name\":\"Asociaci\u00f3n Espa\u00f1ola S\u00edndrome de Charge\",\"description\":\"\",\"potentialAction\":[{\"@type\":\"SearchAction\",\"target\":{\"@type\":\"EntryPoint\",\"urlTemplate\":\"https:\\\/\\\/sindromecharge.es\\\/?s={search_term_string}\"},\"query-input\":{\"@type\":\"PropertyValueSpecification\",\"valueRequired\":true,\"valueName\":\"search_term_string\"}}],\"inLanguage\":\"es\"},{\"@type\":\"Person\",\"@id\":\"https:\\\/\\\/sindromecharge.es\\\/#\\\/schema\\\/person\\\/39a60ebe0a2b4d5a11179701e336b039\",\"name\":\"Charge\",\"image\":{\"@type\":\"ImageObject\",\"inLanguage\":\"es\",\"@id\":\"https:\\\/\\\/secure.gravatar.com\\\/avatar\\\/c3b46e32a0fc3b093a0873fb767bf3293de856293065e84ef06b7ec7a8acfb98?s=96&d=identicon&r=x\",\"url\":\"https:\\\/\\\/secure.gravatar.com\\\/avatar\\\/c3b46e32a0fc3b093a0873fb767bf3293de856293065e84ef06b7ec7a8acfb98?s=96&d=identicon&r=x\",\"contentUrl\":\"https:\\\/\\\/secure.gravatar.com\\\/avatar\\\/c3b46e32a0fc3b093a0873fb767bf3293de856293065e84ef06b7ec7a8acfb98?s=96&d=identicon&r=x\",\"caption\":\"Charge\"},\"url\":\"https:\\\/\\\/sindromecharge.es\\\/index.php\\\/author\\\/admin\\\/\"}]}<\/script>\n<!-- \/ Yoast SEO plugin. -->","yoast_head_json":{"title":"Una orquesta de implantados cocleares: \"Quiz\u00e1s tengamos que esforzarnos m\u00e1s, pero podemos llegar\" - Asociaci\u00f3n Espa\u00f1ola S\u00edndrome de Charge","robots":{"index":"index","follow":"follow","max-snippet":"max-snippet:-1","max-image-preview":"max-image-preview:large","max-video-preview":"max-video-preview:-1"},"canonical":"https:\/\/sindromecharge.es\/index.php\/2024\/12\/30\/orquesta-implantados-cocleares-queriamos-demostrar-que-podemos-hacer-cosas\/","og_locale":"es_ES","og_type":"article","og_title":"Una orquesta de implantados cocleares: \"Quiz\u00e1s tengamos que esforzarnos m\u00e1s, pero podemos llegar\" - Asociaci\u00f3n Espa\u00f1ola S\u00edndrome de Charge","og_description":"La orquesta de implantados cocleares: \u201cQuer\u00edamos demostrar que podemos hacer cosas\u201d","og_url":"https:\/\/sindromecharge.es\/index.php\/2024\/12\/30\/orquesta-implantados-cocleares-queriamos-demostrar-que-podemos-hacer-cosas\/","og_site_name":"Asociaci\u00f3n Espa\u00f1ola S\u00edndrome de Charge","article_publisher":"https:\/\/www.facebook.com\/asociacionsindromecharge","article_published_time":"2024-12-30T06:17:55+00:00","og_image":[{"width":300,"height":98,"url":"https:\/\/sindromecharge.es\/wp-content\/uploads\/2013\/09\/logodecharge300x98.png","type":"image\/png"}],"author":"Charge","twitter_card":"summary_large_image","twitter_creator":"@sindromecharge","twitter_site":"@sindromecharge","twitter_misc":{"Escrito por":"Charge","Tiempo de lectura":"5 minutos"},"schema":{"@context":"https:\/\/schema.org","@graph":[{"@type":"Article","@id":"https:\/\/sindromecharge.es\/index.php\/2024\/12\/30\/orquesta-implantados-cocleares-queriamos-demostrar-que-podemos-hacer-cosas\/#article","isPartOf":{"@id":"https:\/\/sindromecharge.es\/index.php\/2024\/12\/30\/orquesta-implantados-cocleares-queriamos-demostrar-que-podemos-hacer-cosas\/"},"author":{"name":"Charge","@id":"https:\/\/sindromecharge.es\/#\/schema\/person\/39a60ebe0a2b4d5a11179701e336b039"},"headline":"Una orquesta de implantados cocleares: \u00abQuiz\u00e1s tengamos que esforzarnos m\u00e1s, pero podemos llegar\u00bb","datePublished":"2024-12-30T06:17:55+00:00","mainEntityOfPage":{"@id":"https:\/\/sindromecharge.es\/index.php\/2024\/12\/30\/orquesta-implantados-cocleares-queriamos-demostrar-que-podemos-hacer-cosas\/"},"wordCount":1099,"articleSection":["noticias"],"inLanguage":"es"},{"@type":"WebPage","@id":"https:\/\/sindromecharge.es\/index.php\/2024\/12\/30\/orquesta-implantados-cocleares-queriamos-demostrar-que-podemos-hacer-cosas\/","url":"https:\/\/sindromecharge.es\/index.php\/2024\/12\/30\/orquesta-implantados-cocleares-queriamos-demostrar-que-podemos-hacer-cosas\/","name":"Una orquesta de implantados cocleares: \"Quiz\u00e1s tengamos que esforzarnos m\u00e1s, pero podemos llegar\" - Asociaci\u00f3n Espa\u00f1ola S\u00edndrome de Charge","isPartOf":{"@id":"https:\/\/sindromecharge.es\/#website"},"datePublished":"2024-12-30T06:17:55+00:00","author":{"@id":"https:\/\/sindromecharge.es\/#\/schema\/person\/39a60ebe0a2b4d5a11179701e336b039"},"breadcrumb":{"@id":"https:\/\/sindromecharge.es\/index.php\/2024\/12\/30\/orquesta-implantados-cocleares-queriamos-demostrar-que-podemos-hacer-cosas\/#breadcrumb"},"inLanguage":"es","potentialAction":[{"@type":"ReadAction","target":["https:\/\/sindromecharge.es\/index.php\/2024\/12\/30\/orquesta-implantados-cocleares-queriamos-demostrar-que-podemos-hacer-cosas\/"]}]},{"@type":"BreadcrumbList","@id":"https:\/\/sindromecharge.es\/index.php\/2024\/12\/30\/orquesta-implantados-cocleares-queriamos-demostrar-que-podemos-hacer-cosas\/#breadcrumb","itemListElement":[{"@type":"ListItem","position":1,"name":"Portada","item":"https:\/\/sindromecharge.es\/"},{"@type":"ListItem","position":2,"name":"Una orquesta de implantados cocleares: &#8220;Quiz\u00e1s tengamos que esforzarnos m\u00e1s, pero podemos llegar&#8221;"}]},{"@type":"WebSite","@id":"https:\/\/sindromecharge.es\/#website","url":"https:\/\/sindromecharge.es\/","name":"Asociaci\u00f3n Espa\u00f1ola S\u00edndrome de Charge","description":"","potentialAction":[{"@type":"SearchAction","target":{"@type":"EntryPoint","urlTemplate":"https:\/\/sindromecharge.es\/?s={search_term_string}"},"query-input":{"@type":"PropertyValueSpecification","valueRequired":true,"valueName":"search_term_string"}}],"inLanguage":"es"},{"@type":"Person","@id":"https:\/\/sindromecharge.es\/#\/schema\/person\/39a60ebe0a2b4d5a11179701e336b039","name":"Charge","image":{"@type":"ImageObject","inLanguage":"es","@id":"https:\/\/secure.gravatar.com\/avatar\/c3b46e32a0fc3b093a0873fb767bf3293de856293065e84ef06b7ec7a8acfb98?s=96&d=identicon&r=x","url":"https:\/\/secure.gravatar.com\/avatar\/c3b46e32a0fc3b093a0873fb767bf3293de856293065e84ef06b7ec7a8acfb98?s=96&d=identicon&r=x","contentUrl":"https:\/\/secure.gravatar.com\/avatar\/c3b46e32a0fc3b093a0873fb767bf3293de856293065e84ef06b7ec7a8acfb98?s=96&d=identicon&r=x","caption":"Charge"},"url":"https:\/\/sindromecharge.es\/index.php\/author\/admin\/"}]}},"_links":{"self":[{"href":"https:\/\/sindromecharge.es\/index.php\/wp-json\/wp\/v2\/posts\/10691","targetHints":{"allow":["GET"]}}],"collection":[{"href":"https:\/\/sindromecharge.es\/index.php\/wp-json\/wp\/v2\/posts"}],"about":[{"href":"https:\/\/sindromecharge.es\/index.php\/wp-json\/wp\/v2\/types\/post"}],"author":[{"embeddable":true,"href":"https:\/\/sindromecharge.es\/index.php\/wp-json\/wp\/v2\/users\/1"}],"replies":[{"embeddable":true,"href":"https:\/\/sindromecharge.es\/index.php\/wp-json\/wp\/v2\/comments?post=10691"}],"version-history":[{"count":0,"href":"https:\/\/sindromecharge.es\/index.php\/wp-json\/wp\/v2\/posts\/10691\/revisions"}],"wp:attachment":[{"href":"https:\/\/sindromecharge.es\/index.php\/wp-json\/wp\/v2\/media?parent=10691"}],"wp:term":[{"taxonomy":"category","embeddable":true,"href":"https:\/\/sindromecharge.es\/index.php\/wp-json\/wp\/v2\/categories?post=10691"},{"taxonomy":"post_tag","embeddable":true,"href":"https:\/\/sindromecharge.es\/index.php\/wp-json\/wp\/v2\/tags?post=10691"}],"curies":[{"name":"wp","href":"https:\/\/api.w.org\/{rel}","templated":true}]}}