{"id":10689,"date":"2024-12-27T12:49:53","date_gmt":"2024-12-27T12:49:53","guid":{"rendered":"https:\/\/sindromecharge.es\/index.php\/2024\/12\/27\/empleo-discapacidad-gobierno-abre-audiencia-publica-adaptacion-oposiciones-personas-con-discapacidad\/"},"modified":"2024-12-27T12:49:53","modified_gmt":"2024-12-27T12:49:53","slug":"empleo-discapacidad-gobierno-abre-audiencia-publica-adaptacion-oposiciones-personas-con-discapacidad","status":"publish","type":"post","link":"https:\/\/sindromecharge.es\/index.php\/2024\/12\/27\/empleo-discapacidad-gobierno-abre-audiencia-publica-adaptacion-oposiciones-personas-con-discapacidad\/","title":{"rendered":"El Gobierno abre a audiencia p\u00fablica c\u00f3mo deber\u00edan adaptarse las oposiciones para las personas con discapacidad"},"content":{"rendered":"<p>Leemos en Discapacidad la siguiente noticia que os reproducimos de forma \u00edntegra: <\/p>\n<div>\n<p>La Secretar\u00eda de Estado de Funci\u00f3n P\u00fablica y la Secretar\u00eda de Estado de Derechos Sociales<b> han abierto a audiencia p\u00fablica<\/b> el proyecto de orden que establece los criterios para adaptar en medios y tiempos el acceso al empleo p\u00fablico de personas con <a href=\"https:\/\/www.20minutos.es\/minuteca\/discapacidad\/\" title=\"Discapacidad\">discapacidad<\/a>.<\/p>\n<p>El Ministerio de Funci\u00f3n P\u00fablica ha explicado en un comunicado que <b>la norma busca actualizar y mejorar las condiciones de participaci\u00f3n<\/b> en las <a href=\"https:\/\/www.20minutos.es\/minuteca\/oposiciones\/\" title=\"Oposiciones\">oposiciones<\/a> de este colectivo y garantizar que lo hagan en condiciones de igualdad.<\/p>\n<p>El texto, que ya ha pasado por el tr\u00e1mite de consulta previa, <a href=\"https:\/\/digital.gob.es\/portalmtdfp\/ministerio\/participacion_proyectos\/audiencia_informacion\/proyectos\/2024-12-03.html\" target=\"_blank\" rel=\"nofollow\">se pone a disposici\u00f3n de los ciudadanos afectados y las organizaciones interesadas<\/a> para que hagan aportaciones adicionales <b>hasta el 21 de enero.<\/b><\/p>\n<p>Entre los medios previstos en el proyecto de orden est\u00e1<b> la puesta a disposici\u00f3n de un asistente <\/b>de preparaci\u00f3n laboral o int\u00e9rprete de lengua de signos, o un mayor tiempo adicional en la realizaci\u00f3n de las pruebas dependiendo del grado de discapacidad de los aspirantes. <\/p>\n<\/div>\n<p>Fuente: Discapacidad https:\/\/www.20minutos.es\/noticia\/5667837\/0\/empleo-discapacidad-gobierno-abre-audiencia-publica-adaptacion-oposiciones-personas-con-discapacidad\/<\/p>\n","protected":false},"excerpt":{"rendered":"<p>El texto est\u00e1 a disposici\u00f3n de los ciudadanos y las organizaciones interesadas hasta el 21 de enero.<\/p>\n","protected":false},"author":1,"featured_media":0,"comment_status":"closed","ping_status":"closed","sticky":false,"template":"","format":"standard","meta":{"footnotes":""},"categories":[8],"tags":[],"class_list":["post-10689","post","type-post","status-publish","format-standard","hentry","category-noticias"],"yoast_head":"<!-- This site is optimized with the Yoast SEO plugin v27.5 - https:\/\/yoast.com\/product\/yoast-seo-wordpress\/ -->\n<title>El Gobierno abre a audiencia p\u00fablica c\u00f3mo deber\u00edan adaptarse las oposiciones para las personas con discapacidad - Asociaci\u00f3n Espa\u00f1ola S\u00edndrome de Charge<\/title>\n<meta name=\"robots\" content=\"index, follow, max-snippet:-1, max-image-preview:large, max-video-preview:-1\" \/>\n<link rel=\"canonical\" href=\"https:\/\/sindromecharge.es\/index.php\/2024\/12\/27\/empleo-discapacidad-gobierno-abre-audiencia-publica-adaptacion-oposiciones-personas-con-discapacidad\/\" \/>\n<meta property=\"og:locale\" content=\"es_ES\" \/>\n<meta property=\"og:type\" content=\"article\" \/>\n<meta property=\"og:title\" content=\"El Gobierno abre a audiencia p\u00fablica c\u00f3mo deber\u00edan adaptarse las oposiciones para las personas con discapacidad - Asociaci\u00f3n Espa\u00f1ola S\u00edndrome de Charge\" \/>\n<meta property=\"og:description\" content=\"El texto est\u00e1 a disposici\u00f3n de los ciudadanos y las organizaciones interesadas hasta el 21 de enero.\" \/>\n<meta property=\"og:url\" content=\"https:\/\/sindromecharge.es\/index.php\/2024\/12\/27\/empleo-discapacidad-gobierno-abre-audiencia-publica-adaptacion-oposiciones-personas-con-discapacidad\/\" \/>\n<meta property=\"og:site_name\" content=\"Asociaci\u00f3n Espa\u00f1ola S\u00edndrome de Charge\" \/>\n<meta property=\"article:publisher\" content=\"https:\/\/www.facebook.com\/asociacionsindromecharge\" \/>\n<meta property=\"article:published_time\" content=\"2024-12-27T12:49:53+00:00\" \/>\n<meta property=\"og:image\" content=\"https:\/\/sindromecharge.es\/wp-content\/uploads\/2013\/09\/logodecharge300x98.png\" \/>\n\t<meta property=\"og:image:width\" content=\"300\" \/>\n\t<meta property=\"og:image:height\" content=\"98\" \/>\n\t<meta property=\"og:image:type\" content=\"image\/png\" \/>\n<meta name=\"author\" content=\"Charge\" \/>\n<meta name=\"twitter:card\" content=\"summary_large_image\" \/>\n<meta name=\"twitter:creator\" content=\"@sindromecharge\" \/>\n<meta name=\"twitter:site\" content=\"@sindromecharge\" \/>\n<meta name=\"twitter:label1\" content=\"Escrito por\" \/>\n\t<meta name=\"twitter:data1\" content=\"Charge\" \/>\n\t<meta name=\"twitter:label2\" content=\"Tiempo de lectura\" \/>\n\t<meta name=\"twitter:data2\" content=\"1 minuto\" \/>\n<script type=\"application\/ld+json\" class=\"yoast-schema-graph\">{\"@context\":\"https:\\\/\\\/schema.org\",\"@graph\":[{\"@type\":\"Article\",\"@id\":\"https:\\\/\\\/sindromecharge.es\\\/index.php\\\/2024\\\/12\\\/27\\\/empleo-discapacidad-gobierno-abre-audiencia-publica-adaptacion-oposiciones-personas-con-discapacidad\\\/#article\",\"isPartOf\":{\"@id\":\"https:\\\/\\\/sindromecharge.es\\\/index.php\\\/2024\\\/12\\\/27\\\/empleo-discapacidad-gobierno-abre-audiencia-publica-adaptacion-oposiciones-personas-con-discapacidad\\\/\"},\"author\":{\"name\":\"Charge\",\"@id\":\"https:\\\/\\\/sindromecharge.es\\\/#\\\/schema\\\/person\\\/39a60ebe0a2b4d5a11179701e336b039\"},\"headline\":\"El Gobierno abre a audiencia p\u00fablica c\u00f3mo deber\u00edan adaptarse las oposiciones para las personas con discapacidad\",\"datePublished\":\"2024-12-27T12:49:53+00:00\",\"mainEntityOfPage\":{\"@id\":\"https:\\\/\\\/sindromecharge.es\\\/index.php\\\/2024\\\/12\\\/27\\\/empleo-discapacidad-gobierno-abre-audiencia-publica-adaptacion-oposiciones-personas-con-discapacidad\\\/\"},\"wordCount\":211,\"articleSection\":[\"noticias\"],\"inLanguage\":\"es\"},{\"@type\":\"WebPage\",\"@id\":\"https:\\\/\\\/sindromecharge.es\\\/index.php\\\/2024\\\/12\\\/27\\\/empleo-discapacidad-gobierno-abre-audiencia-publica-adaptacion-oposiciones-personas-con-discapacidad\\\/\",\"url\":\"https:\\\/\\\/sindromecharge.es\\\/index.php\\\/2024\\\/12\\\/27\\\/empleo-discapacidad-gobierno-abre-audiencia-publica-adaptacion-oposiciones-personas-con-discapacidad\\\/\",\"name\":\"El Gobierno abre a audiencia p\u00fablica c\u00f3mo deber\u00edan adaptarse las oposiciones para las personas con discapacidad - Asociaci\u00f3n Espa\u00f1ola S\u00edndrome de Charge\",\"isPartOf\":{\"@id\":\"https:\\\/\\\/sindromecharge.es\\\/#website\"},\"datePublished\":\"2024-12-27T12:49:53+00:00\",\"author\":{\"@id\":\"https:\\\/\\\/sindromecharge.es\\\/#\\\/schema\\\/person\\\/39a60ebe0a2b4d5a11179701e336b039\"},\"breadcrumb\":{\"@id\":\"https:\\\/\\\/sindromecharge.es\\\/index.php\\\/2024\\\/12\\\/27\\\/empleo-discapacidad-gobierno-abre-audiencia-publica-adaptacion-oposiciones-personas-con-discapacidad\\\/#breadcrumb\"},\"inLanguage\":\"es\",\"potentialAction\":[{\"@type\":\"ReadAction\",\"target\":[\"https:\\\/\\\/sindromecharge.es\\\/index.php\\\/2024\\\/12\\\/27\\\/empleo-discapacidad-gobierno-abre-audiencia-publica-adaptacion-oposiciones-personas-con-discapacidad\\\/\"]}]},{\"@type\":\"BreadcrumbList\",\"@id\":\"https:\\\/\\\/sindromecharge.es\\\/index.php\\\/2024\\\/12\\\/27\\\/empleo-discapacidad-gobierno-abre-audiencia-publica-adaptacion-oposiciones-personas-con-discapacidad\\\/#breadcrumb\",\"itemListElement\":[{\"@type\":\"ListItem\",\"position\":1,\"name\":\"Portada\",\"item\":\"https:\\\/\\\/sindromecharge.es\\\/\"},{\"@type\":\"ListItem\",\"position\":2,\"name\":\"El Gobierno abre a audiencia p\u00fablica c\u00f3mo deber\u00edan adaptarse las oposiciones para las personas con discapacidad\"}]},{\"@type\":\"WebSite\",\"@id\":\"https:\\\/\\\/sindromecharge.es\\\/#website\",\"url\":\"https:\\\/\\\/sindromecharge.es\\\/\",\"name\":\"Asociaci\u00f3n Espa\u00f1ola S\u00edndrome de Charge\",\"description\":\"\",\"potentialAction\":[{\"@type\":\"SearchAction\",\"target\":{\"@type\":\"EntryPoint\",\"urlTemplate\":\"https:\\\/\\\/sindromecharge.es\\\/?s={search_term_string}\"},\"query-input\":{\"@type\":\"PropertyValueSpecification\",\"valueRequired\":true,\"valueName\":\"search_term_string\"}}],\"inLanguage\":\"es\"},{\"@type\":\"Person\",\"@id\":\"https:\\\/\\\/sindromecharge.es\\\/#\\\/schema\\\/person\\\/39a60ebe0a2b4d5a11179701e336b039\",\"name\":\"Charge\",\"image\":{\"@type\":\"ImageObject\",\"inLanguage\":\"es\",\"@id\":\"https:\\\/\\\/secure.gravatar.com\\\/avatar\\\/c3b46e32a0fc3b093a0873fb767bf3293de856293065e84ef06b7ec7a8acfb98?s=96&d=identicon&r=x\",\"url\":\"https:\\\/\\\/secure.gravatar.com\\\/avatar\\\/c3b46e32a0fc3b093a0873fb767bf3293de856293065e84ef06b7ec7a8acfb98?s=96&d=identicon&r=x\",\"contentUrl\":\"https:\\\/\\\/secure.gravatar.com\\\/avatar\\\/c3b46e32a0fc3b093a0873fb767bf3293de856293065e84ef06b7ec7a8acfb98?s=96&d=identicon&r=x\",\"caption\":\"Charge\"},\"url\":\"https:\\\/\\\/sindromecharge.es\\\/index.php\\\/author\\\/admin\\\/\"}]}<\/script>\n<!-- \/ Yoast SEO plugin. -->","yoast_head_json":{"title":"El Gobierno abre a audiencia p\u00fablica c\u00f3mo deber\u00edan adaptarse las oposiciones para las personas con discapacidad - Asociaci\u00f3n Espa\u00f1ola S\u00edndrome de Charge","robots":{"index":"index","follow":"follow","max-snippet":"max-snippet:-1","max-image-preview":"max-image-preview:large","max-video-preview":"max-video-preview:-1"},"canonical":"https:\/\/sindromecharge.es\/index.php\/2024\/12\/27\/empleo-discapacidad-gobierno-abre-audiencia-publica-adaptacion-oposiciones-personas-con-discapacidad\/","og_locale":"es_ES","og_type":"article","og_title":"El Gobierno abre a audiencia p\u00fablica c\u00f3mo deber\u00edan adaptarse las oposiciones para las personas con discapacidad - Asociaci\u00f3n Espa\u00f1ola S\u00edndrome de Charge","og_description":"El texto est\u00e1 a disposici\u00f3n de los ciudadanos y las organizaciones interesadas hasta el 21 de enero.","og_url":"https:\/\/sindromecharge.es\/index.php\/2024\/12\/27\/empleo-discapacidad-gobierno-abre-audiencia-publica-adaptacion-oposiciones-personas-con-discapacidad\/","og_site_name":"Asociaci\u00f3n Espa\u00f1ola S\u00edndrome de Charge","article_publisher":"https:\/\/www.facebook.com\/asociacionsindromecharge","article_published_time":"2024-12-27T12:49:53+00:00","og_image":[{"width":300,"height":98,"url":"https:\/\/sindromecharge.es\/wp-content\/uploads\/2013\/09\/logodecharge300x98.png","type":"image\/png"}],"author":"Charge","twitter_card":"summary_large_image","twitter_creator":"@sindromecharge","twitter_site":"@sindromecharge","twitter_misc":{"Escrito por":"Charge","Tiempo de lectura":"1 minuto"},"schema":{"@context":"https:\/\/schema.org","@graph":[{"@type":"Article","@id":"https:\/\/sindromecharge.es\/index.php\/2024\/12\/27\/empleo-discapacidad-gobierno-abre-audiencia-publica-adaptacion-oposiciones-personas-con-discapacidad\/#article","isPartOf":{"@id":"https:\/\/sindromecharge.es\/index.php\/2024\/12\/27\/empleo-discapacidad-gobierno-abre-audiencia-publica-adaptacion-oposiciones-personas-con-discapacidad\/"},"author":{"name":"Charge","@id":"https:\/\/sindromecharge.es\/#\/schema\/person\/39a60ebe0a2b4d5a11179701e336b039"},"headline":"El Gobierno abre a audiencia p\u00fablica c\u00f3mo deber\u00edan adaptarse las oposiciones para las personas con discapacidad","datePublished":"2024-12-27T12:49:53+00:00","mainEntityOfPage":{"@id":"https:\/\/sindromecharge.es\/index.php\/2024\/12\/27\/empleo-discapacidad-gobierno-abre-audiencia-publica-adaptacion-oposiciones-personas-con-discapacidad\/"},"wordCount":211,"articleSection":["noticias"],"inLanguage":"es"},{"@type":"WebPage","@id":"https:\/\/sindromecharge.es\/index.php\/2024\/12\/27\/empleo-discapacidad-gobierno-abre-audiencia-publica-adaptacion-oposiciones-personas-con-discapacidad\/","url":"https:\/\/sindromecharge.es\/index.php\/2024\/12\/27\/empleo-discapacidad-gobierno-abre-audiencia-publica-adaptacion-oposiciones-personas-con-discapacidad\/","name":"El Gobierno abre a audiencia p\u00fablica c\u00f3mo deber\u00edan adaptarse las oposiciones para las personas con discapacidad - Asociaci\u00f3n Espa\u00f1ola S\u00edndrome de Charge","isPartOf":{"@id":"https:\/\/sindromecharge.es\/#website"},"datePublished":"2024-12-27T12:49:53+00:00","author":{"@id":"https:\/\/sindromecharge.es\/#\/schema\/person\/39a60ebe0a2b4d5a11179701e336b039"},"breadcrumb":{"@id":"https:\/\/sindromecharge.es\/index.php\/2024\/12\/27\/empleo-discapacidad-gobierno-abre-audiencia-publica-adaptacion-oposiciones-personas-con-discapacidad\/#breadcrumb"},"inLanguage":"es","potentialAction":[{"@type":"ReadAction","target":["https:\/\/sindromecharge.es\/index.php\/2024\/12\/27\/empleo-discapacidad-gobierno-abre-audiencia-publica-adaptacion-oposiciones-personas-con-discapacidad\/"]}]},{"@type":"BreadcrumbList","@id":"https:\/\/sindromecharge.es\/index.php\/2024\/12\/27\/empleo-discapacidad-gobierno-abre-audiencia-publica-adaptacion-oposiciones-personas-con-discapacidad\/#breadcrumb","itemListElement":[{"@type":"ListItem","position":1,"name":"Portada","item":"https:\/\/sindromecharge.es\/"},{"@type":"ListItem","position":2,"name":"El Gobierno abre a audiencia p\u00fablica c\u00f3mo deber\u00edan adaptarse las oposiciones para las personas con discapacidad"}]},{"@type":"WebSite","@id":"https:\/\/sindromecharge.es\/#website","url":"https:\/\/sindromecharge.es\/","name":"Asociaci\u00f3n Espa\u00f1ola S\u00edndrome de Charge","description":"","potentialAction":[{"@type":"SearchAction","target":{"@type":"EntryPoint","urlTemplate":"https:\/\/sindromecharge.es\/?s={search_term_string}"},"query-input":{"@type":"PropertyValueSpecification","valueRequired":true,"valueName":"search_term_string"}}],"inLanguage":"es"},{"@type":"Person","@id":"https:\/\/sindromecharge.es\/#\/schema\/person\/39a60ebe0a2b4d5a11179701e336b039","name":"Charge","image":{"@type":"ImageObject","inLanguage":"es","@id":"https:\/\/secure.gravatar.com\/avatar\/c3b46e32a0fc3b093a0873fb767bf3293de856293065e84ef06b7ec7a8acfb98?s=96&d=identicon&r=x","url":"https:\/\/secure.gravatar.com\/avatar\/c3b46e32a0fc3b093a0873fb767bf3293de856293065e84ef06b7ec7a8acfb98?s=96&d=identicon&r=x","contentUrl":"https:\/\/secure.gravatar.com\/avatar\/c3b46e32a0fc3b093a0873fb767bf3293de856293065e84ef06b7ec7a8acfb98?s=96&d=identicon&r=x","caption":"Charge"},"url":"https:\/\/sindromecharge.es\/index.php\/author\/admin\/"}]}},"_links":{"self":[{"href":"https:\/\/sindromecharge.es\/index.php\/wp-json\/wp\/v2\/posts\/10689","targetHints":{"allow":["GET"]}}],"collection":[{"href":"https:\/\/sindromecharge.es\/index.php\/wp-json\/wp\/v2\/posts"}],"about":[{"href":"https:\/\/sindromecharge.es\/index.php\/wp-json\/wp\/v2\/types\/post"}],"author":[{"embeddable":true,"href":"https:\/\/sindromecharge.es\/index.php\/wp-json\/wp\/v2\/users\/1"}],"replies":[{"embeddable":true,"href":"https:\/\/sindromecharge.es\/index.php\/wp-json\/wp\/v2\/comments?post=10689"}],"version-history":[{"count":0,"href":"https:\/\/sindromecharge.es\/index.php\/wp-json\/wp\/v2\/posts\/10689\/revisions"}],"wp:attachment":[{"href":"https:\/\/sindromecharge.es\/index.php\/wp-json\/wp\/v2\/media?parent=10689"}],"wp:term":[{"taxonomy":"category","embeddable":true,"href":"https:\/\/sindromecharge.es\/index.php\/wp-json\/wp\/v2\/categories?post=10689"},{"taxonomy":"post_tag","embeddable":true,"href":"https:\/\/sindromecharge.es\/index.php\/wp-json\/wp\/v2\/tags?post=10689"}],"curies":[{"name":"wp","href":"https:\/\/api.w.org\/{rel}","templated":true}]}}