{"id":10688,"date":"2024-12-27T06:28:58","date_gmt":"2024-12-27T06:28:58","guid":{"rendered":"https:\/\/sindromecharge.es\/index.php\/2024\/12\/27\/cuando-se-puede-prejubilar-una-persona-con-entre-un-45-64-discapacidad-sin-perder-pension\/"},"modified":"2024-12-27T06:28:58","modified_gmt":"2024-12-27T06:28:58","slug":"cuando-se-puede-prejubilar-una-persona-con-entre-un-45-64-discapacidad-sin-perder-pension","status":"publish","type":"post","link":"https:\/\/sindromecharge.es\/index.php\/2024\/12\/27\/cuando-se-puede-prejubilar-una-persona-con-entre-un-45-64-discapacidad-sin-perder-pension\/","title":{"rendered":"Cu\u00e1ndo se puede prejubilar una persona con entre un 45 y un 64% de discapacidad sin perder pensi\u00f3n"},"content":{"rendered":"<p>Leemos en Discapacidad la siguiente noticia que os reproducimos de forma \u00edntegra: <\/p>\n<div>\n<p>El abogado Pedro L\u00f3pez explica a trav\u00e9s de un v\u00eddeo en <b>Tododiscapacidad<\/b> c\u00f3mo se pueden prejubilar las personas con entre un 45 y un 64% de discapacidad, \u00abaquellas personas que presentan un 45% de <a href=\"https:\/\/www.20minutos.es\/minuteca\/discapacidad\/\" title=\"Discapacidad\" target=\"_blank\">discapacidad<\/a> si tienen una serie de enfermedades, pueden acceder a la jubilaci\u00f3n anticipada, porque se considera que tienen una menor esperanza de vida\u00bb, indica.<\/p>\n<p>Para acceder a esta <a href=\"https:\/\/www.20minutos.es\/minuteca\/prejubilacion\/\" title=\"Prejubilaci\u00f3n\" target=\"_blank\">prejubilaci\u00f3n<\/a>, tienen que cumplir una serie de requisitos adem\u00e1s de tener al menos un 45% de discapacidad reconocida. En primer lugar, tienen que <b>haber cotizado al menos 15 a\u00f1os<\/b>, al menos 5 de ellos con una de las enfermedades que aparecen en el listado del anexo a la ley anexo del Real Decreto 1148\/2011, que se pueden consultar <a href=\"https:\/\/www.boe.es\/diario_boe\/txt.php?id=BOE-A-2019-1691\" rel=\"nofollow\" target=\"_blank\">en este enlace<\/a>. <\/p>\n<p>Adem\u00e1s, <b>tienen que tener al menos 56 a\u00f1os<\/b>. La buena noticia es que con el cambio de ley, no hace falta que el 45% de discapacidad se la provoque una enfermedad del listado, pues basta con que con una de ellas llegue al 33% para poder &#8216;sumar&#8217; otra de las patolog\u00edas de la lista y llegar, as\u00ed, a este 45% requerido. <\/p>\n<p>\u00bfY qu\u00e9 pasa si yo la ten\u00eda pero no me llegaba un 33%?, pues que, como especifica L\u00f3pez, \u00ab<b>si hay un agravamiento<\/b>, esos a\u00f1os de cotizaci\u00f3n se van a computar y formar\u00e1n parte de esos 5 a\u00f1os que se exige, c\u00f3mo m\u00ednimo,  para poder jubilarse anticipadamente con un 45% de discapacidad. Y todo esto, sin ver reducida la cuant\u00eda de tu jubilaci\u00f3n.<\/p>\n<p>En el pr\u00f3ximo v\u00eddeo, se explicar\u00e1 c\u00f3mo pueden acceder a la <a href=\"https:\/\/www.20minutos.es\/minuteca\/jubilacion-anticipada\/\" title=\"Jubilaci\u00f3n anticipada\" target=\"_blank\">jubilaci\u00f3n anticipada<\/a> las personas con al menos un 65% de discapacidad, pero si necesitas orientaci\u00f3n o quieres resolver dudas como esta, relacionadas con el mundo de la discapacidad y el derecho, puedes mandar preguntas a trav\u00e9s &#8216;<a href=\"https:\/\/www.instagram.com\/tododiscapacidad\/\" target=\"_blank\" rel=\"nofollow\">Tododiscapacidad<\/a>&#8216;, el perfil que Pedro L\u00f3pez de Cerro ha creado en Instagram.<\/p>\n<\/div>\n<p>Fuente: Discapacidad https:\/\/www.20minutos.es\/noticia\/5665790\/0\/cuando-se-puede-prejubilar-una-persona-con-entre-un-45-64-discapacidad-sin-perder-pension\/<\/p>\n","protected":false},"excerpt":{"rendered":"<p>El abogado Pedro L\u00f3pez nos explica a qu\u00e9 edad y con qu\u00e9 condiciones se puede prejubilar una persona con este porcentaje de discapacidad.<\/p>\n","protected":false},"author":1,"featured_media":0,"comment_status":"closed","ping_status":"closed","sticky":false,"template":"","format":"standard","meta":{"footnotes":""},"categories":[8],"tags":[],"class_list":["post-10688","post","type-post","status-publish","format-standard","hentry","category-noticias"],"yoast_head":"<!-- This site is optimized with the Yoast SEO plugin v27.5 - https:\/\/yoast.com\/product\/yoast-seo-wordpress\/ -->\n<title>Cu\u00e1ndo se puede prejubilar una persona con entre un 45 y un 64% de discapacidad sin perder pensi\u00f3n - Asociaci\u00f3n Espa\u00f1ola S\u00edndrome de Charge<\/title>\n<meta name=\"robots\" content=\"index, follow, max-snippet:-1, max-image-preview:large, max-video-preview:-1\" \/>\n<link rel=\"canonical\" href=\"https:\/\/sindromecharge.es\/index.php\/2024\/12\/27\/cuando-se-puede-prejubilar-una-persona-con-entre-un-45-64-discapacidad-sin-perder-pension\/\" \/>\n<meta property=\"og:locale\" content=\"es_ES\" \/>\n<meta property=\"og:type\" content=\"article\" \/>\n<meta property=\"og:title\" content=\"Cu\u00e1ndo se puede prejubilar una persona con entre un 45 y un 64% de discapacidad sin perder pensi\u00f3n - Asociaci\u00f3n Espa\u00f1ola S\u00edndrome de Charge\" \/>\n<meta property=\"og:description\" content=\"El abogado Pedro L\u00f3pez nos explica a qu\u00e9 edad y con qu\u00e9 condiciones se puede prejubilar una persona con este porcentaje de discapacidad.\" \/>\n<meta property=\"og:url\" content=\"https:\/\/sindromecharge.es\/index.php\/2024\/12\/27\/cuando-se-puede-prejubilar-una-persona-con-entre-un-45-64-discapacidad-sin-perder-pension\/\" \/>\n<meta property=\"og:site_name\" content=\"Asociaci\u00f3n Espa\u00f1ola S\u00edndrome de Charge\" \/>\n<meta property=\"article:publisher\" content=\"https:\/\/www.facebook.com\/asociacionsindromecharge\" \/>\n<meta property=\"article:published_time\" content=\"2024-12-27T06:28:58+00:00\" \/>\n<meta property=\"og:image\" content=\"https:\/\/sindromecharge.es\/wp-content\/uploads\/2013\/09\/logodecharge300x98.png\" \/>\n\t<meta property=\"og:image:width\" content=\"300\" \/>\n\t<meta property=\"og:image:height\" content=\"98\" \/>\n\t<meta property=\"og:image:type\" content=\"image\/png\" \/>\n<meta name=\"author\" content=\"Charge\" \/>\n<meta name=\"twitter:card\" content=\"summary_large_image\" \/>\n<meta name=\"twitter:creator\" content=\"@sindromecharge\" \/>\n<meta name=\"twitter:site\" content=\"@sindromecharge\" \/>\n<meta name=\"twitter:label1\" content=\"Escrito por\" \/>\n\t<meta name=\"twitter:data1\" content=\"Charge\" \/>\n\t<meta name=\"twitter:label2\" content=\"Tiempo de lectura\" \/>\n\t<meta name=\"twitter:data2\" content=\"2 minutos\" \/>\n<script type=\"application\/ld+json\" class=\"yoast-schema-graph\">{\"@context\":\"https:\\\/\\\/schema.org\",\"@graph\":[{\"@type\":\"Article\",\"@id\":\"https:\\\/\\\/sindromecharge.es\\\/index.php\\\/2024\\\/12\\\/27\\\/cuando-se-puede-prejubilar-una-persona-con-entre-un-45-64-discapacidad-sin-perder-pension\\\/#article\",\"isPartOf\":{\"@id\":\"https:\\\/\\\/sindromecharge.es\\\/index.php\\\/2024\\\/12\\\/27\\\/cuando-se-puede-prejubilar-una-persona-con-entre-un-45-64-discapacidad-sin-perder-pension\\\/\"},\"author\":{\"name\":\"Charge\",\"@id\":\"https:\\\/\\\/sindromecharge.es\\\/#\\\/schema\\\/person\\\/39a60ebe0a2b4d5a11179701e336b039\"},\"headline\":\"Cu\u00e1ndo se puede prejubilar una persona con entre un 45 y un 64% de discapacidad sin perder pensi\u00f3n\",\"datePublished\":\"2024-12-27T06:28:58+00:00\",\"mainEntityOfPage\":{\"@id\":\"https:\\\/\\\/sindromecharge.es\\\/index.php\\\/2024\\\/12\\\/27\\\/cuando-se-puede-prejubilar-una-persona-con-entre-un-45-64-discapacidad-sin-perder-pension\\\/\"},\"wordCount\":358,\"articleSection\":[\"noticias\"],\"inLanguage\":\"es\"},{\"@type\":\"WebPage\",\"@id\":\"https:\\\/\\\/sindromecharge.es\\\/index.php\\\/2024\\\/12\\\/27\\\/cuando-se-puede-prejubilar-una-persona-con-entre-un-45-64-discapacidad-sin-perder-pension\\\/\",\"url\":\"https:\\\/\\\/sindromecharge.es\\\/index.php\\\/2024\\\/12\\\/27\\\/cuando-se-puede-prejubilar-una-persona-con-entre-un-45-64-discapacidad-sin-perder-pension\\\/\",\"name\":\"Cu\u00e1ndo se puede prejubilar una persona con entre un 45 y un 64% de discapacidad sin perder pensi\u00f3n - Asociaci\u00f3n Espa\u00f1ola S\u00edndrome de Charge\",\"isPartOf\":{\"@id\":\"https:\\\/\\\/sindromecharge.es\\\/#website\"},\"datePublished\":\"2024-12-27T06:28:58+00:00\",\"author\":{\"@id\":\"https:\\\/\\\/sindromecharge.es\\\/#\\\/schema\\\/person\\\/39a60ebe0a2b4d5a11179701e336b039\"},\"breadcrumb\":{\"@id\":\"https:\\\/\\\/sindromecharge.es\\\/index.php\\\/2024\\\/12\\\/27\\\/cuando-se-puede-prejubilar-una-persona-con-entre-un-45-64-discapacidad-sin-perder-pension\\\/#breadcrumb\"},\"inLanguage\":\"es\",\"potentialAction\":[{\"@type\":\"ReadAction\",\"target\":[\"https:\\\/\\\/sindromecharge.es\\\/index.php\\\/2024\\\/12\\\/27\\\/cuando-se-puede-prejubilar-una-persona-con-entre-un-45-64-discapacidad-sin-perder-pension\\\/\"]}]},{\"@type\":\"BreadcrumbList\",\"@id\":\"https:\\\/\\\/sindromecharge.es\\\/index.php\\\/2024\\\/12\\\/27\\\/cuando-se-puede-prejubilar-una-persona-con-entre-un-45-64-discapacidad-sin-perder-pension\\\/#breadcrumb\",\"itemListElement\":[{\"@type\":\"ListItem\",\"position\":1,\"name\":\"Portada\",\"item\":\"https:\\\/\\\/sindromecharge.es\\\/\"},{\"@type\":\"ListItem\",\"position\":2,\"name\":\"Cu\u00e1ndo se puede prejubilar una persona con entre un 45 y un 64% de discapacidad sin perder pensi\u00f3n\"}]},{\"@type\":\"WebSite\",\"@id\":\"https:\\\/\\\/sindromecharge.es\\\/#website\",\"url\":\"https:\\\/\\\/sindromecharge.es\\\/\",\"name\":\"Asociaci\u00f3n Espa\u00f1ola S\u00edndrome de Charge\",\"description\":\"\",\"potentialAction\":[{\"@type\":\"SearchAction\",\"target\":{\"@type\":\"EntryPoint\",\"urlTemplate\":\"https:\\\/\\\/sindromecharge.es\\\/?s={search_term_string}\"},\"query-input\":{\"@type\":\"PropertyValueSpecification\",\"valueRequired\":true,\"valueName\":\"search_term_string\"}}],\"inLanguage\":\"es\"},{\"@type\":\"Person\",\"@id\":\"https:\\\/\\\/sindromecharge.es\\\/#\\\/schema\\\/person\\\/39a60ebe0a2b4d5a11179701e336b039\",\"name\":\"Charge\",\"image\":{\"@type\":\"ImageObject\",\"inLanguage\":\"es\",\"@id\":\"https:\\\/\\\/secure.gravatar.com\\\/avatar\\\/c3b46e32a0fc3b093a0873fb767bf3293de856293065e84ef06b7ec7a8acfb98?s=96&d=identicon&r=x\",\"url\":\"https:\\\/\\\/secure.gravatar.com\\\/avatar\\\/c3b46e32a0fc3b093a0873fb767bf3293de856293065e84ef06b7ec7a8acfb98?s=96&d=identicon&r=x\",\"contentUrl\":\"https:\\\/\\\/secure.gravatar.com\\\/avatar\\\/c3b46e32a0fc3b093a0873fb767bf3293de856293065e84ef06b7ec7a8acfb98?s=96&d=identicon&r=x\",\"caption\":\"Charge\"},\"url\":\"https:\\\/\\\/sindromecharge.es\\\/index.php\\\/author\\\/admin\\\/\"}]}<\/script>\n<!-- \/ Yoast SEO plugin. -->","yoast_head_json":{"title":"Cu\u00e1ndo se puede prejubilar una persona con entre un 45 y un 64% de discapacidad sin perder pensi\u00f3n - Asociaci\u00f3n Espa\u00f1ola S\u00edndrome de Charge","robots":{"index":"index","follow":"follow","max-snippet":"max-snippet:-1","max-image-preview":"max-image-preview:large","max-video-preview":"max-video-preview:-1"},"canonical":"https:\/\/sindromecharge.es\/index.php\/2024\/12\/27\/cuando-se-puede-prejubilar-una-persona-con-entre-un-45-64-discapacidad-sin-perder-pension\/","og_locale":"es_ES","og_type":"article","og_title":"Cu\u00e1ndo se puede prejubilar una persona con entre un 45 y un 64% de discapacidad sin perder pensi\u00f3n - Asociaci\u00f3n Espa\u00f1ola S\u00edndrome de Charge","og_description":"El abogado Pedro L\u00f3pez nos explica a qu\u00e9 edad y con qu\u00e9 condiciones se puede prejubilar una persona con este porcentaje de discapacidad.","og_url":"https:\/\/sindromecharge.es\/index.php\/2024\/12\/27\/cuando-se-puede-prejubilar-una-persona-con-entre-un-45-64-discapacidad-sin-perder-pension\/","og_site_name":"Asociaci\u00f3n Espa\u00f1ola S\u00edndrome de Charge","article_publisher":"https:\/\/www.facebook.com\/asociacionsindromecharge","article_published_time":"2024-12-27T06:28:58+00:00","og_image":[{"width":300,"height":98,"url":"https:\/\/sindromecharge.es\/wp-content\/uploads\/2013\/09\/logodecharge300x98.png","type":"image\/png"}],"author":"Charge","twitter_card":"summary_large_image","twitter_creator":"@sindromecharge","twitter_site":"@sindromecharge","twitter_misc":{"Escrito por":"Charge","Tiempo de lectura":"2 minutos"},"schema":{"@context":"https:\/\/schema.org","@graph":[{"@type":"Article","@id":"https:\/\/sindromecharge.es\/index.php\/2024\/12\/27\/cuando-se-puede-prejubilar-una-persona-con-entre-un-45-64-discapacidad-sin-perder-pension\/#article","isPartOf":{"@id":"https:\/\/sindromecharge.es\/index.php\/2024\/12\/27\/cuando-se-puede-prejubilar-una-persona-con-entre-un-45-64-discapacidad-sin-perder-pension\/"},"author":{"name":"Charge","@id":"https:\/\/sindromecharge.es\/#\/schema\/person\/39a60ebe0a2b4d5a11179701e336b039"},"headline":"Cu\u00e1ndo se puede prejubilar una persona con entre un 45 y un 64% de discapacidad sin perder pensi\u00f3n","datePublished":"2024-12-27T06:28:58+00:00","mainEntityOfPage":{"@id":"https:\/\/sindromecharge.es\/index.php\/2024\/12\/27\/cuando-se-puede-prejubilar-una-persona-con-entre-un-45-64-discapacidad-sin-perder-pension\/"},"wordCount":358,"articleSection":["noticias"],"inLanguage":"es"},{"@type":"WebPage","@id":"https:\/\/sindromecharge.es\/index.php\/2024\/12\/27\/cuando-se-puede-prejubilar-una-persona-con-entre-un-45-64-discapacidad-sin-perder-pension\/","url":"https:\/\/sindromecharge.es\/index.php\/2024\/12\/27\/cuando-se-puede-prejubilar-una-persona-con-entre-un-45-64-discapacidad-sin-perder-pension\/","name":"Cu\u00e1ndo se puede prejubilar una persona con entre un 45 y un 64% de discapacidad sin perder pensi\u00f3n - Asociaci\u00f3n Espa\u00f1ola S\u00edndrome de Charge","isPartOf":{"@id":"https:\/\/sindromecharge.es\/#website"},"datePublished":"2024-12-27T06:28:58+00:00","author":{"@id":"https:\/\/sindromecharge.es\/#\/schema\/person\/39a60ebe0a2b4d5a11179701e336b039"},"breadcrumb":{"@id":"https:\/\/sindromecharge.es\/index.php\/2024\/12\/27\/cuando-se-puede-prejubilar-una-persona-con-entre-un-45-64-discapacidad-sin-perder-pension\/#breadcrumb"},"inLanguage":"es","potentialAction":[{"@type":"ReadAction","target":["https:\/\/sindromecharge.es\/index.php\/2024\/12\/27\/cuando-se-puede-prejubilar-una-persona-con-entre-un-45-64-discapacidad-sin-perder-pension\/"]}]},{"@type":"BreadcrumbList","@id":"https:\/\/sindromecharge.es\/index.php\/2024\/12\/27\/cuando-se-puede-prejubilar-una-persona-con-entre-un-45-64-discapacidad-sin-perder-pension\/#breadcrumb","itemListElement":[{"@type":"ListItem","position":1,"name":"Portada","item":"https:\/\/sindromecharge.es\/"},{"@type":"ListItem","position":2,"name":"Cu\u00e1ndo se puede prejubilar una persona con entre un 45 y un 64% de discapacidad sin perder pensi\u00f3n"}]},{"@type":"WebSite","@id":"https:\/\/sindromecharge.es\/#website","url":"https:\/\/sindromecharge.es\/","name":"Asociaci\u00f3n Espa\u00f1ola S\u00edndrome de Charge","description":"","potentialAction":[{"@type":"SearchAction","target":{"@type":"EntryPoint","urlTemplate":"https:\/\/sindromecharge.es\/?s={search_term_string}"},"query-input":{"@type":"PropertyValueSpecification","valueRequired":true,"valueName":"search_term_string"}}],"inLanguage":"es"},{"@type":"Person","@id":"https:\/\/sindromecharge.es\/#\/schema\/person\/39a60ebe0a2b4d5a11179701e336b039","name":"Charge","image":{"@type":"ImageObject","inLanguage":"es","@id":"https:\/\/secure.gravatar.com\/avatar\/c3b46e32a0fc3b093a0873fb767bf3293de856293065e84ef06b7ec7a8acfb98?s=96&d=identicon&r=x","url":"https:\/\/secure.gravatar.com\/avatar\/c3b46e32a0fc3b093a0873fb767bf3293de856293065e84ef06b7ec7a8acfb98?s=96&d=identicon&r=x","contentUrl":"https:\/\/secure.gravatar.com\/avatar\/c3b46e32a0fc3b093a0873fb767bf3293de856293065e84ef06b7ec7a8acfb98?s=96&d=identicon&r=x","caption":"Charge"},"url":"https:\/\/sindromecharge.es\/index.php\/author\/admin\/"}]}},"_links":{"self":[{"href":"https:\/\/sindromecharge.es\/index.php\/wp-json\/wp\/v2\/posts\/10688","targetHints":{"allow":["GET"]}}],"collection":[{"href":"https:\/\/sindromecharge.es\/index.php\/wp-json\/wp\/v2\/posts"}],"about":[{"href":"https:\/\/sindromecharge.es\/index.php\/wp-json\/wp\/v2\/types\/post"}],"author":[{"embeddable":true,"href":"https:\/\/sindromecharge.es\/index.php\/wp-json\/wp\/v2\/users\/1"}],"replies":[{"embeddable":true,"href":"https:\/\/sindromecharge.es\/index.php\/wp-json\/wp\/v2\/comments?post=10688"}],"version-history":[{"count":0,"href":"https:\/\/sindromecharge.es\/index.php\/wp-json\/wp\/v2\/posts\/10688\/revisions"}],"wp:attachment":[{"href":"https:\/\/sindromecharge.es\/index.php\/wp-json\/wp\/v2\/media?parent=10688"}],"wp:term":[{"taxonomy":"category","embeddable":true,"href":"https:\/\/sindromecharge.es\/index.php\/wp-json\/wp\/v2\/categories?post=10688"},{"taxonomy":"post_tag","embeddable":true,"href":"https:\/\/sindromecharge.es\/index.php\/wp-json\/wp\/v2\/tags?post=10688"}],"curies":[{"name":"wp","href":"https:\/\/api.w.org\/{rel}","templated":true}]}}