{"id":10687,"date":"2024-12-27T06:28:27","date_gmt":"2024-12-27T06:28:27","guid":{"rendered":"https:\/\/sindromecharge.es\/index.php\/2024\/12\/27\/petardos-fuegos-artificiales-asi-afectan-los-ruidos-repentinos-las-personas-con-autismo-como-ayudarles-sobrellevarlos\/"},"modified":"2024-12-27T06:28:27","modified_gmt":"2024-12-27T06:28:27","slug":"petardos-fuegos-artificiales-asi-afectan-los-ruidos-repentinos-las-personas-con-autismo-como-ayudarles-sobrellevarlos","status":"publish","type":"post","link":"https:\/\/sindromecharge.es\/index.php\/2024\/12\/27\/petardos-fuegos-artificiales-asi-afectan-los-ruidos-repentinos-las-personas-con-autismo-como-ayudarles-sobrellevarlos\/","title":{"rendered":"Petardos, fuegos artificiales&#8230; as\u00ed afectan los ruidos repentinos a las personas con autismo y c\u00f3mo ayudarles a sobrellevarlos"},"content":{"rendered":"<p>Leemos en Discapacidad la siguiente noticia que os reproducimos de forma \u00edntegra: <\/p>\n<div>\n<p>Muchas personas con<a href=\"https:\/\/www.20minutos.es\/minuteca\/autismo\/\" title=\"Autismo\" target=\"_blank\"> autismo<\/a>, alrededor del 40% de ellas, tienen lo que se conoce <b>desregulaci\u00f3n sensorial<\/b>, es decir, que tienen problemas para procesar la informaci\u00f3n de los sentidos.<\/p>\n<p>Esto puede traducirse en muchas realidades, tanto en forma de <b>hiper como de hiposensibilidad <\/b>ante determinados est\u00edmulos externos, y se manifiesta en un malestar intenso ante determinados sonidos, olores, luces, sabores o texturas espec\u00edficas, que pueden pasar desapercibidos o no incomodar a las dem\u00e1s personas. <\/p>\n<p>Esto podr\u00eda deberse, seg\u00fan lo que se sabe hasta ahora, a que existe un <b>procesamiento at\u00edpico de los est\u00edmulos sensoriales<\/b> en el autismo, algo que ha podido observarse de manera constante con una amplia variedad de metodolog\u00edas de investigaci\u00f3n, como electroencefalogramas, estudios de potenciales evocados o resonancia magn\u00e9tica, entre otros. Adem\u00e1s, tambi\u00e9n se ha encontrado una relaci\u00f3n entre las <b>alteraciones sensoriales y la aparici\u00f3n de conductas repetitivas y estereotipadas<\/b> caracter\u00edsticas de las personas con autismo.<\/p>\n<p>En el caso de las personas con<b> hipersensibilidad auditiva<\/b>, que es una de las m\u00e1s comunes, los ruidos repentinos y fuertes les pueden afectar muy negativamente, ya que los perciben de una forma m\u00e1s intensa, tan aumentada que les <b>produce un enorme malestar<\/b>, incluso dolor, algo m\u00e1s que demostrado desde hace d\u00e9cadas. <\/p>\n<p>Por este motivo, hay ciertas costumbres o lugares, propios de estas fechas, que se convierten en<b> entornos poco amigables para las personas con autismo<\/b>, como aglomeraciones, mercadillos, cabalgatas  incluso celebraciones familiares numerosas&#8230;<\/p>\n<p>Evitar algunas situaciones, usar auriculares o adaptar, en la medida de lo posible, el entorno a ellos puede ayudar a<b> minimizar el malestar<\/b> que les provoca esta sobrecarga sensorial.<\/p>\n<h2>Nerviosismo, ansiedad e irritabilidad<\/h2>\n<p>Cuando las personas con TEA se exponen a est\u00edmulos a los que son especialmente sensibles, pueden sentir un enorme malestar. Los ruidos repentinos y fuertes, como pueden ser los petardos o los fuegos artificiales, pueden resultar especialmente molestos para las personas con autismo hipersensibles al ruido,<b> provoc\u00e1ndoles irritabilidad, nerviosismo, miedo, <\/b><a href=\"https:\/\/www.20minutos.es\/minuteca\/estres\/\" title=\"Estr\u00e9s\" target=\"_blank\">estr\u00e9s<\/a><b> o <\/b><a href=\"https:\/\/www.20minutos.es\/minuteca\/ansiedad\/\" title=\"Ansiedad\" target=\"_blank\">ansiedad<\/a>.<b><\/b><\/p>\n<p>Esto hace que, en ocasiones, reaccionen de manera repentina para evitar o paliar este malestar. As\u00ed, por ejemplo, puede ser com\u00fan que se pongan a gritar, a taparse los o\u00eddos, a moverse a manera repetitiva (estereotipias) o incluso a <b>sentir la necesidad de huir <\/b>y buscar un sitio tranquilo y seguro, un <b>comportamiento especialmente peligroso<\/b> cuando se trata de ni\u00f1os, que pueden extraviarse si nos encontramos en un lugar donde hay mucha gente.<\/p>\n<p>Ante la hipersensibilidad auditiva de sus hijos, muchos padres de ni\u00f1os con autismo optan por eludir cualquier situaci\u00f3n comprometida para evitar el malestar que estas les provocan. Aunque esto es perfectamente comprensible, lo que aconsejan los psic\u00f3logos es<b> intentar adaptar el ambiente de alguna manera para que los ni\u00f1os puedan disfrutar sin molestias<\/b> -o con menos molestias- de las celebraciones t\u00edpicas de estas fechas.<\/p>\n<p>As\u00ed, si es posible,<b> lo ideal ser\u00eda exponerlos con precauci\u00f3n, progresivamente<\/b>\u2026 para que se vaya \u2018desensibilizando\u2019 y permitirle participar de forma m\u00e1s inclusiva en las actividades de su comunidad. Sin embargo, si existe una alternativa a la actividad que resulte, de partida, menos dif\u00edcil de afrontar para la persona con autismo, es preferible plantearla desde el principio y <b>evitar exponer a alguien a una estimulaci\u00f3n desagradable<\/b>.<\/p>\n<p>As\u00ed, por ejemplo, podemos usar <b>cascos amortiguadores, que reducen el ruido ambiental<\/b> y act\u00faan como protecci\u00f3n auditiva. Algo muy necesario, no solo para eventos puntuales, como un concierto o un espect\u00e1culo de fuegos artificiales, sino tambi\u00e9n en situaciones de la vida cotidiana que se desarrollan en lugares muy concurridos, como centros comerciales, aeropuertos, etc.<\/p>\n<p>Adem\u00e1s, anticiparles a las situaciones que se van a enfrentar tambi\u00e9n ayuda, ya sea oralmente, si no tienen problemas para entender o expresarse correctamente, o<b> a trav\u00e9s de pictogramas y\/o historias sociales completas<\/b>, como las que encontramos en <a href=\"https:\/\/arasaac.org\/\" target=\"_blank\" rel=\"nofollow\">ARASAAC<\/a>. En ellas, podemos indicarles, por ejemplo, no solo que puede que se expongan a ruidos molestos, tambi\u00e9n lo que deben hacer: decir o avisar que est\u00e1n molestos, no huir, etc.<\/p>\n<p>En resumen, algunas precauciones que podemos tomar son:<\/p>\n<p>\u2022 Antes de per\u00edodos en los que los ambientes ruidosos son habituales, podemos<b> aproximar a los ni\u00f1os poco a poco<\/b> a estos lugares siempre y cuando se sienta c\u00f3modo y seguro.<\/p>\n<p>\u2022 <b>Ponerles tapones o cascos<\/b> para salir a la calle, especialmente si vamos a acercarnos a zonas de petardos, fuegos artificiales, pasacalles\u2026<\/p>\n<p>\u2022 Vestirles con <b>prendas interiores ajustadas<\/b> si el ni\u00f1o las tolera, pues, en ocasiones, la ligera presi\u00f3n que proporcionan puede ayudar a bajar su nivel de estr\u00e9s<\/p>\n<p>\u2022 <b>Anticipar visual y oralmente <\/b>las situaciones, siempre adapt\u00e1ndonos a sus necesidades y capacidades.<\/p>\n<p>\u2022 Proporcionarles un <b>modelo de respuesta adecuado<\/b> a cada situaci\u00f3n desagradable. Esto podemos hacerlo a trav\u00e9s pictogramas e historias sociales.<\/p>\n<p>\u2022<b> Nunca insistir ni forzarles<\/b> si se resisten a participar en situaciones que sabemos que pueden causarles malestar.<\/p>\n<p>Precauciones aparte, un poco m\u00e1s de <b>empat\u00eda por parte de la sociedad<\/b> tambi\u00e9n contribuir\u00eda mucho a mejorar el bienestar y la integraci\u00f3n e inclusi\u00f3n de las personas con autismo en estas fechas, por eso, a todas aquellas personas que est\u00e9n pensando en comprar petardos para dar la bienvenida al nuevo a\u00f1o, tambi\u00e9n podr\u00edan pensar en<b> alternativas que velen por el bienestar de las personas con TEA<\/b> e hipersensibilidad auditiva para que todos podamos disfrutar de estas Fiestas en igualdad de condiciones. <\/p>\n<\/div>\n<p>Fuente: Discapacidad https:\/\/www.20minutos.es\/noticia\/5660816\/0\/petardos-fuegos-artificiales-asi-afectan-los-ruidos-repentinos-las-personas-con-autismo-como-ayudarles-sobrellevarlos\/<\/p>\n","protected":false},"excerpt":{"rendered":"<p>El 40% de las personas con autismo presenta alteraciones en el procesamiento de los est\u00edmulos sensoriales, muchos de ellos por una gran sensibilidad al ruido.<\/p>\n","protected":false},"author":1,"featured_media":0,"comment_status":"closed","ping_status":"closed","sticky":false,"template":"","format":"standard","meta":{"footnotes":""},"categories":[8],"tags":[],"class_list":["post-10687","post","type-post","status-publish","format-standard","hentry","category-noticias"],"yoast_head":"<!-- This site is optimized with the Yoast SEO plugin v27.5 - https:\/\/yoast.com\/product\/yoast-seo-wordpress\/ -->\n<title>Petardos, fuegos artificiales... as\u00ed afectan los ruidos repentinos a las personas con autismo y c\u00f3mo ayudarles a sobrellevarlos - Asociaci\u00f3n Espa\u00f1ola S\u00edndrome de Charge<\/title>\n<meta name=\"robots\" content=\"index, follow, max-snippet:-1, max-image-preview:large, max-video-preview:-1\" \/>\n<link rel=\"canonical\" href=\"https:\/\/sindromecharge.es\/index.php\/2024\/12\/27\/petardos-fuegos-artificiales-asi-afectan-los-ruidos-repentinos-las-personas-con-autismo-como-ayudarles-sobrellevarlos\/\" \/>\n<meta property=\"og:locale\" content=\"es_ES\" \/>\n<meta property=\"og:type\" content=\"article\" \/>\n<meta property=\"og:title\" content=\"Petardos, fuegos artificiales... as\u00ed afectan los ruidos repentinos a las personas con autismo y c\u00f3mo ayudarles a sobrellevarlos - Asociaci\u00f3n Espa\u00f1ola S\u00edndrome de Charge\" \/>\n<meta property=\"og:description\" content=\"El 40% de las personas con autismo presenta alteraciones en el procesamiento de los est\u00edmulos sensoriales, muchos de ellos por una gran sensibilidad al ruido.\" \/>\n<meta property=\"og:url\" content=\"https:\/\/sindromecharge.es\/index.php\/2024\/12\/27\/petardos-fuegos-artificiales-asi-afectan-los-ruidos-repentinos-las-personas-con-autismo-como-ayudarles-sobrellevarlos\/\" \/>\n<meta property=\"og:site_name\" content=\"Asociaci\u00f3n Espa\u00f1ola S\u00edndrome de Charge\" \/>\n<meta property=\"article:publisher\" content=\"https:\/\/www.facebook.com\/asociacionsindromecharge\" \/>\n<meta property=\"article:published_time\" content=\"2024-12-27T06:28:27+00:00\" \/>\n<meta property=\"og:image\" content=\"https:\/\/sindromecharge.es\/wp-content\/uploads\/2013\/09\/logodecharge300x98.png\" \/>\n\t<meta property=\"og:image:width\" content=\"300\" \/>\n\t<meta property=\"og:image:height\" content=\"98\" \/>\n\t<meta property=\"og:image:type\" content=\"image\/png\" \/>\n<meta name=\"author\" content=\"Charge\" \/>\n<meta name=\"twitter:card\" content=\"summary_large_image\" \/>\n<meta name=\"twitter:creator\" content=\"@sindromecharge\" \/>\n<meta name=\"twitter:site\" content=\"@sindromecharge\" \/>\n<meta name=\"twitter:label1\" content=\"Escrito por\" \/>\n\t<meta name=\"twitter:data1\" content=\"Charge\" \/>\n\t<meta name=\"twitter:label2\" content=\"Tiempo de lectura\" \/>\n\t<meta name=\"twitter:data2\" content=\"5 minutos\" \/>\n<script type=\"application\/ld+json\" class=\"yoast-schema-graph\">{\"@context\":\"https:\\\/\\\/schema.org\",\"@graph\":[{\"@type\":\"Article\",\"@id\":\"https:\\\/\\\/sindromecharge.es\\\/index.php\\\/2024\\\/12\\\/27\\\/petardos-fuegos-artificiales-asi-afectan-los-ruidos-repentinos-las-personas-con-autismo-como-ayudarles-sobrellevarlos\\\/#article\",\"isPartOf\":{\"@id\":\"https:\\\/\\\/sindromecharge.es\\\/index.php\\\/2024\\\/12\\\/27\\\/petardos-fuegos-artificiales-asi-afectan-los-ruidos-repentinos-las-personas-con-autismo-como-ayudarles-sobrellevarlos\\\/\"},\"author\":{\"name\":\"Charge\",\"@id\":\"https:\\\/\\\/sindromecharge.es\\\/#\\\/schema\\\/person\\\/39a60ebe0a2b4d5a11179701e336b039\"},\"headline\":\"Petardos, fuegos artificiales&#8230; as\u00ed afectan los ruidos repentinos a las personas con autismo y c\u00f3mo ayudarles a sobrellevarlos\",\"datePublished\":\"2024-12-27T06:28:27+00:00\",\"mainEntityOfPage\":{\"@id\":\"https:\\\/\\\/sindromecharge.es\\\/index.php\\\/2024\\\/12\\\/27\\\/petardos-fuegos-artificiales-asi-afectan-los-ruidos-repentinos-las-personas-con-autismo-como-ayudarles-sobrellevarlos\\\/\"},\"wordCount\":963,\"articleSection\":[\"noticias\"],\"inLanguage\":\"es\"},{\"@type\":\"WebPage\",\"@id\":\"https:\\\/\\\/sindromecharge.es\\\/index.php\\\/2024\\\/12\\\/27\\\/petardos-fuegos-artificiales-asi-afectan-los-ruidos-repentinos-las-personas-con-autismo-como-ayudarles-sobrellevarlos\\\/\",\"url\":\"https:\\\/\\\/sindromecharge.es\\\/index.php\\\/2024\\\/12\\\/27\\\/petardos-fuegos-artificiales-asi-afectan-los-ruidos-repentinos-las-personas-con-autismo-como-ayudarles-sobrellevarlos\\\/\",\"name\":\"Petardos, fuegos artificiales... as\u00ed afectan los ruidos repentinos a las personas con autismo y c\u00f3mo ayudarles a sobrellevarlos - Asociaci\u00f3n Espa\u00f1ola S\u00edndrome de Charge\",\"isPartOf\":{\"@id\":\"https:\\\/\\\/sindromecharge.es\\\/#website\"},\"datePublished\":\"2024-12-27T06:28:27+00:00\",\"author\":{\"@id\":\"https:\\\/\\\/sindromecharge.es\\\/#\\\/schema\\\/person\\\/39a60ebe0a2b4d5a11179701e336b039\"},\"breadcrumb\":{\"@id\":\"https:\\\/\\\/sindromecharge.es\\\/index.php\\\/2024\\\/12\\\/27\\\/petardos-fuegos-artificiales-asi-afectan-los-ruidos-repentinos-las-personas-con-autismo-como-ayudarles-sobrellevarlos\\\/#breadcrumb\"},\"inLanguage\":\"es\",\"potentialAction\":[{\"@type\":\"ReadAction\",\"target\":[\"https:\\\/\\\/sindromecharge.es\\\/index.php\\\/2024\\\/12\\\/27\\\/petardos-fuegos-artificiales-asi-afectan-los-ruidos-repentinos-las-personas-con-autismo-como-ayudarles-sobrellevarlos\\\/\"]}]},{\"@type\":\"BreadcrumbList\",\"@id\":\"https:\\\/\\\/sindromecharge.es\\\/index.php\\\/2024\\\/12\\\/27\\\/petardos-fuegos-artificiales-asi-afectan-los-ruidos-repentinos-las-personas-con-autismo-como-ayudarles-sobrellevarlos\\\/#breadcrumb\",\"itemListElement\":[{\"@type\":\"ListItem\",\"position\":1,\"name\":\"Portada\",\"item\":\"https:\\\/\\\/sindromecharge.es\\\/\"},{\"@type\":\"ListItem\",\"position\":2,\"name\":\"Petardos, fuegos artificiales&#8230; as\u00ed afectan los ruidos repentinos a las personas con autismo y c\u00f3mo ayudarles a sobrellevarlos\"}]},{\"@type\":\"WebSite\",\"@id\":\"https:\\\/\\\/sindromecharge.es\\\/#website\",\"url\":\"https:\\\/\\\/sindromecharge.es\\\/\",\"name\":\"Asociaci\u00f3n Espa\u00f1ola S\u00edndrome de Charge\",\"description\":\"\",\"potentialAction\":[{\"@type\":\"SearchAction\",\"target\":{\"@type\":\"EntryPoint\",\"urlTemplate\":\"https:\\\/\\\/sindromecharge.es\\\/?s={search_term_string}\"},\"query-input\":{\"@type\":\"PropertyValueSpecification\",\"valueRequired\":true,\"valueName\":\"search_term_string\"}}],\"inLanguage\":\"es\"},{\"@type\":\"Person\",\"@id\":\"https:\\\/\\\/sindromecharge.es\\\/#\\\/schema\\\/person\\\/39a60ebe0a2b4d5a11179701e336b039\",\"name\":\"Charge\",\"image\":{\"@type\":\"ImageObject\",\"inLanguage\":\"es\",\"@id\":\"https:\\\/\\\/secure.gravatar.com\\\/avatar\\\/c3b46e32a0fc3b093a0873fb767bf3293de856293065e84ef06b7ec7a8acfb98?s=96&d=identicon&r=x\",\"url\":\"https:\\\/\\\/secure.gravatar.com\\\/avatar\\\/c3b46e32a0fc3b093a0873fb767bf3293de856293065e84ef06b7ec7a8acfb98?s=96&d=identicon&r=x\",\"contentUrl\":\"https:\\\/\\\/secure.gravatar.com\\\/avatar\\\/c3b46e32a0fc3b093a0873fb767bf3293de856293065e84ef06b7ec7a8acfb98?s=96&d=identicon&r=x\",\"caption\":\"Charge\"},\"url\":\"https:\\\/\\\/sindromecharge.es\\\/index.php\\\/author\\\/admin\\\/\"}]}<\/script>\n<!-- \/ Yoast SEO plugin. -->","yoast_head_json":{"title":"Petardos, fuegos artificiales... as\u00ed afectan los ruidos repentinos a las personas con autismo y c\u00f3mo ayudarles a sobrellevarlos - Asociaci\u00f3n Espa\u00f1ola S\u00edndrome de Charge","robots":{"index":"index","follow":"follow","max-snippet":"max-snippet:-1","max-image-preview":"max-image-preview:large","max-video-preview":"max-video-preview:-1"},"canonical":"https:\/\/sindromecharge.es\/index.php\/2024\/12\/27\/petardos-fuegos-artificiales-asi-afectan-los-ruidos-repentinos-las-personas-con-autismo-como-ayudarles-sobrellevarlos\/","og_locale":"es_ES","og_type":"article","og_title":"Petardos, fuegos artificiales... as\u00ed afectan los ruidos repentinos a las personas con autismo y c\u00f3mo ayudarles a sobrellevarlos - Asociaci\u00f3n Espa\u00f1ola S\u00edndrome de Charge","og_description":"El 40% de las personas con autismo presenta alteraciones en el procesamiento de los est\u00edmulos sensoriales, muchos de ellos por una gran sensibilidad al ruido.","og_url":"https:\/\/sindromecharge.es\/index.php\/2024\/12\/27\/petardos-fuegos-artificiales-asi-afectan-los-ruidos-repentinos-las-personas-con-autismo-como-ayudarles-sobrellevarlos\/","og_site_name":"Asociaci\u00f3n Espa\u00f1ola S\u00edndrome de Charge","article_publisher":"https:\/\/www.facebook.com\/asociacionsindromecharge","article_published_time":"2024-12-27T06:28:27+00:00","og_image":[{"width":300,"height":98,"url":"https:\/\/sindromecharge.es\/wp-content\/uploads\/2013\/09\/logodecharge300x98.png","type":"image\/png"}],"author":"Charge","twitter_card":"summary_large_image","twitter_creator":"@sindromecharge","twitter_site":"@sindromecharge","twitter_misc":{"Escrito por":"Charge","Tiempo de lectura":"5 minutos"},"schema":{"@context":"https:\/\/schema.org","@graph":[{"@type":"Article","@id":"https:\/\/sindromecharge.es\/index.php\/2024\/12\/27\/petardos-fuegos-artificiales-asi-afectan-los-ruidos-repentinos-las-personas-con-autismo-como-ayudarles-sobrellevarlos\/#article","isPartOf":{"@id":"https:\/\/sindromecharge.es\/index.php\/2024\/12\/27\/petardos-fuegos-artificiales-asi-afectan-los-ruidos-repentinos-las-personas-con-autismo-como-ayudarles-sobrellevarlos\/"},"author":{"name":"Charge","@id":"https:\/\/sindromecharge.es\/#\/schema\/person\/39a60ebe0a2b4d5a11179701e336b039"},"headline":"Petardos, fuegos artificiales&#8230; as\u00ed afectan los ruidos repentinos a las personas con autismo y c\u00f3mo ayudarles a sobrellevarlos","datePublished":"2024-12-27T06:28:27+00:00","mainEntityOfPage":{"@id":"https:\/\/sindromecharge.es\/index.php\/2024\/12\/27\/petardos-fuegos-artificiales-asi-afectan-los-ruidos-repentinos-las-personas-con-autismo-como-ayudarles-sobrellevarlos\/"},"wordCount":963,"articleSection":["noticias"],"inLanguage":"es"},{"@type":"WebPage","@id":"https:\/\/sindromecharge.es\/index.php\/2024\/12\/27\/petardos-fuegos-artificiales-asi-afectan-los-ruidos-repentinos-las-personas-con-autismo-como-ayudarles-sobrellevarlos\/","url":"https:\/\/sindromecharge.es\/index.php\/2024\/12\/27\/petardos-fuegos-artificiales-asi-afectan-los-ruidos-repentinos-las-personas-con-autismo-como-ayudarles-sobrellevarlos\/","name":"Petardos, fuegos artificiales... as\u00ed afectan los ruidos repentinos a las personas con autismo y c\u00f3mo ayudarles a sobrellevarlos - Asociaci\u00f3n Espa\u00f1ola S\u00edndrome de Charge","isPartOf":{"@id":"https:\/\/sindromecharge.es\/#website"},"datePublished":"2024-12-27T06:28:27+00:00","author":{"@id":"https:\/\/sindromecharge.es\/#\/schema\/person\/39a60ebe0a2b4d5a11179701e336b039"},"breadcrumb":{"@id":"https:\/\/sindromecharge.es\/index.php\/2024\/12\/27\/petardos-fuegos-artificiales-asi-afectan-los-ruidos-repentinos-las-personas-con-autismo-como-ayudarles-sobrellevarlos\/#breadcrumb"},"inLanguage":"es","potentialAction":[{"@type":"ReadAction","target":["https:\/\/sindromecharge.es\/index.php\/2024\/12\/27\/petardos-fuegos-artificiales-asi-afectan-los-ruidos-repentinos-las-personas-con-autismo-como-ayudarles-sobrellevarlos\/"]}]},{"@type":"BreadcrumbList","@id":"https:\/\/sindromecharge.es\/index.php\/2024\/12\/27\/petardos-fuegos-artificiales-asi-afectan-los-ruidos-repentinos-las-personas-con-autismo-como-ayudarles-sobrellevarlos\/#breadcrumb","itemListElement":[{"@type":"ListItem","position":1,"name":"Portada","item":"https:\/\/sindromecharge.es\/"},{"@type":"ListItem","position":2,"name":"Petardos, fuegos artificiales&#8230; as\u00ed afectan los ruidos repentinos a las personas con autismo y c\u00f3mo ayudarles a sobrellevarlos"}]},{"@type":"WebSite","@id":"https:\/\/sindromecharge.es\/#website","url":"https:\/\/sindromecharge.es\/","name":"Asociaci\u00f3n Espa\u00f1ola S\u00edndrome de Charge","description":"","potentialAction":[{"@type":"SearchAction","target":{"@type":"EntryPoint","urlTemplate":"https:\/\/sindromecharge.es\/?s={search_term_string}"},"query-input":{"@type":"PropertyValueSpecification","valueRequired":true,"valueName":"search_term_string"}}],"inLanguage":"es"},{"@type":"Person","@id":"https:\/\/sindromecharge.es\/#\/schema\/person\/39a60ebe0a2b4d5a11179701e336b039","name":"Charge","image":{"@type":"ImageObject","inLanguage":"es","@id":"https:\/\/secure.gravatar.com\/avatar\/c3b46e32a0fc3b093a0873fb767bf3293de856293065e84ef06b7ec7a8acfb98?s=96&d=identicon&r=x","url":"https:\/\/secure.gravatar.com\/avatar\/c3b46e32a0fc3b093a0873fb767bf3293de856293065e84ef06b7ec7a8acfb98?s=96&d=identicon&r=x","contentUrl":"https:\/\/secure.gravatar.com\/avatar\/c3b46e32a0fc3b093a0873fb767bf3293de856293065e84ef06b7ec7a8acfb98?s=96&d=identicon&r=x","caption":"Charge"},"url":"https:\/\/sindromecharge.es\/index.php\/author\/admin\/"}]}},"_links":{"self":[{"href":"https:\/\/sindromecharge.es\/index.php\/wp-json\/wp\/v2\/posts\/10687","targetHints":{"allow":["GET"]}}],"collection":[{"href":"https:\/\/sindromecharge.es\/index.php\/wp-json\/wp\/v2\/posts"}],"about":[{"href":"https:\/\/sindromecharge.es\/index.php\/wp-json\/wp\/v2\/types\/post"}],"author":[{"embeddable":true,"href":"https:\/\/sindromecharge.es\/index.php\/wp-json\/wp\/v2\/users\/1"}],"replies":[{"embeddable":true,"href":"https:\/\/sindromecharge.es\/index.php\/wp-json\/wp\/v2\/comments?post=10687"}],"version-history":[{"count":0,"href":"https:\/\/sindromecharge.es\/index.php\/wp-json\/wp\/v2\/posts\/10687\/revisions"}],"wp:attachment":[{"href":"https:\/\/sindromecharge.es\/index.php\/wp-json\/wp\/v2\/media?parent=10687"}],"wp:term":[{"taxonomy":"category","embeddable":true,"href":"https:\/\/sindromecharge.es\/index.php\/wp-json\/wp\/v2\/categories?post=10687"},{"taxonomy":"post_tag","embeddable":true,"href":"https:\/\/sindromecharge.es\/index.php\/wp-json\/wp\/v2\/tags?post=10687"}],"curies":[{"name":"wp","href":"https:\/\/api.w.org\/{rel}","templated":true}]}}