{"id":10686,"date":"2024-12-26T06:39:41","date_gmt":"2024-12-26T06:39:41","guid":{"rendered":"https:\/\/sindromecharge.es\/index.php\/2024\/12\/26\/david-vidal-con-displasia-fibrosa-pesar-dar-lugar-una-discapacidad-dificil-complicada-es-muy-desconocida\/"},"modified":"2024-12-26T06:39:41","modified_gmt":"2024-12-26T06:39:41","slug":"david-vidal-con-displasia-fibrosa-pesar-dar-lugar-una-discapacidad-dificil-complicada-es-muy-desconocida","status":"publish","type":"post","link":"https:\/\/sindromecharge.es\/index.php\/2024\/12\/26\/david-vidal-con-displasia-fibrosa-pesar-dar-lugar-una-discapacidad-dificil-complicada-es-muy-desconocida\/","title":{"rendered":"David Vidal, con displasia fibrosa: \u00abA pesar de dar lugar a una discapacidad dif\u00edcil y complicada, es muy desconocida\u00bb"},"content":{"rendered":"<p>Leemos en Discapacidad la siguiente noticia que os reproducimos de forma \u00edntegra: <\/p>\n<div>\n<p><b>David Vidal tiene 33 a\u00f1os<\/b>, es originario de la isla de Menorca, vive en Barcelona y desde los 8 convive con la<b> Displasia Fibrosa (DF)<\/b>, una enfermedad caracterizada por \u00e1reas o lesiones del hueso que presentan un crecimiento y una composici\u00f3n anormal. Se trata de una enfermedad poco frecuente en el que <b>el tejido normal del hueso es reemplazado por un tejido fibroso anormal<\/b>, lo que debilita los huesos implicados y puede causar deformidades, lo que afecta de manera muy significativa a la calidad de vida.<\/p>\n<p>La DF<b> puede afectar a cualquier hueso<\/b>, pero el cr\u00e1neo, las costillas y los huesos de las piernas y brazos los m\u00e1s frecuentemente afectados. Este es el caso de David, que tiene la enfermedad localizada sobre todo en la zona del cr\u00e1neo, \u00abme la diagnosticaron con 12, pero llevo desde los 8 yendo al m\u00e9dico, y ya he pasado por 10 operaciones\u00bb, cuenta, a la que vez que reconoce que la complejidad de la enfermedad le impide llevar una vida normal, \u00ablas operaciones van dejando sus secuelas. Hace 3 a\u00f1os, en la \u00faltima intervenci\u00f3n, me abrieron toda la cabeza de derecha a izquierda\u00bb.<\/p>\n<p>Y no solo por las cirug\u00edas, pues cuando, como en su caso, la parte afectada con Displasia Fibrosa es el cr\u00e1neo, <b>la enfermedad tiene otras implicaciones<\/b>, \u00abtengo <b>p\u00e9rdida de visi\u00f3n perif\u00e9rica y p\u00e9rdida de audici\u00f3n<\/b>, y, como la lesi\u00f3n est\u00e1n tan cerca del cerebro, tambi\u00e9n tengo otros trastornos secundarios, como el TDA. Adem\u00e1s, tengo muchos <b>dolores de espalda<\/b>, por lo que me es bastante complicado llevar una vida aut\u00f3noma, pues dedico toda mi vida a m\u00e9dicos, operaciones, dolores&#8230;\u00bb.<\/p>\n<p>Todas estas complicaciones provocan que David<b> tenga reconocida un 65% de discapacidad<\/b> y que no haya podido nunca trabajar, \u00abes muy dif\u00edcil vivir con una enfermedad como esta, pues al ser un desarrollo &#8216;anormal&#8217; del hueso, la gente te mira raro, las empresas no quieren un trabajador as\u00ed\u2026 Por eso no he trabajado nunca, pero ahora que estoy buscando trabajo, nadie quiere a alguien que pone en su curr\u00edculum que tiene un 65% de <a href=\"https:\/\/www.20minutos.es\/minuteca\/discapacidad\/\" title=\"Discapacidad\" target=\"_blank\">discapacidad<\/a>\u00ab. <\/p>\n<p>Adem\u00e1s, como asegura David, a veces, es totalmente discapacitante, \u00abdepende del tiempo, pero d\u00edas como hoy, que son muy h\u00famedos, no saldr\u00eda de casa por el dolor, y es algo que la gente no entiende. Eso hace que<b> mi d\u00eda a d\u00eda sea bastante duro<\/b>, pero piensan que eres vago o que no quieres hacer cosas, pero la realidad es que es la enfermedad\u00bb.<\/p>\n<h1>Es muy dif\u00edcil vivir con una enfermedad como esta. Al ser un desarrollo &#8216;anormal&#8217; del hueso, la gente te mira raro y las empresas no quieren un trabajador as\u00ed\u2026<\/h1>\n<h2>Una enfermedad muy poco conocida<\/h2>\n<p>Aunque no existen datos realmente fiables sobre la prevalencia de la enfermedad, lo que s\u00ed se sabe es que se trata de<b> una patolog\u00eda calificada como muy rara<\/b>, pues se estima que nacen con ella<b> entre los 1 de cada 100.000 a 1 entre cada mill\u00f3n de ni\u00f1os<\/b>. Se trata, por tanto, de una enfermedad muy desconocida incluso por los m\u00e9dicos, \u00abdoctores que llevan mi caso en el Clinic de Barcelona est\u00e1n completamente perdidos, y eso que se supone que son referentes mundiales\u00bb, reconoce David.<\/p>\n<p>Se sabe, por ejemplo, que es <b>de origen gen\u00e9tico<\/b>, que afecta a personas de ambos sexos, etnias y lugares del mundo, por lo que se considera que la mutaci\u00f3n ocurre de manera aleatoria, por lo que no hay nada que un progenitor pueda tomar, antes o durante el embarazo, para prevenir la mutaci\u00f3n. Tampoco existe, a d\u00eda de hoy,<b> cura ni tratamiento eficaz<\/b>, por lo que se atajan los problemas seg\u00fan van apareciendo y los s\u00edntomas asociados, sobre todo, como en el caso de David, a trav\u00e9s de operaciones y algunos medicamentos para tratar el dolor como los bifosfonatos. Adem\u00e1s, deber\u00e1 hacerse un <b>seguimiento en distintas especialidades en funci\u00f3n de la afectaci\u00f3n<\/b>, como oftalm\u00f3logos, otorrinos, dentistas, ginec\u00f3logos e incluso psic\u00f3logos, por las implicaciones emocionales que conlleva la enfermedad.<\/p>\n<p>David, que lleva pr\u00e1cticamente toda la vida conviviendo con la enfermedad, ha decidido que es hora de hacerla visible, \u00aba pesar de que da lugar a una<b> discapacidad muy dif\u00edcil y complicad<\/b>a, es muy desconocida, as\u00ed que decid\u00ed crear una petici\u00f3n en <a href=\"https:\/\/www.change.org\/p\/inicio-de-una-lucha-por-las-enfermedades-raras?\" target=\"_blank\" rel=\"nofollow\">Change.org<\/a> y un perfil en Instagram para que se conozca, <a href=\"https:\/\/www.instagram.com\/viviendocondf\/\" target=\"_blank\" rel=\"nofollow\">@viviendocondf<\/a>. Mi objetivo es poder dar voz y ayudar a la investigaci\u00f3n de esta enfermedad tan poco estudiada\u00bb.<\/p>\n<p>Adem\u00e1s, tiene pensado escribir un libro, pero no sabe si se atrever\u00e1 a publicarlo, \u00abmi idea es hacerlo para m\u00ed, pero la realidad es que me gustar\u00eda hacerlo para <b>concienciar a la gente de lo dura que es la vida con una <a href=\"https:\/\/www.20minutos.es\/salud\/minuteca\/enfermedades-raras\/\" title=\"Enfermedades raras\" target=\"_blank\">enfermedad rara<\/a><\/b> y tan compleja\u00bb.<\/p>\n<p>Su objetivo final, ya no es solo concienciar y dar a conocer la displasia fibrosa, tambi\u00e9n reivindicar los derechos de las personas con discapacidad, \u00abnecesitamos un<b>a mejora laboral para personas con discapacidad <\/b>y unos gobiernos capaces de ayudar a personas vulnerables y un camino firme, unidos para el bien com\u00fan\u00bb, asegura.<\/p>\n<\/div>\n<p>Fuente: Discapacidad https:\/\/www.20minutos.es\/noticia\/5662359\/0\/david-vidal-con-displasia-fibrosa-pesar-dar-lugar-una-discapacidad-dificil-complicada-es-muy-desconocida\/<\/p>\n","protected":false},"excerpt":{"rendered":"<p>La displasia fibrosa es una enfermedad rara que se caracteriza por un crecimiento anormal de algunos huesos.<\/p>\n","protected":false},"author":1,"featured_media":0,"comment_status":"closed","ping_status":"closed","sticky":false,"template":"","format":"standard","meta":{"footnotes":""},"categories":[8],"tags":[],"class_list":["post-10686","post","type-post","status-publish","format-standard","hentry","category-noticias"],"yoast_head":"<!-- This site is optimized with the Yoast SEO plugin v27.5 - https:\/\/yoast.com\/product\/yoast-seo-wordpress\/ -->\n<title>David Vidal, con displasia fibrosa: &quot;A pesar de dar lugar a una discapacidad dif\u00edcil y complicada, es muy desconocida&quot; - Asociaci\u00f3n Espa\u00f1ola S\u00edndrome de Charge<\/title>\n<meta name=\"robots\" content=\"index, follow, max-snippet:-1, max-image-preview:large, max-video-preview:-1\" \/>\n<link rel=\"canonical\" href=\"https:\/\/sindromecharge.es\/index.php\/2024\/12\/26\/david-vidal-con-displasia-fibrosa-pesar-dar-lugar-una-discapacidad-dificil-complicada-es-muy-desconocida\/\" \/>\n<meta property=\"og:locale\" content=\"es_ES\" \/>\n<meta property=\"og:type\" content=\"article\" \/>\n<meta property=\"og:title\" content=\"David Vidal, con displasia fibrosa: &quot;A pesar de dar lugar a una discapacidad dif\u00edcil y complicada, es muy desconocida&quot; - Asociaci\u00f3n Espa\u00f1ola S\u00edndrome de Charge\" \/>\n<meta property=\"og:description\" content=\"La displasia fibrosa es una enfermedad rara que se caracteriza por un crecimiento anormal de algunos huesos.\" \/>\n<meta property=\"og:url\" content=\"https:\/\/sindromecharge.es\/index.php\/2024\/12\/26\/david-vidal-con-displasia-fibrosa-pesar-dar-lugar-una-discapacidad-dificil-complicada-es-muy-desconocida\/\" \/>\n<meta property=\"og:site_name\" content=\"Asociaci\u00f3n Espa\u00f1ola S\u00edndrome de Charge\" \/>\n<meta property=\"article:publisher\" content=\"https:\/\/www.facebook.com\/asociacionsindromecharge\" \/>\n<meta property=\"article:published_time\" content=\"2024-12-26T06:39:41+00:00\" \/>\n<meta property=\"og:image\" content=\"https:\/\/sindromecharge.es\/wp-content\/uploads\/2013\/09\/logodecharge300x98.png\" \/>\n\t<meta property=\"og:image:width\" content=\"300\" \/>\n\t<meta property=\"og:image:height\" content=\"98\" \/>\n\t<meta property=\"og:image:type\" content=\"image\/png\" \/>\n<meta name=\"author\" content=\"Charge\" \/>\n<meta name=\"twitter:card\" content=\"summary_large_image\" \/>\n<meta name=\"twitter:creator\" content=\"@sindromecharge\" \/>\n<meta name=\"twitter:site\" content=\"@sindromecharge\" \/>\n<meta name=\"twitter:label1\" content=\"Escrito por\" \/>\n\t<meta name=\"twitter:data1\" content=\"Charge\" \/>\n\t<meta name=\"twitter:label2\" content=\"Tiempo de lectura\" \/>\n\t<meta name=\"twitter:data2\" content=\"4 minutos\" \/>\n<script type=\"application\/ld+json\" class=\"yoast-schema-graph\">{\"@context\":\"https:\\\/\\\/schema.org\",\"@graph\":[{\"@type\":\"Article\",\"@id\":\"https:\\\/\\\/sindromecharge.es\\\/index.php\\\/2024\\\/12\\\/26\\\/david-vidal-con-displasia-fibrosa-pesar-dar-lugar-una-discapacidad-dificil-complicada-es-muy-desconocida\\\/#article\",\"isPartOf\":{\"@id\":\"https:\\\/\\\/sindromecharge.es\\\/index.php\\\/2024\\\/12\\\/26\\\/david-vidal-con-displasia-fibrosa-pesar-dar-lugar-una-discapacidad-dificil-complicada-es-muy-desconocida\\\/\"},\"author\":{\"name\":\"Charge\",\"@id\":\"https:\\\/\\\/sindromecharge.es\\\/#\\\/schema\\\/person\\\/39a60ebe0a2b4d5a11179701e336b039\"},\"headline\":\"David Vidal, con displasia fibrosa: \u00abA pesar de dar lugar a una discapacidad dif\u00edcil y complicada, es muy desconocida\u00bb\",\"datePublished\":\"2024-12-26T06:39:41+00:00\",\"mainEntityOfPage\":{\"@id\":\"https:\\\/\\\/sindromecharge.es\\\/index.php\\\/2024\\\/12\\\/26\\\/david-vidal-con-displasia-fibrosa-pesar-dar-lugar-una-discapacidad-dificil-complicada-es-muy-desconocida\\\/\"},\"wordCount\":907,\"articleSection\":[\"noticias\"],\"inLanguage\":\"es\"},{\"@type\":\"WebPage\",\"@id\":\"https:\\\/\\\/sindromecharge.es\\\/index.php\\\/2024\\\/12\\\/26\\\/david-vidal-con-displasia-fibrosa-pesar-dar-lugar-una-discapacidad-dificil-complicada-es-muy-desconocida\\\/\",\"url\":\"https:\\\/\\\/sindromecharge.es\\\/index.php\\\/2024\\\/12\\\/26\\\/david-vidal-con-displasia-fibrosa-pesar-dar-lugar-una-discapacidad-dificil-complicada-es-muy-desconocida\\\/\",\"name\":\"David Vidal, con displasia fibrosa: \\\"A pesar de dar lugar a una discapacidad dif\u00edcil y complicada, es muy desconocida\\\" - Asociaci\u00f3n Espa\u00f1ola S\u00edndrome de Charge\",\"isPartOf\":{\"@id\":\"https:\\\/\\\/sindromecharge.es\\\/#website\"},\"datePublished\":\"2024-12-26T06:39:41+00:00\",\"author\":{\"@id\":\"https:\\\/\\\/sindromecharge.es\\\/#\\\/schema\\\/person\\\/39a60ebe0a2b4d5a11179701e336b039\"},\"breadcrumb\":{\"@id\":\"https:\\\/\\\/sindromecharge.es\\\/index.php\\\/2024\\\/12\\\/26\\\/david-vidal-con-displasia-fibrosa-pesar-dar-lugar-una-discapacidad-dificil-complicada-es-muy-desconocida\\\/#breadcrumb\"},\"inLanguage\":\"es\",\"potentialAction\":[{\"@type\":\"ReadAction\",\"target\":[\"https:\\\/\\\/sindromecharge.es\\\/index.php\\\/2024\\\/12\\\/26\\\/david-vidal-con-displasia-fibrosa-pesar-dar-lugar-una-discapacidad-dificil-complicada-es-muy-desconocida\\\/\"]}]},{\"@type\":\"BreadcrumbList\",\"@id\":\"https:\\\/\\\/sindromecharge.es\\\/index.php\\\/2024\\\/12\\\/26\\\/david-vidal-con-displasia-fibrosa-pesar-dar-lugar-una-discapacidad-dificil-complicada-es-muy-desconocida\\\/#breadcrumb\",\"itemListElement\":[{\"@type\":\"ListItem\",\"position\":1,\"name\":\"Portada\",\"item\":\"https:\\\/\\\/sindromecharge.es\\\/\"},{\"@type\":\"ListItem\",\"position\":2,\"name\":\"David Vidal, con displasia fibrosa: &#8220;A pesar de dar lugar a una discapacidad dif\u00edcil y complicada, es muy desconocida&#8221;\"}]},{\"@type\":\"WebSite\",\"@id\":\"https:\\\/\\\/sindromecharge.es\\\/#website\",\"url\":\"https:\\\/\\\/sindromecharge.es\\\/\",\"name\":\"Asociaci\u00f3n Espa\u00f1ola S\u00edndrome de Charge\",\"description\":\"\",\"potentialAction\":[{\"@type\":\"SearchAction\",\"target\":{\"@type\":\"EntryPoint\",\"urlTemplate\":\"https:\\\/\\\/sindromecharge.es\\\/?s={search_term_string}\"},\"query-input\":{\"@type\":\"PropertyValueSpecification\",\"valueRequired\":true,\"valueName\":\"search_term_string\"}}],\"inLanguage\":\"es\"},{\"@type\":\"Person\",\"@id\":\"https:\\\/\\\/sindromecharge.es\\\/#\\\/schema\\\/person\\\/39a60ebe0a2b4d5a11179701e336b039\",\"name\":\"Charge\",\"image\":{\"@type\":\"ImageObject\",\"inLanguage\":\"es\",\"@id\":\"https:\\\/\\\/secure.gravatar.com\\\/avatar\\\/c3b46e32a0fc3b093a0873fb767bf3293de856293065e84ef06b7ec7a8acfb98?s=96&d=identicon&r=x\",\"url\":\"https:\\\/\\\/secure.gravatar.com\\\/avatar\\\/c3b46e32a0fc3b093a0873fb767bf3293de856293065e84ef06b7ec7a8acfb98?s=96&d=identicon&r=x\",\"contentUrl\":\"https:\\\/\\\/secure.gravatar.com\\\/avatar\\\/c3b46e32a0fc3b093a0873fb767bf3293de856293065e84ef06b7ec7a8acfb98?s=96&d=identicon&r=x\",\"caption\":\"Charge\"},\"url\":\"https:\\\/\\\/sindromecharge.es\\\/index.php\\\/author\\\/admin\\\/\"}]}<\/script>\n<!-- \/ Yoast SEO plugin. -->","yoast_head_json":{"title":"David Vidal, con displasia fibrosa: \"A pesar de dar lugar a una discapacidad dif\u00edcil y complicada, es muy desconocida\" - Asociaci\u00f3n Espa\u00f1ola S\u00edndrome de Charge","robots":{"index":"index","follow":"follow","max-snippet":"max-snippet:-1","max-image-preview":"max-image-preview:large","max-video-preview":"max-video-preview:-1"},"canonical":"https:\/\/sindromecharge.es\/index.php\/2024\/12\/26\/david-vidal-con-displasia-fibrosa-pesar-dar-lugar-una-discapacidad-dificil-complicada-es-muy-desconocida\/","og_locale":"es_ES","og_type":"article","og_title":"David Vidal, con displasia fibrosa: \"A pesar de dar lugar a una discapacidad dif\u00edcil y complicada, es muy desconocida\" - Asociaci\u00f3n Espa\u00f1ola S\u00edndrome de Charge","og_description":"La displasia fibrosa es una enfermedad rara que se caracteriza por un crecimiento anormal de algunos huesos.","og_url":"https:\/\/sindromecharge.es\/index.php\/2024\/12\/26\/david-vidal-con-displasia-fibrosa-pesar-dar-lugar-una-discapacidad-dificil-complicada-es-muy-desconocida\/","og_site_name":"Asociaci\u00f3n Espa\u00f1ola S\u00edndrome de Charge","article_publisher":"https:\/\/www.facebook.com\/asociacionsindromecharge","article_published_time":"2024-12-26T06:39:41+00:00","og_image":[{"width":300,"height":98,"url":"https:\/\/sindromecharge.es\/wp-content\/uploads\/2013\/09\/logodecharge300x98.png","type":"image\/png"}],"author":"Charge","twitter_card":"summary_large_image","twitter_creator":"@sindromecharge","twitter_site":"@sindromecharge","twitter_misc":{"Escrito por":"Charge","Tiempo de lectura":"4 minutos"},"schema":{"@context":"https:\/\/schema.org","@graph":[{"@type":"Article","@id":"https:\/\/sindromecharge.es\/index.php\/2024\/12\/26\/david-vidal-con-displasia-fibrosa-pesar-dar-lugar-una-discapacidad-dificil-complicada-es-muy-desconocida\/#article","isPartOf":{"@id":"https:\/\/sindromecharge.es\/index.php\/2024\/12\/26\/david-vidal-con-displasia-fibrosa-pesar-dar-lugar-una-discapacidad-dificil-complicada-es-muy-desconocida\/"},"author":{"name":"Charge","@id":"https:\/\/sindromecharge.es\/#\/schema\/person\/39a60ebe0a2b4d5a11179701e336b039"},"headline":"David Vidal, con displasia fibrosa: \u00abA pesar de dar lugar a una discapacidad dif\u00edcil y complicada, es muy desconocida\u00bb","datePublished":"2024-12-26T06:39:41+00:00","mainEntityOfPage":{"@id":"https:\/\/sindromecharge.es\/index.php\/2024\/12\/26\/david-vidal-con-displasia-fibrosa-pesar-dar-lugar-una-discapacidad-dificil-complicada-es-muy-desconocida\/"},"wordCount":907,"articleSection":["noticias"],"inLanguage":"es"},{"@type":"WebPage","@id":"https:\/\/sindromecharge.es\/index.php\/2024\/12\/26\/david-vidal-con-displasia-fibrosa-pesar-dar-lugar-una-discapacidad-dificil-complicada-es-muy-desconocida\/","url":"https:\/\/sindromecharge.es\/index.php\/2024\/12\/26\/david-vidal-con-displasia-fibrosa-pesar-dar-lugar-una-discapacidad-dificil-complicada-es-muy-desconocida\/","name":"David Vidal, con displasia fibrosa: \"A pesar de dar lugar a una discapacidad dif\u00edcil y complicada, es muy desconocida\" - Asociaci\u00f3n Espa\u00f1ola S\u00edndrome de Charge","isPartOf":{"@id":"https:\/\/sindromecharge.es\/#website"},"datePublished":"2024-12-26T06:39:41+00:00","author":{"@id":"https:\/\/sindromecharge.es\/#\/schema\/person\/39a60ebe0a2b4d5a11179701e336b039"},"breadcrumb":{"@id":"https:\/\/sindromecharge.es\/index.php\/2024\/12\/26\/david-vidal-con-displasia-fibrosa-pesar-dar-lugar-una-discapacidad-dificil-complicada-es-muy-desconocida\/#breadcrumb"},"inLanguage":"es","potentialAction":[{"@type":"ReadAction","target":["https:\/\/sindromecharge.es\/index.php\/2024\/12\/26\/david-vidal-con-displasia-fibrosa-pesar-dar-lugar-una-discapacidad-dificil-complicada-es-muy-desconocida\/"]}]},{"@type":"BreadcrumbList","@id":"https:\/\/sindromecharge.es\/index.php\/2024\/12\/26\/david-vidal-con-displasia-fibrosa-pesar-dar-lugar-una-discapacidad-dificil-complicada-es-muy-desconocida\/#breadcrumb","itemListElement":[{"@type":"ListItem","position":1,"name":"Portada","item":"https:\/\/sindromecharge.es\/"},{"@type":"ListItem","position":2,"name":"David Vidal, con displasia fibrosa: &#8220;A pesar de dar lugar a una discapacidad dif\u00edcil y complicada, es muy desconocida&#8221;"}]},{"@type":"WebSite","@id":"https:\/\/sindromecharge.es\/#website","url":"https:\/\/sindromecharge.es\/","name":"Asociaci\u00f3n Espa\u00f1ola S\u00edndrome de Charge","description":"","potentialAction":[{"@type":"SearchAction","target":{"@type":"EntryPoint","urlTemplate":"https:\/\/sindromecharge.es\/?s={search_term_string}"},"query-input":{"@type":"PropertyValueSpecification","valueRequired":true,"valueName":"search_term_string"}}],"inLanguage":"es"},{"@type":"Person","@id":"https:\/\/sindromecharge.es\/#\/schema\/person\/39a60ebe0a2b4d5a11179701e336b039","name":"Charge","image":{"@type":"ImageObject","inLanguage":"es","@id":"https:\/\/secure.gravatar.com\/avatar\/c3b46e32a0fc3b093a0873fb767bf3293de856293065e84ef06b7ec7a8acfb98?s=96&d=identicon&r=x","url":"https:\/\/secure.gravatar.com\/avatar\/c3b46e32a0fc3b093a0873fb767bf3293de856293065e84ef06b7ec7a8acfb98?s=96&d=identicon&r=x","contentUrl":"https:\/\/secure.gravatar.com\/avatar\/c3b46e32a0fc3b093a0873fb767bf3293de856293065e84ef06b7ec7a8acfb98?s=96&d=identicon&r=x","caption":"Charge"},"url":"https:\/\/sindromecharge.es\/index.php\/author\/admin\/"}]}},"_links":{"self":[{"href":"https:\/\/sindromecharge.es\/index.php\/wp-json\/wp\/v2\/posts\/10686","targetHints":{"allow":["GET"]}}],"collection":[{"href":"https:\/\/sindromecharge.es\/index.php\/wp-json\/wp\/v2\/posts"}],"about":[{"href":"https:\/\/sindromecharge.es\/index.php\/wp-json\/wp\/v2\/types\/post"}],"author":[{"embeddable":true,"href":"https:\/\/sindromecharge.es\/index.php\/wp-json\/wp\/v2\/users\/1"}],"replies":[{"embeddable":true,"href":"https:\/\/sindromecharge.es\/index.php\/wp-json\/wp\/v2\/comments?post=10686"}],"version-history":[{"count":0,"href":"https:\/\/sindromecharge.es\/index.php\/wp-json\/wp\/v2\/posts\/10686\/revisions"}],"wp:attachment":[{"href":"https:\/\/sindromecharge.es\/index.php\/wp-json\/wp\/v2\/media?parent=10686"}],"wp:term":[{"taxonomy":"category","embeddable":true,"href":"https:\/\/sindromecharge.es\/index.php\/wp-json\/wp\/v2\/categories?post=10686"},{"taxonomy":"post_tag","embeddable":true,"href":"https:\/\/sindromecharge.es\/index.php\/wp-json\/wp\/v2\/tags?post=10686"}],"curies":[{"name":"wp","href":"https:\/\/api.w.org\/{rel}","templated":true}]}}