{"id":10685,"date":"2024-12-26T06:28:03","date_gmt":"2024-12-26T06:28:03","guid":{"rendered":"https:\/\/sindromecharge.es\/index.php\/2024\/12\/26\/gema-beas-ciega-29-anos-crisis-fe\/"},"modified":"2024-12-26T06:28:03","modified_gmt":"2024-12-26T06:28:03","slug":"gema-beas-ciega-29-anos-crisis-fe","status":"publish","type":"post","link":"https:\/\/sindromecharge.es\/index.php\/2024\/12\/26\/gema-beas-ciega-29-anos-crisis-fe\/","title":{"rendered":"Gema de Beas, ciega desde los 29 a\u00f1os: \u00abCuando perd\u00ed la vista tuve una crisis de fe\u00bb"},"content":{"rendered":"<p>Leemos en Discapacidad la siguiente noticia que os reproducimos de forma \u00edntegra: <\/p>\n<div>\n<p>Gema de Beas se qued\u00f3 ciega a los 29 a\u00f1os y con la <a href=\"https:\/\/www.20minutos.es\/minuteca\/discapacidad\/\" title=\"Discapacidad\">discapacidad<\/a> <b>abandon\u00f3 su profesi\u00f3n de secretaria de direcci\u00f3n<\/b>. En esa nueva situaci\u00f3n se agolparon los contratiempos y a las barreras cotidianas se sumaron las grietas que aparecieron en sus creencias, pero encontr\u00f3 las razones de su ceguera y ahora tiene una activa vida de fe.<\/p>\n<p>\u00abSiempre he sido muy religiosa. Pero<b> ha habido un antes y un despu\u00e9s.<\/b> Cuando perd\u00ed la vista tuve una crisis de fe, me separ\u00e9 de Dios, lo ech\u00e9 de mi vida. Luego tuve un reencuentro y ahora he descubierto muchos &#8216;paraqu\u00e9s&#8217; y quiz\u00e1s tambi\u00e9n el &#8216;para qu\u00e9&#8217; de mi discapacidad. A veces me da rabia y <b>querr\u00eda hacer m\u00e1s cosas de las que hago, tener m\u00e1s autonom\u00eda<\/b>, pero lo ofrezco\u00bb, relat\u00f3 esta feligresa que ha colaborado recientemente con la campa\u00f1a de la Conferencia Episcopal Espa\u00f1ola con motivo del D\u00eda de las personas con Discapacidad.<\/p>\n<p>\u00abEntend\u00ed el para qu\u00e9: no valorar tanto la imagen y la apariencia de la imagen, ser m\u00e1s emp\u00e1tica, <b>no dejarme llevar por el mundo superficial que antes me llenaba m\u00e1s<\/b>, y entender que hay un mundo que ofrecer y valorar todo lo que tengo. Tengo piernas, tengo manos&#8230;\u00bb, continu\u00f3 esta mujer entre los detalles navide\u00f1os de su casa.<\/p>\n<p>\u00abCon la llegada de la <a href=\"https:\/\/www.20minutos.es\/minuteca\/navidad\/\" title=\"Navidad\">Navidad<\/a> adornamos la casa, como hac\u00edamos de toda la vida, con \u00e1rbol, el Bel\u00e9n, las luches\u00bb, reconoci\u00f3. \u00abLo hacemos porque a nosotros nos gusta y porque queremos que nuestra hija Mar\u00eda tenga una vida totalmente normal y para ello tiene que haber normalidad en casa\u00bb, continu\u00f3 Gema, <b>mujer de Ricardo Velesar, un agente vendedor del cup\u00f3n de la ONCE que ya est\u00e1 jubilado, y que tambi\u00e9n tiene discapacidad visual<\/b>, pues est\u00e1 diagnosticado desde ni\u00f1o con retinosis pigmentaria.<\/p>\n<p>Por ello, <b>\u00abMar\u00eda tiene que preocuparse por que el \u00e1rbol<\/b> no se quede encendido si no estamos en casa o nos vamos a dormir\u00bb. \u00abPero no noto diferencia de c\u00f3mo adornamos la casa de cuando ve\u00eda a cuando no. A nosotros nos gusta\u00bb, subray\u00f3 la orgullosa madre de esta joven de 17 a\u00f1os.<\/p>\n<p>Tras aquel baj\u00f3n en la fe, ahora Gema encontr\u00f3 explicaciones para afrontar su situaci\u00f3n y<b> participa activamente en la vida de su parroquia de Nuestra Se\u00f1ora de Araucana, en Madrid:<\/b> adem\u00e1s de las misas de guardar, tiene agendadas reuniones los fines de semana del grupo de matrimonios y con el grupo de Ema\u00fas, los mi\u00e9rcoles. Y luego, continu\u00f3, est\u00e1 su <b>colaboraci\u00f3n con un proyecto que hace rutas para hablar con personas sin hogar.<\/b> \u00abSe les pregunta qu\u00e9 necesitan y se les da un p\u00edcnic. No me gusta el concepto de hacer algo, te ense\u00f1a la gente m\u00e1s de lo que t\u00fa puedas dar. Los que te aportan son ellos\u00bb, reflexion\u00f3.<\/p>\n<p>Sin embargo, <b>se muestra cr\u00edtica ante la falta de sensibilizaci\u00f3n de la sociedad<\/b> ante las personas con discapacidad. Algo que tambi\u00e9n percibe en el seno de la Iglesia. \u00abComo persona que ha visto hasta los 29 a\u00f1os he experimentado que la gente al principio no sabe muy bien c\u00f3mo tratarte, como dirigirse a ti. No saben. Quiz\u00e1s sea un problema de corte o timidez\u2026 Intentan evitar expresiones sobre la discapacidad\u00bb, relat\u00f3.<\/p>\n<p>Ante esa incertidumbre, Gema tiene una herramienta infalible: \u00ab<b>Juega mucho el sentido del humor, re\u00edrse de uno mismo. <\/b>Si empiezas a re\u00edrte de tu propia ceguera la gente se lo toma de forma natural \u00a1gracias a Dios! Nos pasa a nivel de Iglesia y fuera, como en el colegio cuando Mar\u00eda era peque\u00f1a\u00bb.<\/p>\n<p>Ese sentido del humor lo ha experimentado hasta l\u00edmites insospechados. Cont\u00f3  que en una peregrinaci\u00f3n a F\u00e1tima con m\u00e1s familias, Gema entr\u00f3 con su hija en una tienda de recuerdos. \u00abLa ni\u00f1a ten\u00eda dos o tres a\u00f1os. Yo hab\u00eda estado antes, cuando a\u00fan ve\u00eda, y recordaba que hab\u00eda centenares de im\u00e1genes de la Virgen. La ni\u00f1a me dijo que le comprase un detalle y asent\u00ed sin preguntarle qu\u00e9 era. <b>El resto de cr\u00edas la envidiaban porque \u00a1la hab\u00eda comprado una Barbie pensando que era una imagen mariana<\/b>! \u00a1Con lo que a mi me horrorizaban esas mu\u00f1ecas!\u00bb, coment\u00f3 a carcajadas por el \u00abfuror\u00bb que caus\u00f3 aquella mu\u00f1eca y sus \u00abpintas\u00bb poco puritanas.<\/p>\n<p><b>\u00abMar\u00eda me ha metido muchos goles por mi ceguera\u00bb<\/b>, brome\u00f3. Pero tambi\u00e9n, a\u00f1adi\u00f3, en la familia se toman con humor otras &#8216;bromas&#8217; de su situaci\u00f3n. \u00abHago cocina creativa. Una vez ech\u00e9 caldo de un brick para hacerme un caf\u00e9\u00bb, reconoci\u00f3.<\/p>\n<p>Pero adem\u00e1s de las barreras propias de la discapacidad y el desconocimiento social, a\u00f1adi\u00f3, existe una tendencia a \u00ablimitar m\u00e1s\u00bb de lo que las personas con discapacidad son capaces de realizar. \u00ab<b>De cara a contar contigo ah\u00ed, te tienen menos en cuenta<\/b> \u00a1Tr\u00e1tame con naturalidad, puedo hacer m\u00e1s cosas de las que realmente hago!\u00bb, pide esta feligresa a sus compa\u00f1eros de creencias.<\/p>\n<p>Tambi\u00e9n les jug\u00f3 alguna mala pasada <b>un antiguo perro gu\u00eda de su marido, que intent\u00f3 \u00abayudar\u00bb con la decoraci\u00f3n navide\u00f1a<\/b>, esa que colocan cada a\u00f1o en torno a la fiesta de la Inmaculada. \u00abPara Navidad deseo lo que pedimos todos, paz y amor, que cesen las guerras y seamos capaces de perdonar. Tambi\u00e9n pido salud a quienes les falta y a quienes les han pasado desgracias como en Valencia que tengan su consuelo\u00bb, concluy\u00f3.<\/p>\n<\/div>\n<p>Fuente: Discapacidad https:\/\/www.20minutos.es\/noticia\/5667369\/0\/gema-beas-ciega-29-anos-crisis-fe\/<\/p>\n","protected":false},"excerpt":{"rendered":"<p>Su marido, Ricardo Velesar, es vendedor del cup\u00f3n de la ONCE jubilado que tambi\u00e9n tiene discapacidad visual.<\/p>\n","protected":false},"author":1,"featured_media":0,"comment_status":"closed","ping_status":"closed","sticky":false,"template":"","format":"standard","meta":{"footnotes":""},"categories":[8],"tags":[],"class_list":["post-10685","post","type-post","status-publish","format-standard","hentry","category-noticias"],"yoast_head":"<!-- This site is optimized with the Yoast SEO plugin v27.5 - https:\/\/yoast.com\/product\/yoast-seo-wordpress\/ -->\n<title>Gema de Beas, ciega desde los 29 a\u00f1os: &quot;Cuando perd\u00ed la vista tuve una crisis de fe&quot; - Asociaci\u00f3n Espa\u00f1ola S\u00edndrome de Charge<\/title>\n<meta name=\"robots\" content=\"index, follow, max-snippet:-1, max-image-preview:large, max-video-preview:-1\" \/>\n<link rel=\"canonical\" href=\"https:\/\/sindromecharge.es\/index.php\/2024\/12\/26\/gema-beas-ciega-29-anos-crisis-fe\/\" \/>\n<meta property=\"og:locale\" content=\"es_ES\" \/>\n<meta property=\"og:type\" content=\"article\" \/>\n<meta property=\"og:title\" content=\"Gema de Beas, ciega desde los 29 a\u00f1os: &quot;Cuando perd\u00ed la vista tuve una crisis de fe&quot; - Asociaci\u00f3n Espa\u00f1ola S\u00edndrome de Charge\" \/>\n<meta property=\"og:description\" content=\"Su marido, Ricardo Velesar, es vendedor del cup\u00f3n de la ONCE jubilado que tambi\u00e9n tiene discapacidad visual.\" \/>\n<meta property=\"og:url\" content=\"https:\/\/sindromecharge.es\/index.php\/2024\/12\/26\/gema-beas-ciega-29-anos-crisis-fe\/\" \/>\n<meta property=\"og:site_name\" content=\"Asociaci\u00f3n Espa\u00f1ola S\u00edndrome de Charge\" \/>\n<meta property=\"article:publisher\" content=\"https:\/\/www.facebook.com\/asociacionsindromecharge\" \/>\n<meta property=\"article:published_time\" content=\"2024-12-26T06:28:03+00:00\" \/>\n<meta property=\"og:image\" content=\"https:\/\/sindromecharge.es\/wp-content\/uploads\/2013\/09\/logodecharge300x98.png\" \/>\n\t<meta property=\"og:image:width\" content=\"300\" \/>\n\t<meta property=\"og:image:height\" content=\"98\" \/>\n\t<meta property=\"og:image:type\" content=\"image\/png\" \/>\n<meta name=\"author\" content=\"Charge\" \/>\n<meta name=\"twitter:card\" content=\"summary_large_image\" \/>\n<meta name=\"twitter:creator\" content=\"@sindromecharge\" \/>\n<meta name=\"twitter:site\" content=\"@sindromecharge\" \/>\n<meta name=\"twitter:label1\" content=\"Escrito por\" \/>\n\t<meta name=\"twitter:data1\" content=\"Charge\" \/>\n\t<meta name=\"twitter:label2\" content=\"Tiempo de lectura\" \/>\n\t<meta name=\"twitter:data2\" content=\"5 minutos\" \/>\n<script type=\"application\/ld+json\" class=\"yoast-schema-graph\">{\"@context\":\"https:\\\/\\\/schema.org\",\"@graph\":[{\"@type\":\"Article\",\"@id\":\"https:\\\/\\\/sindromecharge.es\\\/index.php\\\/2024\\\/12\\\/26\\\/gema-beas-ciega-29-anos-crisis-fe\\\/#article\",\"isPartOf\":{\"@id\":\"https:\\\/\\\/sindromecharge.es\\\/index.php\\\/2024\\\/12\\\/26\\\/gema-beas-ciega-29-anos-crisis-fe\\\/\"},\"author\":{\"name\":\"Charge\",\"@id\":\"https:\\\/\\\/sindromecharge.es\\\/#\\\/schema\\\/person\\\/39a60ebe0a2b4d5a11179701e336b039\"},\"headline\":\"Gema de Beas, ciega desde los 29 a\u00f1os: \u00abCuando perd\u00ed la vista tuve una crisis de fe\u00bb\",\"datePublished\":\"2024-12-26T06:28:03+00:00\",\"mainEntityOfPage\":{\"@id\":\"https:\\\/\\\/sindromecharge.es\\\/index.php\\\/2024\\\/12\\\/26\\\/gema-beas-ciega-29-anos-crisis-fe\\\/\"},\"wordCount\":984,\"articleSection\":[\"noticias\"],\"inLanguage\":\"es\"},{\"@type\":\"WebPage\",\"@id\":\"https:\\\/\\\/sindromecharge.es\\\/index.php\\\/2024\\\/12\\\/26\\\/gema-beas-ciega-29-anos-crisis-fe\\\/\",\"url\":\"https:\\\/\\\/sindromecharge.es\\\/index.php\\\/2024\\\/12\\\/26\\\/gema-beas-ciega-29-anos-crisis-fe\\\/\",\"name\":\"Gema de Beas, ciega desde los 29 a\u00f1os: \\\"Cuando perd\u00ed la vista tuve una crisis de fe\\\" - Asociaci\u00f3n Espa\u00f1ola S\u00edndrome de Charge\",\"isPartOf\":{\"@id\":\"https:\\\/\\\/sindromecharge.es\\\/#website\"},\"datePublished\":\"2024-12-26T06:28:03+00:00\",\"author\":{\"@id\":\"https:\\\/\\\/sindromecharge.es\\\/#\\\/schema\\\/person\\\/39a60ebe0a2b4d5a11179701e336b039\"},\"breadcrumb\":{\"@id\":\"https:\\\/\\\/sindromecharge.es\\\/index.php\\\/2024\\\/12\\\/26\\\/gema-beas-ciega-29-anos-crisis-fe\\\/#breadcrumb\"},\"inLanguage\":\"es\",\"potentialAction\":[{\"@type\":\"ReadAction\",\"target\":[\"https:\\\/\\\/sindromecharge.es\\\/index.php\\\/2024\\\/12\\\/26\\\/gema-beas-ciega-29-anos-crisis-fe\\\/\"]}]},{\"@type\":\"BreadcrumbList\",\"@id\":\"https:\\\/\\\/sindromecharge.es\\\/index.php\\\/2024\\\/12\\\/26\\\/gema-beas-ciega-29-anos-crisis-fe\\\/#breadcrumb\",\"itemListElement\":[{\"@type\":\"ListItem\",\"position\":1,\"name\":\"Portada\",\"item\":\"https:\\\/\\\/sindromecharge.es\\\/\"},{\"@type\":\"ListItem\",\"position\":2,\"name\":\"Gema de Beas, ciega desde los 29 a\u00f1os: &#8220;Cuando perd\u00ed la vista tuve una crisis de fe&#8221;\"}]},{\"@type\":\"WebSite\",\"@id\":\"https:\\\/\\\/sindromecharge.es\\\/#website\",\"url\":\"https:\\\/\\\/sindromecharge.es\\\/\",\"name\":\"Asociaci\u00f3n Espa\u00f1ola S\u00edndrome de Charge\",\"description\":\"\",\"potentialAction\":[{\"@type\":\"SearchAction\",\"target\":{\"@type\":\"EntryPoint\",\"urlTemplate\":\"https:\\\/\\\/sindromecharge.es\\\/?s={search_term_string}\"},\"query-input\":{\"@type\":\"PropertyValueSpecification\",\"valueRequired\":true,\"valueName\":\"search_term_string\"}}],\"inLanguage\":\"es\"},{\"@type\":\"Person\",\"@id\":\"https:\\\/\\\/sindromecharge.es\\\/#\\\/schema\\\/person\\\/39a60ebe0a2b4d5a11179701e336b039\",\"name\":\"Charge\",\"image\":{\"@type\":\"ImageObject\",\"inLanguage\":\"es\",\"@id\":\"https:\\\/\\\/secure.gravatar.com\\\/avatar\\\/c3b46e32a0fc3b093a0873fb767bf3293de856293065e84ef06b7ec7a8acfb98?s=96&d=identicon&r=x\",\"url\":\"https:\\\/\\\/secure.gravatar.com\\\/avatar\\\/c3b46e32a0fc3b093a0873fb767bf3293de856293065e84ef06b7ec7a8acfb98?s=96&d=identicon&r=x\",\"contentUrl\":\"https:\\\/\\\/secure.gravatar.com\\\/avatar\\\/c3b46e32a0fc3b093a0873fb767bf3293de856293065e84ef06b7ec7a8acfb98?s=96&d=identicon&r=x\",\"caption\":\"Charge\"},\"url\":\"https:\\\/\\\/sindromecharge.es\\\/index.php\\\/author\\\/admin\\\/\"}]}<\/script>\n<!-- \/ Yoast SEO plugin. -->","yoast_head_json":{"title":"Gema de Beas, ciega desde los 29 a\u00f1os: \"Cuando perd\u00ed la vista tuve una crisis de fe\" - Asociaci\u00f3n Espa\u00f1ola S\u00edndrome de Charge","robots":{"index":"index","follow":"follow","max-snippet":"max-snippet:-1","max-image-preview":"max-image-preview:large","max-video-preview":"max-video-preview:-1"},"canonical":"https:\/\/sindromecharge.es\/index.php\/2024\/12\/26\/gema-beas-ciega-29-anos-crisis-fe\/","og_locale":"es_ES","og_type":"article","og_title":"Gema de Beas, ciega desde los 29 a\u00f1os: \"Cuando perd\u00ed la vista tuve una crisis de fe\" - Asociaci\u00f3n Espa\u00f1ola S\u00edndrome de Charge","og_description":"Su marido, Ricardo Velesar, es vendedor del cup\u00f3n de la ONCE jubilado que tambi\u00e9n tiene discapacidad visual.","og_url":"https:\/\/sindromecharge.es\/index.php\/2024\/12\/26\/gema-beas-ciega-29-anos-crisis-fe\/","og_site_name":"Asociaci\u00f3n Espa\u00f1ola S\u00edndrome de Charge","article_publisher":"https:\/\/www.facebook.com\/asociacionsindromecharge","article_published_time":"2024-12-26T06:28:03+00:00","og_image":[{"width":300,"height":98,"url":"https:\/\/sindromecharge.es\/wp-content\/uploads\/2013\/09\/logodecharge300x98.png","type":"image\/png"}],"author":"Charge","twitter_card":"summary_large_image","twitter_creator":"@sindromecharge","twitter_site":"@sindromecharge","twitter_misc":{"Escrito por":"Charge","Tiempo de lectura":"5 minutos"},"schema":{"@context":"https:\/\/schema.org","@graph":[{"@type":"Article","@id":"https:\/\/sindromecharge.es\/index.php\/2024\/12\/26\/gema-beas-ciega-29-anos-crisis-fe\/#article","isPartOf":{"@id":"https:\/\/sindromecharge.es\/index.php\/2024\/12\/26\/gema-beas-ciega-29-anos-crisis-fe\/"},"author":{"name":"Charge","@id":"https:\/\/sindromecharge.es\/#\/schema\/person\/39a60ebe0a2b4d5a11179701e336b039"},"headline":"Gema de Beas, ciega desde los 29 a\u00f1os: \u00abCuando perd\u00ed la vista tuve una crisis de fe\u00bb","datePublished":"2024-12-26T06:28:03+00:00","mainEntityOfPage":{"@id":"https:\/\/sindromecharge.es\/index.php\/2024\/12\/26\/gema-beas-ciega-29-anos-crisis-fe\/"},"wordCount":984,"articleSection":["noticias"],"inLanguage":"es"},{"@type":"WebPage","@id":"https:\/\/sindromecharge.es\/index.php\/2024\/12\/26\/gema-beas-ciega-29-anos-crisis-fe\/","url":"https:\/\/sindromecharge.es\/index.php\/2024\/12\/26\/gema-beas-ciega-29-anos-crisis-fe\/","name":"Gema de Beas, ciega desde los 29 a\u00f1os: \"Cuando perd\u00ed la vista tuve una crisis de fe\" - Asociaci\u00f3n Espa\u00f1ola S\u00edndrome de Charge","isPartOf":{"@id":"https:\/\/sindromecharge.es\/#website"},"datePublished":"2024-12-26T06:28:03+00:00","author":{"@id":"https:\/\/sindromecharge.es\/#\/schema\/person\/39a60ebe0a2b4d5a11179701e336b039"},"breadcrumb":{"@id":"https:\/\/sindromecharge.es\/index.php\/2024\/12\/26\/gema-beas-ciega-29-anos-crisis-fe\/#breadcrumb"},"inLanguage":"es","potentialAction":[{"@type":"ReadAction","target":["https:\/\/sindromecharge.es\/index.php\/2024\/12\/26\/gema-beas-ciega-29-anos-crisis-fe\/"]}]},{"@type":"BreadcrumbList","@id":"https:\/\/sindromecharge.es\/index.php\/2024\/12\/26\/gema-beas-ciega-29-anos-crisis-fe\/#breadcrumb","itemListElement":[{"@type":"ListItem","position":1,"name":"Portada","item":"https:\/\/sindromecharge.es\/"},{"@type":"ListItem","position":2,"name":"Gema de Beas, ciega desde los 29 a\u00f1os: &#8220;Cuando perd\u00ed la vista tuve una crisis de fe&#8221;"}]},{"@type":"WebSite","@id":"https:\/\/sindromecharge.es\/#website","url":"https:\/\/sindromecharge.es\/","name":"Asociaci\u00f3n Espa\u00f1ola S\u00edndrome de Charge","description":"","potentialAction":[{"@type":"SearchAction","target":{"@type":"EntryPoint","urlTemplate":"https:\/\/sindromecharge.es\/?s={search_term_string}"},"query-input":{"@type":"PropertyValueSpecification","valueRequired":true,"valueName":"search_term_string"}}],"inLanguage":"es"},{"@type":"Person","@id":"https:\/\/sindromecharge.es\/#\/schema\/person\/39a60ebe0a2b4d5a11179701e336b039","name":"Charge","image":{"@type":"ImageObject","inLanguage":"es","@id":"https:\/\/secure.gravatar.com\/avatar\/c3b46e32a0fc3b093a0873fb767bf3293de856293065e84ef06b7ec7a8acfb98?s=96&d=identicon&r=x","url":"https:\/\/secure.gravatar.com\/avatar\/c3b46e32a0fc3b093a0873fb767bf3293de856293065e84ef06b7ec7a8acfb98?s=96&d=identicon&r=x","contentUrl":"https:\/\/secure.gravatar.com\/avatar\/c3b46e32a0fc3b093a0873fb767bf3293de856293065e84ef06b7ec7a8acfb98?s=96&d=identicon&r=x","caption":"Charge"},"url":"https:\/\/sindromecharge.es\/index.php\/author\/admin\/"}]}},"_links":{"self":[{"href":"https:\/\/sindromecharge.es\/index.php\/wp-json\/wp\/v2\/posts\/10685","targetHints":{"allow":["GET"]}}],"collection":[{"href":"https:\/\/sindromecharge.es\/index.php\/wp-json\/wp\/v2\/posts"}],"about":[{"href":"https:\/\/sindromecharge.es\/index.php\/wp-json\/wp\/v2\/types\/post"}],"author":[{"embeddable":true,"href":"https:\/\/sindromecharge.es\/index.php\/wp-json\/wp\/v2\/users\/1"}],"replies":[{"embeddable":true,"href":"https:\/\/sindromecharge.es\/index.php\/wp-json\/wp\/v2\/comments?post=10685"}],"version-history":[{"count":0,"href":"https:\/\/sindromecharge.es\/index.php\/wp-json\/wp\/v2\/posts\/10685\/revisions"}],"wp:attachment":[{"href":"https:\/\/sindromecharge.es\/index.php\/wp-json\/wp\/v2\/media?parent=10685"}],"wp:term":[{"taxonomy":"category","embeddable":true,"href":"https:\/\/sindromecharge.es\/index.php\/wp-json\/wp\/v2\/categories?post=10685"},{"taxonomy":"post_tag","embeddable":true,"href":"https:\/\/sindromecharge.es\/index.php\/wp-json\/wp\/v2\/tags?post=10685"}],"curies":[{"name":"wp","href":"https:\/\/api.w.org\/{rel}","templated":true}]}}