{"id":10682,"date":"2024-12-23T14:30:40","date_gmt":"2024-12-23T14:30:40","guid":{"rendered":"https:\/\/sindromecharge.es\/index.php\/2024\/12\/23\/tu-loteria-correspondida-con-el-reintegro-aun-mas-solidaria\/"},"modified":"2024-12-23T14:30:40","modified_gmt":"2024-12-23T14:30:40","slug":"tu-loteria-correspondida-con-el-reintegro-aun-mas-solidaria","status":"publish","type":"post","link":"https:\/\/sindromecharge.es\/index.php\/2024\/12\/23\/tu-loteria-correspondida-con-el-reintegro-aun-mas-solidaria\/","title":{"rendered":"Tu loter\u00eda correspondida con el reintegro, a\u00fan m\u00e1s solidaria"},"content":{"rendered":"<p>Leemos en Menudos Corazones la siguiente noticia que os reproducimos de forma \u00edntegra: <\/p>\n<div>\n<p>La loter\u00eda de Menudos Corazones con participaciones en los n\u00fameros <strong>43.769 \u2013 69.300<\/strong> ha sido correspondida con el reintegro del pasado Sorteo Extraordinario de Navidad. <strong>Rompiendo tus papeletas, haces tu loter\u00eda a\u00fan m\u00e1s solidaria<\/strong>, porque al donativo que aportaste a los programas de apoyo de la Fundaci\u00f3n cuando las adquiriste, sumas la cuant\u00eda jugada. <strong>\u00a1Gracias por tu gesto, doblemente generoso!<\/strong><\/p>\n<figure id=\"attachment_40962\" aria-describedby=\"caption-attachment-40962\" style=\"width: 702px\" class=\"wp-caption aligncenter\"><img fetchpriority=\"high\" decoding=\"async\" class=\"size-large wp-image-40962\" src=\"https:\/\/www.menudoscorazones.org\/wp-content\/uploads\/2024\/12\/IG-feed_Gesto-Loteria-2024-1024x1024.png\" alt=\"Loter\u00eda de Navidad de Menudos Corazones\" width=\"702\" height=\"702\" srcset=\"https:\/\/www.menudoscorazones.org\/wp-content\/uploads\/2024\/12\/IG-feed_Gesto-Loteria-2024-1024x1024.png 1024w, https:\/\/www.menudoscorazones.org\/wp-content\/uploads\/2024\/12\/IG-feed_Gesto-Loteria-2024-300x300.png 300w, https:\/\/www.menudoscorazones.org\/wp-content\/uploads\/2024\/12\/IG-feed_Gesto-Loteria-2024-150x150.png 150w, https:\/\/www.menudoscorazones.org\/wp-content\/uploads\/2024\/12\/IG-feed_Gesto-Loteria-2024-768x768.png 768w, https:\/\/www.menudoscorazones.org\/wp-content\/uploads\/2024\/12\/IG-feed_Gesto-Loteria-2024-500x500.png 500w, https:\/\/www.menudoscorazones.org\/wp-content\/uploads\/2024\/12\/IG-feed_Gesto-Loteria-2024-655x655.png 655w, https:\/\/www.menudoscorazones.org\/wp-content\/uploads\/2024\/12\/IG-feed_Gesto-Loteria-2024-180x180.png 180w, https:\/\/www.menudoscorazones.org\/wp-content\/uploads\/2024\/12\/IG-feed_Gesto-Loteria-2024-50x50.png 50w, https:\/\/www.menudoscorazones.org\/wp-content\/uploads\/2024\/12\/IG-feed_Gesto-Loteria-2024-100x100.png 100w, https:\/\/www.menudoscorazones.org\/wp-content\/uploads\/2024\/12\/IG-feed_Gesto-Loteria-2024.png 1080w\" sizes=\"(max-width: 702px) 100vw, 702px\"><figcaption id=\"caption-attachment-40962\" class=\"wp-caption-text\">Con este gesto, tu loter\u00eda es el doble de solidaria.<\/figcaption><\/figure>\n<p>Y, en caso de que quieras cobrar el reintegro de tus participaciones, podr\u00e1s hacerlo<strong> (una vez que Loter\u00edas y Apuestas del Estado active el<\/strong> <strong>ingreso)<\/strong> escaneando el c\u00f3digo QR que encontrar\u00e1s en cada una de ellas y siguiendo los pasos indicados en la p\u00e1gina web enlazada. \u00a1Cuando sea posible hacerlo, <strong>te<\/strong> <strong>informaremos por nuestros canales habituales<\/strong>!<\/p>\n<p>Permanece atento o atenta y, <strong>si a\u00fan no recibes nuestras comunicaciones y deseas hacerlo, <a href=\"https:\/\/www.menudoscorazones.org\/si-informacion\/\">reg\u00edstrate en este enlace<\/a><\/strong>.<\/p>\n<p>La entrada <a href=\"https:\/\/www.menudoscorazones.org\/2024\/tu-loteria-correspondida-con-el-reintegro-aun-mas-solidaria\/\">Tu loter\u00eda correspondida con el reintegro, a\u00fan m\u00e1s solidaria<\/a> aparece primero en <a href=\"https:\/\/www.menudoscorazones.org\/\">Menudos Corazones<\/a>.<\/p>\n<\/div>\n<p>Fuente: Menudos Corazones https:\/\/www.menudoscorazones.org\/2024\/tu-loteria-correspondida-con-el-reintegro-aun-mas-solidaria\/<\/p>\n","protected":false},"excerpt":{"rendered":"<p>Suma a tu donativo la cuant\u00eda jugada y colabora el doble; o cobra el reintegro de tus participaciones. Te explicamos c\u00f3mo hacerlo. La entrada Tu loter\u00eda correspondida con el reintegro, a\u00fan m\u00e1s solidaria aparece primero en Menudos Corazones.<\/p>\n","protected":false},"author":1,"featured_media":0,"comment_status":"closed","ping_status":"closed","sticky":false,"template":"","format":"standard","meta":{"footnotes":""},"categories":[8],"tags":[],"class_list":["post-10682","post","type-post","status-publish","format-standard","hentry","category-noticias"],"yoast_head":"<!-- This site is optimized with the Yoast SEO plugin v27.5 - https:\/\/yoast.com\/product\/yoast-seo-wordpress\/ -->\n<title>Tu loter\u00eda correspondida con el reintegro, a\u00fan m\u00e1s solidaria - Asociaci\u00f3n Espa\u00f1ola S\u00edndrome de Charge<\/title>\n<meta name=\"robots\" content=\"index, follow, max-snippet:-1, max-image-preview:large, max-video-preview:-1\" \/>\n<link rel=\"canonical\" href=\"https:\/\/sindromecharge.es\/index.php\/2024\/12\/23\/tu-loteria-correspondida-con-el-reintegro-aun-mas-solidaria\/\" \/>\n<meta property=\"og:locale\" content=\"es_ES\" \/>\n<meta property=\"og:type\" content=\"article\" \/>\n<meta property=\"og:title\" content=\"Tu loter\u00eda correspondida con el reintegro, a\u00fan m\u00e1s solidaria - Asociaci\u00f3n Espa\u00f1ola S\u00edndrome de Charge\" \/>\n<meta property=\"og:description\" content=\"Suma a tu donativo la cuant\u00eda jugada y colabora el doble; o cobra el reintegro de tus participaciones. Te explicamos c\u00f3mo hacerlo. La entrada Tu loter\u00eda correspondida con el reintegro, a\u00fan m\u00e1s solidaria aparece primero en Menudos Corazones.\" \/>\n<meta property=\"og:url\" content=\"https:\/\/sindromecharge.es\/index.php\/2024\/12\/23\/tu-loteria-correspondida-con-el-reintegro-aun-mas-solidaria\/\" \/>\n<meta property=\"og:site_name\" content=\"Asociaci\u00f3n Espa\u00f1ola S\u00edndrome de Charge\" \/>\n<meta property=\"article:publisher\" content=\"https:\/\/www.facebook.com\/asociacionsindromecharge\" \/>\n<meta property=\"article:published_time\" content=\"2024-12-23T14:30:40+00:00\" \/>\n<meta property=\"og:image\" content=\"https:\/\/sindromecharge.es\/wp-content\/uploads\/2013\/09\/logodecharge300x98.png\" \/>\n\t<meta property=\"og:image:width\" content=\"300\" \/>\n\t<meta property=\"og:image:height\" content=\"98\" \/>\n\t<meta property=\"og:image:type\" content=\"image\/png\" \/>\n<meta name=\"author\" content=\"Charge\" \/>\n<meta name=\"twitter:card\" content=\"summary_large_image\" \/>\n<meta name=\"twitter:creator\" content=\"@sindromecharge\" \/>\n<meta name=\"twitter:site\" content=\"@sindromecharge\" \/>\n<meta name=\"twitter:label1\" content=\"Escrito por\" \/>\n\t<meta name=\"twitter:data1\" content=\"Charge\" \/>\n\t<meta name=\"twitter:label2\" content=\"Tiempo de lectura\" \/>\n\t<meta name=\"twitter:data2\" content=\"1 minuto\" \/>\n<script type=\"application\/ld+json\" class=\"yoast-schema-graph\">{\"@context\":\"https:\\\/\\\/schema.org\",\"@graph\":[{\"@type\":\"Article\",\"@id\":\"https:\\\/\\\/sindromecharge.es\\\/index.php\\\/2024\\\/12\\\/23\\\/tu-loteria-correspondida-con-el-reintegro-aun-mas-solidaria\\\/#article\",\"isPartOf\":{\"@id\":\"https:\\\/\\\/sindromecharge.es\\\/index.php\\\/2024\\\/12\\\/23\\\/tu-loteria-correspondida-con-el-reintegro-aun-mas-solidaria\\\/\"},\"author\":{\"name\":\"Charge\",\"@id\":\"https:\\\/\\\/sindromecharge.es\\\/#\\\/schema\\\/person\\\/39a60ebe0a2b4d5a11179701e336b039\"},\"headline\":\"Tu loter\u00eda correspondida con el reintegro, a\u00fan m\u00e1s solidaria\",\"datePublished\":\"2024-12-23T14:30:40+00:00\",\"mainEntityOfPage\":{\"@id\":\"https:\\\/\\\/sindromecharge.es\\\/index.php\\\/2024\\\/12\\\/23\\\/tu-loteria-correspondida-con-el-reintegro-aun-mas-solidaria\\\/\"},\"wordCount\":208,\"image\":{\"@id\":\"https:\\\/\\\/sindromecharge.es\\\/index.php\\\/2024\\\/12\\\/23\\\/tu-loteria-correspondida-con-el-reintegro-aun-mas-solidaria\\\/#primaryimage\"},\"thumbnailUrl\":\"https:\\\/\\\/www.menudoscorazones.org\\\/wp-content\\\/uploads\\\/2024\\\/12\\\/IG-feed_Gesto-Loteria-2024-1024x1024.png\",\"articleSection\":[\"noticias\"],\"inLanguage\":\"es\"},{\"@type\":\"WebPage\",\"@id\":\"https:\\\/\\\/sindromecharge.es\\\/index.php\\\/2024\\\/12\\\/23\\\/tu-loteria-correspondida-con-el-reintegro-aun-mas-solidaria\\\/\",\"url\":\"https:\\\/\\\/sindromecharge.es\\\/index.php\\\/2024\\\/12\\\/23\\\/tu-loteria-correspondida-con-el-reintegro-aun-mas-solidaria\\\/\",\"name\":\"Tu loter\u00eda correspondida con el reintegro, a\u00fan m\u00e1s solidaria - Asociaci\u00f3n Espa\u00f1ola S\u00edndrome de Charge\",\"isPartOf\":{\"@id\":\"https:\\\/\\\/sindromecharge.es\\\/#website\"},\"primaryImageOfPage\":{\"@id\":\"https:\\\/\\\/sindromecharge.es\\\/index.php\\\/2024\\\/12\\\/23\\\/tu-loteria-correspondida-con-el-reintegro-aun-mas-solidaria\\\/#primaryimage\"},\"image\":{\"@id\":\"https:\\\/\\\/sindromecharge.es\\\/index.php\\\/2024\\\/12\\\/23\\\/tu-loteria-correspondida-con-el-reintegro-aun-mas-solidaria\\\/#primaryimage\"},\"thumbnailUrl\":\"https:\\\/\\\/www.menudoscorazones.org\\\/wp-content\\\/uploads\\\/2024\\\/12\\\/IG-feed_Gesto-Loteria-2024-1024x1024.png\",\"datePublished\":\"2024-12-23T14:30:40+00:00\",\"author\":{\"@id\":\"https:\\\/\\\/sindromecharge.es\\\/#\\\/schema\\\/person\\\/39a60ebe0a2b4d5a11179701e336b039\"},\"breadcrumb\":{\"@id\":\"https:\\\/\\\/sindromecharge.es\\\/index.php\\\/2024\\\/12\\\/23\\\/tu-loteria-correspondida-con-el-reintegro-aun-mas-solidaria\\\/#breadcrumb\"},\"inLanguage\":\"es\",\"potentialAction\":[{\"@type\":\"ReadAction\",\"target\":[\"https:\\\/\\\/sindromecharge.es\\\/index.php\\\/2024\\\/12\\\/23\\\/tu-loteria-correspondida-con-el-reintegro-aun-mas-solidaria\\\/\"]}]},{\"@type\":\"ImageObject\",\"inLanguage\":\"es\",\"@id\":\"https:\\\/\\\/sindromecharge.es\\\/index.php\\\/2024\\\/12\\\/23\\\/tu-loteria-correspondida-con-el-reintegro-aun-mas-solidaria\\\/#primaryimage\",\"url\":\"https:\\\/\\\/www.menudoscorazones.org\\\/wp-content\\\/uploads\\\/2024\\\/12\\\/IG-feed_Gesto-Loteria-2024-1024x1024.png\",\"contentUrl\":\"https:\\\/\\\/www.menudoscorazones.org\\\/wp-content\\\/uploads\\\/2024\\\/12\\\/IG-feed_Gesto-Loteria-2024-1024x1024.png\"},{\"@type\":\"BreadcrumbList\",\"@id\":\"https:\\\/\\\/sindromecharge.es\\\/index.php\\\/2024\\\/12\\\/23\\\/tu-loteria-correspondida-con-el-reintegro-aun-mas-solidaria\\\/#breadcrumb\",\"itemListElement\":[{\"@type\":\"ListItem\",\"position\":1,\"name\":\"Portada\",\"item\":\"https:\\\/\\\/sindromecharge.es\\\/\"},{\"@type\":\"ListItem\",\"position\":2,\"name\":\"Tu loter\u00eda correspondida con el reintegro, a\u00fan m\u00e1s solidaria\"}]},{\"@type\":\"WebSite\",\"@id\":\"https:\\\/\\\/sindromecharge.es\\\/#website\",\"url\":\"https:\\\/\\\/sindromecharge.es\\\/\",\"name\":\"Asociaci\u00f3n Espa\u00f1ola S\u00edndrome de Charge\",\"description\":\"\",\"potentialAction\":[{\"@type\":\"SearchAction\",\"target\":{\"@type\":\"EntryPoint\",\"urlTemplate\":\"https:\\\/\\\/sindromecharge.es\\\/?s={search_term_string}\"},\"query-input\":{\"@type\":\"PropertyValueSpecification\",\"valueRequired\":true,\"valueName\":\"search_term_string\"}}],\"inLanguage\":\"es\"},{\"@type\":\"Person\",\"@id\":\"https:\\\/\\\/sindromecharge.es\\\/#\\\/schema\\\/person\\\/39a60ebe0a2b4d5a11179701e336b039\",\"name\":\"Charge\",\"image\":{\"@type\":\"ImageObject\",\"inLanguage\":\"es\",\"@id\":\"https:\\\/\\\/secure.gravatar.com\\\/avatar\\\/c3b46e32a0fc3b093a0873fb767bf3293de856293065e84ef06b7ec7a8acfb98?s=96&d=identicon&r=x\",\"url\":\"https:\\\/\\\/secure.gravatar.com\\\/avatar\\\/c3b46e32a0fc3b093a0873fb767bf3293de856293065e84ef06b7ec7a8acfb98?s=96&d=identicon&r=x\",\"contentUrl\":\"https:\\\/\\\/secure.gravatar.com\\\/avatar\\\/c3b46e32a0fc3b093a0873fb767bf3293de856293065e84ef06b7ec7a8acfb98?s=96&d=identicon&r=x\",\"caption\":\"Charge\"},\"url\":\"https:\\\/\\\/sindromecharge.es\\\/index.php\\\/author\\\/admin\\\/\"}]}<\/script>\n<!-- \/ Yoast SEO plugin. -->","yoast_head_json":{"title":"Tu loter\u00eda correspondida con el reintegro, a\u00fan m\u00e1s solidaria - Asociaci\u00f3n Espa\u00f1ola S\u00edndrome de Charge","robots":{"index":"index","follow":"follow","max-snippet":"max-snippet:-1","max-image-preview":"max-image-preview:large","max-video-preview":"max-video-preview:-1"},"canonical":"https:\/\/sindromecharge.es\/index.php\/2024\/12\/23\/tu-loteria-correspondida-con-el-reintegro-aun-mas-solidaria\/","og_locale":"es_ES","og_type":"article","og_title":"Tu loter\u00eda correspondida con el reintegro, a\u00fan m\u00e1s solidaria - Asociaci\u00f3n Espa\u00f1ola S\u00edndrome de Charge","og_description":"Suma a tu donativo la cuant\u00eda jugada y colabora el doble; o cobra el reintegro de tus participaciones. Te explicamos c\u00f3mo hacerlo. La entrada Tu loter\u00eda correspondida con el reintegro, a\u00fan m\u00e1s solidaria aparece primero en Menudos Corazones.","og_url":"https:\/\/sindromecharge.es\/index.php\/2024\/12\/23\/tu-loteria-correspondida-con-el-reintegro-aun-mas-solidaria\/","og_site_name":"Asociaci\u00f3n Espa\u00f1ola S\u00edndrome de Charge","article_publisher":"https:\/\/www.facebook.com\/asociacionsindromecharge","article_published_time":"2024-12-23T14:30:40+00:00","og_image":[{"width":300,"height":98,"url":"https:\/\/sindromecharge.es\/wp-content\/uploads\/2013\/09\/logodecharge300x98.png","type":"image\/png"}],"author":"Charge","twitter_card":"summary_large_image","twitter_creator":"@sindromecharge","twitter_site":"@sindromecharge","twitter_misc":{"Escrito por":"Charge","Tiempo de lectura":"1 minuto"},"schema":{"@context":"https:\/\/schema.org","@graph":[{"@type":"Article","@id":"https:\/\/sindromecharge.es\/index.php\/2024\/12\/23\/tu-loteria-correspondida-con-el-reintegro-aun-mas-solidaria\/#article","isPartOf":{"@id":"https:\/\/sindromecharge.es\/index.php\/2024\/12\/23\/tu-loteria-correspondida-con-el-reintegro-aun-mas-solidaria\/"},"author":{"name":"Charge","@id":"https:\/\/sindromecharge.es\/#\/schema\/person\/39a60ebe0a2b4d5a11179701e336b039"},"headline":"Tu loter\u00eda correspondida con el reintegro, a\u00fan m\u00e1s solidaria","datePublished":"2024-12-23T14:30:40+00:00","mainEntityOfPage":{"@id":"https:\/\/sindromecharge.es\/index.php\/2024\/12\/23\/tu-loteria-correspondida-con-el-reintegro-aun-mas-solidaria\/"},"wordCount":208,"image":{"@id":"https:\/\/sindromecharge.es\/index.php\/2024\/12\/23\/tu-loteria-correspondida-con-el-reintegro-aun-mas-solidaria\/#primaryimage"},"thumbnailUrl":"https:\/\/www.menudoscorazones.org\/wp-content\/uploads\/2024\/12\/IG-feed_Gesto-Loteria-2024-1024x1024.png","articleSection":["noticias"],"inLanguage":"es"},{"@type":"WebPage","@id":"https:\/\/sindromecharge.es\/index.php\/2024\/12\/23\/tu-loteria-correspondida-con-el-reintegro-aun-mas-solidaria\/","url":"https:\/\/sindromecharge.es\/index.php\/2024\/12\/23\/tu-loteria-correspondida-con-el-reintegro-aun-mas-solidaria\/","name":"Tu loter\u00eda correspondida con el reintegro, a\u00fan m\u00e1s solidaria - Asociaci\u00f3n Espa\u00f1ola S\u00edndrome de Charge","isPartOf":{"@id":"https:\/\/sindromecharge.es\/#website"},"primaryImageOfPage":{"@id":"https:\/\/sindromecharge.es\/index.php\/2024\/12\/23\/tu-loteria-correspondida-con-el-reintegro-aun-mas-solidaria\/#primaryimage"},"image":{"@id":"https:\/\/sindromecharge.es\/index.php\/2024\/12\/23\/tu-loteria-correspondida-con-el-reintegro-aun-mas-solidaria\/#primaryimage"},"thumbnailUrl":"https:\/\/www.menudoscorazones.org\/wp-content\/uploads\/2024\/12\/IG-feed_Gesto-Loteria-2024-1024x1024.png","datePublished":"2024-12-23T14:30:40+00:00","author":{"@id":"https:\/\/sindromecharge.es\/#\/schema\/person\/39a60ebe0a2b4d5a11179701e336b039"},"breadcrumb":{"@id":"https:\/\/sindromecharge.es\/index.php\/2024\/12\/23\/tu-loteria-correspondida-con-el-reintegro-aun-mas-solidaria\/#breadcrumb"},"inLanguage":"es","potentialAction":[{"@type":"ReadAction","target":["https:\/\/sindromecharge.es\/index.php\/2024\/12\/23\/tu-loteria-correspondida-con-el-reintegro-aun-mas-solidaria\/"]}]},{"@type":"ImageObject","inLanguage":"es","@id":"https:\/\/sindromecharge.es\/index.php\/2024\/12\/23\/tu-loteria-correspondida-con-el-reintegro-aun-mas-solidaria\/#primaryimage","url":"https:\/\/www.menudoscorazones.org\/wp-content\/uploads\/2024\/12\/IG-feed_Gesto-Loteria-2024-1024x1024.png","contentUrl":"https:\/\/www.menudoscorazones.org\/wp-content\/uploads\/2024\/12\/IG-feed_Gesto-Loteria-2024-1024x1024.png"},{"@type":"BreadcrumbList","@id":"https:\/\/sindromecharge.es\/index.php\/2024\/12\/23\/tu-loteria-correspondida-con-el-reintegro-aun-mas-solidaria\/#breadcrumb","itemListElement":[{"@type":"ListItem","position":1,"name":"Portada","item":"https:\/\/sindromecharge.es\/"},{"@type":"ListItem","position":2,"name":"Tu loter\u00eda correspondida con el reintegro, a\u00fan m\u00e1s solidaria"}]},{"@type":"WebSite","@id":"https:\/\/sindromecharge.es\/#website","url":"https:\/\/sindromecharge.es\/","name":"Asociaci\u00f3n Espa\u00f1ola S\u00edndrome de Charge","description":"","potentialAction":[{"@type":"SearchAction","target":{"@type":"EntryPoint","urlTemplate":"https:\/\/sindromecharge.es\/?s={search_term_string}"},"query-input":{"@type":"PropertyValueSpecification","valueRequired":true,"valueName":"search_term_string"}}],"inLanguage":"es"},{"@type":"Person","@id":"https:\/\/sindromecharge.es\/#\/schema\/person\/39a60ebe0a2b4d5a11179701e336b039","name":"Charge","image":{"@type":"ImageObject","inLanguage":"es","@id":"https:\/\/secure.gravatar.com\/avatar\/c3b46e32a0fc3b093a0873fb767bf3293de856293065e84ef06b7ec7a8acfb98?s=96&d=identicon&r=x","url":"https:\/\/secure.gravatar.com\/avatar\/c3b46e32a0fc3b093a0873fb767bf3293de856293065e84ef06b7ec7a8acfb98?s=96&d=identicon&r=x","contentUrl":"https:\/\/secure.gravatar.com\/avatar\/c3b46e32a0fc3b093a0873fb767bf3293de856293065e84ef06b7ec7a8acfb98?s=96&d=identicon&r=x","caption":"Charge"},"url":"https:\/\/sindromecharge.es\/index.php\/author\/admin\/"}]}},"_links":{"self":[{"href":"https:\/\/sindromecharge.es\/index.php\/wp-json\/wp\/v2\/posts\/10682","targetHints":{"allow":["GET"]}}],"collection":[{"href":"https:\/\/sindromecharge.es\/index.php\/wp-json\/wp\/v2\/posts"}],"about":[{"href":"https:\/\/sindromecharge.es\/index.php\/wp-json\/wp\/v2\/types\/post"}],"author":[{"embeddable":true,"href":"https:\/\/sindromecharge.es\/index.php\/wp-json\/wp\/v2\/users\/1"}],"replies":[{"embeddable":true,"href":"https:\/\/sindromecharge.es\/index.php\/wp-json\/wp\/v2\/comments?post=10682"}],"version-history":[{"count":0,"href":"https:\/\/sindromecharge.es\/index.php\/wp-json\/wp\/v2\/posts\/10682\/revisions"}],"wp:attachment":[{"href":"https:\/\/sindromecharge.es\/index.php\/wp-json\/wp\/v2\/media?parent=10682"}],"wp:term":[{"taxonomy":"category","embeddable":true,"href":"https:\/\/sindromecharge.es\/index.php\/wp-json\/wp\/v2\/categories?post=10682"},{"taxonomy":"post_tag","embeddable":true,"href":"https:\/\/sindromecharge.es\/index.php\/wp-json\/wp\/v2\/tags?post=10682"}],"curies":[{"name":"wp","href":"https:\/\/api.w.org\/{rel}","templated":true}]}}