{"id":10679,"date":"2024-12-22T04:37:28","date_gmt":"2024-12-22T04:37:28","guid":{"rendered":"https:\/\/sindromecharge.es\/index.php\/2024\/12\/22\/patricia-gonzalez-premio-ellas-cuentan-aday-es-un-milagro-queremos-ayudar-otros-ninos-con-su-tipo-linfoma\/"},"modified":"2024-12-22T04:37:28","modified_gmt":"2024-12-22T04:37:28","slug":"patricia-gonzalez-premio-ellas-cuentan-aday-es-un-milagro-queremos-ayudar-otros-ninos-con-su-tipo-linfoma","status":"publish","type":"post","link":"https:\/\/sindromecharge.es\/index.php\/2024\/12\/22\/patricia-gonzalez-premio-ellas-cuentan-aday-es-un-milagro-queremos-ayudar-otros-ninos-con-su-tipo-linfoma\/","title":{"rendered":"Patricia Gonz\u00e1lez, premio &#8216;Ellas Cuentan&#8217;: \u00abAday es un milagro, queremos ayudar a otros ni\u00f1os con su tipo de linfoma\u00bb"},"content":{"rendered":"<p>Leemos en Discapacidad la siguiente noticia que os reproducimos de forma \u00edntegra: <\/p>\n<div>\n<p><b>Patricia Gonz\u00e1lez Velasco<\/b>, conocida en Instagram como <a href=\"https:\/\/www.instagram.com\/patrimakeupmadrid\/?hl=es\">@patrimakeupmadrid<\/a>, es madre de Aday, un ni\u00f1o de 17 meses diagnosticado con un linfoma ultrarraro, <b>el \u00fanico caso registrado en Espa\u00f1a<\/b>. Desde la adolescencia, Patricia convivi\u00f3 con el c\u00e1ncer de su madre, una experiencia que, en a\u00f1os recientes, se vio marcada por dos p\u00e9rdidas devastadoras: el fallecimiento de su madre y de su hermano. Hoy, enfrenta con fortaleza la enfermedad de su hijo, combinando su papel de madre y cuidadora con su trabajo como maquilladora aut\u00f3noma, a pesar de no contar con el 100 % de la ayuda de la CUME.<\/p>\n<p>\u201cEstas Navidades, mi mejor regalo es que mi beb\u00e9 se cure, y s\u00e9 que mi madre y mi hermano, desde el cielo, est\u00e1n muy orgullosos de m\u00ed por este reconocimiento\u201d, declar\u00f3 Patricia, tras conocer que hab\u00eda sido <b>galardonada con el premio &#8216;Ellas Cuentan&#8217;<\/b>, que anualmente otorgan conjuntamente<b> Malasmasdes y Cinfa<\/b>. En su caso, Patricia destinar\u00e1 la ayuda recibida a los gastos derivados de los cuidados, las medicinas y los viajes al hospital. Hablamos con ella para conocer m\u00e1s sobre su historia.<\/p>\n<\/div>\n<p>Fuente: Discapacidad https:\/\/www.20minutos.es\/noticia\/5663614\/0\/patricia-gonzalez-premio-ellas-cuentan-aday-es-un-milagro-queremos-ayudar-otros-ninos-con-su-tipo-linfoma\/<\/p>\n","protected":false},"excerpt":{"rendered":"<p>Patricia Gonz\u00e1lez Velasco, conocida en Instagram como @patrimakeupmadrid, es madre de Aday, un ni\u00f1o de 17 meses diagnosticado con un linfoma ultrarraro, el&#8230;<\/p>\n","protected":false},"author":1,"featured_media":0,"comment_status":"closed","ping_status":"closed","sticky":false,"template":"","format":"standard","meta":{"footnotes":""},"categories":[8],"tags":[],"class_list":["post-10679","post","type-post","status-publish","format-standard","hentry","category-noticias"],"yoast_head":"<!-- This site is optimized with the Yoast SEO plugin v27.5 - https:\/\/yoast.com\/product\/yoast-seo-wordpress\/ -->\n<title>Patricia Gonz\u00e1lez, premio &#039;Ellas Cuentan&#039;: &quot;Aday es un milagro, queremos ayudar a otros ni\u00f1os con su tipo de linfoma&quot; - Asociaci\u00f3n Espa\u00f1ola S\u00edndrome de Charge<\/title>\n<meta name=\"robots\" content=\"index, follow, max-snippet:-1, max-image-preview:large, max-video-preview:-1\" \/>\n<link rel=\"canonical\" href=\"https:\/\/sindromecharge.es\/index.php\/2024\/12\/22\/patricia-gonzalez-premio-ellas-cuentan-aday-es-un-milagro-queremos-ayudar-otros-ninos-con-su-tipo-linfoma\/\" \/>\n<meta property=\"og:locale\" content=\"es_ES\" \/>\n<meta property=\"og:type\" content=\"article\" \/>\n<meta property=\"og:title\" content=\"Patricia Gonz\u00e1lez, premio &#039;Ellas Cuentan&#039;: &quot;Aday es un milagro, queremos ayudar a otros ni\u00f1os con su tipo de linfoma&quot; - Asociaci\u00f3n Espa\u00f1ola S\u00edndrome de Charge\" \/>\n<meta property=\"og:description\" content=\"Patricia Gonz\u00e1lez Velasco, conocida en Instagram como @patrimakeupmadrid, es madre de Aday, un ni\u00f1o de 17 meses diagnosticado con un linfoma ultrarraro, el&#8230;\" \/>\n<meta property=\"og:url\" content=\"https:\/\/sindromecharge.es\/index.php\/2024\/12\/22\/patricia-gonzalez-premio-ellas-cuentan-aday-es-un-milagro-queremos-ayudar-otros-ninos-con-su-tipo-linfoma\/\" \/>\n<meta property=\"og:site_name\" content=\"Asociaci\u00f3n Espa\u00f1ola S\u00edndrome de Charge\" \/>\n<meta property=\"article:publisher\" content=\"https:\/\/www.facebook.com\/asociacionsindromecharge\" \/>\n<meta property=\"article:published_time\" content=\"2024-12-22T04:37:28+00:00\" \/>\n<meta property=\"og:image\" content=\"https:\/\/sindromecharge.es\/wp-content\/uploads\/2013\/09\/logodecharge300x98.png\" \/>\n\t<meta property=\"og:image:width\" content=\"300\" \/>\n\t<meta property=\"og:image:height\" content=\"98\" \/>\n\t<meta property=\"og:image:type\" content=\"image\/png\" \/>\n<meta name=\"author\" content=\"Charge\" \/>\n<meta name=\"twitter:card\" content=\"summary_large_image\" \/>\n<meta name=\"twitter:creator\" content=\"@sindromecharge\" \/>\n<meta name=\"twitter:site\" content=\"@sindromecharge\" \/>\n<meta name=\"twitter:label1\" content=\"Escrito por\" \/>\n\t<meta name=\"twitter:data1\" content=\"Charge\" \/>\n\t<meta name=\"twitter:label2\" content=\"Tiempo de lectura\" \/>\n\t<meta name=\"twitter:data2\" content=\"1 minuto\" \/>\n<script type=\"application\/ld+json\" class=\"yoast-schema-graph\">{\"@context\":\"https:\\\/\\\/schema.org\",\"@graph\":[{\"@type\":\"Article\",\"@id\":\"https:\\\/\\\/sindromecharge.es\\\/index.php\\\/2024\\\/12\\\/22\\\/patricia-gonzalez-premio-ellas-cuentan-aday-es-un-milagro-queremos-ayudar-otros-ninos-con-su-tipo-linfoma\\\/#article\",\"isPartOf\":{\"@id\":\"https:\\\/\\\/sindromecharge.es\\\/index.php\\\/2024\\\/12\\\/22\\\/patricia-gonzalez-premio-ellas-cuentan-aday-es-un-milagro-queremos-ayudar-otros-ninos-con-su-tipo-linfoma\\\/\"},\"author\":{\"name\":\"Charge\",\"@id\":\"https:\\\/\\\/sindromecharge.es\\\/#\\\/schema\\\/person\\\/39a60ebe0a2b4d5a11179701e336b039\"},\"headline\":\"Patricia Gonz\u00e1lez, premio &#8216;Ellas Cuentan&#8217;: \u00abAday es un milagro, queremos ayudar a otros ni\u00f1os con su tipo de linfoma\u00bb\",\"datePublished\":\"2024-12-22T04:37:28+00:00\",\"mainEntityOfPage\":{\"@id\":\"https:\\\/\\\/sindromecharge.es\\\/index.php\\\/2024\\\/12\\\/22\\\/patricia-gonzalez-premio-ellas-cuentan-aday-es-un-milagro-queremos-ayudar-otros-ninos-con-su-tipo-linfoma\\\/\"},\"wordCount\":227,\"articleSection\":[\"noticias\"],\"inLanguage\":\"es\"},{\"@type\":\"WebPage\",\"@id\":\"https:\\\/\\\/sindromecharge.es\\\/index.php\\\/2024\\\/12\\\/22\\\/patricia-gonzalez-premio-ellas-cuentan-aday-es-un-milagro-queremos-ayudar-otros-ninos-con-su-tipo-linfoma\\\/\",\"url\":\"https:\\\/\\\/sindromecharge.es\\\/index.php\\\/2024\\\/12\\\/22\\\/patricia-gonzalez-premio-ellas-cuentan-aday-es-un-milagro-queremos-ayudar-otros-ninos-con-su-tipo-linfoma\\\/\",\"name\":\"Patricia Gonz\u00e1lez, premio 'Ellas Cuentan': \\\"Aday es un milagro, queremos ayudar a otros ni\u00f1os con su tipo de linfoma\\\" - Asociaci\u00f3n Espa\u00f1ola S\u00edndrome de Charge\",\"isPartOf\":{\"@id\":\"https:\\\/\\\/sindromecharge.es\\\/#website\"},\"datePublished\":\"2024-12-22T04:37:28+00:00\",\"author\":{\"@id\":\"https:\\\/\\\/sindromecharge.es\\\/#\\\/schema\\\/person\\\/39a60ebe0a2b4d5a11179701e336b039\"},\"breadcrumb\":{\"@id\":\"https:\\\/\\\/sindromecharge.es\\\/index.php\\\/2024\\\/12\\\/22\\\/patricia-gonzalez-premio-ellas-cuentan-aday-es-un-milagro-queremos-ayudar-otros-ninos-con-su-tipo-linfoma\\\/#breadcrumb\"},\"inLanguage\":\"es\",\"potentialAction\":[{\"@type\":\"ReadAction\",\"target\":[\"https:\\\/\\\/sindromecharge.es\\\/index.php\\\/2024\\\/12\\\/22\\\/patricia-gonzalez-premio-ellas-cuentan-aday-es-un-milagro-queremos-ayudar-otros-ninos-con-su-tipo-linfoma\\\/\"]}]},{\"@type\":\"BreadcrumbList\",\"@id\":\"https:\\\/\\\/sindromecharge.es\\\/index.php\\\/2024\\\/12\\\/22\\\/patricia-gonzalez-premio-ellas-cuentan-aday-es-un-milagro-queremos-ayudar-otros-ninos-con-su-tipo-linfoma\\\/#breadcrumb\",\"itemListElement\":[{\"@type\":\"ListItem\",\"position\":1,\"name\":\"Portada\",\"item\":\"https:\\\/\\\/sindromecharge.es\\\/\"},{\"@type\":\"ListItem\",\"position\":2,\"name\":\"Patricia Gonz\u00e1lez, premio &#8216;Ellas Cuentan&#8217;: &#8220;Aday es un milagro, queremos ayudar a otros ni\u00f1os con su tipo de linfoma&#8221;\"}]},{\"@type\":\"WebSite\",\"@id\":\"https:\\\/\\\/sindromecharge.es\\\/#website\",\"url\":\"https:\\\/\\\/sindromecharge.es\\\/\",\"name\":\"Asociaci\u00f3n Espa\u00f1ola S\u00edndrome de Charge\",\"description\":\"\",\"potentialAction\":[{\"@type\":\"SearchAction\",\"target\":{\"@type\":\"EntryPoint\",\"urlTemplate\":\"https:\\\/\\\/sindromecharge.es\\\/?s={search_term_string}\"},\"query-input\":{\"@type\":\"PropertyValueSpecification\",\"valueRequired\":true,\"valueName\":\"search_term_string\"}}],\"inLanguage\":\"es\"},{\"@type\":\"Person\",\"@id\":\"https:\\\/\\\/sindromecharge.es\\\/#\\\/schema\\\/person\\\/39a60ebe0a2b4d5a11179701e336b039\",\"name\":\"Charge\",\"image\":{\"@type\":\"ImageObject\",\"inLanguage\":\"es\",\"@id\":\"https:\\\/\\\/secure.gravatar.com\\\/avatar\\\/c3b46e32a0fc3b093a0873fb767bf3293de856293065e84ef06b7ec7a8acfb98?s=96&d=identicon&r=x\",\"url\":\"https:\\\/\\\/secure.gravatar.com\\\/avatar\\\/c3b46e32a0fc3b093a0873fb767bf3293de856293065e84ef06b7ec7a8acfb98?s=96&d=identicon&r=x\",\"contentUrl\":\"https:\\\/\\\/secure.gravatar.com\\\/avatar\\\/c3b46e32a0fc3b093a0873fb767bf3293de856293065e84ef06b7ec7a8acfb98?s=96&d=identicon&r=x\",\"caption\":\"Charge\"},\"url\":\"https:\\\/\\\/sindromecharge.es\\\/index.php\\\/author\\\/admin\\\/\"}]}<\/script>\n<!-- \/ Yoast SEO plugin. -->","yoast_head_json":{"title":"Patricia Gonz\u00e1lez, premio 'Ellas Cuentan': \"Aday es un milagro, queremos ayudar a otros ni\u00f1os con su tipo de linfoma\" - Asociaci\u00f3n Espa\u00f1ola S\u00edndrome de Charge","robots":{"index":"index","follow":"follow","max-snippet":"max-snippet:-1","max-image-preview":"max-image-preview:large","max-video-preview":"max-video-preview:-1"},"canonical":"https:\/\/sindromecharge.es\/index.php\/2024\/12\/22\/patricia-gonzalez-premio-ellas-cuentan-aday-es-un-milagro-queremos-ayudar-otros-ninos-con-su-tipo-linfoma\/","og_locale":"es_ES","og_type":"article","og_title":"Patricia Gonz\u00e1lez, premio 'Ellas Cuentan': \"Aday es un milagro, queremos ayudar a otros ni\u00f1os con su tipo de linfoma\" - Asociaci\u00f3n Espa\u00f1ola S\u00edndrome de Charge","og_description":"Patricia Gonz\u00e1lez Velasco, conocida en Instagram como @patrimakeupmadrid, es madre de Aday, un ni\u00f1o de 17 meses diagnosticado con un linfoma ultrarraro, el&#8230;","og_url":"https:\/\/sindromecharge.es\/index.php\/2024\/12\/22\/patricia-gonzalez-premio-ellas-cuentan-aday-es-un-milagro-queremos-ayudar-otros-ninos-con-su-tipo-linfoma\/","og_site_name":"Asociaci\u00f3n Espa\u00f1ola S\u00edndrome de Charge","article_publisher":"https:\/\/www.facebook.com\/asociacionsindromecharge","article_published_time":"2024-12-22T04:37:28+00:00","og_image":[{"width":300,"height":98,"url":"https:\/\/sindromecharge.es\/wp-content\/uploads\/2013\/09\/logodecharge300x98.png","type":"image\/png"}],"author":"Charge","twitter_card":"summary_large_image","twitter_creator":"@sindromecharge","twitter_site":"@sindromecharge","twitter_misc":{"Escrito por":"Charge","Tiempo de lectura":"1 minuto"},"schema":{"@context":"https:\/\/schema.org","@graph":[{"@type":"Article","@id":"https:\/\/sindromecharge.es\/index.php\/2024\/12\/22\/patricia-gonzalez-premio-ellas-cuentan-aday-es-un-milagro-queremos-ayudar-otros-ninos-con-su-tipo-linfoma\/#article","isPartOf":{"@id":"https:\/\/sindromecharge.es\/index.php\/2024\/12\/22\/patricia-gonzalez-premio-ellas-cuentan-aday-es-un-milagro-queremos-ayudar-otros-ninos-con-su-tipo-linfoma\/"},"author":{"name":"Charge","@id":"https:\/\/sindromecharge.es\/#\/schema\/person\/39a60ebe0a2b4d5a11179701e336b039"},"headline":"Patricia Gonz\u00e1lez, premio &#8216;Ellas Cuentan&#8217;: \u00abAday es un milagro, queremos ayudar a otros ni\u00f1os con su tipo de linfoma\u00bb","datePublished":"2024-12-22T04:37:28+00:00","mainEntityOfPage":{"@id":"https:\/\/sindromecharge.es\/index.php\/2024\/12\/22\/patricia-gonzalez-premio-ellas-cuentan-aday-es-un-milagro-queremos-ayudar-otros-ninos-con-su-tipo-linfoma\/"},"wordCount":227,"articleSection":["noticias"],"inLanguage":"es"},{"@type":"WebPage","@id":"https:\/\/sindromecharge.es\/index.php\/2024\/12\/22\/patricia-gonzalez-premio-ellas-cuentan-aday-es-un-milagro-queremos-ayudar-otros-ninos-con-su-tipo-linfoma\/","url":"https:\/\/sindromecharge.es\/index.php\/2024\/12\/22\/patricia-gonzalez-premio-ellas-cuentan-aday-es-un-milagro-queremos-ayudar-otros-ninos-con-su-tipo-linfoma\/","name":"Patricia Gonz\u00e1lez, premio 'Ellas Cuentan': \"Aday es un milagro, queremos ayudar a otros ni\u00f1os con su tipo de linfoma\" - Asociaci\u00f3n Espa\u00f1ola S\u00edndrome de Charge","isPartOf":{"@id":"https:\/\/sindromecharge.es\/#website"},"datePublished":"2024-12-22T04:37:28+00:00","author":{"@id":"https:\/\/sindromecharge.es\/#\/schema\/person\/39a60ebe0a2b4d5a11179701e336b039"},"breadcrumb":{"@id":"https:\/\/sindromecharge.es\/index.php\/2024\/12\/22\/patricia-gonzalez-premio-ellas-cuentan-aday-es-un-milagro-queremos-ayudar-otros-ninos-con-su-tipo-linfoma\/#breadcrumb"},"inLanguage":"es","potentialAction":[{"@type":"ReadAction","target":["https:\/\/sindromecharge.es\/index.php\/2024\/12\/22\/patricia-gonzalez-premio-ellas-cuentan-aday-es-un-milagro-queremos-ayudar-otros-ninos-con-su-tipo-linfoma\/"]}]},{"@type":"BreadcrumbList","@id":"https:\/\/sindromecharge.es\/index.php\/2024\/12\/22\/patricia-gonzalez-premio-ellas-cuentan-aday-es-un-milagro-queremos-ayudar-otros-ninos-con-su-tipo-linfoma\/#breadcrumb","itemListElement":[{"@type":"ListItem","position":1,"name":"Portada","item":"https:\/\/sindromecharge.es\/"},{"@type":"ListItem","position":2,"name":"Patricia Gonz\u00e1lez, premio &#8216;Ellas Cuentan&#8217;: &#8220;Aday es un milagro, queremos ayudar a otros ni\u00f1os con su tipo de linfoma&#8221;"}]},{"@type":"WebSite","@id":"https:\/\/sindromecharge.es\/#website","url":"https:\/\/sindromecharge.es\/","name":"Asociaci\u00f3n Espa\u00f1ola S\u00edndrome de Charge","description":"","potentialAction":[{"@type":"SearchAction","target":{"@type":"EntryPoint","urlTemplate":"https:\/\/sindromecharge.es\/?s={search_term_string}"},"query-input":{"@type":"PropertyValueSpecification","valueRequired":true,"valueName":"search_term_string"}}],"inLanguage":"es"},{"@type":"Person","@id":"https:\/\/sindromecharge.es\/#\/schema\/person\/39a60ebe0a2b4d5a11179701e336b039","name":"Charge","image":{"@type":"ImageObject","inLanguage":"es","@id":"https:\/\/secure.gravatar.com\/avatar\/c3b46e32a0fc3b093a0873fb767bf3293de856293065e84ef06b7ec7a8acfb98?s=96&d=identicon&r=x","url":"https:\/\/secure.gravatar.com\/avatar\/c3b46e32a0fc3b093a0873fb767bf3293de856293065e84ef06b7ec7a8acfb98?s=96&d=identicon&r=x","contentUrl":"https:\/\/secure.gravatar.com\/avatar\/c3b46e32a0fc3b093a0873fb767bf3293de856293065e84ef06b7ec7a8acfb98?s=96&d=identicon&r=x","caption":"Charge"},"url":"https:\/\/sindromecharge.es\/index.php\/author\/admin\/"}]}},"_links":{"self":[{"href":"https:\/\/sindromecharge.es\/index.php\/wp-json\/wp\/v2\/posts\/10679","targetHints":{"allow":["GET"]}}],"collection":[{"href":"https:\/\/sindromecharge.es\/index.php\/wp-json\/wp\/v2\/posts"}],"about":[{"href":"https:\/\/sindromecharge.es\/index.php\/wp-json\/wp\/v2\/types\/post"}],"author":[{"embeddable":true,"href":"https:\/\/sindromecharge.es\/index.php\/wp-json\/wp\/v2\/users\/1"}],"replies":[{"embeddable":true,"href":"https:\/\/sindromecharge.es\/index.php\/wp-json\/wp\/v2\/comments?post=10679"}],"version-history":[{"count":0,"href":"https:\/\/sindromecharge.es\/index.php\/wp-json\/wp\/v2\/posts\/10679\/revisions"}],"wp:attachment":[{"href":"https:\/\/sindromecharge.es\/index.php\/wp-json\/wp\/v2\/media?parent=10679"}],"wp:term":[{"taxonomy":"category","embeddable":true,"href":"https:\/\/sindromecharge.es\/index.php\/wp-json\/wp\/v2\/categories?post=10679"},{"taxonomy":"post_tag","embeddable":true,"href":"https:\/\/sindromecharge.es\/index.php\/wp-json\/wp\/v2\/tags?post=10679"}],"curies":[{"name":"wp","href":"https:\/\/api.w.org\/{rel}","templated":true}]}}