{"id":10678,"date":"2024-12-21T07:49:18","date_gmt":"2024-12-21T07:49:18","guid":{"rendered":"https:\/\/sindromecharge.es\/index.php\/2024\/12\/21\/impar-un-libro-que-recopila-obras-arte-hechas-por-personas-con-discapacidad-intelectual\/"},"modified":"2024-12-21T07:49:18","modified_gmt":"2024-12-21T07:49:18","slug":"impar-un-libro-que-recopila-obras-arte-hechas-por-personas-con-discapacidad-intelectual","status":"publish","type":"post","link":"https:\/\/sindromecharge.es\/index.php\/2024\/12\/21\/impar-un-libro-que-recopila-obras-arte-hechas-por-personas-con-discapacidad-intelectual\/","title":{"rendered":"&#8216;Impar&#8217;, un libro &#8216;hecho arte&#8217; gracias al talento de personas con discapacidad intelectual"},"content":{"rendered":"<p>Leemos en Discapacidad la siguiente noticia que os reproducimos de forma \u00edntegra: <\/p>\n<div>\n<p>El pasado 17 de diciembre se present\u00f3 en Madrid<b> <i>Impar<\/i>, un libro de arte que recopila obras de arte hechas por personas con <a href=\"https:\/\/www.20minutos.es\/minuteca\/discapacidad\/\" title=\"Discapacidad\" target=\"_blank\">discapacidad<\/a> intelectual<\/b> nacidas en el taller del colectivo zaragozano<b> &#8216;Andar de nones&#8217;.<\/b><\/p>\n<p><i>Impar<\/i> es un compendio visual de m\u00e1s de <b>cien obras pict\u00f3ricas<\/b>, una recopilaci\u00f3n que inmortaliza las creaciones surgidas a lo largo de los ocho a\u00f1os de trayectoria del colectivo en sus talleres creativos en Harinera ZGZ.<\/p>\n<p>\u00abNon\u00bb en castellano significa \u00abimpar\u00bb, y<b> \u00abandar de nones\u00bb <\/b>es una expresi\u00f3n poco utilizada para expresar que algo no resulta como es esperado. Andar de Nones surgi\u00f3\u0301 por iniciativa de TEAdir-Aragon con la intenci\u00f3n de brindar a personas con <a href=\"https:\/\/www.20minutos.es\/minuteca\/discapacidad-intelectual\/\" title=\"Discapacidad intelectual\" target=\"_blank\">discapacidad intelectua<\/a>l la oportunidad de explorar su potencial art\u00edstico. <\/p>\n<p>\u00abLos Nones\u00bb se re\u00fanen semanalmente en el <b>espacio de cultura comunitaria Harinera ZGZ (Zaragoza)<\/b> para pintar, acompa\u00f1ados por el artista pl\u00e1stico Gejo. Desde 2016, las obras de Andar de Nones han impactado a <b>m\u00e1s de 70.000 personas en exposiciones<\/b> realizadas en Zaragoza y ciudades internacionales como Venecia, Lille o Toulouse.<\/p>\n<p>Este libro recopila <b>algunas de sus mejores obras de los 16 artistas que componen el colectivo<\/b>, un conjunto de obras que no quieren que se interprete como una propuesta terap\u00e9utica ni ocupacional, sino como un <b>proyecto cultural con entidad propia<\/b>, centrado en la transformaci\u00f3n social. <\/p>\n<p>Andar de Nones reivindica el <b>acceso a la cultura y la libertad creativa<\/b> de sus artistas, trabajando para ampliar los espacios expositivos y ofrecer visibilidad a aquellos que habitualmente no cuentan con representaci\u00f3n en el mundo del arte. Adem\u00e1s, contextualiza la obra de Andar de Nones en el universo del <i>art brut<\/i>, y reflexiona sobre la evoluci\u00f3n del movimiento desde la radical individualidad, incluso aislamiento de los pioneros, hasta la actual relevancia de los talleres de creaci\u00f3n, aut\u00e9nticos laboratorios y espacios de encuentro.<\/p>\n<p>Este libro se presenta como un<b> testimonio visual y conceptual<\/b> que contribuye al reconocimiento del art brut espa\u00f1ol en la historia del arte, y su capacidad para transmitir la esencia y el talento de los artistas de Andar de Nones lo convierte en una obra de referencia dentro de este movimiento. El proyecto combina la coordinaci\u00f3n de Grassa Toro, fundador de La Cala; el dise\u00f1o del galardonado Isidro Ferrer, Premio Nacional de Ilustraci\u00f3n y Premio Nacional de Dise\u00f1o; y la aportaci\u00f3n te\u00f3rica de Graciela Garc\u00eda Mu\u00f1oz, comisaria y especialista de art brut.<\/p>\n<p>Este proyecto art\u00edstico est\u00e1 impulsado por <b>TEAdir-Arag\u00f3n<\/b>, asociaci\u00f3n de madres, padres, familiares y amigos de personas con autismo, el colectivo busca promover una cultura participativa y accesible.<\/p>\n<\/div>\n<p>Fuente: Discapacidad https:\/\/www.20minutos.es\/noticia\/5666149\/0\/impar-un-libro-que-recopila-obras-arte-hechas-por-personas-con-discapacidad-intelectual\/<\/p>\n","protected":false},"excerpt":{"rendered":"<p>&#8216;Impar&#8217; recopila 100 obras realizadas por 16 artistas a los largo de ocho a\u00f1os.<\/p>\n","protected":false},"author":1,"featured_media":0,"comment_status":"closed","ping_status":"closed","sticky":false,"template":"","format":"standard","meta":{"footnotes":""},"categories":[8],"tags":[],"class_list":["post-10678","post","type-post","status-publish","format-standard","hentry","category-noticias"],"yoast_head":"<!-- This site is optimized with the Yoast SEO plugin v27.5 - https:\/\/yoast.com\/product\/yoast-seo-wordpress\/ -->\n<title>&#039;Impar&#039;, un libro &#039;hecho arte&#039; gracias al talento de personas con discapacidad intelectual - Asociaci\u00f3n Espa\u00f1ola S\u00edndrome de Charge<\/title>\n<meta name=\"robots\" content=\"index, follow, max-snippet:-1, max-image-preview:large, max-video-preview:-1\" \/>\n<link rel=\"canonical\" href=\"https:\/\/sindromecharge.es\/index.php\/2024\/12\/21\/impar-un-libro-que-recopila-obras-arte-hechas-por-personas-con-discapacidad-intelectual\/\" \/>\n<meta property=\"og:locale\" content=\"es_ES\" \/>\n<meta property=\"og:type\" content=\"article\" \/>\n<meta property=\"og:title\" content=\"&#039;Impar&#039;, un libro &#039;hecho arte&#039; gracias al talento de personas con discapacidad intelectual - Asociaci\u00f3n Espa\u00f1ola S\u00edndrome de Charge\" \/>\n<meta property=\"og:description\" content=\"&#8216;Impar&#8217; recopila 100 obras realizadas por 16 artistas a los largo de ocho a\u00f1os.\" \/>\n<meta property=\"og:url\" content=\"https:\/\/sindromecharge.es\/index.php\/2024\/12\/21\/impar-un-libro-que-recopila-obras-arte-hechas-por-personas-con-discapacidad-intelectual\/\" \/>\n<meta property=\"og:site_name\" content=\"Asociaci\u00f3n Espa\u00f1ola S\u00edndrome de Charge\" \/>\n<meta property=\"article:publisher\" content=\"https:\/\/www.facebook.com\/asociacionsindromecharge\" \/>\n<meta property=\"article:published_time\" content=\"2024-12-21T07:49:18+00:00\" \/>\n<meta property=\"og:image\" content=\"https:\/\/sindromecharge.es\/wp-content\/uploads\/2013\/09\/logodecharge300x98.png\" \/>\n\t<meta property=\"og:image:width\" content=\"300\" \/>\n\t<meta property=\"og:image:height\" content=\"98\" \/>\n\t<meta property=\"og:image:type\" content=\"image\/png\" \/>\n<meta name=\"author\" content=\"Charge\" \/>\n<meta name=\"twitter:card\" content=\"summary_large_image\" \/>\n<meta name=\"twitter:creator\" content=\"@sindromecharge\" \/>\n<meta name=\"twitter:site\" content=\"@sindromecharge\" \/>\n<meta name=\"twitter:label1\" content=\"Escrito por\" \/>\n\t<meta name=\"twitter:data1\" content=\"Charge\" \/>\n\t<meta name=\"twitter:label2\" content=\"Tiempo de lectura\" \/>\n\t<meta name=\"twitter:data2\" content=\"2 minutos\" \/>\n<script type=\"application\/ld+json\" class=\"yoast-schema-graph\">{\"@context\":\"https:\\\/\\\/schema.org\",\"@graph\":[{\"@type\":\"Article\",\"@id\":\"https:\\\/\\\/sindromecharge.es\\\/index.php\\\/2024\\\/12\\\/21\\\/impar-un-libro-que-recopila-obras-arte-hechas-por-personas-con-discapacidad-intelectual\\\/#article\",\"isPartOf\":{\"@id\":\"https:\\\/\\\/sindromecharge.es\\\/index.php\\\/2024\\\/12\\\/21\\\/impar-un-libro-que-recopila-obras-arte-hechas-por-personas-con-discapacidad-intelectual\\\/\"},\"author\":{\"name\":\"Charge\",\"@id\":\"https:\\\/\\\/sindromecharge.es\\\/#\\\/schema\\\/person\\\/39a60ebe0a2b4d5a11179701e336b039\"},\"headline\":\"&#8216;Impar&#8217;, un libro &#8216;hecho arte&#8217; gracias al talento de personas con discapacidad intelectual\",\"datePublished\":\"2024-12-21T07:49:18+00:00\",\"mainEntityOfPage\":{\"@id\":\"https:\\\/\\\/sindromecharge.es\\\/index.php\\\/2024\\\/12\\\/21\\\/impar-un-libro-que-recopila-obras-arte-hechas-por-personas-con-discapacidad-intelectual\\\/\"},\"wordCount\":475,\"articleSection\":[\"noticias\"],\"inLanguage\":\"es\"},{\"@type\":\"WebPage\",\"@id\":\"https:\\\/\\\/sindromecharge.es\\\/index.php\\\/2024\\\/12\\\/21\\\/impar-un-libro-que-recopila-obras-arte-hechas-por-personas-con-discapacidad-intelectual\\\/\",\"url\":\"https:\\\/\\\/sindromecharge.es\\\/index.php\\\/2024\\\/12\\\/21\\\/impar-un-libro-que-recopila-obras-arte-hechas-por-personas-con-discapacidad-intelectual\\\/\",\"name\":\"'Impar', un libro 'hecho arte' gracias al talento de personas con discapacidad intelectual - Asociaci\u00f3n Espa\u00f1ola S\u00edndrome de Charge\",\"isPartOf\":{\"@id\":\"https:\\\/\\\/sindromecharge.es\\\/#website\"},\"datePublished\":\"2024-12-21T07:49:18+00:00\",\"author\":{\"@id\":\"https:\\\/\\\/sindromecharge.es\\\/#\\\/schema\\\/person\\\/39a60ebe0a2b4d5a11179701e336b039\"},\"breadcrumb\":{\"@id\":\"https:\\\/\\\/sindromecharge.es\\\/index.php\\\/2024\\\/12\\\/21\\\/impar-un-libro-que-recopila-obras-arte-hechas-por-personas-con-discapacidad-intelectual\\\/#breadcrumb\"},\"inLanguage\":\"es\",\"potentialAction\":[{\"@type\":\"ReadAction\",\"target\":[\"https:\\\/\\\/sindromecharge.es\\\/index.php\\\/2024\\\/12\\\/21\\\/impar-un-libro-que-recopila-obras-arte-hechas-por-personas-con-discapacidad-intelectual\\\/\"]}]},{\"@type\":\"BreadcrumbList\",\"@id\":\"https:\\\/\\\/sindromecharge.es\\\/index.php\\\/2024\\\/12\\\/21\\\/impar-un-libro-que-recopila-obras-arte-hechas-por-personas-con-discapacidad-intelectual\\\/#breadcrumb\",\"itemListElement\":[{\"@type\":\"ListItem\",\"position\":1,\"name\":\"Portada\",\"item\":\"https:\\\/\\\/sindromecharge.es\\\/\"},{\"@type\":\"ListItem\",\"position\":2,\"name\":\"&#8216;Impar&#8217;, un libro &#8216;hecho arte&#8217; gracias al talento de personas con discapacidad intelectual\"}]},{\"@type\":\"WebSite\",\"@id\":\"https:\\\/\\\/sindromecharge.es\\\/#website\",\"url\":\"https:\\\/\\\/sindromecharge.es\\\/\",\"name\":\"Asociaci\u00f3n Espa\u00f1ola S\u00edndrome de Charge\",\"description\":\"\",\"potentialAction\":[{\"@type\":\"SearchAction\",\"target\":{\"@type\":\"EntryPoint\",\"urlTemplate\":\"https:\\\/\\\/sindromecharge.es\\\/?s={search_term_string}\"},\"query-input\":{\"@type\":\"PropertyValueSpecification\",\"valueRequired\":true,\"valueName\":\"search_term_string\"}}],\"inLanguage\":\"es\"},{\"@type\":\"Person\",\"@id\":\"https:\\\/\\\/sindromecharge.es\\\/#\\\/schema\\\/person\\\/39a60ebe0a2b4d5a11179701e336b039\",\"name\":\"Charge\",\"image\":{\"@type\":\"ImageObject\",\"inLanguage\":\"es\",\"@id\":\"https:\\\/\\\/secure.gravatar.com\\\/avatar\\\/c3b46e32a0fc3b093a0873fb767bf3293de856293065e84ef06b7ec7a8acfb98?s=96&d=identicon&r=x\",\"url\":\"https:\\\/\\\/secure.gravatar.com\\\/avatar\\\/c3b46e32a0fc3b093a0873fb767bf3293de856293065e84ef06b7ec7a8acfb98?s=96&d=identicon&r=x\",\"contentUrl\":\"https:\\\/\\\/secure.gravatar.com\\\/avatar\\\/c3b46e32a0fc3b093a0873fb767bf3293de856293065e84ef06b7ec7a8acfb98?s=96&d=identicon&r=x\",\"caption\":\"Charge\"},\"url\":\"https:\\\/\\\/sindromecharge.es\\\/index.php\\\/author\\\/admin\\\/\"}]}<\/script>\n<!-- \/ Yoast SEO plugin. -->","yoast_head_json":{"title":"'Impar', un libro 'hecho arte' gracias al talento de personas con discapacidad intelectual - Asociaci\u00f3n Espa\u00f1ola S\u00edndrome de Charge","robots":{"index":"index","follow":"follow","max-snippet":"max-snippet:-1","max-image-preview":"max-image-preview:large","max-video-preview":"max-video-preview:-1"},"canonical":"https:\/\/sindromecharge.es\/index.php\/2024\/12\/21\/impar-un-libro-que-recopila-obras-arte-hechas-por-personas-con-discapacidad-intelectual\/","og_locale":"es_ES","og_type":"article","og_title":"'Impar', un libro 'hecho arte' gracias al talento de personas con discapacidad intelectual - Asociaci\u00f3n Espa\u00f1ola S\u00edndrome de Charge","og_description":"&#8216;Impar&#8217; recopila 100 obras realizadas por 16 artistas a los largo de ocho a\u00f1os.","og_url":"https:\/\/sindromecharge.es\/index.php\/2024\/12\/21\/impar-un-libro-que-recopila-obras-arte-hechas-por-personas-con-discapacidad-intelectual\/","og_site_name":"Asociaci\u00f3n Espa\u00f1ola S\u00edndrome de Charge","article_publisher":"https:\/\/www.facebook.com\/asociacionsindromecharge","article_published_time":"2024-12-21T07:49:18+00:00","og_image":[{"width":300,"height":98,"url":"https:\/\/sindromecharge.es\/wp-content\/uploads\/2013\/09\/logodecharge300x98.png","type":"image\/png"}],"author":"Charge","twitter_card":"summary_large_image","twitter_creator":"@sindromecharge","twitter_site":"@sindromecharge","twitter_misc":{"Escrito por":"Charge","Tiempo de lectura":"2 minutos"},"schema":{"@context":"https:\/\/schema.org","@graph":[{"@type":"Article","@id":"https:\/\/sindromecharge.es\/index.php\/2024\/12\/21\/impar-un-libro-que-recopila-obras-arte-hechas-por-personas-con-discapacidad-intelectual\/#article","isPartOf":{"@id":"https:\/\/sindromecharge.es\/index.php\/2024\/12\/21\/impar-un-libro-que-recopila-obras-arte-hechas-por-personas-con-discapacidad-intelectual\/"},"author":{"name":"Charge","@id":"https:\/\/sindromecharge.es\/#\/schema\/person\/39a60ebe0a2b4d5a11179701e336b039"},"headline":"&#8216;Impar&#8217;, un libro &#8216;hecho arte&#8217; gracias al talento de personas con discapacidad intelectual","datePublished":"2024-12-21T07:49:18+00:00","mainEntityOfPage":{"@id":"https:\/\/sindromecharge.es\/index.php\/2024\/12\/21\/impar-un-libro-que-recopila-obras-arte-hechas-por-personas-con-discapacidad-intelectual\/"},"wordCount":475,"articleSection":["noticias"],"inLanguage":"es"},{"@type":"WebPage","@id":"https:\/\/sindromecharge.es\/index.php\/2024\/12\/21\/impar-un-libro-que-recopila-obras-arte-hechas-por-personas-con-discapacidad-intelectual\/","url":"https:\/\/sindromecharge.es\/index.php\/2024\/12\/21\/impar-un-libro-que-recopila-obras-arte-hechas-por-personas-con-discapacidad-intelectual\/","name":"'Impar', un libro 'hecho arte' gracias al talento de personas con discapacidad intelectual - Asociaci\u00f3n Espa\u00f1ola S\u00edndrome de Charge","isPartOf":{"@id":"https:\/\/sindromecharge.es\/#website"},"datePublished":"2024-12-21T07:49:18+00:00","author":{"@id":"https:\/\/sindromecharge.es\/#\/schema\/person\/39a60ebe0a2b4d5a11179701e336b039"},"breadcrumb":{"@id":"https:\/\/sindromecharge.es\/index.php\/2024\/12\/21\/impar-un-libro-que-recopila-obras-arte-hechas-por-personas-con-discapacidad-intelectual\/#breadcrumb"},"inLanguage":"es","potentialAction":[{"@type":"ReadAction","target":["https:\/\/sindromecharge.es\/index.php\/2024\/12\/21\/impar-un-libro-que-recopila-obras-arte-hechas-por-personas-con-discapacidad-intelectual\/"]}]},{"@type":"BreadcrumbList","@id":"https:\/\/sindromecharge.es\/index.php\/2024\/12\/21\/impar-un-libro-que-recopila-obras-arte-hechas-por-personas-con-discapacidad-intelectual\/#breadcrumb","itemListElement":[{"@type":"ListItem","position":1,"name":"Portada","item":"https:\/\/sindromecharge.es\/"},{"@type":"ListItem","position":2,"name":"&#8216;Impar&#8217;, un libro &#8216;hecho arte&#8217; gracias al talento de personas con discapacidad intelectual"}]},{"@type":"WebSite","@id":"https:\/\/sindromecharge.es\/#website","url":"https:\/\/sindromecharge.es\/","name":"Asociaci\u00f3n Espa\u00f1ola S\u00edndrome de Charge","description":"","potentialAction":[{"@type":"SearchAction","target":{"@type":"EntryPoint","urlTemplate":"https:\/\/sindromecharge.es\/?s={search_term_string}"},"query-input":{"@type":"PropertyValueSpecification","valueRequired":true,"valueName":"search_term_string"}}],"inLanguage":"es"},{"@type":"Person","@id":"https:\/\/sindromecharge.es\/#\/schema\/person\/39a60ebe0a2b4d5a11179701e336b039","name":"Charge","image":{"@type":"ImageObject","inLanguage":"es","@id":"https:\/\/secure.gravatar.com\/avatar\/c3b46e32a0fc3b093a0873fb767bf3293de856293065e84ef06b7ec7a8acfb98?s=96&d=identicon&r=x","url":"https:\/\/secure.gravatar.com\/avatar\/c3b46e32a0fc3b093a0873fb767bf3293de856293065e84ef06b7ec7a8acfb98?s=96&d=identicon&r=x","contentUrl":"https:\/\/secure.gravatar.com\/avatar\/c3b46e32a0fc3b093a0873fb767bf3293de856293065e84ef06b7ec7a8acfb98?s=96&d=identicon&r=x","caption":"Charge"},"url":"https:\/\/sindromecharge.es\/index.php\/author\/admin\/"}]}},"_links":{"self":[{"href":"https:\/\/sindromecharge.es\/index.php\/wp-json\/wp\/v2\/posts\/10678","targetHints":{"allow":["GET"]}}],"collection":[{"href":"https:\/\/sindromecharge.es\/index.php\/wp-json\/wp\/v2\/posts"}],"about":[{"href":"https:\/\/sindromecharge.es\/index.php\/wp-json\/wp\/v2\/types\/post"}],"author":[{"embeddable":true,"href":"https:\/\/sindromecharge.es\/index.php\/wp-json\/wp\/v2\/users\/1"}],"replies":[{"embeddable":true,"href":"https:\/\/sindromecharge.es\/index.php\/wp-json\/wp\/v2\/comments?post=10678"}],"version-history":[{"count":0,"href":"https:\/\/sindromecharge.es\/index.php\/wp-json\/wp\/v2\/posts\/10678\/revisions"}],"wp:attachment":[{"href":"https:\/\/sindromecharge.es\/index.php\/wp-json\/wp\/v2\/media?parent=10678"}],"wp:term":[{"taxonomy":"category","embeddable":true,"href":"https:\/\/sindromecharge.es\/index.php\/wp-json\/wp\/v2\/categories?post=10678"},{"taxonomy":"post_tag","embeddable":true,"href":"https:\/\/sindromecharge.es\/index.php\/wp-json\/wp\/v2\/tags?post=10678"}],"curies":[{"name":"wp","href":"https:\/\/api.w.org\/{rel}","templated":true}]}}