{"id":10677,"date":"2024-12-21T06:00:00","date_gmt":"2024-12-21T06:00:00","guid":{"rendered":"https:\/\/sindromecharge.es\/index.php\/2024\/12\/21\/esta-es-la-primera-causa-de-discapacidad-en-mujeres-menores-de-50-anos-5662355\/"},"modified":"2024-12-21T06:00:00","modified_gmt":"2024-12-21T06:00:00","slug":"esta-es-la-primera-causa-de-discapacidad-en-mujeres-menores-de-50-anos-5662355","status":"publish","type":"post","link":"https:\/\/sindromecharge.es\/index.php\/2024\/12\/21\/esta-es-la-primera-causa-de-discapacidad-en-mujeres-menores-de-50-anos-5662355\/","title":{"rendered":"Esta es la primera causa de discapacidad en mujeres menores de 50 a\u00f1os"},"content":{"rendered":"<p>Leemos en Discapacidad la siguiente noticia que os reproducimos de forma \u00edntegra: <\/p>\n<div>\n<p>Seg\u00fan la <a href=\"https:\/\/www.sen.es\/saladeprensa\/pdf\/Link314.pdf\" title=\"SEN\" target=\"_blank\">Sociedad Espa\u00f1ola de Neurolog\u00eda (SEN)<\/a>, hay una enfermedad que afecta a un gran porcentaje de las mujeres, hasta un 80%, con edades comprendidas <b>entre los 20 y los 40 a\u00f1os<\/b>. El dolor es uno de sus principales s\u00edntomas y llega a ser realmente incapacitante, hasta el punto de imposibilitar llevar a cabo las actividades diarias. <\/p>\n<p>El mayor inconveniente de esta enfermedad es que no siempre se toma en serio. De hecho, el <a href=\"https:\/\/www.dolordecabeza.net\/el-70-de-las-personas-con-migrana-tienen-que-poner-en-pausa-su-actividad-diaria-cuando-sufren-una-crisis\/#:~:text=crisis%20-%20dolordecabeza.net-,El%2070%25%20de%20las%20personas%20con%20migra%C3%B1a%20tienen%20que%20poner,diaria%20cuando%20sufren%20una%20crisis&amp;text=De%20promedio%2C%20las%20personas%20con,mensuales%20perdidas%20por%20esta%20causa.\" title=\"AEMICE\" target=\"_blank\">doctor Jes\u00fas Porta<\/a>, neur\u00f3logo y presidente de la SEN, explica que \u00ab(&#8230;) a d\u00eda de hoy todav\u00eda existe una <b>alta incomprensi\u00f3n social<\/b> sobre su impacto\u00bb. Es por esto por lo que conviene conocer c\u00f3mo afecta a la vida diaria de las mujeres menores de 50 a\u00f1os (&#8230;).<\/p>\n<h2>8 de cada 10 personas afectadas son mujeres<\/h2>\n<p>As\u00ed de contundente es la Asociaci\u00f3n Espa\u00f1ola de Migra\u00f1a y Cefalea (AEMICE) dado que el n\u00famero de mujeres afectadas por esta enfermedad tan incapacitante es superior al de los hombres. Estamos hablando de un <b>dolor de cabeza<\/b> que, en ocasiones, se minimiza, cuando en realidad dista mucho de ser normal. Se trata, m\u00e1s bien, de una migra\u00f1a.<\/p>\n<h2>La migra\u00f1a es una enfermedad discapacitante<\/h2>\n<p>Isabel Colomina, la presidenta de AEMICE, explica c\u00f3mo es un ataque de migra\u00f1a de manera muy clara: \u00abCuando tienes un ataque de migra\u00f1a, la intensidad del dolor y los s\u00edntomas que acompa\u00f1an te obligan a recluirte en una <b>habitaci\u00f3n a oscuras sin ruidos<\/b> esperando que el tratamiento haga efecto. No tiene contemplaciones, cuando aparece, pones en pausa tu vida, por muy importante que sea lo que estabas haciendo\u00bb. <\/p>\n<p>La hipersensibilidad a la luz (incluidas las de las pantallas), las <b>n\u00e1useas<\/b> que acompa\u00f1an a ese intenso <b>dolor de cabeza puls\u00e1til<\/b> y que empeora con cada movimiento son algunos s\u00edntomas que se pueden presentar a lo largo de 3 d\u00edas seguidos. Debido a todo esto, la AEMICE ha hecho una encuesta a las mujeres afectadas por la migra\u00f1a. <\/p>\n<p>Desde cancelar planes, hasta faltar a ex\u00e1menes, no poder atender a los hijos como siempre, ser incapaz de acudir al trabajo, entre otras situaciones, son circunstancias que quedaron patentes en la encuesta que se ven limitadas por una crisis de migra\u00f1a. Pues no se trata de un dolor de cabeza. Estamos hablando de una <b>enfermedad neurol\u00f3gica<\/b>. <\/p>\n<h2>La maternidad en mujeres con migra\u00f1a<\/h2>\n<p>El doctor Jes\u00fas Porta comparte que \u00ab(&#8230;) es algo muy triste ver como muchas mujeres que padecen migra\u00f1a incluso se plantean o no la maternidad por padecer esta patolog\u00eda\u00bb. Esto se debe a que, como explican desde <a href=\"https:\/\/www.dolordecabeza.net\/el-impacto-y-manejo-de-la-migrana-en-el-embarazo\/#:~:text=En%20el%20primer%20trimestre%20puede,posibilidades%20de%20usar%20tratamientos%20efectivos.\" title=\"AEMICE\" target=\"_blank\">AEMICE<\/a>, durante el primer trimestre, por el aumento de los estr\u00f3genos, esta enfermedad <b>suele empeorar<\/b> notablemente. <\/p>\n<p>Sin embargo, s\u00ed es verdad que <b>en el resto de los trimestres hay una mejor\u00eda<\/b> con relaci\u00f3n a las crisis de migra\u00f1a. No obstante, el temor que les produce a las mujeres ese primer trimestre donde los s\u00edntomas pueden verse exacerbados, les puede hacer plantearse la maternidad, tal y como comentaba el doctor Porta. Una situaci\u00f3n preocupante. <\/p>\n<p>Dar visibilidad a la incapacidad que provoca la migra\u00f1a es algo fundamental para comprender mejor esta enfermedad que dista mucho de ser un dolor de cabeza normal. Un <b>diagn\u00f3stico temprano<\/b> y la b\u00fasqueda de un tratamiento que realmente ayude, pues desde la SEN informan que solo el 17% de los pacientes reciben el adecuado, es fundamental, as\u00ed como recibir un tratamiento preventivo que disminuya el n\u00famero de crisis que se tienen a lo largo de un a\u00f1o.<\/p>\n<p><b>\u00bfQuieres recibir gratis en tu correo los mejores contenidos de salud y mujer? Ap\u00fantate a nuestra\u202f<a href=\"https:\/\/www.20minutos.es\/estaticos\/newsletter-mujer-es\/\" title=\"Newsletter\" target=\"_blank\">Newsletter<\/a><\/b>.<\/p>\n<p><b>Referencia<\/b><\/p>\n<ul>\n<li>Jim\u00e9nez, E. J., P\u00e9rez, M. N., L\u00f3pez-Bravo, A., &amp; Santos-Lasaosa, S. (2023). Migra\u00f1a. Medicine-Programa de Formaci\u00f3n M\u00e9dica Continuada Acreditado, 13(71), 4153-4165.<\/li>\n<li>Rodr\u00edguez Izquierdo, A., &amp; Safora Enr\u00edquez, O. (2010). Repercusi\u00f3n de la migra\u00f1a menstrual en la mujer de hoy. Revista Cubana de Obstetricia y Ginecolog\u00eda, 36(3), 462-468.<\/li>\n<\/ul>\n<\/div>\n<p>Fuente: Discapacidad https:\/\/www.20minutos.es\/mujer\/estar-bien\/esta-es-la-primera-causa-de-discapacidad-en-mujeres-menores-de-50-anos-5662355\/<\/p>\n","protected":false},"excerpt":{"rendered":"<p>Es una enfermedad neurol\u00f3gica que afecta mayoritariamente a las mujeres y que, cuando aparecen sus s\u00edntomas, estos imposibilitan el realizar las actividades diarias. Muchas, incluso, se llegan a plantear la maternidad porque durante el primer trimestre suelen empeorar.<\/p>\n","protected":false},"author":1,"featured_media":0,"comment_status":"closed","ping_status":"closed","sticky":false,"template":"","format":"standard","meta":{"footnotes":""},"categories":[8],"tags":[],"class_list":["post-10677","post","type-post","status-publish","format-standard","hentry","category-noticias"],"yoast_head":"<!-- This site is optimized with the Yoast SEO plugin v27.5 - https:\/\/yoast.com\/product\/yoast-seo-wordpress\/ -->\n<title>Esta es la primera causa de discapacidad en mujeres menores de 50 a\u00f1os - Asociaci\u00f3n Espa\u00f1ola S\u00edndrome de Charge<\/title>\n<meta name=\"robots\" content=\"index, follow, max-snippet:-1, max-image-preview:large, max-video-preview:-1\" \/>\n<link rel=\"canonical\" href=\"https:\/\/sindromecharge.es\/index.php\/2024\/12\/21\/esta-es-la-primera-causa-de-discapacidad-en-mujeres-menores-de-50-anos-5662355\/\" \/>\n<meta property=\"og:locale\" content=\"es_ES\" \/>\n<meta property=\"og:type\" content=\"article\" \/>\n<meta property=\"og:title\" content=\"Esta es la primera causa de discapacidad en mujeres menores de 50 a\u00f1os - Asociaci\u00f3n Espa\u00f1ola S\u00edndrome de Charge\" \/>\n<meta property=\"og:description\" content=\"Es una enfermedad neurol\u00f3gica que afecta mayoritariamente a las mujeres y que, cuando aparecen sus s\u00edntomas, estos imposibilitan el realizar las actividades diarias. Muchas, incluso, se llegan a plantear la maternidad porque durante el primer trimestre suelen empeorar.\" \/>\n<meta property=\"og:url\" content=\"https:\/\/sindromecharge.es\/index.php\/2024\/12\/21\/esta-es-la-primera-causa-de-discapacidad-en-mujeres-menores-de-50-anos-5662355\/\" \/>\n<meta property=\"og:site_name\" content=\"Asociaci\u00f3n Espa\u00f1ola S\u00edndrome de Charge\" \/>\n<meta property=\"article:publisher\" content=\"https:\/\/www.facebook.com\/asociacionsindromecharge\" \/>\n<meta property=\"article:published_time\" content=\"2024-12-21T06:00:00+00:00\" \/>\n<meta property=\"og:image\" content=\"https:\/\/sindromecharge.es\/wp-content\/uploads\/2013\/09\/logodecharge300x98.png\" \/>\n\t<meta property=\"og:image:width\" content=\"300\" \/>\n\t<meta property=\"og:image:height\" content=\"98\" \/>\n\t<meta property=\"og:image:type\" content=\"image\/png\" \/>\n<meta name=\"author\" content=\"Charge\" \/>\n<meta name=\"twitter:card\" content=\"summary_large_image\" \/>\n<meta name=\"twitter:creator\" content=\"@sindromecharge\" \/>\n<meta name=\"twitter:site\" content=\"@sindromecharge\" \/>\n<meta name=\"twitter:label1\" content=\"Escrito por\" \/>\n\t<meta name=\"twitter:data1\" content=\"Charge\" \/>\n\t<meta name=\"twitter:label2\" content=\"Tiempo de lectura\" \/>\n\t<meta name=\"twitter:data2\" content=\"3 minutos\" \/>\n<script type=\"application\/ld+json\" class=\"yoast-schema-graph\">{\"@context\":\"https:\\\/\\\/schema.org\",\"@graph\":[{\"@type\":\"Article\",\"@id\":\"https:\\\/\\\/sindromecharge.es\\\/index.php\\\/2024\\\/12\\\/21\\\/esta-es-la-primera-causa-de-discapacidad-en-mujeres-menores-de-50-anos-5662355\\\/#article\",\"isPartOf\":{\"@id\":\"https:\\\/\\\/sindromecharge.es\\\/index.php\\\/2024\\\/12\\\/21\\\/esta-es-la-primera-causa-de-discapacidad-en-mujeres-menores-de-50-anos-5662355\\\/\"},\"author\":{\"name\":\"Charge\",\"@id\":\"https:\\\/\\\/sindromecharge.es\\\/#\\\/schema\\\/person\\\/39a60ebe0a2b4d5a11179701e336b039\"},\"headline\":\"Esta es la primera causa de discapacidad en mujeres menores de 50 a\u00f1os\",\"datePublished\":\"2024-12-21T06:00:00+00:00\",\"mainEntityOfPage\":{\"@id\":\"https:\\\/\\\/sindromecharge.es\\\/index.php\\\/2024\\\/12\\\/21\\\/esta-es-la-primera-causa-de-discapacidad-en-mujeres-menores-de-50-anos-5662355\\\/\"},\"wordCount\":713,\"articleSection\":[\"noticias\"],\"inLanguage\":\"es\"},{\"@type\":\"WebPage\",\"@id\":\"https:\\\/\\\/sindromecharge.es\\\/index.php\\\/2024\\\/12\\\/21\\\/esta-es-la-primera-causa-de-discapacidad-en-mujeres-menores-de-50-anos-5662355\\\/\",\"url\":\"https:\\\/\\\/sindromecharge.es\\\/index.php\\\/2024\\\/12\\\/21\\\/esta-es-la-primera-causa-de-discapacidad-en-mujeres-menores-de-50-anos-5662355\\\/\",\"name\":\"Esta es la primera causa de discapacidad en mujeres menores de 50 a\u00f1os - Asociaci\u00f3n Espa\u00f1ola S\u00edndrome de Charge\",\"isPartOf\":{\"@id\":\"https:\\\/\\\/sindromecharge.es\\\/#website\"},\"datePublished\":\"2024-12-21T06:00:00+00:00\",\"author\":{\"@id\":\"https:\\\/\\\/sindromecharge.es\\\/#\\\/schema\\\/person\\\/39a60ebe0a2b4d5a11179701e336b039\"},\"breadcrumb\":{\"@id\":\"https:\\\/\\\/sindromecharge.es\\\/index.php\\\/2024\\\/12\\\/21\\\/esta-es-la-primera-causa-de-discapacidad-en-mujeres-menores-de-50-anos-5662355\\\/#breadcrumb\"},\"inLanguage\":\"es\",\"potentialAction\":[{\"@type\":\"ReadAction\",\"target\":[\"https:\\\/\\\/sindromecharge.es\\\/index.php\\\/2024\\\/12\\\/21\\\/esta-es-la-primera-causa-de-discapacidad-en-mujeres-menores-de-50-anos-5662355\\\/\"]}]},{\"@type\":\"BreadcrumbList\",\"@id\":\"https:\\\/\\\/sindromecharge.es\\\/index.php\\\/2024\\\/12\\\/21\\\/esta-es-la-primera-causa-de-discapacidad-en-mujeres-menores-de-50-anos-5662355\\\/#breadcrumb\",\"itemListElement\":[{\"@type\":\"ListItem\",\"position\":1,\"name\":\"Portada\",\"item\":\"https:\\\/\\\/sindromecharge.es\\\/\"},{\"@type\":\"ListItem\",\"position\":2,\"name\":\"Esta es la primera causa de discapacidad en mujeres menores de 50 a\u00f1os\"}]},{\"@type\":\"WebSite\",\"@id\":\"https:\\\/\\\/sindromecharge.es\\\/#website\",\"url\":\"https:\\\/\\\/sindromecharge.es\\\/\",\"name\":\"Asociaci\u00f3n Espa\u00f1ola S\u00edndrome de Charge\",\"description\":\"\",\"potentialAction\":[{\"@type\":\"SearchAction\",\"target\":{\"@type\":\"EntryPoint\",\"urlTemplate\":\"https:\\\/\\\/sindromecharge.es\\\/?s={search_term_string}\"},\"query-input\":{\"@type\":\"PropertyValueSpecification\",\"valueRequired\":true,\"valueName\":\"search_term_string\"}}],\"inLanguage\":\"es\"},{\"@type\":\"Person\",\"@id\":\"https:\\\/\\\/sindromecharge.es\\\/#\\\/schema\\\/person\\\/39a60ebe0a2b4d5a11179701e336b039\",\"name\":\"Charge\",\"image\":{\"@type\":\"ImageObject\",\"inLanguage\":\"es\",\"@id\":\"https:\\\/\\\/secure.gravatar.com\\\/avatar\\\/c3b46e32a0fc3b093a0873fb767bf3293de856293065e84ef06b7ec7a8acfb98?s=96&d=identicon&r=x\",\"url\":\"https:\\\/\\\/secure.gravatar.com\\\/avatar\\\/c3b46e32a0fc3b093a0873fb767bf3293de856293065e84ef06b7ec7a8acfb98?s=96&d=identicon&r=x\",\"contentUrl\":\"https:\\\/\\\/secure.gravatar.com\\\/avatar\\\/c3b46e32a0fc3b093a0873fb767bf3293de856293065e84ef06b7ec7a8acfb98?s=96&d=identicon&r=x\",\"caption\":\"Charge\"},\"url\":\"https:\\\/\\\/sindromecharge.es\\\/index.php\\\/author\\\/admin\\\/\"}]}<\/script>\n<!-- \/ Yoast SEO plugin. -->","yoast_head_json":{"title":"Esta es la primera causa de discapacidad en mujeres menores de 50 a\u00f1os - Asociaci\u00f3n Espa\u00f1ola S\u00edndrome de Charge","robots":{"index":"index","follow":"follow","max-snippet":"max-snippet:-1","max-image-preview":"max-image-preview:large","max-video-preview":"max-video-preview:-1"},"canonical":"https:\/\/sindromecharge.es\/index.php\/2024\/12\/21\/esta-es-la-primera-causa-de-discapacidad-en-mujeres-menores-de-50-anos-5662355\/","og_locale":"es_ES","og_type":"article","og_title":"Esta es la primera causa de discapacidad en mujeres menores de 50 a\u00f1os - Asociaci\u00f3n Espa\u00f1ola S\u00edndrome de Charge","og_description":"Es una enfermedad neurol\u00f3gica que afecta mayoritariamente a las mujeres y que, cuando aparecen sus s\u00edntomas, estos imposibilitan el realizar las actividades diarias. Muchas, incluso, se llegan a plantear la maternidad porque durante el primer trimestre suelen empeorar.","og_url":"https:\/\/sindromecharge.es\/index.php\/2024\/12\/21\/esta-es-la-primera-causa-de-discapacidad-en-mujeres-menores-de-50-anos-5662355\/","og_site_name":"Asociaci\u00f3n Espa\u00f1ola S\u00edndrome de Charge","article_publisher":"https:\/\/www.facebook.com\/asociacionsindromecharge","article_published_time":"2024-12-21T06:00:00+00:00","og_image":[{"width":300,"height":98,"url":"https:\/\/sindromecharge.es\/wp-content\/uploads\/2013\/09\/logodecharge300x98.png","type":"image\/png"}],"author":"Charge","twitter_card":"summary_large_image","twitter_creator":"@sindromecharge","twitter_site":"@sindromecharge","twitter_misc":{"Escrito por":"Charge","Tiempo de lectura":"3 minutos"},"schema":{"@context":"https:\/\/schema.org","@graph":[{"@type":"Article","@id":"https:\/\/sindromecharge.es\/index.php\/2024\/12\/21\/esta-es-la-primera-causa-de-discapacidad-en-mujeres-menores-de-50-anos-5662355\/#article","isPartOf":{"@id":"https:\/\/sindromecharge.es\/index.php\/2024\/12\/21\/esta-es-la-primera-causa-de-discapacidad-en-mujeres-menores-de-50-anos-5662355\/"},"author":{"name":"Charge","@id":"https:\/\/sindromecharge.es\/#\/schema\/person\/39a60ebe0a2b4d5a11179701e336b039"},"headline":"Esta es la primera causa de discapacidad en mujeres menores de 50 a\u00f1os","datePublished":"2024-12-21T06:00:00+00:00","mainEntityOfPage":{"@id":"https:\/\/sindromecharge.es\/index.php\/2024\/12\/21\/esta-es-la-primera-causa-de-discapacidad-en-mujeres-menores-de-50-anos-5662355\/"},"wordCount":713,"articleSection":["noticias"],"inLanguage":"es"},{"@type":"WebPage","@id":"https:\/\/sindromecharge.es\/index.php\/2024\/12\/21\/esta-es-la-primera-causa-de-discapacidad-en-mujeres-menores-de-50-anos-5662355\/","url":"https:\/\/sindromecharge.es\/index.php\/2024\/12\/21\/esta-es-la-primera-causa-de-discapacidad-en-mujeres-menores-de-50-anos-5662355\/","name":"Esta es la primera causa de discapacidad en mujeres menores de 50 a\u00f1os - Asociaci\u00f3n Espa\u00f1ola S\u00edndrome de Charge","isPartOf":{"@id":"https:\/\/sindromecharge.es\/#website"},"datePublished":"2024-12-21T06:00:00+00:00","author":{"@id":"https:\/\/sindromecharge.es\/#\/schema\/person\/39a60ebe0a2b4d5a11179701e336b039"},"breadcrumb":{"@id":"https:\/\/sindromecharge.es\/index.php\/2024\/12\/21\/esta-es-la-primera-causa-de-discapacidad-en-mujeres-menores-de-50-anos-5662355\/#breadcrumb"},"inLanguage":"es","potentialAction":[{"@type":"ReadAction","target":["https:\/\/sindromecharge.es\/index.php\/2024\/12\/21\/esta-es-la-primera-causa-de-discapacidad-en-mujeres-menores-de-50-anos-5662355\/"]}]},{"@type":"BreadcrumbList","@id":"https:\/\/sindromecharge.es\/index.php\/2024\/12\/21\/esta-es-la-primera-causa-de-discapacidad-en-mujeres-menores-de-50-anos-5662355\/#breadcrumb","itemListElement":[{"@type":"ListItem","position":1,"name":"Portada","item":"https:\/\/sindromecharge.es\/"},{"@type":"ListItem","position":2,"name":"Esta es la primera causa de discapacidad en mujeres menores de 50 a\u00f1os"}]},{"@type":"WebSite","@id":"https:\/\/sindromecharge.es\/#website","url":"https:\/\/sindromecharge.es\/","name":"Asociaci\u00f3n Espa\u00f1ola S\u00edndrome de Charge","description":"","potentialAction":[{"@type":"SearchAction","target":{"@type":"EntryPoint","urlTemplate":"https:\/\/sindromecharge.es\/?s={search_term_string}"},"query-input":{"@type":"PropertyValueSpecification","valueRequired":true,"valueName":"search_term_string"}}],"inLanguage":"es"},{"@type":"Person","@id":"https:\/\/sindromecharge.es\/#\/schema\/person\/39a60ebe0a2b4d5a11179701e336b039","name":"Charge","image":{"@type":"ImageObject","inLanguage":"es","@id":"https:\/\/secure.gravatar.com\/avatar\/c3b46e32a0fc3b093a0873fb767bf3293de856293065e84ef06b7ec7a8acfb98?s=96&d=identicon&r=x","url":"https:\/\/secure.gravatar.com\/avatar\/c3b46e32a0fc3b093a0873fb767bf3293de856293065e84ef06b7ec7a8acfb98?s=96&d=identicon&r=x","contentUrl":"https:\/\/secure.gravatar.com\/avatar\/c3b46e32a0fc3b093a0873fb767bf3293de856293065e84ef06b7ec7a8acfb98?s=96&d=identicon&r=x","caption":"Charge"},"url":"https:\/\/sindromecharge.es\/index.php\/author\/admin\/"}]}},"_links":{"self":[{"href":"https:\/\/sindromecharge.es\/index.php\/wp-json\/wp\/v2\/posts\/10677","targetHints":{"allow":["GET"]}}],"collection":[{"href":"https:\/\/sindromecharge.es\/index.php\/wp-json\/wp\/v2\/posts"}],"about":[{"href":"https:\/\/sindromecharge.es\/index.php\/wp-json\/wp\/v2\/types\/post"}],"author":[{"embeddable":true,"href":"https:\/\/sindromecharge.es\/index.php\/wp-json\/wp\/v2\/users\/1"}],"replies":[{"embeddable":true,"href":"https:\/\/sindromecharge.es\/index.php\/wp-json\/wp\/v2\/comments?post=10677"}],"version-history":[{"count":0,"href":"https:\/\/sindromecharge.es\/index.php\/wp-json\/wp\/v2\/posts\/10677\/revisions"}],"wp:attachment":[{"href":"https:\/\/sindromecharge.es\/index.php\/wp-json\/wp\/v2\/media?parent=10677"}],"wp:term":[{"taxonomy":"category","embeddable":true,"href":"https:\/\/sindromecharge.es\/index.php\/wp-json\/wp\/v2\/categories?post=10677"},{"taxonomy":"post_tag","embeddable":true,"href":"https:\/\/sindromecharge.es\/index.php\/wp-json\/wp\/v2\/tags?post=10677"}],"curies":[{"name":"wp","href":"https:\/\/api.w.org\/{rel}","templated":true}]}}