{"id":10675,"date":"2024-12-20T11:07:21","date_gmt":"2024-12-20T11:07:21","guid":{"rendered":"https:\/\/sindromecharge.es\/index.php\/2024\/12\/20\/muere-los-19-anos-beandri-booysen-influencer-que-visibilizo-su-lucha-contra-progeria\/"},"modified":"2024-12-20T11:07:21","modified_gmt":"2024-12-20T11:07:21","slug":"muere-los-19-anos-beandri-booysen-influencer-que-visibilizo-su-lucha-contra-progeria","status":"publish","type":"post","link":"https:\/\/sindromecharge.es\/index.php\/2024\/12\/20\/muere-los-19-anos-beandri-booysen-influencer-que-visibilizo-su-lucha-contra-progeria\/","title":{"rendered":"Muere a los 19 a\u00f1os Beandri Booysen, la &#8216;influencer&#8217; que visibiliz\u00f3 su lucha contra la progeria"},"content":{"rendered":"<p>Leemos en Discapacidad la siguiente noticia que os reproducimos de forma \u00edntegra: <\/p>\n<div>\n<p>Hace unos d\u00edas, se dio a conocer la tr\u00e1gica <a href=\"https:\/\/www.20minutos.es\/noticia\/5665182\/0\/muere-cancer-los-16-anos-paula-cisneros-influencer-que-visibilizo-sindrome-down-redes-sociales\/\" title=\"Muere de c\u00e1ncer a los 16 a\u00f1os Paula Cisneros, la 'influencer' que visibiliz\u00f3 el s\u00edndrome de Down en redes sociales\">noticia de la muerte de <b>Paula Cisneros,<\/b><\/a> la joven <i>influencer <\/i>de 16 a\u00f1os que, desde su perfil <i>Yo puedo con todo<\/i>, daba visibilidad al <a href=\"https:\/\/www.20minutos.es\/minuteca\/sindrome-de-down\/\" title=\"S\u00edndrome de Down\">s\u00edndrome de Down<\/a>. Ahora, el mundo de las redes sociales ha vuelto a retomar el luto tras la p\u00e9rdida de otro de sus mayores exponentes, <b>Beandri Booysen, <\/b>quien ha fallecido <b>a los 19 a\u00f1os. <\/b><\/p>\n<p>Fue su madre, Bea Booysen, quien confirm\u00f3 el pasado 18 de diciembre la muerte de la joven. \u00abCon profunda tristeza anunciamos el fallecimiento de Beandri Booysen, <b>una de las j\u00f3venes m\u00e1s queridas e inspiradoras de Sud\u00e1frica\u00bb,<\/b> escribi\u00f3 la progenitora en un comunicado a trav\u00e9s de <i>Beandri, our inspiration<\/i>, una p\u00e1gina de Facebook dedicada a la <i>titkoker<\/i>.<\/p>\n<p>Beandri salt\u00f3 a la fama en internet, adem\u00e1s de por \u00absu personalidad vibrante y su risa contagiosa\u00bb, por dar visibilidad a su lucha contra el <b>s\u00edndrome de Hutchinson-Gilford, <\/b>tambi\u00e9n conocido como <b>progeria,<\/b> una enfermedad rara que provoca en los ni\u00f1os un envejecimiento r\u00e1pido y muy prematuro. <\/p>\n<p>Aunque no se esperaba que viviera m\u00e1s de 14 a\u00f1os, la creadora de contenido logr\u00f3 convertirse, como <b>\u00ab\u00fanica superviviente\u00bb<\/b> de su condici\u00f3n gen\u00e9tica en Sud\u00e1frica, en una inspiraci\u00f3n para miles de personas en todo el mundo.<b> \u00abUna voz y un s\u00edmbolo de conciencia<\/b> de progeria y otras necesidades especiales\u00bb, rezaba el comunicado de la familia Booysen, la cual ha solicitado privacidad en estos momentos tan delicados.<\/p>\n<p>A pesar de los desaf\u00edos que enfrentaba en su d\u00eda a d\u00eda, Beandri, una de las 200 personas diagnosticadas con esta condici\u00f3n, nunca se rindi\u00f3. De hecho, seg\u00fan recoge <i>The Sun<\/i>, hace apenas dos meses, la joven tiktoker se someti\u00f3 a <b>una cirug\u00eda a coraz\u00f3n abierto<\/b> con la esperanza de disfrutar de la Navidad junto a su familia. Por desgracia, ese anhelo nunca se cumpli\u00f3.<\/p>\n<p>\u00abAfronto todo lo que Dios trae a mi vida y le doy cr\u00e9dito a mi familia por mi fortaleza y apoyo al criarme como una ni\u00f1a &#8216;normal&#8217; y <b>no como alguien que debe ser vista como diferente a los dem\u00e1s\u00bb,<\/b> relataba la <i>influencer <\/i>sudafricana en una entrevista al mencionado diario brit\u00e1nico.<\/p>\n<\/p>\n<\/div>\n<p>Fuente: Discapacidad https:\/\/www.20minutos.es\/noticia\/5666103\/0\/muere-los-19-anos-beandri-booysen-influencer-que-visibilizo-su-lucha-contra-progeria\/<\/p>\n","protected":false},"excerpt":{"rendered":"<p>La &#8216;tiktoker&#8217; sudafricana padec\u00eda el s\u00edndrome de Hutchinson-Gilford, la enfermedad del envejecimiento extremo.<\/p>\n","protected":false},"author":1,"featured_media":0,"comment_status":"closed","ping_status":"closed","sticky":false,"template":"","format":"standard","meta":{"footnotes":""},"categories":[8],"tags":[],"class_list":["post-10675","post","type-post","status-publish","format-standard","hentry","category-noticias"],"yoast_head":"<!-- This site is optimized with the Yoast SEO plugin v27.5 - https:\/\/yoast.com\/product\/yoast-seo-wordpress\/ -->\n<title>Muere a los 19 a\u00f1os Beandri Booysen, la &#039;influencer&#039; que visibiliz\u00f3 su lucha contra la progeria - Asociaci\u00f3n Espa\u00f1ola S\u00edndrome de Charge<\/title>\n<meta name=\"robots\" content=\"index, follow, max-snippet:-1, max-image-preview:large, max-video-preview:-1\" \/>\n<link rel=\"canonical\" href=\"https:\/\/sindromecharge.es\/index.php\/2024\/12\/20\/muere-los-19-anos-beandri-booysen-influencer-que-visibilizo-su-lucha-contra-progeria\/\" \/>\n<meta property=\"og:locale\" content=\"es_ES\" \/>\n<meta property=\"og:type\" content=\"article\" \/>\n<meta property=\"og:title\" content=\"Muere a los 19 a\u00f1os Beandri Booysen, la &#039;influencer&#039; que visibiliz\u00f3 su lucha contra la progeria - Asociaci\u00f3n Espa\u00f1ola S\u00edndrome de Charge\" \/>\n<meta property=\"og:description\" content=\"La &#8216;tiktoker&#8217; sudafricana padec\u00eda el s\u00edndrome de Hutchinson-Gilford, la enfermedad del envejecimiento extremo.\" \/>\n<meta property=\"og:url\" content=\"https:\/\/sindromecharge.es\/index.php\/2024\/12\/20\/muere-los-19-anos-beandri-booysen-influencer-que-visibilizo-su-lucha-contra-progeria\/\" \/>\n<meta property=\"og:site_name\" content=\"Asociaci\u00f3n Espa\u00f1ola S\u00edndrome de Charge\" \/>\n<meta property=\"article:publisher\" content=\"https:\/\/www.facebook.com\/asociacionsindromecharge\" \/>\n<meta property=\"article:published_time\" content=\"2024-12-20T11:07:21+00:00\" \/>\n<meta property=\"og:image\" content=\"https:\/\/sindromecharge.es\/wp-content\/uploads\/2013\/09\/logodecharge300x98.png\" \/>\n\t<meta property=\"og:image:width\" content=\"300\" \/>\n\t<meta property=\"og:image:height\" content=\"98\" \/>\n\t<meta property=\"og:image:type\" content=\"image\/png\" \/>\n<meta name=\"author\" content=\"Charge\" \/>\n<meta name=\"twitter:card\" content=\"summary_large_image\" \/>\n<meta name=\"twitter:creator\" content=\"@sindromecharge\" \/>\n<meta name=\"twitter:site\" content=\"@sindromecharge\" \/>\n<meta name=\"twitter:label1\" content=\"Escrito por\" \/>\n\t<meta name=\"twitter:data1\" content=\"Charge\" \/>\n\t<meta name=\"twitter:label2\" content=\"Tiempo de lectura\" \/>\n\t<meta name=\"twitter:data2\" content=\"2 minutos\" \/>\n<script type=\"application\/ld+json\" class=\"yoast-schema-graph\">{\"@context\":\"https:\\\/\\\/schema.org\",\"@graph\":[{\"@type\":\"Article\",\"@id\":\"https:\\\/\\\/sindromecharge.es\\\/index.php\\\/2024\\\/12\\\/20\\\/muere-los-19-anos-beandri-booysen-influencer-que-visibilizo-su-lucha-contra-progeria\\\/#article\",\"isPartOf\":{\"@id\":\"https:\\\/\\\/sindromecharge.es\\\/index.php\\\/2024\\\/12\\\/20\\\/muere-los-19-anos-beandri-booysen-influencer-que-visibilizo-su-lucha-contra-progeria\\\/\"},\"author\":{\"name\":\"Charge\",\"@id\":\"https:\\\/\\\/sindromecharge.es\\\/#\\\/schema\\\/person\\\/39a60ebe0a2b4d5a11179701e336b039\"},\"headline\":\"Muere a los 19 a\u00f1os Beandri Booysen, la &#8216;influencer&#8217; que visibiliz\u00f3 su lucha contra la progeria\",\"datePublished\":\"2024-12-20T11:07:21+00:00\",\"mainEntityOfPage\":{\"@id\":\"https:\\\/\\\/sindromecharge.es\\\/index.php\\\/2024\\\/12\\\/20\\\/muere-los-19-anos-beandri-booysen-influencer-que-visibilizo-su-lucha-contra-progeria\\\/\"},\"wordCount\":417,\"articleSection\":[\"noticias\"],\"inLanguage\":\"es\"},{\"@type\":\"WebPage\",\"@id\":\"https:\\\/\\\/sindromecharge.es\\\/index.php\\\/2024\\\/12\\\/20\\\/muere-los-19-anos-beandri-booysen-influencer-que-visibilizo-su-lucha-contra-progeria\\\/\",\"url\":\"https:\\\/\\\/sindromecharge.es\\\/index.php\\\/2024\\\/12\\\/20\\\/muere-los-19-anos-beandri-booysen-influencer-que-visibilizo-su-lucha-contra-progeria\\\/\",\"name\":\"Muere a los 19 a\u00f1os Beandri Booysen, la 'influencer' que visibiliz\u00f3 su lucha contra la progeria - Asociaci\u00f3n Espa\u00f1ola S\u00edndrome de Charge\",\"isPartOf\":{\"@id\":\"https:\\\/\\\/sindromecharge.es\\\/#website\"},\"datePublished\":\"2024-12-20T11:07:21+00:00\",\"author\":{\"@id\":\"https:\\\/\\\/sindromecharge.es\\\/#\\\/schema\\\/person\\\/39a60ebe0a2b4d5a11179701e336b039\"},\"breadcrumb\":{\"@id\":\"https:\\\/\\\/sindromecharge.es\\\/index.php\\\/2024\\\/12\\\/20\\\/muere-los-19-anos-beandri-booysen-influencer-que-visibilizo-su-lucha-contra-progeria\\\/#breadcrumb\"},\"inLanguage\":\"es\",\"potentialAction\":[{\"@type\":\"ReadAction\",\"target\":[\"https:\\\/\\\/sindromecharge.es\\\/index.php\\\/2024\\\/12\\\/20\\\/muere-los-19-anos-beandri-booysen-influencer-que-visibilizo-su-lucha-contra-progeria\\\/\"]}]},{\"@type\":\"BreadcrumbList\",\"@id\":\"https:\\\/\\\/sindromecharge.es\\\/index.php\\\/2024\\\/12\\\/20\\\/muere-los-19-anos-beandri-booysen-influencer-que-visibilizo-su-lucha-contra-progeria\\\/#breadcrumb\",\"itemListElement\":[{\"@type\":\"ListItem\",\"position\":1,\"name\":\"Portada\",\"item\":\"https:\\\/\\\/sindromecharge.es\\\/\"},{\"@type\":\"ListItem\",\"position\":2,\"name\":\"Muere a los 19 a\u00f1os Beandri Booysen, la &#8216;influencer&#8217; que visibiliz\u00f3 su lucha contra la progeria\"}]},{\"@type\":\"WebSite\",\"@id\":\"https:\\\/\\\/sindromecharge.es\\\/#website\",\"url\":\"https:\\\/\\\/sindromecharge.es\\\/\",\"name\":\"Asociaci\u00f3n Espa\u00f1ola S\u00edndrome de Charge\",\"description\":\"\",\"potentialAction\":[{\"@type\":\"SearchAction\",\"target\":{\"@type\":\"EntryPoint\",\"urlTemplate\":\"https:\\\/\\\/sindromecharge.es\\\/?s={search_term_string}\"},\"query-input\":{\"@type\":\"PropertyValueSpecification\",\"valueRequired\":true,\"valueName\":\"search_term_string\"}}],\"inLanguage\":\"es\"},{\"@type\":\"Person\",\"@id\":\"https:\\\/\\\/sindromecharge.es\\\/#\\\/schema\\\/person\\\/39a60ebe0a2b4d5a11179701e336b039\",\"name\":\"Charge\",\"image\":{\"@type\":\"ImageObject\",\"inLanguage\":\"es\",\"@id\":\"https:\\\/\\\/secure.gravatar.com\\\/avatar\\\/c3b46e32a0fc3b093a0873fb767bf3293de856293065e84ef06b7ec7a8acfb98?s=96&d=identicon&r=x\",\"url\":\"https:\\\/\\\/secure.gravatar.com\\\/avatar\\\/c3b46e32a0fc3b093a0873fb767bf3293de856293065e84ef06b7ec7a8acfb98?s=96&d=identicon&r=x\",\"contentUrl\":\"https:\\\/\\\/secure.gravatar.com\\\/avatar\\\/c3b46e32a0fc3b093a0873fb767bf3293de856293065e84ef06b7ec7a8acfb98?s=96&d=identicon&r=x\",\"caption\":\"Charge\"},\"url\":\"https:\\\/\\\/sindromecharge.es\\\/index.php\\\/author\\\/admin\\\/\"}]}<\/script>\n<!-- \/ Yoast SEO plugin. -->","yoast_head_json":{"title":"Muere a los 19 a\u00f1os Beandri Booysen, la 'influencer' que visibiliz\u00f3 su lucha contra la progeria - Asociaci\u00f3n Espa\u00f1ola S\u00edndrome de Charge","robots":{"index":"index","follow":"follow","max-snippet":"max-snippet:-1","max-image-preview":"max-image-preview:large","max-video-preview":"max-video-preview:-1"},"canonical":"https:\/\/sindromecharge.es\/index.php\/2024\/12\/20\/muere-los-19-anos-beandri-booysen-influencer-que-visibilizo-su-lucha-contra-progeria\/","og_locale":"es_ES","og_type":"article","og_title":"Muere a los 19 a\u00f1os Beandri Booysen, la 'influencer' que visibiliz\u00f3 su lucha contra la progeria - Asociaci\u00f3n Espa\u00f1ola S\u00edndrome de Charge","og_description":"La &#8216;tiktoker&#8217; sudafricana padec\u00eda el s\u00edndrome de Hutchinson-Gilford, la enfermedad del envejecimiento extremo.","og_url":"https:\/\/sindromecharge.es\/index.php\/2024\/12\/20\/muere-los-19-anos-beandri-booysen-influencer-que-visibilizo-su-lucha-contra-progeria\/","og_site_name":"Asociaci\u00f3n Espa\u00f1ola S\u00edndrome de Charge","article_publisher":"https:\/\/www.facebook.com\/asociacionsindromecharge","article_published_time":"2024-12-20T11:07:21+00:00","og_image":[{"width":300,"height":98,"url":"https:\/\/sindromecharge.es\/wp-content\/uploads\/2013\/09\/logodecharge300x98.png","type":"image\/png"}],"author":"Charge","twitter_card":"summary_large_image","twitter_creator":"@sindromecharge","twitter_site":"@sindromecharge","twitter_misc":{"Escrito por":"Charge","Tiempo de lectura":"2 minutos"},"schema":{"@context":"https:\/\/schema.org","@graph":[{"@type":"Article","@id":"https:\/\/sindromecharge.es\/index.php\/2024\/12\/20\/muere-los-19-anos-beandri-booysen-influencer-que-visibilizo-su-lucha-contra-progeria\/#article","isPartOf":{"@id":"https:\/\/sindromecharge.es\/index.php\/2024\/12\/20\/muere-los-19-anos-beandri-booysen-influencer-que-visibilizo-su-lucha-contra-progeria\/"},"author":{"name":"Charge","@id":"https:\/\/sindromecharge.es\/#\/schema\/person\/39a60ebe0a2b4d5a11179701e336b039"},"headline":"Muere a los 19 a\u00f1os Beandri Booysen, la &#8216;influencer&#8217; que visibiliz\u00f3 su lucha contra la progeria","datePublished":"2024-12-20T11:07:21+00:00","mainEntityOfPage":{"@id":"https:\/\/sindromecharge.es\/index.php\/2024\/12\/20\/muere-los-19-anos-beandri-booysen-influencer-que-visibilizo-su-lucha-contra-progeria\/"},"wordCount":417,"articleSection":["noticias"],"inLanguage":"es"},{"@type":"WebPage","@id":"https:\/\/sindromecharge.es\/index.php\/2024\/12\/20\/muere-los-19-anos-beandri-booysen-influencer-que-visibilizo-su-lucha-contra-progeria\/","url":"https:\/\/sindromecharge.es\/index.php\/2024\/12\/20\/muere-los-19-anos-beandri-booysen-influencer-que-visibilizo-su-lucha-contra-progeria\/","name":"Muere a los 19 a\u00f1os Beandri Booysen, la 'influencer' que visibiliz\u00f3 su lucha contra la progeria - Asociaci\u00f3n Espa\u00f1ola S\u00edndrome de Charge","isPartOf":{"@id":"https:\/\/sindromecharge.es\/#website"},"datePublished":"2024-12-20T11:07:21+00:00","author":{"@id":"https:\/\/sindromecharge.es\/#\/schema\/person\/39a60ebe0a2b4d5a11179701e336b039"},"breadcrumb":{"@id":"https:\/\/sindromecharge.es\/index.php\/2024\/12\/20\/muere-los-19-anos-beandri-booysen-influencer-que-visibilizo-su-lucha-contra-progeria\/#breadcrumb"},"inLanguage":"es","potentialAction":[{"@type":"ReadAction","target":["https:\/\/sindromecharge.es\/index.php\/2024\/12\/20\/muere-los-19-anos-beandri-booysen-influencer-que-visibilizo-su-lucha-contra-progeria\/"]}]},{"@type":"BreadcrumbList","@id":"https:\/\/sindromecharge.es\/index.php\/2024\/12\/20\/muere-los-19-anos-beandri-booysen-influencer-que-visibilizo-su-lucha-contra-progeria\/#breadcrumb","itemListElement":[{"@type":"ListItem","position":1,"name":"Portada","item":"https:\/\/sindromecharge.es\/"},{"@type":"ListItem","position":2,"name":"Muere a los 19 a\u00f1os Beandri Booysen, la &#8216;influencer&#8217; que visibiliz\u00f3 su lucha contra la progeria"}]},{"@type":"WebSite","@id":"https:\/\/sindromecharge.es\/#website","url":"https:\/\/sindromecharge.es\/","name":"Asociaci\u00f3n Espa\u00f1ola S\u00edndrome de Charge","description":"","potentialAction":[{"@type":"SearchAction","target":{"@type":"EntryPoint","urlTemplate":"https:\/\/sindromecharge.es\/?s={search_term_string}"},"query-input":{"@type":"PropertyValueSpecification","valueRequired":true,"valueName":"search_term_string"}}],"inLanguage":"es"},{"@type":"Person","@id":"https:\/\/sindromecharge.es\/#\/schema\/person\/39a60ebe0a2b4d5a11179701e336b039","name":"Charge","image":{"@type":"ImageObject","inLanguage":"es","@id":"https:\/\/secure.gravatar.com\/avatar\/c3b46e32a0fc3b093a0873fb767bf3293de856293065e84ef06b7ec7a8acfb98?s=96&d=identicon&r=x","url":"https:\/\/secure.gravatar.com\/avatar\/c3b46e32a0fc3b093a0873fb767bf3293de856293065e84ef06b7ec7a8acfb98?s=96&d=identicon&r=x","contentUrl":"https:\/\/secure.gravatar.com\/avatar\/c3b46e32a0fc3b093a0873fb767bf3293de856293065e84ef06b7ec7a8acfb98?s=96&d=identicon&r=x","caption":"Charge"},"url":"https:\/\/sindromecharge.es\/index.php\/author\/admin\/"}]}},"_links":{"self":[{"href":"https:\/\/sindromecharge.es\/index.php\/wp-json\/wp\/v2\/posts\/10675","targetHints":{"allow":["GET"]}}],"collection":[{"href":"https:\/\/sindromecharge.es\/index.php\/wp-json\/wp\/v2\/posts"}],"about":[{"href":"https:\/\/sindromecharge.es\/index.php\/wp-json\/wp\/v2\/types\/post"}],"author":[{"embeddable":true,"href":"https:\/\/sindromecharge.es\/index.php\/wp-json\/wp\/v2\/users\/1"}],"replies":[{"embeddable":true,"href":"https:\/\/sindromecharge.es\/index.php\/wp-json\/wp\/v2\/comments?post=10675"}],"version-history":[{"count":0,"href":"https:\/\/sindromecharge.es\/index.php\/wp-json\/wp\/v2\/posts\/10675\/revisions"}],"wp:attachment":[{"href":"https:\/\/sindromecharge.es\/index.php\/wp-json\/wp\/v2\/media?parent=10675"}],"wp:term":[{"taxonomy":"category","embeddable":true,"href":"https:\/\/sindromecharge.es\/index.php\/wp-json\/wp\/v2\/categories?post=10675"},{"taxonomy":"post_tag","embeddable":true,"href":"https:\/\/sindromecharge.es\/index.php\/wp-json\/wp\/v2\/tags?post=10675"}],"curies":[{"name":"wp","href":"https:\/\/api.w.org\/{rel}","templated":true}]}}