{"id":10673,"date":"2024-12-20T07:15:26","date_gmt":"2024-12-20T07:15:26","guid":{"rendered":"https:\/\/sindromecharge.es\/index.php\/2024\/12\/20\/senado-pide-mas-incentivos-para-contratacion-personas-con-discapacidad\/"},"modified":"2024-12-20T07:15:26","modified_gmt":"2024-12-20T07:15:26","slug":"senado-pide-mas-incentivos-para-contratacion-personas-con-discapacidad","status":"publish","type":"post","link":"https:\/\/sindromecharge.es\/index.php\/2024\/12\/20\/senado-pide-mas-incentivos-para-contratacion-personas-con-discapacidad\/","title":{"rendered":"El Senado pide m\u00e1s incentivos para contratar personas con discapacidad: \u00abLa tasa de inactividad sigue siendo muy alta\u00bb"},"content":{"rendered":"<p>Leemos en Discapacidad la siguiente noticia que os reproducimos de forma \u00edntegra: <\/p>\n<div>\n<p>La <b>Comisi\u00f3n de Pol\u00edticas Integrales de Discapacidad del Senado<\/b> aprob\u00f3 este jueves una moci\u00f3n que reclama al Gobierno adoptar medidas para <b>incentivar la inclusi\u00f3n laboral de las personas con discapacidad<\/b>, tales como \u201caumentar los incentivos a las empresas para su contrataci\u00f3n\u201d y mejorar \u201clas acciones de formaci\u00f3n\u201d, como la sensibilizaci\u00f3n y la adaptaci\u00f3n de puestos de trabajo.<\/p>\n<p>Aprobada por 17 votos a favor y nueve abstenciones, la moci\u00f3n insiste en la importancia de \u201cuna <b>formaci\u00f3n adecuada y de trabajo digno<\/b>\u201d para la <b>inclusi\u00f3n social efectiva <\/b>de las personas con <a href=\"https:\/\/www.20minutos.es\/minuteca\/discapacidad\/\" title=\"Discapacidad\" target=\"_blank\">discapacidad<\/a>.<\/p>\n<p>As\u00ed lo indic\u00f3 la senadora Cristina Casanueva, del PP, tras lamentar que, \u201cpese a los avances conseguidos,<b> la tasa de paro y de inactividad<\/b>\u201d dentro del colectivo es muy superior a la de la media de la poblaci\u00f3n.<\/p>\n<p>\u201cTodav\u00eda son muy pocas las personas con discapacidad que dan el salto desde el empleo protegido al ordinario\u00bb, y pidi\u00f3 \u201c<b>mejorar los programas de orientaci\u00f3n laboral<\/b> de personas con discapacidad\u201d.<\/p>\n<p>Llam\u00f3 tambi\u00e9n a \u00abseguir avanzando en la <a href=\"https:\/\/www.20minutos.es\/minuteca\/inclusion\/\" title=\"Inclusi\u00f3n\" target=\"_blank\">inclusi\u00f3n<\/a> en el mercado ordinario\u00bb, con <b>m\u00e1s incentivos a las empresas para su contrataci\u00f3n<\/b>, acciones de formaci\u00f3n dirigidas a estas y refuerzo de \u201clos cauces de comunicaci\u00f3n entre empleadores y asociaciones\u201d.<\/p>\n<h2>Vida &#8216;independiente&#8217;<\/h2>\n<p>Por otro lado, la Comisi\u00f3n<b> rechaz\u00f3 una propuesta del PSOE que instaba al Gobierno a crear un Fondo Estatal para la Accesibilidad Universal<\/b> y \u201cestablecer de trabajo junto a las comunidades aut\u00f3nomas y el tercer sector\u201d de cara a su dise\u00f1o y puesta en marcha. Esta moci\u00f3n fue rechazada por 17 votos en contra del PP.<\/p>\n<p>Seg\u00fan el senador V\u00edctor Gonz\u00e1lez, \u201c<b>sin accesibilidad universal, no se pueden ejercer ni los derechos<\/b> humanos ni las libertades fundamentales, ni tampoco acceder a los derechos subjetivos que reconoce la legislaci\u00f3n\u201d.<\/p>\n<p>\u201cEs la clave para que las personas con discapacidad puedan vivir de <b>forma independiente, con libertad y con plena participaci\u00f3n social\u201d<\/b>, subray\u00f3.<\/p>\n<p>Por eso, \u00abse necesitan fondos para<b> eliminar las barreras f\u00edsicas<\/b>, sensoriales, culturales y cognitivas que lo dificultan\u201d, y consider\u00f3 \u201cimprescindible financiar proyectos y acciones que garanticen entornos, bienes, productos y servicios universalmente accesibles\u201d. Esto es, la financiaci\u00f3n \u201cque haga efectivo este derecho\u201d.<\/p>\n<h2>Dotaci\u00f3n presupuestaria<\/h2>\n<p>El PP present\u00f3 una enmienda a esta moci\u00f3n sobre crear un Fondo Estatal para la <b><a href=\"https:\/\/www.20minutos.es\/minuteca\/accesibilidad\/\" title=\"Accesibilidad\" target=\"_blank\">Accesibilidad<\/a> Universal<\/b>, en la que exig\u00eda al Gobierno \u00abuna dotaci\u00f3n presupuestaria\u00bb para el citado fondo.<\/p>\n<p>Ped\u00eda tambi\u00e9n \u201cconsolidar y optimizar los fondos ya existentes, como el Next Generation, a fin de asegurar disponibilidad de recursos y garantizar que todas las Comunidades Aut\u00f3nomas pueden acceder\u00bb a ellos sin que \u00abse les impongan cargas financieras, evitando los cupos auton\u00f3micos\u201d.<\/p>\n<p>\u201cQueremos una<b> financiaci\u00f3n equitativa<\/b>, que no penalice a las comunidades con menos capacidad fiscal\u201d, declar\u00f3 la senadora popular Estela del Carmen Darocas.<\/p>\n<p>Los socialistas rechazaron la enmienda, porque, en opini\u00f3n de Gonz\u00e1lez, resulta \u201creiterativa\u201d y \u201cexcede lo que aqu\u00ed se debate\u201d. \u201cSi hablamos de la puesta en marcha de un <b>Fondo Estatal para la accesibilidad universal <\/b>se entiende que debe incorporar una dotaci\u00f3n. Entendemos que la enmienda no viene a mejorar nuestra propuesta y que se escapa de este debate\u201d.<\/p>\n<\/div>\n<p>Fuente: Discapacidad https:\/\/www.20minutos.es\/noticia\/5665999\/0\/senado-pide-mas-incentivos-para-contratacion-personas-con-discapacidad\/<\/p>\n","protected":false},"excerpt":{"rendered":"<p>Aseguran que, \u201cpese a los avances conseguidos, el paro y la inactividad\u201d dentro del colectivo es muy superior a la de la media de la poblaci\u00f3n.<\/p>\n","protected":false},"author":1,"featured_media":0,"comment_status":"closed","ping_status":"closed","sticky":false,"template":"","format":"standard","meta":{"footnotes":""},"categories":[8],"tags":[],"class_list":["post-10673","post","type-post","status-publish","format-standard","hentry","category-noticias"],"yoast_head":"<!-- This site is optimized with the Yoast SEO plugin v27.5 - https:\/\/yoast.com\/product\/yoast-seo-wordpress\/ -->\n<title>El Senado pide m\u00e1s incentivos para contratar personas con discapacidad: &quot;La tasa de inactividad sigue siendo muy alta&quot; - Asociaci\u00f3n Espa\u00f1ola S\u00edndrome de Charge<\/title>\n<meta name=\"robots\" content=\"index, follow, max-snippet:-1, max-image-preview:large, max-video-preview:-1\" \/>\n<link rel=\"canonical\" href=\"https:\/\/sindromecharge.es\/index.php\/2024\/12\/20\/senado-pide-mas-incentivos-para-contratacion-personas-con-discapacidad\/\" \/>\n<meta property=\"og:locale\" content=\"es_ES\" \/>\n<meta property=\"og:type\" content=\"article\" \/>\n<meta property=\"og:title\" content=\"El Senado pide m\u00e1s incentivos para contratar personas con discapacidad: &quot;La tasa de inactividad sigue siendo muy alta&quot; - Asociaci\u00f3n Espa\u00f1ola S\u00edndrome de Charge\" \/>\n<meta property=\"og:description\" content=\"Aseguran que, \u201cpese a los avances conseguidos, el paro y la inactividad\u201d dentro del colectivo es muy superior a la de la media de la poblaci\u00f3n.\" \/>\n<meta property=\"og:url\" content=\"https:\/\/sindromecharge.es\/index.php\/2024\/12\/20\/senado-pide-mas-incentivos-para-contratacion-personas-con-discapacidad\/\" \/>\n<meta property=\"og:site_name\" content=\"Asociaci\u00f3n Espa\u00f1ola S\u00edndrome de Charge\" \/>\n<meta property=\"article:publisher\" content=\"https:\/\/www.facebook.com\/asociacionsindromecharge\" \/>\n<meta property=\"article:published_time\" content=\"2024-12-20T07:15:26+00:00\" \/>\n<meta property=\"og:image\" content=\"https:\/\/sindromecharge.es\/wp-content\/uploads\/2013\/09\/logodecharge300x98.png\" \/>\n\t<meta property=\"og:image:width\" content=\"300\" \/>\n\t<meta property=\"og:image:height\" content=\"98\" \/>\n\t<meta property=\"og:image:type\" content=\"image\/png\" \/>\n<meta name=\"author\" content=\"Charge\" \/>\n<meta name=\"twitter:card\" content=\"summary_large_image\" \/>\n<meta name=\"twitter:creator\" content=\"@sindromecharge\" \/>\n<meta name=\"twitter:site\" content=\"@sindromecharge\" \/>\n<meta name=\"twitter:label1\" content=\"Escrito por\" \/>\n\t<meta name=\"twitter:data1\" content=\"Charge\" \/>\n\t<meta name=\"twitter:label2\" content=\"Tiempo de lectura\" \/>\n\t<meta name=\"twitter:data2\" content=\"3 minutos\" \/>\n<script type=\"application\/ld+json\" class=\"yoast-schema-graph\">{\"@context\":\"https:\\\/\\\/schema.org\",\"@graph\":[{\"@type\":\"Article\",\"@id\":\"https:\\\/\\\/sindromecharge.es\\\/index.php\\\/2024\\\/12\\\/20\\\/senado-pide-mas-incentivos-para-contratacion-personas-con-discapacidad\\\/#article\",\"isPartOf\":{\"@id\":\"https:\\\/\\\/sindromecharge.es\\\/index.php\\\/2024\\\/12\\\/20\\\/senado-pide-mas-incentivos-para-contratacion-personas-con-discapacidad\\\/\"},\"author\":{\"name\":\"Charge\",\"@id\":\"https:\\\/\\\/sindromecharge.es\\\/#\\\/schema\\\/person\\\/39a60ebe0a2b4d5a11179701e336b039\"},\"headline\":\"El Senado pide m\u00e1s incentivos para contratar personas con discapacidad: \u00abLa tasa de inactividad sigue siendo muy alta\u00bb\",\"datePublished\":\"2024-12-20T07:15:26+00:00\",\"mainEntityOfPage\":{\"@id\":\"https:\\\/\\\/sindromecharge.es\\\/index.php\\\/2024\\\/12\\\/20\\\/senado-pide-mas-incentivos-para-contratacion-personas-con-discapacidad\\\/\"},\"wordCount\":583,\"articleSection\":[\"noticias\"],\"inLanguage\":\"es\"},{\"@type\":\"WebPage\",\"@id\":\"https:\\\/\\\/sindromecharge.es\\\/index.php\\\/2024\\\/12\\\/20\\\/senado-pide-mas-incentivos-para-contratacion-personas-con-discapacidad\\\/\",\"url\":\"https:\\\/\\\/sindromecharge.es\\\/index.php\\\/2024\\\/12\\\/20\\\/senado-pide-mas-incentivos-para-contratacion-personas-con-discapacidad\\\/\",\"name\":\"El Senado pide m\u00e1s incentivos para contratar personas con discapacidad: \\\"La tasa de inactividad sigue siendo muy alta\\\" - Asociaci\u00f3n Espa\u00f1ola S\u00edndrome de Charge\",\"isPartOf\":{\"@id\":\"https:\\\/\\\/sindromecharge.es\\\/#website\"},\"datePublished\":\"2024-12-20T07:15:26+00:00\",\"author\":{\"@id\":\"https:\\\/\\\/sindromecharge.es\\\/#\\\/schema\\\/person\\\/39a60ebe0a2b4d5a11179701e336b039\"},\"breadcrumb\":{\"@id\":\"https:\\\/\\\/sindromecharge.es\\\/index.php\\\/2024\\\/12\\\/20\\\/senado-pide-mas-incentivos-para-contratacion-personas-con-discapacidad\\\/#breadcrumb\"},\"inLanguage\":\"es\",\"potentialAction\":[{\"@type\":\"ReadAction\",\"target\":[\"https:\\\/\\\/sindromecharge.es\\\/index.php\\\/2024\\\/12\\\/20\\\/senado-pide-mas-incentivos-para-contratacion-personas-con-discapacidad\\\/\"]}]},{\"@type\":\"BreadcrumbList\",\"@id\":\"https:\\\/\\\/sindromecharge.es\\\/index.php\\\/2024\\\/12\\\/20\\\/senado-pide-mas-incentivos-para-contratacion-personas-con-discapacidad\\\/#breadcrumb\",\"itemListElement\":[{\"@type\":\"ListItem\",\"position\":1,\"name\":\"Portada\",\"item\":\"https:\\\/\\\/sindromecharge.es\\\/\"},{\"@type\":\"ListItem\",\"position\":2,\"name\":\"El Senado pide m\u00e1s incentivos para contratar personas con discapacidad: &#8220;La tasa de inactividad sigue siendo muy alta&#8221;\"}]},{\"@type\":\"WebSite\",\"@id\":\"https:\\\/\\\/sindromecharge.es\\\/#website\",\"url\":\"https:\\\/\\\/sindromecharge.es\\\/\",\"name\":\"Asociaci\u00f3n Espa\u00f1ola S\u00edndrome de Charge\",\"description\":\"\",\"potentialAction\":[{\"@type\":\"SearchAction\",\"target\":{\"@type\":\"EntryPoint\",\"urlTemplate\":\"https:\\\/\\\/sindromecharge.es\\\/?s={search_term_string}\"},\"query-input\":{\"@type\":\"PropertyValueSpecification\",\"valueRequired\":true,\"valueName\":\"search_term_string\"}}],\"inLanguage\":\"es\"},{\"@type\":\"Person\",\"@id\":\"https:\\\/\\\/sindromecharge.es\\\/#\\\/schema\\\/person\\\/39a60ebe0a2b4d5a11179701e336b039\",\"name\":\"Charge\",\"image\":{\"@type\":\"ImageObject\",\"inLanguage\":\"es\",\"@id\":\"https:\\\/\\\/secure.gravatar.com\\\/avatar\\\/c3b46e32a0fc3b093a0873fb767bf3293de856293065e84ef06b7ec7a8acfb98?s=96&d=identicon&r=x\",\"url\":\"https:\\\/\\\/secure.gravatar.com\\\/avatar\\\/c3b46e32a0fc3b093a0873fb767bf3293de856293065e84ef06b7ec7a8acfb98?s=96&d=identicon&r=x\",\"contentUrl\":\"https:\\\/\\\/secure.gravatar.com\\\/avatar\\\/c3b46e32a0fc3b093a0873fb767bf3293de856293065e84ef06b7ec7a8acfb98?s=96&d=identicon&r=x\",\"caption\":\"Charge\"},\"url\":\"https:\\\/\\\/sindromecharge.es\\\/index.php\\\/author\\\/admin\\\/\"}]}<\/script>\n<!-- \/ Yoast SEO plugin. -->","yoast_head_json":{"title":"El Senado pide m\u00e1s incentivos para contratar personas con discapacidad: \"La tasa de inactividad sigue siendo muy alta\" - Asociaci\u00f3n Espa\u00f1ola S\u00edndrome de Charge","robots":{"index":"index","follow":"follow","max-snippet":"max-snippet:-1","max-image-preview":"max-image-preview:large","max-video-preview":"max-video-preview:-1"},"canonical":"https:\/\/sindromecharge.es\/index.php\/2024\/12\/20\/senado-pide-mas-incentivos-para-contratacion-personas-con-discapacidad\/","og_locale":"es_ES","og_type":"article","og_title":"El Senado pide m\u00e1s incentivos para contratar personas con discapacidad: \"La tasa de inactividad sigue siendo muy alta\" - Asociaci\u00f3n Espa\u00f1ola S\u00edndrome de Charge","og_description":"Aseguran que, \u201cpese a los avances conseguidos, el paro y la inactividad\u201d dentro del colectivo es muy superior a la de la media de la poblaci\u00f3n.","og_url":"https:\/\/sindromecharge.es\/index.php\/2024\/12\/20\/senado-pide-mas-incentivos-para-contratacion-personas-con-discapacidad\/","og_site_name":"Asociaci\u00f3n Espa\u00f1ola S\u00edndrome de Charge","article_publisher":"https:\/\/www.facebook.com\/asociacionsindromecharge","article_published_time":"2024-12-20T07:15:26+00:00","og_image":[{"width":300,"height":98,"url":"https:\/\/sindromecharge.es\/wp-content\/uploads\/2013\/09\/logodecharge300x98.png","type":"image\/png"}],"author":"Charge","twitter_card":"summary_large_image","twitter_creator":"@sindromecharge","twitter_site":"@sindromecharge","twitter_misc":{"Escrito por":"Charge","Tiempo de lectura":"3 minutos"},"schema":{"@context":"https:\/\/schema.org","@graph":[{"@type":"Article","@id":"https:\/\/sindromecharge.es\/index.php\/2024\/12\/20\/senado-pide-mas-incentivos-para-contratacion-personas-con-discapacidad\/#article","isPartOf":{"@id":"https:\/\/sindromecharge.es\/index.php\/2024\/12\/20\/senado-pide-mas-incentivos-para-contratacion-personas-con-discapacidad\/"},"author":{"name":"Charge","@id":"https:\/\/sindromecharge.es\/#\/schema\/person\/39a60ebe0a2b4d5a11179701e336b039"},"headline":"El Senado pide m\u00e1s incentivos para contratar personas con discapacidad: \u00abLa tasa de inactividad sigue siendo muy alta\u00bb","datePublished":"2024-12-20T07:15:26+00:00","mainEntityOfPage":{"@id":"https:\/\/sindromecharge.es\/index.php\/2024\/12\/20\/senado-pide-mas-incentivos-para-contratacion-personas-con-discapacidad\/"},"wordCount":583,"articleSection":["noticias"],"inLanguage":"es"},{"@type":"WebPage","@id":"https:\/\/sindromecharge.es\/index.php\/2024\/12\/20\/senado-pide-mas-incentivos-para-contratacion-personas-con-discapacidad\/","url":"https:\/\/sindromecharge.es\/index.php\/2024\/12\/20\/senado-pide-mas-incentivos-para-contratacion-personas-con-discapacidad\/","name":"El Senado pide m\u00e1s incentivos para contratar personas con discapacidad: \"La tasa de inactividad sigue siendo muy alta\" - Asociaci\u00f3n Espa\u00f1ola S\u00edndrome de Charge","isPartOf":{"@id":"https:\/\/sindromecharge.es\/#website"},"datePublished":"2024-12-20T07:15:26+00:00","author":{"@id":"https:\/\/sindromecharge.es\/#\/schema\/person\/39a60ebe0a2b4d5a11179701e336b039"},"breadcrumb":{"@id":"https:\/\/sindromecharge.es\/index.php\/2024\/12\/20\/senado-pide-mas-incentivos-para-contratacion-personas-con-discapacidad\/#breadcrumb"},"inLanguage":"es","potentialAction":[{"@type":"ReadAction","target":["https:\/\/sindromecharge.es\/index.php\/2024\/12\/20\/senado-pide-mas-incentivos-para-contratacion-personas-con-discapacidad\/"]}]},{"@type":"BreadcrumbList","@id":"https:\/\/sindromecharge.es\/index.php\/2024\/12\/20\/senado-pide-mas-incentivos-para-contratacion-personas-con-discapacidad\/#breadcrumb","itemListElement":[{"@type":"ListItem","position":1,"name":"Portada","item":"https:\/\/sindromecharge.es\/"},{"@type":"ListItem","position":2,"name":"El Senado pide m\u00e1s incentivos para contratar personas con discapacidad: &#8220;La tasa de inactividad sigue siendo muy alta&#8221;"}]},{"@type":"WebSite","@id":"https:\/\/sindromecharge.es\/#website","url":"https:\/\/sindromecharge.es\/","name":"Asociaci\u00f3n Espa\u00f1ola S\u00edndrome de Charge","description":"","potentialAction":[{"@type":"SearchAction","target":{"@type":"EntryPoint","urlTemplate":"https:\/\/sindromecharge.es\/?s={search_term_string}"},"query-input":{"@type":"PropertyValueSpecification","valueRequired":true,"valueName":"search_term_string"}}],"inLanguage":"es"},{"@type":"Person","@id":"https:\/\/sindromecharge.es\/#\/schema\/person\/39a60ebe0a2b4d5a11179701e336b039","name":"Charge","image":{"@type":"ImageObject","inLanguage":"es","@id":"https:\/\/secure.gravatar.com\/avatar\/c3b46e32a0fc3b093a0873fb767bf3293de856293065e84ef06b7ec7a8acfb98?s=96&d=identicon&r=x","url":"https:\/\/secure.gravatar.com\/avatar\/c3b46e32a0fc3b093a0873fb767bf3293de856293065e84ef06b7ec7a8acfb98?s=96&d=identicon&r=x","contentUrl":"https:\/\/secure.gravatar.com\/avatar\/c3b46e32a0fc3b093a0873fb767bf3293de856293065e84ef06b7ec7a8acfb98?s=96&d=identicon&r=x","caption":"Charge"},"url":"https:\/\/sindromecharge.es\/index.php\/author\/admin\/"}]}},"_links":{"self":[{"href":"https:\/\/sindromecharge.es\/index.php\/wp-json\/wp\/v2\/posts\/10673","targetHints":{"allow":["GET"]}}],"collection":[{"href":"https:\/\/sindromecharge.es\/index.php\/wp-json\/wp\/v2\/posts"}],"about":[{"href":"https:\/\/sindromecharge.es\/index.php\/wp-json\/wp\/v2\/types\/post"}],"author":[{"embeddable":true,"href":"https:\/\/sindromecharge.es\/index.php\/wp-json\/wp\/v2\/users\/1"}],"replies":[{"embeddable":true,"href":"https:\/\/sindromecharge.es\/index.php\/wp-json\/wp\/v2\/comments?post=10673"}],"version-history":[{"count":0,"href":"https:\/\/sindromecharge.es\/index.php\/wp-json\/wp\/v2\/posts\/10673\/revisions"}],"wp:attachment":[{"href":"https:\/\/sindromecharge.es\/index.php\/wp-json\/wp\/v2\/media?parent=10673"}],"wp:term":[{"taxonomy":"category","embeddable":true,"href":"https:\/\/sindromecharge.es\/index.php\/wp-json\/wp\/v2\/categories?post=10673"},{"taxonomy":"post_tag","embeddable":true,"href":"https:\/\/sindromecharge.es\/index.php\/wp-json\/wp\/v2\/tags?post=10673"}],"curies":[{"name":"wp","href":"https:\/\/api.w.org\/{rel}","templated":true}]}}