{"id":10672,"date":"2024-12-20T06:50:35","date_gmt":"2024-12-20T06:50:35","guid":{"rendered":"https:\/\/sindromecharge.es\/index.php\/2024\/12\/20\/personas-con-una-discapacidad-entre-33-65-pueden-jubilarse-manera-anticipada\/"},"modified":"2024-12-20T06:50:35","modified_gmt":"2024-12-20T06:50:35","slug":"personas-con-una-discapacidad-entre-33-65-pueden-jubilarse-manera-anticipada","status":"publish","type":"post","link":"https:\/\/sindromecharge.es\/index.php\/2024\/12\/20\/personas-con-una-discapacidad-entre-33-65-pueden-jubilarse-manera-anticipada\/","title":{"rendered":"\u00bfLas personas con una discapacidad de entre el 33 y el 65% pueden jubilarse de manera anticipada?"},"content":{"rendered":"<p>Leemos en Discapacidad la siguiente noticia que os reproducimos de forma \u00edntegra: <\/p>\n<div>\n<p>La jubilaci\u00f3n de las personas con<a href=\"https:\/\/www.20minutos.es\/minuteca\/discapacidad\/\" title=\"Discapacidad\" target=\"_blank\"> discapacidad <\/a>puede distar, en algunos casos, de la de las personas sin discapacidad. La principal diferencia es que, en caso de cumplir una serie de requisitos, estas personas no <b>tendr\u00e1n que esperar a la edad que establece la Seguridad Social,<\/b> sino que podr\u00e1n jubilarse sin perder pensi\u00f3n.<\/p>\n<p>Sin embargo, a estas<a href=\"https:\/\/grupogarantia.es\/video\/jubilacion-discapacidad\" target=\"_blank\" rel=\"nofollow\"> <b>prejubilaciones sin penalizaci\u00f3n<\/b><\/a> no pueden acceder todas las personas con tarjeta de discapacidad, sino <b>solo aquellas que cumplan una serie de requisitos, como tener, al menos, un 45% de discapacidad<\/b>.<\/p>\n<p>\u00bfQu\u00e9 pasa entonces<b> si tienes entre un 33% y 45%, o entre y un 45% y un 65% pero no cumples los requisitos<\/b> que exigen la Seguridad Social, que, como explica en <a href=\"https:\/\/www.instagram.com\/tododiscapacidad\/\" target=\"_blank\" rel=\"nofollow\">Tododiscapacidad<\/a> Pedro L\u00f3pez, te jubilas a la misma edad que las personas que no tienen discapacidad, es decir, a los 65 a\u00f1os sin has cotizado 38 a\u00f1os y 3 meses cotizados, o 66 a\u00f1os si has cotizado menos de 38 a\u00f1os y 3 meses cotizados.<\/p>\n<p>\u00abEn general, quiero decir que no toda persona con discapacidad tiene acceso a una<a href=\"https:\/\/www.20minutos.es\/minuteca\/jubilacion-anticipada\/\" title=\"Jubilaci\u00f3n anticipada\" target=\"_blank\"> jubilaci\u00f3n anticipada<\/a> sin penalizaci\u00f3n, porque si t\u00fa eres una persona con un 33% de discapacidad y menos de un 65% y no cumples los requisitos para prejubilarte con un 45%\u00bb, tendr\u00e1s que esperar a la edad reglamentaria establecida para la poblaci\u00f3n general\u00bb, aclara. <\/p>\n<p>En futuros v\u00eddeos, Pedro L\u00f3pez explicar\u00e1 c\u00f3mo s\u00ed pueden prejubilarse las personas con discapacidad <b>que cumplan una serie de requisitos<\/b>.<\/p>\n<p>Si tienes dudas o necesitas orientaci\u00f3n o quieres resolver dudas como esta, relacionadas con el mundo de la discapacidad y el derecho, puedes mandar preguntas a trav\u00e9s &#8216;<a href=\"https:\/\/www.instagram.com\/tododiscapacidad\/\" target=\"_blank\" rel=\"nofollow\">Tododiscapacidad<\/a>&#8216;, el perfil que Pedro L\u00f3pez de Cerro ha creado en Instagram.<\/p>\n<\/div>\n<p>Fuente: Discapacidad https:\/\/www.20minutos.es\/noticia\/5665467\/0\/personas-con-una-discapacidad-entre-33-65-pueden-jubilarse-manera-anticipada\/<\/p>\n","protected":false},"excerpt":{"rendered":"<p>El abogado Pedro L\u00f3pez explica en qu\u00e9 casos se puede prejubilar una persona con discapacidad.<\/p>\n","protected":false},"author":1,"featured_media":0,"comment_status":"closed","ping_status":"closed","sticky":false,"template":"","format":"standard","meta":{"footnotes":""},"categories":[8],"tags":[],"class_list":["post-10672","post","type-post","status-publish","format-standard","hentry","category-noticias"],"yoast_head":"<!-- This site is optimized with the Yoast SEO plugin v27.5 - https:\/\/yoast.com\/product\/yoast-seo-wordpress\/ -->\n<title>\u00bfLas personas con una discapacidad de entre el 33 y el 65% pueden jubilarse de manera anticipada? - Asociaci\u00f3n Espa\u00f1ola S\u00edndrome de Charge<\/title>\n<meta name=\"robots\" content=\"index, follow, max-snippet:-1, max-image-preview:large, max-video-preview:-1\" \/>\n<link rel=\"canonical\" href=\"https:\/\/sindromecharge.es\/index.php\/2024\/12\/20\/personas-con-una-discapacidad-entre-33-65-pueden-jubilarse-manera-anticipada\/\" \/>\n<meta property=\"og:locale\" content=\"es_ES\" \/>\n<meta property=\"og:type\" content=\"article\" \/>\n<meta property=\"og:title\" content=\"\u00bfLas personas con una discapacidad de entre el 33 y el 65% pueden jubilarse de manera anticipada? - Asociaci\u00f3n Espa\u00f1ola S\u00edndrome de Charge\" \/>\n<meta property=\"og:description\" content=\"El abogado Pedro L\u00f3pez explica en qu\u00e9 casos se puede prejubilar una persona con discapacidad.\" \/>\n<meta property=\"og:url\" content=\"https:\/\/sindromecharge.es\/index.php\/2024\/12\/20\/personas-con-una-discapacidad-entre-33-65-pueden-jubilarse-manera-anticipada\/\" \/>\n<meta property=\"og:site_name\" content=\"Asociaci\u00f3n Espa\u00f1ola S\u00edndrome de Charge\" \/>\n<meta property=\"article:publisher\" content=\"https:\/\/www.facebook.com\/asociacionsindromecharge\" \/>\n<meta property=\"article:published_time\" content=\"2024-12-20T06:50:35+00:00\" \/>\n<meta property=\"og:image\" content=\"https:\/\/sindromecharge.es\/wp-content\/uploads\/2013\/09\/logodecharge300x98.png\" \/>\n\t<meta property=\"og:image:width\" content=\"300\" \/>\n\t<meta property=\"og:image:height\" content=\"98\" \/>\n\t<meta property=\"og:image:type\" content=\"image\/png\" \/>\n<meta name=\"author\" content=\"Charge\" \/>\n<meta name=\"twitter:card\" content=\"summary_large_image\" \/>\n<meta name=\"twitter:creator\" content=\"@sindromecharge\" \/>\n<meta name=\"twitter:site\" content=\"@sindromecharge\" \/>\n<meta name=\"twitter:label1\" content=\"Escrito por\" \/>\n\t<meta name=\"twitter:data1\" content=\"Charge\" \/>\n\t<meta name=\"twitter:label2\" content=\"Tiempo de lectura\" \/>\n\t<meta name=\"twitter:data2\" content=\"2 minutos\" \/>\n<script type=\"application\/ld+json\" class=\"yoast-schema-graph\">{\"@context\":\"https:\\\/\\\/schema.org\",\"@graph\":[{\"@type\":\"Article\",\"@id\":\"https:\\\/\\\/sindromecharge.es\\\/index.php\\\/2024\\\/12\\\/20\\\/personas-con-una-discapacidad-entre-33-65-pueden-jubilarse-manera-anticipada\\\/#article\",\"isPartOf\":{\"@id\":\"https:\\\/\\\/sindromecharge.es\\\/index.php\\\/2024\\\/12\\\/20\\\/personas-con-una-discapacidad-entre-33-65-pueden-jubilarse-manera-anticipada\\\/\"},\"author\":{\"name\":\"Charge\",\"@id\":\"https:\\\/\\\/sindromecharge.es\\\/#\\\/schema\\\/person\\\/39a60ebe0a2b4d5a11179701e336b039\"},\"headline\":\"\u00bfLas personas con una discapacidad de entre el 33 y el 65% pueden jubilarse de manera anticipada?\",\"datePublished\":\"2024-12-20T06:50:35+00:00\",\"mainEntityOfPage\":{\"@id\":\"https:\\\/\\\/sindromecharge.es\\\/index.php\\\/2024\\\/12\\\/20\\\/personas-con-una-discapacidad-entre-33-65-pueden-jubilarse-manera-anticipada\\\/\"},\"wordCount\":323,\"articleSection\":[\"noticias\"],\"inLanguage\":\"es\"},{\"@type\":\"WebPage\",\"@id\":\"https:\\\/\\\/sindromecharge.es\\\/index.php\\\/2024\\\/12\\\/20\\\/personas-con-una-discapacidad-entre-33-65-pueden-jubilarse-manera-anticipada\\\/\",\"url\":\"https:\\\/\\\/sindromecharge.es\\\/index.php\\\/2024\\\/12\\\/20\\\/personas-con-una-discapacidad-entre-33-65-pueden-jubilarse-manera-anticipada\\\/\",\"name\":\"\u00bfLas personas con una discapacidad de entre el 33 y el 65% pueden jubilarse de manera anticipada? - Asociaci\u00f3n Espa\u00f1ola S\u00edndrome de Charge\",\"isPartOf\":{\"@id\":\"https:\\\/\\\/sindromecharge.es\\\/#website\"},\"datePublished\":\"2024-12-20T06:50:35+00:00\",\"author\":{\"@id\":\"https:\\\/\\\/sindromecharge.es\\\/#\\\/schema\\\/person\\\/39a60ebe0a2b4d5a11179701e336b039\"},\"breadcrumb\":{\"@id\":\"https:\\\/\\\/sindromecharge.es\\\/index.php\\\/2024\\\/12\\\/20\\\/personas-con-una-discapacidad-entre-33-65-pueden-jubilarse-manera-anticipada\\\/#breadcrumb\"},\"inLanguage\":\"es\",\"potentialAction\":[{\"@type\":\"ReadAction\",\"target\":[\"https:\\\/\\\/sindromecharge.es\\\/index.php\\\/2024\\\/12\\\/20\\\/personas-con-una-discapacidad-entre-33-65-pueden-jubilarse-manera-anticipada\\\/\"]}]},{\"@type\":\"BreadcrumbList\",\"@id\":\"https:\\\/\\\/sindromecharge.es\\\/index.php\\\/2024\\\/12\\\/20\\\/personas-con-una-discapacidad-entre-33-65-pueden-jubilarse-manera-anticipada\\\/#breadcrumb\",\"itemListElement\":[{\"@type\":\"ListItem\",\"position\":1,\"name\":\"Portada\",\"item\":\"https:\\\/\\\/sindromecharge.es\\\/\"},{\"@type\":\"ListItem\",\"position\":2,\"name\":\"\u00bfLas personas con una discapacidad de entre el 33 y el 65% pueden jubilarse de manera anticipada?\"}]},{\"@type\":\"WebSite\",\"@id\":\"https:\\\/\\\/sindromecharge.es\\\/#website\",\"url\":\"https:\\\/\\\/sindromecharge.es\\\/\",\"name\":\"Asociaci\u00f3n Espa\u00f1ola S\u00edndrome de Charge\",\"description\":\"\",\"potentialAction\":[{\"@type\":\"SearchAction\",\"target\":{\"@type\":\"EntryPoint\",\"urlTemplate\":\"https:\\\/\\\/sindromecharge.es\\\/?s={search_term_string}\"},\"query-input\":{\"@type\":\"PropertyValueSpecification\",\"valueRequired\":true,\"valueName\":\"search_term_string\"}}],\"inLanguage\":\"es\"},{\"@type\":\"Person\",\"@id\":\"https:\\\/\\\/sindromecharge.es\\\/#\\\/schema\\\/person\\\/39a60ebe0a2b4d5a11179701e336b039\",\"name\":\"Charge\",\"image\":{\"@type\":\"ImageObject\",\"inLanguage\":\"es\",\"@id\":\"https:\\\/\\\/secure.gravatar.com\\\/avatar\\\/c3b46e32a0fc3b093a0873fb767bf3293de856293065e84ef06b7ec7a8acfb98?s=96&d=identicon&r=x\",\"url\":\"https:\\\/\\\/secure.gravatar.com\\\/avatar\\\/c3b46e32a0fc3b093a0873fb767bf3293de856293065e84ef06b7ec7a8acfb98?s=96&d=identicon&r=x\",\"contentUrl\":\"https:\\\/\\\/secure.gravatar.com\\\/avatar\\\/c3b46e32a0fc3b093a0873fb767bf3293de856293065e84ef06b7ec7a8acfb98?s=96&d=identicon&r=x\",\"caption\":\"Charge\"},\"url\":\"https:\\\/\\\/sindromecharge.es\\\/index.php\\\/author\\\/admin\\\/\"}]}<\/script>\n<!-- \/ Yoast SEO plugin. -->","yoast_head_json":{"title":"\u00bfLas personas con una discapacidad de entre el 33 y el 65% pueden jubilarse de manera anticipada? - Asociaci\u00f3n Espa\u00f1ola S\u00edndrome de Charge","robots":{"index":"index","follow":"follow","max-snippet":"max-snippet:-1","max-image-preview":"max-image-preview:large","max-video-preview":"max-video-preview:-1"},"canonical":"https:\/\/sindromecharge.es\/index.php\/2024\/12\/20\/personas-con-una-discapacidad-entre-33-65-pueden-jubilarse-manera-anticipada\/","og_locale":"es_ES","og_type":"article","og_title":"\u00bfLas personas con una discapacidad de entre el 33 y el 65% pueden jubilarse de manera anticipada? - Asociaci\u00f3n Espa\u00f1ola S\u00edndrome de Charge","og_description":"El abogado Pedro L\u00f3pez explica en qu\u00e9 casos se puede prejubilar una persona con discapacidad.","og_url":"https:\/\/sindromecharge.es\/index.php\/2024\/12\/20\/personas-con-una-discapacidad-entre-33-65-pueden-jubilarse-manera-anticipada\/","og_site_name":"Asociaci\u00f3n Espa\u00f1ola S\u00edndrome de Charge","article_publisher":"https:\/\/www.facebook.com\/asociacionsindromecharge","article_published_time":"2024-12-20T06:50:35+00:00","og_image":[{"width":300,"height":98,"url":"https:\/\/sindromecharge.es\/wp-content\/uploads\/2013\/09\/logodecharge300x98.png","type":"image\/png"}],"author":"Charge","twitter_card":"summary_large_image","twitter_creator":"@sindromecharge","twitter_site":"@sindromecharge","twitter_misc":{"Escrito por":"Charge","Tiempo de lectura":"2 minutos"},"schema":{"@context":"https:\/\/schema.org","@graph":[{"@type":"Article","@id":"https:\/\/sindromecharge.es\/index.php\/2024\/12\/20\/personas-con-una-discapacidad-entre-33-65-pueden-jubilarse-manera-anticipada\/#article","isPartOf":{"@id":"https:\/\/sindromecharge.es\/index.php\/2024\/12\/20\/personas-con-una-discapacidad-entre-33-65-pueden-jubilarse-manera-anticipada\/"},"author":{"name":"Charge","@id":"https:\/\/sindromecharge.es\/#\/schema\/person\/39a60ebe0a2b4d5a11179701e336b039"},"headline":"\u00bfLas personas con una discapacidad de entre el 33 y el 65% pueden jubilarse de manera anticipada?","datePublished":"2024-12-20T06:50:35+00:00","mainEntityOfPage":{"@id":"https:\/\/sindromecharge.es\/index.php\/2024\/12\/20\/personas-con-una-discapacidad-entre-33-65-pueden-jubilarse-manera-anticipada\/"},"wordCount":323,"articleSection":["noticias"],"inLanguage":"es"},{"@type":"WebPage","@id":"https:\/\/sindromecharge.es\/index.php\/2024\/12\/20\/personas-con-una-discapacidad-entre-33-65-pueden-jubilarse-manera-anticipada\/","url":"https:\/\/sindromecharge.es\/index.php\/2024\/12\/20\/personas-con-una-discapacidad-entre-33-65-pueden-jubilarse-manera-anticipada\/","name":"\u00bfLas personas con una discapacidad de entre el 33 y el 65% pueden jubilarse de manera anticipada? - Asociaci\u00f3n Espa\u00f1ola S\u00edndrome de Charge","isPartOf":{"@id":"https:\/\/sindromecharge.es\/#website"},"datePublished":"2024-12-20T06:50:35+00:00","author":{"@id":"https:\/\/sindromecharge.es\/#\/schema\/person\/39a60ebe0a2b4d5a11179701e336b039"},"breadcrumb":{"@id":"https:\/\/sindromecharge.es\/index.php\/2024\/12\/20\/personas-con-una-discapacidad-entre-33-65-pueden-jubilarse-manera-anticipada\/#breadcrumb"},"inLanguage":"es","potentialAction":[{"@type":"ReadAction","target":["https:\/\/sindromecharge.es\/index.php\/2024\/12\/20\/personas-con-una-discapacidad-entre-33-65-pueden-jubilarse-manera-anticipada\/"]}]},{"@type":"BreadcrumbList","@id":"https:\/\/sindromecharge.es\/index.php\/2024\/12\/20\/personas-con-una-discapacidad-entre-33-65-pueden-jubilarse-manera-anticipada\/#breadcrumb","itemListElement":[{"@type":"ListItem","position":1,"name":"Portada","item":"https:\/\/sindromecharge.es\/"},{"@type":"ListItem","position":2,"name":"\u00bfLas personas con una discapacidad de entre el 33 y el 65% pueden jubilarse de manera anticipada?"}]},{"@type":"WebSite","@id":"https:\/\/sindromecharge.es\/#website","url":"https:\/\/sindromecharge.es\/","name":"Asociaci\u00f3n Espa\u00f1ola S\u00edndrome de Charge","description":"","potentialAction":[{"@type":"SearchAction","target":{"@type":"EntryPoint","urlTemplate":"https:\/\/sindromecharge.es\/?s={search_term_string}"},"query-input":{"@type":"PropertyValueSpecification","valueRequired":true,"valueName":"search_term_string"}}],"inLanguage":"es"},{"@type":"Person","@id":"https:\/\/sindromecharge.es\/#\/schema\/person\/39a60ebe0a2b4d5a11179701e336b039","name":"Charge","image":{"@type":"ImageObject","inLanguage":"es","@id":"https:\/\/secure.gravatar.com\/avatar\/c3b46e32a0fc3b093a0873fb767bf3293de856293065e84ef06b7ec7a8acfb98?s=96&d=identicon&r=x","url":"https:\/\/secure.gravatar.com\/avatar\/c3b46e32a0fc3b093a0873fb767bf3293de856293065e84ef06b7ec7a8acfb98?s=96&d=identicon&r=x","contentUrl":"https:\/\/secure.gravatar.com\/avatar\/c3b46e32a0fc3b093a0873fb767bf3293de856293065e84ef06b7ec7a8acfb98?s=96&d=identicon&r=x","caption":"Charge"},"url":"https:\/\/sindromecharge.es\/index.php\/author\/admin\/"}]}},"_links":{"self":[{"href":"https:\/\/sindromecharge.es\/index.php\/wp-json\/wp\/v2\/posts\/10672","targetHints":{"allow":["GET"]}}],"collection":[{"href":"https:\/\/sindromecharge.es\/index.php\/wp-json\/wp\/v2\/posts"}],"about":[{"href":"https:\/\/sindromecharge.es\/index.php\/wp-json\/wp\/v2\/types\/post"}],"author":[{"embeddable":true,"href":"https:\/\/sindromecharge.es\/index.php\/wp-json\/wp\/v2\/users\/1"}],"replies":[{"embeddable":true,"href":"https:\/\/sindromecharge.es\/index.php\/wp-json\/wp\/v2\/comments?post=10672"}],"version-history":[{"count":0,"href":"https:\/\/sindromecharge.es\/index.php\/wp-json\/wp\/v2\/posts\/10672\/revisions"}],"wp:attachment":[{"href":"https:\/\/sindromecharge.es\/index.php\/wp-json\/wp\/v2\/media?parent=10672"}],"wp:term":[{"taxonomy":"category","embeddable":true,"href":"https:\/\/sindromecharge.es\/index.php\/wp-json\/wp\/v2\/categories?post=10672"},{"taxonomy":"post_tag","embeddable":true,"href":"https:\/\/sindromecharge.es\/index.php\/wp-json\/wp\/v2\/tags?post=10672"}],"curies":[{"name":"wp","href":"https:\/\/api.w.org\/{rel}","templated":true}]}}