{"id":10671,"date":"2024-12-19T06:31:22","date_gmt":"2024-12-19T06:31:22","guid":{"rendered":"https:\/\/sindromecharge.es\/index.php\/2024\/12\/19\/salud-vacunas-los-expertos-son-claros-no-no-existe-relacion-entre-las-vacunas-autismo\/"},"modified":"2024-12-19T06:31:22","modified_gmt":"2024-12-19T06:31:22","slug":"salud-vacunas-los-expertos-son-claros-no-no-existe-relacion-entre-las-vacunas-autismo","status":"publish","type":"post","link":"https:\/\/sindromecharge.es\/index.php\/2024\/12\/19\/salud-vacunas-los-expertos-son-claros-no-no-existe-relacion-entre-las-vacunas-autismo\/","title":{"rendered":"Los expertos reiteran que no existe relaci\u00f3n entre vacunas y autismo tras las palabras de Trump: \u00abEs ciencia\u00bb"},"content":{"rendered":"<p>Leemos en Discapacidad la siguiente noticia que os reproducimos de forma \u00edntegra: <\/p>\n<div>\n<p>El<b> falso mito de que las vacunas causan <a href=\"https:\/\/www.20minutos.es\/minuteca\/autismo\/\" title=\"Autismo\" target=\"_blank\">autismo<\/a> <\/b>ha vuelto a la palestra tras las palabras del presidente electo de EE.UU, <a href=\"https:\/\/www.20minutos.es\/minuteca\/donald-trump\/\" title=\"Donald Trump\" target=\"_blank\">Donald Trump<\/a>, quien ha sugerido que podr\u00eda existir relaci\u00f3n entre la vacunaci\u00f3n infantil y el Trastorno del Espectro Autista (TEA), pero<b> los expertos son claros: No, no existe.<\/b><\/p>\n<p>En una entrevista con la <b>revista TIME<\/b>, Trump preguntado espec\u00edficamente si acabar\u00eda con los programas de vacunaci\u00f3n infantil, y aunque no respondi\u00f3 directamente, s\u00ed hizo alusiones a su relaci\u00f3n con el autismo: \u00abVamos a tener un gran debate. <b>La tasa de autismo est\u00e1 a un nivel que nadie cre\u00eda posible<\/b>. Si nos fijamos, hay algo que lo est\u00e1 causando\u00bb.<\/p>\n<p>En un documento del <a href=\"https:\/\/www.20minutos.es\/minuteca\/ministerio-de-sanidad\/\" title=\"Ministerio de Sanidad\" target=\"_blank\">Ministerio de Sanidad<\/a> espa\u00f1ol sobre los mitos y falsas creencias de las <a href=\"https:\/\/www.20minutos.es\/minuteca\/vacunas\/\" title=\"Vacunas\" target=\"_blank\">vacunas<\/a>, se hace hincapi\u00e9 en que \u00e9stas son \u00ab<b>medicamentos muy seguros y eficaces<\/b>\u00ab, que antes de ser aprobadas para su comercializaci\u00f3n \u00abson sometidas a muchos estudios estrictos para comprobar su seguridad\u00bb.<\/p>\n<p>Asimismo, una vez que su uso est\u00e1 autorizado, se mantiene una \u00abvigilancia constante de los posibles efectos secundarios\u00bb.<\/p>\n<p>De forma espec\u00edfica, el documento cuenta con un apartado sobre las <b>vacunas y el autismo y afirma que no existe relaci\u00f3n tal y como est\u00e1 demostrado \u00aben muchos estudios\u00bb<\/b>, que han comparado en ni\u00f1os vacunados y no vacunados alrededor del mundo.<\/p>\n<p>Cita dos de los trabajos m\u00e1s relevantes, uno de los cuales cont\u00f3 con la participaci\u00f3n de medio mill\u00f3n de ni\u00f1os, y en el que los investigadores demostraron que <b>el autismo era igual de frecuente entre los vacunados y los no vacunados<\/b>.<\/p>\n<p>El otro estudio, publicado en 2019, evalu\u00f3 la relaci\u00f3n entre la administraci\u00f3n de la vacuna triple v\u00edrica y el desarrollo de autismo en m\u00e1s de 650.000 ni\u00f1os daneses nacidos entre 1999 y 2010 y demostr\u00f3 que <b>no aumentaba el riesgo de desarrollar este trastorno<\/b>.<\/p>\n<p>\u00abOtros muchos estudios, realizados en distintos pa\u00edses han llegado a la misma conclusi\u00f3n\u00bb, se\u00f1ala Sanidad, que los cita en la bibliograf\u00eda.<\/p>\n<p>Recuerda Sanidad que el<b> falso mito<\/b> que relaciona las vacunas y el autismo surge a ra\u00edz de que en 1998, un grupo de investigaci\u00f3n en Reino Unido publicara en una revista brit\u00e1nica de \u00abreconocido prestigio\u00bb<b> un estudio que vinculada la vacuna triple v\u00edrica<\/b> (la del sarampi\u00f3n, rubeola y paperas) con el TEA.<\/p>\n<p>A\u00f1os m\u00e1s tarde se descubri\u00f3, explica Sanidad, que<b> era un estudio \u00abcon escasa evidencia cient\u00edfica\u00bb <\/b>que, entre otras cosas, inclu\u00eda solamente a doce ni\u00f1os y <b>era \u00abfraudulento\u00bb<\/b>, de hecho, la revista retir\u00f3 el art\u00edculo en 2010.<\/p>\n<p>El psic\u00f3logo del \u00e1rea de Investigaci\u00f3n de la<b> Confederaci\u00f3n de Autismo Espa\u00f1a<\/b>, Guillermo Benito, <b>muestra su preocupaci\u00f3n<\/b>, en declaraciones a EFE, por que se vuelva a reactivar este tipo de bulos, que relacionan el autismo con las vacunas. <span>Insiste en que ya se ha demostrado que el estudio en el que se basa el falso mito hab\u00eda sido \u00abuna investigaci\u00f3n fraudulenta\u00bb.<\/span><\/p>\n<h1>Ya se ha demostrado que el estudio en el que se basa el falso mito hab\u00eda sido \u00abuna investigaci\u00f3n fraudulenta\u00bb<\/h1>\n<p>\u00abSe demostr\u00f3 de forma clara que estaba<b> basado en intereses econ\u00f3micos del investigador<\/b>, al que, adem\u00e1s, se le retir\u00f3 la licencia para ejercer la medicina en el Reino Unido\u00bb, apunta el psic\u00f3logo de la Confederaci\u00f3n.<\/p>\n<p>A su juicio, la vinculaci\u00f3n del autismo y las vacunas<b> promueve la inseguridad entre la poblaci\u00f3n<\/b> y es una cuesti\u00f3n que no deber\u00eda volver a la luz porque \u00abya deber\u00eda estar superada\u00bb.<\/p>\n<p>Adem\u00e1s, abunda en que si ahora hay m\u00e1s casos de autismo es porque, entre otras cosas, <b>hay \u00abmejores recursos\u00bb <\/b>para detectarlo, algo que no sucede en todo el planeta, sino en los pa\u00edses m\u00e1s avanzados.<\/p>\n<p>En la web de la Asociaci\u00f3n Espa\u00f1ola de Vacunolog\u00eda (AEV) se incide en que <b>\u00abno es una cuesti\u00f3n de creencia sino de ciencia\u00bb<\/b> y que las vacunas no est\u00e1n detr\u00e1s de los casos de autismo.<\/p>\n<p>Tras citar varios estudios destaca que \u00abla evidencia actual\u00bb sugiere que el autismo no tiene relaci\u00f3n ni con la vacunaci\u00f3n ni el tabaquismo materno y tampoco las tecnolog\u00edas de reproducci\u00f3n asistida.<\/p>\n<p>\u00abPor el contrario, <b>la edad avanzada de los padres est\u00e1 asociada con un mayor riesgo de TEA<\/b>, as\u00ed como otras complicaciones relacionadas con el embarazo\u00bb, se\u00f1ala la AEV. <\/p>\n<\/div>\n<p>Fuente: Discapacidad https:\/\/www.20minutos.es\/noticia\/5665563\/0\/salud-vacunas-los-expertos-son-claros-no-no-existe-relacion-entre-las-vacunas-autismo\/<\/p>\n","protected":false},"excerpt":{"rendered":"<p>El peligroso mito de que las vacunas causan autismo ha vuelto a la actualidad tras sugerirlo Donald Trump.<\/p>\n","protected":false},"author":1,"featured_media":0,"comment_status":"closed","ping_status":"closed","sticky":false,"template":"","format":"standard","meta":{"footnotes":""},"categories":[8],"tags":[],"class_list":["post-10671","post","type-post","status-publish","format-standard","hentry","category-noticias"],"yoast_head":"<!-- This site is optimized with the Yoast SEO plugin v27.5 - https:\/\/yoast.com\/product\/yoast-seo-wordpress\/ -->\n<title>Los expertos reiteran que no existe relaci\u00f3n entre vacunas y autismo tras las palabras de Trump: &quot;Es ciencia&quot; - Asociaci\u00f3n Espa\u00f1ola S\u00edndrome de Charge<\/title>\n<meta name=\"robots\" content=\"index, follow, max-snippet:-1, max-image-preview:large, max-video-preview:-1\" \/>\n<link rel=\"canonical\" href=\"https:\/\/sindromecharge.es\/index.php\/2024\/12\/19\/salud-vacunas-los-expertos-son-claros-no-no-existe-relacion-entre-las-vacunas-autismo\/\" \/>\n<meta property=\"og:locale\" content=\"es_ES\" \/>\n<meta property=\"og:type\" content=\"article\" \/>\n<meta property=\"og:title\" content=\"Los expertos reiteran que no existe relaci\u00f3n entre vacunas y autismo tras las palabras de Trump: &quot;Es ciencia&quot; - Asociaci\u00f3n Espa\u00f1ola S\u00edndrome de Charge\" \/>\n<meta property=\"og:description\" content=\"El peligroso mito de que las vacunas causan autismo ha vuelto a la actualidad tras sugerirlo Donald Trump.\" \/>\n<meta property=\"og:url\" content=\"https:\/\/sindromecharge.es\/index.php\/2024\/12\/19\/salud-vacunas-los-expertos-son-claros-no-no-existe-relacion-entre-las-vacunas-autismo\/\" \/>\n<meta property=\"og:site_name\" content=\"Asociaci\u00f3n Espa\u00f1ola S\u00edndrome de Charge\" \/>\n<meta property=\"article:publisher\" content=\"https:\/\/www.facebook.com\/asociacionsindromecharge\" \/>\n<meta property=\"article:published_time\" content=\"2024-12-19T06:31:22+00:00\" \/>\n<meta property=\"og:image\" content=\"https:\/\/sindromecharge.es\/wp-content\/uploads\/2013\/09\/logodecharge300x98.png\" \/>\n\t<meta property=\"og:image:width\" content=\"300\" \/>\n\t<meta property=\"og:image:height\" content=\"98\" \/>\n\t<meta property=\"og:image:type\" content=\"image\/png\" \/>\n<meta name=\"author\" content=\"Charge\" \/>\n<meta name=\"twitter:card\" content=\"summary_large_image\" \/>\n<meta name=\"twitter:creator\" content=\"@sindromecharge\" \/>\n<meta name=\"twitter:site\" content=\"@sindromecharge\" \/>\n<meta name=\"twitter:label1\" content=\"Escrito por\" \/>\n\t<meta name=\"twitter:data1\" content=\"Charge\" \/>\n\t<meta name=\"twitter:label2\" content=\"Tiempo de lectura\" \/>\n\t<meta name=\"twitter:data2\" content=\"4 minutos\" \/>\n<script type=\"application\/ld+json\" class=\"yoast-schema-graph\">{\"@context\":\"https:\\\/\\\/schema.org\",\"@graph\":[{\"@type\":\"Article\",\"@id\":\"https:\\\/\\\/sindromecharge.es\\\/index.php\\\/2024\\\/12\\\/19\\\/salud-vacunas-los-expertos-son-claros-no-no-existe-relacion-entre-las-vacunas-autismo\\\/#article\",\"isPartOf\":{\"@id\":\"https:\\\/\\\/sindromecharge.es\\\/index.php\\\/2024\\\/12\\\/19\\\/salud-vacunas-los-expertos-son-claros-no-no-existe-relacion-entre-las-vacunas-autismo\\\/\"},\"author\":{\"name\":\"Charge\",\"@id\":\"https:\\\/\\\/sindromecharge.es\\\/#\\\/schema\\\/person\\\/39a60ebe0a2b4d5a11179701e336b039\"},\"headline\":\"Los expertos reiteran que no existe relaci\u00f3n entre vacunas y autismo tras las palabras de Trump: \u00abEs ciencia\u00bb\",\"datePublished\":\"2024-12-19T06:31:22+00:00\",\"mainEntityOfPage\":{\"@id\":\"https:\\\/\\\/sindromecharge.es\\\/index.php\\\/2024\\\/12\\\/19\\\/salud-vacunas-los-expertos-son-claros-no-no-existe-relacion-entre-las-vacunas-autismo\\\/\"},\"wordCount\":790,\"articleSection\":[\"noticias\"],\"inLanguage\":\"es\"},{\"@type\":\"WebPage\",\"@id\":\"https:\\\/\\\/sindromecharge.es\\\/index.php\\\/2024\\\/12\\\/19\\\/salud-vacunas-los-expertos-son-claros-no-no-existe-relacion-entre-las-vacunas-autismo\\\/\",\"url\":\"https:\\\/\\\/sindromecharge.es\\\/index.php\\\/2024\\\/12\\\/19\\\/salud-vacunas-los-expertos-son-claros-no-no-existe-relacion-entre-las-vacunas-autismo\\\/\",\"name\":\"Los expertos reiteran que no existe relaci\u00f3n entre vacunas y autismo tras las palabras de Trump: \\\"Es ciencia\\\" - Asociaci\u00f3n Espa\u00f1ola S\u00edndrome de Charge\",\"isPartOf\":{\"@id\":\"https:\\\/\\\/sindromecharge.es\\\/#website\"},\"datePublished\":\"2024-12-19T06:31:22+00:00\",\"author\":{\"@id\":\"https:\\\/\\\/sindromecharge.es\\\/#\\\/schema\\\/person\\\/39a60ebe0a2b4d5a11179701e336b039\"},\"breadcrumb\":{\"@id\":\"https:\\\/\\\/sindromecharge.es\\\/index.php\\\/2024\\\/12\\\/19\\\/salud-vacunas-los-expertos-son-claros-no-no-existe-relacion-entre-las-vacunas-autismo\\\/#breadcrumb\"},\"inLanguage\":\"es\",\"potentialAction\":[{\"@type\":\"ReadAction\",\"target\":[\"https:\\\/\\\/sindromecharge.es\\\/index.php\\\/2024\\\/12\\\/19\\\/salud-vacunas-los-expertos-son-claros-no-no-existe-relacion-entre-las-vacunas-autismo\\\/\"]}]},{\"@type\":\"BreadcrumbList\",\"@id\":\"https:\\\/\\\/sindromecharge.es\\\/index.php\\\/2024\\\/12\\\/19\\\/salud-vacunas-los-expertos-son-claros-no-no-existe-relacion-entre-las-vacunas-autismo\\\/#breadcrumb\",\"itemListElement\":[{\"@type\":\"ListItem\",\"position\":1,\"name\":\"Portada\",\"item\":\"https:\\\/\\\/sindromecharge.es\\\/\"},{\"@type\":\"ListItem\",\"position\":2,\"name\":\"Los expertos reiteran que no existe relaci\u00f3n entre vacunas y autismo tras las palabras de Trump: &#8220;Es ciencia&#8221;\"}]},{\"@type\":\"WebSite\",\"@id\":\"https:\\\/\\\/sindromecharge.es\\\/#website\",\"url\":\"https:\\\/\\\/sindromecharge.es\\\/\",\"name\":\"Asociaci\u00f3n Espa\u00f1ola S\u00edndrome de Charge\",\"description\":\"\",\"potentialAction\":[{\"@type\":\"SearchAction\",\"target\":{\"@type\":\"EntryPoint\",\"urlTemplate\":\"https:\\\/\\\/sindromecharge.es\\\/?s={search_term_string}\"},\"query-input\":{\"@type\":\"PropertyValueSpecification\",\"valueRequired\":true,\"valueName\":\"search_term_string\"}}],\"inLanguage\":\"es\"},{\"@type\":\"Person\",\"@id\":\"https:\\\/\\\/sindromecharge.es\\\/#\\\/schema\\\/person\\\/39a60ebe0a2b4d5a11179701e336b039\",\"name\":\"Charge\",\"image\":{\"@type\":\"ImageObject\",\"inLanguage\":\"es\",\"@id\":\"https:\\\/\\\/secure.gravatar.com\\\/avatar\\\/c3b46e32a0fc3b093a0873fb767bf3293de856293065e84ef06b7ec7a8acfb98?s=96&d=identicon&r=x\",\"url\":\"https:\\\/\\\/secure.gravatar.com\\\/avatar\\\/c3b46e32a0fc3b093a0873fb767bf3293de856293065e84ef06b7ec7a8acfb98?s=96&d=identicon&r=x\",\"contentUrl\":\"https:\\\/\\\/secure.gravatar.com\\\/avatar\\\/c3b46e32a0fc3b093a0873fb767bf3293de856293065e84ef06b7ec7a8acfb98?s=96&d=identicon&r=x\",\"caption\":\"Charge\"},\"url\":\"https:\\\/\\\/sindromecharge.es\\\/index.php\\\/author\\\/admin\\\/\"}]}<\/script>\n<!-- \/ Yoast SEO plugin. -->","yoast_head_json":{"title":"Los expertos reiteran que no existe relaci\u00f3n entre vacunas y autismo tras las palabras de Trump: \"Es ciencia\" - Asociaci\u00f3n Espa\u00f1ola S\u00edndrome de Charge","robots":{"index":"index","follow":"follow","max-snippet":"max-snippet:-1","max-image-preview":"max-image-preview:large","max-video-preview":"max-video-preview:-1"},"canonical":"https:\/\/sindromecharge.es\/index.php\/2024\/12\/19\/salud-vacunas-los-expertos-son-claros-no-no-existe-relacion-entre-las-vacunas-autismo\/","og_locale":"es_ES","og_type":"article","og_title":"Los expertos reiteran que no existe relaci\u00f3n entre vacunas y autismo tras las palabras de Trump: \"Es ciencia\" - Asociaci\u00f3n Espa\u00f1ola S\u00edndrome de Charge","og_description":"El peligroso mito de que las vacunas causan autismo ha vuelto a la actualidad tras sugerirlo Donald Trump.","og_url":"https:\/\/sindromecharge.es\/index.php\/2024\/12\/19\/salud-vacunas-los-expertos-son-claros-no-no-existe-relacion-entre-las-vacunas-autismo\/","og_site_name":"Asociaci\u00f3n Espa\u00f1ola S\u00edndrome de Charge","article_publisher":"https:\/\/www.facebook.com\/asociacionsindromecharge","article_published_time":"2024-12-19T06:31:22+00:00","og_image":[{"width":300,"height":98,"url":"https:\/\/sindromecharge.es\/wp-content\/uploads\/2013\/09\/logodecharge300x98.png","type":"image\/png"}],"author":"Charge","twitter_card":"summary_large_image","twitter_creator":"@sindromecharge","twitter_site":"@sindromecharge","twitter_misc":{"Escrito por":"Charge","Tiempo de lectura":"4 minutos"},"schema":{"@context":"https:\/\/schema.org","@graph":[{"@type":"Article","@id":"https:\/\/sindromecharge.es\/index.php\/2024\/12\/19\/salud-vacunas-los-expertos-son-claros-no-no-existe-relacion-entre-las-vacunas-autismo\/#article","isPartOf":{"@id":"https:\/\/sindromecharge.es\/index.php\/2024\/12\/19\/salud-vacunas-los-expertos-son-claros-no-no-existe-relacion-entre-las-vacunas-autismo\/"},"author":{"name":"Charge","@id":"https:\/\/sindromecharge.es\/#\/schema\/person\/39a60ebe0a2b4d5a11179701e336b039"},"headline":"Los expertos reiteran que no existe relaci\u00f3n entre vacunas y autismo tras las palabras de Trump: \u00abEs ciencia\u00bb","datePublished":"2024-12-19T06:31:22+00:00","mainEntityOfPage":{"@id":"https:\/\/sindromecharge.es\/index.php\/2024\/12\/19\/salud-vacunas-los-expertos-son-claros-no-no-existe-relacion-entre-las-vacunas-autismo\/"},"wordCount":790,"articleSection":["noticias"],"inLanguage":"es"},{"@type":"WebPage","@id":"https:\/\/sindromecharge.es\/index.php\/2024\/12\/19\/salud-vacunas-los-expertos-son-claros-no-no-existe-relacion-entre-las-vacunas-autismo\/","url":"https:\/\/sindromecharge.es\/index.php\/2024\/12\/19\/salud-vacunas-los-expertos-son-claros-no-no-existe-relacion-entre-las-vacunas-autismo\/","name":"Los expertos reiteran que no existe relaci\u00f3n entre vacunas y autismo tras las palabras de Trump: \"Es ciencia\" - Asociaci\u00f3n Espa\u00f1ola S\u00edndrome de Charge","isPartOf":{"@id":"https:\/\/sindromecharge.es\/#website"},"datePublished":"2024-12-19T06:31:22+00:00","author":{"@id":"https:\/\/sindromecharge.es\/#\/schema\/person\/39a60ebe0a2b4d5a11179701e336b039"},"breadcrumb":{"@id":"https:\/\/sindromecharge.es\/index.php\/2024\/12\/19\/salud-vacunas-los-expertos-son-claros-no-no-existe-relacion-entre-las-vacunas-autismo\/#breadcrumb"},"inLanguage":"es","potentialAction":[{"@type":"ReadAction","target":["https:\/\/sindromecharge.es\/index.php\/2024\/12\/19\/salud-vacunas-los-expertos-son-claros-no-no-existe-relacion-entre-las-vacunas-autismo\/"]}]},{"@type":"BreadcrumbList","@id":"https:\/\/sindromecharge.es\/index.php\/2024\/12\/19\/salud-vacunas-los-expertos-son-claros-no-no-existe-relacion-entre-las-vacunas-autismo\/#breadcrumb","itemListElement":[{"@type":"ListItem","position":1,"name":"Portada","item":"https:\/\/sindromecharge.es\/"},{"@type":"ListItem","position":2,"name":"Los expertos reiteran que no existe relaci\u00f3n entre vacunas y autismo tras las palabras de Trump: &#8220;Es ciencia&#8221;"}]},{"@type":"WebSite","@id":"https:\/\/sindromecharge.es\/#website","url":"https:\/\/sindromecharge.es\/","name":"Asociaci\u00f3n Espa\u00f1ola S\u00edndrome de Charge","description":"","potentialAction":[{"@type":"SearchAction","target":{"@type":"EntryPoint","urlTemplate":"https:\/\/sindromecharge.es\/?s={search_term_string}"},"query-input":{"@type":"PropertyValueSpecification","valueRequired":true,"valueName":"search_term_string"}}],"inLanguage":"es"},{"@type":"Person","@id":"https:\/\/sindromecharge.es\/#\/schema\/person\/39a60ebe0a2b4d5a11179701e336b039","name":"Charge","image":{"@type":"ImageObject","inLanguage":"es","@id":"https:\/\/secure.gravatar.com\/avatar\/c3b46e32a0fc3b093a0873fb767bf3293de856293065e84ef06b7ec7a8acfb98?s=96&d=identicon&r=x","url":"https:\/\/secure.gravatar.com\/avatar\/c3b46e32a0fc3b093a0873fb767bf3293de856293065e84ef06b7ec7a8acfb98?s=96&d=identicon&r=x","contentUrl":"https:\/\/secure.gravatar.com\/avatar\/c3b46e32a0fc3b093a0873fb767bf3293de856293065e84ef06b7ec7a8acfb98?s=96&d=identicon&r=x","caption":"Charge"},"url":"https:\/\/sindromecharge.es\/index.php\/author\/admin\/"}]}},"_links":{"self":[{"href":"https:\/\/sindromecharge.es\/index.php\/wp-json\/wp\/v2\/posts\/10671","targetHints":{"allow":["GET"]}}],"collection":[{"href":"https:\/\/sindromecharge.es\/index.php\/wp-json\/wp\/v2\/posts"}],"about":[{"href":"https:\/\/sindromecharge.es\/index.php\/wp-json\/wp\/v2\/types\/post"}],"author":[{"embeddable":true,"href":"https:\/\/sindromecharge.es\/index.php\/wp-json\/wp\/v2\/users\/1"}],"replies":[{"embeddable":true,"href":"https:\/\/sindromecharge.es\/index.php\/wp-json\/wp\/v2\/comments?post=10671"}],"version-history":[{"count":0,"href":"https:\/\/sindromecharge.es\/index.php\/wp-json\/wp\/v2\/posts\/10671\/revisions"}],"wp:attachment":[{"href":"https:\/\/sindromecharge.es\/index.php\/wp-json\/wp\/v2\/media?parent=10671"}],"wp:term":[{"taxonomy":"category","embeddable":true,"href":"https:\/\/sindromecharge.es\/index.php\/wp-json\/wp\/v2\/categories?post=10671"},{"taxonomy":"post_tag","embeddable":true,"href":"https:\/\/sindromecharge.es\/index.php\/wp-json\/wp\/v2\/tags?post=10671"}],"curies":[{"name":"wp","href":"https:\/\/api.w.org\/{rel}","templated":true}]}}