{"id":10670,"date":"2024-12-18T07:00:11","date_gmt":"2024-12-18T07:00:11","guid":{"rendered":"https:\/\/sindromecharge.es\/index.php\/2024\/12\/18\/congreso-pide-por-unanimidad-un-estudio-sobre-los-habitantes-con-discapacidad-mundo-rural\/"},"modified":"2024-12-18T07:00:11","modified_gmt":"2024-12-18T07:00:11","slug":"congreso-pide-por-unanimidad-un-estudio-sobre-los-habitantes-con-discapacidad-mundo-rural","status":"publish","type":"post","link":"https:\/\/sindromecharge.es\/index.php\/2024\/12\/18\/congreso-pide-por-unanimidad-un-estudio-sobre-los-habitantes-con-discapacidad-mundo-rural\/","title":{"rendered":"El Congreso pide por unanimidad un estudio sobre los habitantes con discapacidad del mundo rural"},"content":{"rendered":"<p>Leemos en Discapacidad la siguiente noticia que os reproducimos de forma \u00edntegra: <\/p>\n<div>\n<p>La Comisi\u00f3n para las Pol\u00edticas Integrales de la Discapacidad del Congreso de los Diputados aprob\u00f3 este martes una<b> proposici\u00f3n no de ley<\/b> que insta al Gobierno a \u201celaborar u<b>n estudio sobre las necesidades y demandas de las personas con discapacidad<\/b> que residen en el mundo rural\u201d, con el objetivo de promover mejores condiciones de vida para ellas.<\/p>\n<p>Aprobada de forma un\u00e1nime e impulsada por el Grupo Popular, la iniciativa pide llevar a cabo \u00abun estudio espec\u00edfico sobre las demandas, necesidades sociales, apoyo y recursos para mejorar el bienestar de las familias de personas con discapacidad que residen en un <b>entorno rural<\/b>\u201d.<\/p>\n<p>Reclama que, \u201cuna vez elaborado el diagn\u00f3stico y las propuestas de actuaci\u00f3n\u201d, se establezca \u201cun cronograma de desarrollo junto a las administraciones competentes en esta materia\u201d, al que acompa\u00f1e \u201cuna <b>financiaci\u00f3n estatal, suficiente y adecuada p<\/b>ara su puesta en funcionamiento\u201d.<\/p>\n<p>Seg\u00fan la diputada del PP Socorro Cuesta, las personas con discapacidad que viven en el mundo rural \u201ctienen que<b> salvar barreras espec\u00edficas<\/b> derivadas de la dispersi\u00f3n geogr\u00e1fica, la falta de servicios, el envejecimiento\u2026\u00bb. Destac\u00f3 que estas personas tienen un perfil caracter\u00edstico, en general \u201c<b>m\u00e1s envejecido y m\u00e1s feminizado\u201d<\/b> que el conjunto de las personas con <a href=\"https:\/\/www.20minutos.es\/minuteca\/discapacidad\/\" title=\"Discapacidad\" target=\"_blank\">discapacidad<\/a>.<\/p>\n<p>\u201cEstas dificultades se traducen en que una madre tiene que conducir 50 kil\u00f3metros para que su hijo asista a la terapia que necesita\u201d, apunt\u00f3, o que \u201cuna persona de 80 a\u00f1os no pueda acceder al transporte p\u00fablico para llegar a la consulta m\u00e9dica\u201d.<\/p>\n<p>Por todo ello, la propuesta aprobada pide la puesta en marcha de \u201c<b>servicios de proximidad<\/b>\u201d y \u201cla creaci\u00f3n de intervenciones ambulatorias en zonas donde las infraestructuras son muy limitadas\u201d. Adem\u00e1s, subraya la necesidad de servicios espec\u00edficos para mujeres con discapacidad y de programas de respiro para las familiares cuidadores.<\/p>\n<p>Seg\u00fan Cuesta, \u201c<b>la ruralidad act\u00faa como intensificador de muchas otras barreras que sufren las personas con discapacidad<\/b>\u201d. A su juicio, este estudio debe \u201cservir de base\u201d para la elaboraci\u00f3n de pol\u00edticas espec\u00edficas. \u201cNecesitamos saber c\u00f3mo viven estas personas\u201d en el mundo rural. \u201cVeremos que muchas veces, simplemente sobreviven\u201d, concluy\u00f3.<\/p>\n<h2>Justicia accesible<\/h2>\n<p>La Comisi\u00f3n aprob\u00f3 tambi\u00e9n una proposici\u00f3n no de ley para garantizar el acceso a la justicia de las personas con discapacidad. Cont\u00f3 con el apoyo de los grupos de PP, PSOE y Sumar e insta al Ejecutivo a<b> dise\u00f1ar un plan de acompa\u00f1amiento y asesoramiento judicial<\/b> personalizado para <b>personas dependientes<\/b>.<\/p>\n<p>En concreto, esta propuesta insta al Gobierno a \u201cponer en marcha los mecanismos pertinentes\u201d que lo hagan posible y pide<b> suprimir \u201clas barreras<\/b> que padecen las personas con discapacidad en sus relaciones con la administraci\u00f3n de justicia\u00bb.<\/p>\n<p>Entre estas, la portavoz popular en la Comisi\u00f3n, Violante Tom\u00e1s, pidi\u00f3 garantizar los ajustes razonables necesarios y \u201cadaptados al g\u00e9nero y a la edad\u201d, as\u00ed como revisar los protocolos en los juzgados, a fin de que \u201cla informaci\u00f3n sobre el itinerario y el procedimiento sea accesible de principio a fin\u201d.<\/p>\n<p>Tambi\u00e9n demand<b>\u00f3 instalaciones amigables en los juzgados<\/b>, sin \u201cobst\u00e1culos f\u00edsicos y sensoriales\u201d, para \u201cevitar la victimizaci\u00f3n secundaria\u201d de estas personas, y aludi\u00f3 a la figura del facilitador judicial, que se debe extender; a la necesidad de simplificar el lenguaje; y a la disponibilidad de m\u00e9todos de comunicaci\u00f3n alternativa que aseguren el acceso a la informaci\u00f3n a todas las personas, como la lengua de signos, el braille, los subt\u00edtulos, la adaptaci\u00f3n a lectura f\u00e1cil, etc.<\/p>\n<p>Tom\u00e1s rechaz\u00f3 la enmienda presentada por el Grupo Socialista, que defendi\u00f3 que el Gobierno \u201cya est\u00e1 actuando\u201d y ha puesto en marcha muchas de estas medidas. Seg\u00fan su portavoz, Mer\u00e7e Perea, \u201cel PP llega tarde\u201d con esta propuesta.<\/p>\n<p>\u201cNo s\u00e9 qu\u00e9 ser\u00eda del Grupo Socialista sin la palabra \u2018seguir y seguir&#8217; que incluye en todas sus iniciativas\u00bb, critic\u00f3 Tom\u00e1s, para quien \u201cel Gobierno no tiene que seguir; tiene que hacer\u00bb. \u00abLos derechos sin hechos son papel mojado\u201d, declar\u00f3.<\/p>\n<p>Por su parte, la portavoz de Vox, Roc\u00edo de Meer, asegur\u00f3 respaldar \u201cla <b><a href=\"https:\/\/www.20minutos.es\/minuteca\/accesibilidad\/\" title=\"Accesibilidad\" target=\"_blank\">accesibilidad <\/a>a la justicia de las personas con discapacidad<\/b>\u201d, aunque critic\u00f3 la referencia a la adaptaci\u00f3n de los ajustes del proceso en funci\u00f3n del g\u00e9nero. \u201c\u00bfSe est\u00e1 refiriendo a los tribunales de excepci\u00f3n que cre\u00f3 la ley integral contra la violencia de g\u00e9nero?\u201d, pregunt\u00f3. \u201cNo entendemos que hombres y mujeres con discapacidad tengan un <b>acceso distinto a la justicia<\/b>\u201d, continu\u00f3 su cr\u00edtica.<\/p>\n<p>Tom\u00e1s repuso que \u201clas mujeres son v\u00edctimas de trata, ablaci\u00f3n y violencia de g\u00e9nero&#8230;, cr\u00edmenes que los varones no sufren\u201d, por lo que \u201cs\u00ed\u201d, se necesita una adaptaci\u00f3n espec\u00edfica para estos casos.<\/p>\n<p>Por su parte, Rafael Cofi\u00f1o, de Sumar, defendi\u00f3 la necesidad de formar a todos los agentes implicados en el proceso judicial para que sean capaces de identificar a las personas con discapacidad , ya sean v\u00edctimas, testigos o investigados.<\/p>\n<\/div>\n<p>Fuente: Discapacidad https:\/\/www.20minutos.es\/noticia\/5665107\/0\/congreso-pide-por-unanimidad-un-estudio-sobre-los-habitantes-con-discapacidad-mundo-rural\/<\/p>\n","protected":false},"excerpt":{"rendered":"<p>Aluden que \u00abla ruralidad act\u00faa como intensificador de las barreras que sufren las personas con discapacidad\u00bb.<\/p>\n","protected":false},"author":1,"featured_media":0,"comment_status":"closed","ping_status":"closed","sticky":false,"template":"","format":"standard","meta":{"footnotes":""},"categories":[8],"tags":[],"class_list":["post-10670","post","type-post","status-publish","format-standard","hentry","category-noticias"],"yoast_head":"<!-- This site is optimized with the Yoast SEO plugin v27.5 - https:\/\/yoast.com\/product\/yoast-seo-wordpress\/ -->\n<title>El Congreso pide por unanimidad un estudio sobre los habitantes con discapacidad del mundo rural - Asociaci\u00f3n Espa\u00f1ola S\u00edndrome de Charge<\/title>\n<meta name=\"robots\" content=\"index, follow, max-snippet:-1, max-image-preview:large, max-video-preview:-1\" \/>\n<link rel=\"canonical\" href=\"https:\/\/sindromecharge.es\/index.php\/2024\/12\/18\/congreso-pide-por-unanimidad-un-estudio-sobre-los-habitantes-con-discapacidad-mundo-rural\/\" \/>\n<meta property=\"og:locale\" content=\"es_ES\" \/>\n<meta property=\"og:type\" content=\"article\" \/>\n<meta property=\"og:title\" content=\"El Congreso pide por unanimidad un estudio sobre los habitantes con discapacidad del mundo rural - Asociaci\u00f3n Espa\u00f1ola S\u00edndrome de Charge\" \/>\n<meta property=\"og:description\" content=\"Aluden que \u00abla ruralidad act\u00faa como intensificador de las barreras que sufren las personas con discapacidad\u00bb.\" \/>\n<meta property=\"og:url\" content=\"https:\/\/sindromecharge.es\/index.php\/2024\/12\/18\/congreso-pide-por-unanimidad-un-estudio-sobre-los-habitantes-con-discapacidad-mundo-rural\/\" \/>\n<meta property=\"og:site_name\" content=\"Asociaci\u00f3n Espa\u00f1ola S\u00edndrome de Charge\" \/>\n<meta property=\"article:publisher\" content=\"https:\/\/www.facebook.com\/asociacionsindromecharge\" \/>\n<meta property=\"article:published_time\" content=\"2024-12-18T07:00:11+00:00\" \/>\n<meta property=\"og:image\" content=\"https:\/\/sindromecharge.es\/wp-content\/uploads\/2013\/09\/logodecharge300x98.png\" \/>\n\t<meta property=\"og:image:width\" content=\"300\" \/>\n\t<meta property=\"og:image:height\" content=\"98\" \/>\n\t<meta property=\"og:image:type\" content=\"image\/png\" \/>\n<meta name=\"author\" content=\"Charge\" \/>\n<meta name=\"twitter:card\" content=\"summary_large_image\" \/>\n<meta name=\"twitter:creator\" content=\"@sindromecharge\" \/>\n<meta name=\"twitter:site\" content=\"@sindromecharge\" \/>\n<meta name=\"twitter:label1\" content=\"Escrito por\" \/>\n\t<meta name=\"twitter:data1\" content=\"Charge\" \/>\n\t<meta name=\"twitter:label2\" content=\"Tiempo de lectura\" \/>\n\t<meta name=\"twitter:data2\" content=\"4 minutos\" \/>\n<script type=\"application\/ld+json\" class=\"yoast-schema-graph\">{\"@context\":\"https:\\\/\\\/schema.org\",\"@graph\":[{\"@type\":\"Article\",\"@id\":\"https:\\\/\\\/sindromecharge.es\\\/index.php\\\/2024\\\/12\\\/18\\\/congreso-pide-por-unanimidad-un-estudio-sobre-los-habitantes-con-discapacidad-mundo-rural\\\/#article\",\"isPartOf\":{\"@id\":\"https:\\\/\\\/sindromecharge.es\\\/index.php\\\/2024\\\/12\\\/18\\\/congreso-pide-por-unanimidad-un-estudio-sobre-los-habitantes-con-discapacidad-mundo-rural\\\/\"},\"author\":{\"name\":\"Charge\",\"@id\":\"https:\\\/\\\/sindromecharge.es\\\/#\\\/schema\\\/person\\\/39a60ebe0a2b4d5a11179701e336b039\"},\"headline\":\"El Congreso pide por unanimidad un estudio sobre los habitantes con discapacidad del mundo rural\",\"datePublished\":\"2024-12-18T07:00:11+00:00\",\"mainEntityOfPage\":{\"@id\":\"https:\\\/\\\/sindromecharge.es\\\/index.php\\\/2024\\\/12\\\/18\\\/congreso-pide-por-unanimidad-un-estudio-sobre-los-habitantes-con-discapacidad-mundo-rural\\\/\"},\"wordCount\":877,\"articleSection\":[\"noticias\"],\"inLanguage\":\"es\"},{\"@type\":\"WebPage\",\"@id\":\"https:\\\/\\\/sindromecharge.es\\\/index.php\\\/2024\\\/12\\\/18\\\/congreso-pide-por-unanimidad-un-estudio-sobre-los-habitantes-con-discapacidad-mundo-rural\\\/\",\"url\":\"https:\\\/\\\/sindromecharge.es\\\/index.php\\\/2024\\\/12\\\/18\\\/congreso-pide-por-unanimidad-un-estudio-sobre-los-habitantes-con-discapacidad-mundo-rural\\\/\",\"name\":\"El Congreso pide por unanimidad un estudio sobre los habitantes con discapacidad del mundo rural - Asociaci\u00f3n Espa\u00f1ola S\u00edndrome de Charge\",\"isPartOf\":{\"@id\":\"https:\\\/\\\/sindromecharge.es\\\/#website\"},\"datePublished\":\"2024-12-18T07:00:11+00:00\",\"author\":{\"@id\":\"https:\\\/\\\/sindromecharge.es\\\/#\\\/schema\\\/person\\\/39a60ebe0a2b4d5a11179701e336b039\"},\"breadcrumb\":{\"@id\":\"https:\\\/\\\/sindromecharge.es\\\/index.php\\\/2024\\\/12\\\/18\\\/congreso-pide-por-unanimidad-un-estudio-sobre-los-habitantes-con-discapacidad-mundo-rural\\\/#breadcrumb\"},\"inLanguage\":\"es\",\"potentialAction\":[{\"@type\":\"ReadAction\",\"target\":[\"https:\\\/\\\/sindromecharge.es\\\/index.php\\\/2024\\\/12\\\/18\\\/congreso-pide-por-unanimidad-un-estudio-sobre-los-habitantes-con-discapacidad-mundo-rural\\\/\"]}]},{\"@type\":\"BreadcrumbList\",\"@id\":\"https:\\\/\\\/sindromecharge.es\\\/index.php\\\/2024\\\/12\\\/18\\\/congreso-pide-por-unanimidad-un-estudio-sobre-los-habitantes-con-discapacidad-mundo-rural\\\/#breadcrumb\",\"itemListElement\":[{\"@type\":\"ListItem\",\"position\":1,\"name\":\"Portada\",\"item\":\"https:\\\/\\\/sindromecharge.es\\\/\"},{\"@type\":\"ListItem\",\"position\":2,\"name\":\"El Congreso pide por unanimidad un estudio sobre los habitantes con discapacidad del mundo rural\"}]},{\"@type\":\"WebSite\",\"@id\":\"https:\\\/\\\/sindromecharge.es\\\/#website\",\"url\":\"https:\\\/\\\/sindromecharge.es\\\/\",\"name\":\"Asociaci\u00f3n Espa\u00f1ola S\u00edndrome de Charge\",\"description\":\"\",\"potentialAction\":[{\"@type\":\"SearchAction\",\"target\":{\"@type\":\"EntryPoint\",\"urlTemplate\":\"https:\\\/\\\/sindromecharge.es\\\/?s={search_term_string}\"},\"query-input\":{\"@type\":\"PropertyValueSpecification\",\"valueRequired\":true,\"valueName\":\"search_term_string\"}}],\"inLanguage\":\"es\"},{\"@type\":\"Person\",\"@id\":\"https:\\\/\\\/sindromecharge.es\\\/#\\\/schema\\\/person\\\/39a60ebe0a2b4d5a11179701e336b039\",\"name\":\"Charge\",\"image\":{\"@type\":\"ImageObject\",\"inLanguage\":\"es\",\"@id\":\"https:\\\/\\\/secure.gravatar.com\\\/avatar\\\/c3b46e32a0fc3b093a0873fb767bf3293de856293065e84ef06b7ec7a8acfb98?s=96&d=identicon&r=x\",\"url\":\"https:\\\/\\\/secure.gravatar.com\\\/avatar\\\/c3b46e32a0fc3b093a0873fb767bf3293de856293065e84ef06b7ec7a8acfb98?s=96&d=identicon&r=x\",\"contentUrl\":\"https:\\\/\\\/secure.gravatar.com\\\/avatar\\\/c3b46e32a0fc3b093a0873fb767bf3293de856293065e84ef06b7ec7a8acfb98?s=96&d=identicon&r=x\",\"caption\":\"Charge\"},\"url\":\"https:\\\/\\\/sindromecharge.es\\\/index.php\\\/author\\\/admin\\\/\"}]}<\/script>\n<!-- \/ Yoast SEO plugin. -->","yoast_head_json":{"title":"El Congreso pide por unanimidad un estudio sobre los habitantes con discapacidad del mundo rural - Asociaci\u00f3n Espa\u00f1ola S\u00edndrome de Charge","robots":{"index":"index","follow":"follow","max-snippet":"max-snippet:-1","max-image-preview":"max-image-preview:large","max-video-preview":"max-video-preview:-1"},"canonical":"https:\/\/sindromecharge.es\/index.php\/2024\/12\/18\/congreso-pide-por-unanimidad-un-estudio-sobre-los-habitantes-con-discapacidad-mundo-rural\/","og_locale":"es_ES","og_type":"article","og_title":"El Congreso pide por unanimidad un estudio sobre los habitantes con discapacidad del mundo rural - Asociaci\u00f3n Espa\u00f1ola S\u00edndrome de Charge","og_description":"Aluden que \u00abla ruralidad act\u00faa como intensificador de las barreras que sufren las personas con discapacidad\u00bb.","og_url":"https:\/\/sindromecharge.es\/index.php\/2024\/12\/18\/congreso-pide-por-unanimidad-un-estudio-sobre-los-habitantes-con-discapacidad-mundo-rural\/","og_site_name":"Asociaci\u00f3n Espa\u00f1ola S\u00edndrome de Charge","article_publisher":"https:\/\/www.facebook.com\/asociacionsindromecharge","article_published_time":"2024-12-18T07:00:11+00:00","og_image":[{"width":300,"height":98,"url":"https:\/\/sindromecharge.es\/wp-content\/uploads\/2013\/09\/logodecharge300x98.png","type":"image\/png"}],"author":"Charge","twitter_card":"summary_large_image","twitter_creator":"@sindromecharge","twitter_site":"@sindromecharge","twitter_misc":{"Escrito por":"Charge","Tiempo de lectura":"4 minutos"},"schema":{"@context":"https:\/\/schema.org","@graph":[{"@type":"Article","@id":"https:\/\/sindromecharge.es\/index.php\/2024\/12\/18\/congreso-pide-por-unanimidad-un-estudio-sobre-los-habitantes-con-discapacidad-mundo-rural\/#article","isPartOf":{"@id":"https:\/\/sindromecharge.es\/index.php\/2024\/12\/18\/congreso-pide-por-unanimidad-un-estudio-sobre-los-habitantes-con-discapacidad-mundo-rural\/"},"author":{"name":"Charge","@id":"https:\/\/sindromecharge.es\/#\/schema\/person\/39a60ebe0a2b4d5a11179701e336b039"},"headline":"El Congreso pide por unanimidad un estudio sobre los habitantes con discapacidad del mundo rural","datePublished":"2024-12-18T07:00:11+00:00","mainEntityOfPage":{"@id":"https:\/\/sindromecharge.es\/index.php\/2024\/12\/18\/congreso-pide-por-unanimidad-un-estudio-sobre-los-habitantes-con-discapacidad-mundo-rural\/"},"wordCount":877,"articleSection":["noticias"],"inLanguage":"es"},{"@type":"WebPage","@id":"https:\/\/sindromecharge.es\/index.php\/2024\/12\/18\/congreso-pide-por-unanimidad-un-estudio-sobre-los-habitantes-con-discapacidad-mundo-rural\/","url":"https:\/\/sindromecharge.es\/index.php\/2024\/12\/18\/congreso-pide-por-unanimidad-un-estudio-sobre-los-habitantes-con-discapacidad-mundo-rural\/","name":"El Congreso pide por unanimidad un estudio sobre los habitantes con discapacidad del mundo rural - Asociaci\u00f3n Espa\u00f1ola S\u00edndrome de Charge","isPartOf":{"@id":"https:\/\/sindromecharge.es\/#website"},"datePublished":"2024-12-18T07:00:11+00:00","author":{"@id":"https:\/\/sindromecharge.es\/#\/schema\/person\/39a60ebe0a2b4d5a11179701e336b039"},"breadcrumb":{"@id":"https:\/\/sindromecharge.es\/index.php\/2024\/12\/18\/congreso-pide-por-unanimidad-un-estudio-sobre-los-habitantes-con-discapacidad-mundo-rural\/#breadcrumb"},"inLanguage":"es","potentialAction":[{"@type":"ReadAction","target":["https:\/\/sindromecharge.es\/index.php\/2024\/12\/18\/congreso-pide-por-unanimidad-un-estudio-sobre-los-habitantes-con-discapacidad-mundo-rural\/"]}]},{"@type":"BreadcrumbList","@id":"https:\/\/sindromecharge.es\/index.php\/2024\/12\/18\/congreso-pide-por-unanimidad-un-estudio-sobre-los-habitantes-con-discapacidad-mundo-rural\/#breadcrumb","itemListElement":[{"@type":"ListItem","position":1,"name":"Portada","item":"https:\/\/sindromecharge.es\/"},{"@type":"ListItem","position":2,"name":"El Congreso pide por unanimidad un estudio sobre los habitantes con discapacidad del mundo rural"}]},{"@type":"WebSite","@id":"https:\/\/sindromecharge.es\/#website","url":"https:\/\/sindromecharge.es\/","name":"Asociaci\u00f3n Espa\u00f1ola S\u00edndrome de Charge","description":"","potentialAction":[{"@type":"SearchAction","target":{"@type":"EntryPoint","urlTemplate":"https:\/\/sindromecharge.es\/?s={search_term_string}"},"query-input":{"@type":"PropertyValueSpecification","valueRequired":true,"valueName":"search_term_string"}}],"inLanguage":"es"},{"@type":"Person","@id":"https:\/\/sindromecharge.es\/#\/schema\/person\/39a60ebe0a2b4d5a11179701e336b039","name":"Charge","image":{"@type":"ImageObject","inLanguage":"es","@id":"https:\/\/secure.gravatar.com\/avatar\/c3b46e32a0fc3b093a0873fb767bf3293de856293065e84ef06b7ec7a8acfb98?s=96&d=identicon&r=x","url":"https:\/\/secure.gravatar.com\/avatar\/c3b46e32a0fc3b093a0873fb767bf3293de856293065e84ef06b7ec7a8acfb98?s=96&d=identicon&r=x","contentUrl":"https:\/\/secure.gravatar.com\/avatar\/c3b46e32a0fc3b093a0873fb767bf3293de856293065e84ef06b7ec7a8acfb98?s=96&d=identicon&r=x","caption":"Charge"},"url":"https:\/\/sindromecharge.es\/index.php\/author\/admin\/"}]}},"_links":{"self":[{"href":"https:\/\/sindromecharge.es\/index.php\/wp-json\/wp\/v2\/posts\/10670","targetHints":{"allow":["GET"]}}],"collection":[{"href":"https:\/\/sindromecharge.es\/index.php\/wp-json\/wp\/v2\/posts"}],"about":[{"href":"https:\/\/sindromecharge.es\/index.php\/wp-json\/wp\/v2\/types\/post"}],"author":[{"embeddable":true,"href":"https:\/\/sindromecharge.es\/index.php\/wp-json\/wp\/v2\/users\/1"}],"replies":[{"embeddable":true,"href":"https:\/\/sindromecharge.es\/index.php\/wp-json\/wp\/v2\/comments?post=10670"}],"version-history":[{"count":0,"href":"https:\/\/sindromecharge.es\/index.php\/wp-json\/wp\/v2\/posts\/10670\/revisions"}],"wp:attachment":[{"href":"https:\/\/sindromecharge.es\/index.php\/wp-json\/wp\/v2\/media?parent=10670"}],"wp:term":[{"taxonomy":"category","embeddable":true,"href":"https:\/\/sindromecharge.es\/index.php\/wp-json\/wp\/v2\/categories?post=10670"},{"taxonomy":"post_tag","embeddable":true,"href":"https:\/\/sindromecharge.es\/index.php\/wp-json\/wp\/v2\/tags?post=10670"}],"curies":[{"name":"wp","href":"https:\/\/api.w.org\/{rel}","templated":true}]}}