{"id":10666,"date":"2024-12-17T06:18:26","date_gmt":"2024-12-17T06:18:26","guid":{"rendered":"https:\/\/sindromecharge.es\/index.php\/2024\/12\/17\/disfrutar-las-navidades-familia-consejos-para-hijos-con-necesidades-especiales\/"},"modified":"2024-12-17T06:18:26","modified_gmt":"2024-12-17T06:18:26","slug":"disfrutar-las-navidades-familia-consejos-para-hijos-con-necesidades-especiales","status":"publish","type":"post","link":"https:\/\/sindromecharge.es\/index.php\/2024\/12\/17\/disfrutar-las-navidades-familia-consejos-para-hijos-con-necesidades-especiales\/","title":{"rendered":"Disfrutar de las Navidades en familia: consejos para hijos con necesidades especiales"},"content":{"rendered":"<p>Leemos en Discapacidad la siguiente noticia que os reproducimos de forma \u00edntegra: <\/p>\n<div>\n<p>La <a href=\"https:\/\/www.20minutos.es\/minuteca\/navidad\/\" title=\"Navidad\">Navidad <\/a>es una \u00e9poca de alegr\u00eda, reuniones y celebraciones, pero para las familias con hijos que tienen necesidades especiales, como trastornos del neurodesarrollo, <b>TEA, TDA o TDAH<\/b>, estas fechas pueden traer consigo desaf\u00edos \u00fanicos. Las luces brillantes, los ruidos, las multitudes y los cambios en las rutinas pueden ser especialmente complicados para los ni\u00f1os con estas condiciones. Sin embargo, con la <b>planificaci\u00f3n adecuada<\/b> y estrategias espec\u00edficas, estas fiestas pueden convertirse en una experiencia positiva para toda la familia.<\/p>\n<p>Desde la <a href=\"https:\/\/www.20minutos.es\/minuteca\/fundacion-querer\/\" title=\"Fundaci\u00f3n Querer\">Fundaci\u00f3n Querer<\/a>, instituci\u00f3n dedicada a la atenci\u00f3n integral de ni\u00f1os con <b>necesidades educativas especiales<\/b>, los terapeutas ofrecen una serie de recomendaciones pr\u00e1cticas para estas fechas.<\/p>\n<h2>Anticipar los cambios en la rutina<br \/><\/h2>\n<p>\u00abLos ni\u00f1os con <b>trastornos del neurodesarrollo<\/b> suelen sentirse m\u00e1s c\u00f3modos cuando tienen previsibilidad en su d\u00eda a d\u00eda\u00bb, explican los terapeutas ocupacionales de la <a href=\"https:\/\/www.20minutos.es\/minuteca\/fundacion-querer\/\" title=\"Fundaci\u00f3n Querer\">Fundaci\u00f3n Querer<\/a>. \u00abAntes de las celebraciones, es \u00fatil hablar con ellos sobre lo que va a ocurrir. Por ejemplo, podemos <b>mostrarles im\u00e1genes del lugar donde ser\u00e1 la reuni\u00f3n<\/b>, qui\u00e9nes estar\u00e1n presentes y qu\u00e9 actividades se realizar\u00e1n\u00bb. Un calendario visual o una historia social que describa el d\u00eda puede ser una herramienta valiosa para preparar a los m\u00e1s peque\u00f1os y reducir la <a href=\"https:\/\/www.20minutos.es\/minuteca\/ansiedad\/\" title=\"Ansiedad\">ansiedad<\/a>.<\/p>\n<h2>Adaptar los entornos<br \/><\/h2>\n<p>Para los ni\u00f1os con Trastorno del Espectro Autista (<b>TEA<\/b>) o hipersensibilidad sensorial, los est\u00edmulos navide\u00f1os pueden resultar abrumadores. \u00abLas <b>luces intermitentes, los ruidos fuertes<\/b> y las aglomeraciones pueden causar estr\u00e9s. Es fundamental adaptar los entornos, creando espacios tranquilos donde el ni\u00f1o pueda retirarse si lo necesita\u00bb, comenta el equipo de <b>neuropsicolog\u00eda <\/b>de la <a href=\"https:\/\/www.20minutos.es\/minuteca\/fundacion-querer\/\" title=\"Fundaci\u00f3n Querer\">Fundaci\u00f3n Querer<\/a>. Recomiendan, adem\u00e1s, planificar <b>momentos de descanso durante las celebraciones<\/b> y, si es necesario, llevar auriculares con cancelaci\u00f3n de ruido o juguetes sensoriales para ayudar al ni\u00f1o a gestionar su estr\u00e9s.<\/p>\n<h2>Mantener rutinas esenciales<br \/><\/h2>\n<p>Aunque la <a href=\"https:\/\/www.20minutos.es\/minuteca\/navidad\/\" title=\"Navidad\">Navidad <\/a>trae consigo horarios flexibles, mantener ciertas rutinas como las <b>horas de comida y sue\u00f1o<\/b> puede marcar la diferencia.  \u00abLas alteraciones en el sue\u00f1o y la alimentaci\u00f3n <b>pueden intensificar la irritabilidad<\/b> o el malestar en estos ni\u00f1os. Respetar estas rutinas aporta estabilidad y tranquilidad\u00bb. As\u00ed lo recoge esta gu\u00eda de recomendaciones elaborada por la <a href=\"https:\/\/www.20minutos.es\/minuteca\/fundacion-querer\/\" title=\"Fundaci\u00f3n Querer\">Fundaci\u00f3n Querer<\/a>.<\/p>\n<h2>Simplificar las celebraciones<br \/><\/h2>\n<p>No es necesario asistir a todos los eventos o cumplir con cada tradici\u00f3n. \u00abEs importante <b>priorizar la calidad sobre la cantidad<\/b>. A veces, una reuni\u00f3n m\u00e1s \u00edntima en casa puede ser <b>m\u00e1s beneficiosa<\/b> que una gran fiesta con decenas de personas\u00bb.<\/p>\n<h2>Involucrar al ni\u00f1o en las actividades navide\u00f1as<br \/><\/h2>\n<p>Hacer que el ni\u00f1o participe en la <b>preparaci\u00f3n navide\u00f1a<\/b> puede ayudarle a sentirse m\u00e1s incluido y a comprender mejor lo que sucede. \u00abDecorar el \u00e1rbol, envolver regalos o ayudar en la cocina son actividades que se pueden <b>adaptar seg\u00fan las capacidades del ni\u00f1o<\/b>\u00ab. La clave, seg\u00fan los expertos, es <b>adaptar las expectativas<\/b> y enfocarse en disfrutar del tiempo en familia, dejando de lado las presiones externas.<\/p>\n<h2>Establecer l\u00edmites y ense\u00f1ar a decir \u201cno\u201d<\/h2>\n<p>\u00abLas reuniones familiares a menudo vienen acompa\u00f1adas de abrazos, besos y contacto f\u00edsico que no todos los ni\u00f1os est\u00e1n dispuestos a aceptar. Es fundamental <b>respetar los l\u00edmites del ni\u00f1o y educar a la familia sobre la importancia de no forzarlos<\/b>\u00ab. Esto no solo respeta las necesidades del ni\u00f1o, sino que tambi\u00e9n promueve su bienestar emocional y autonom\u00eda.<\/p>\n<h2>Facilitar la gesti\u00f3n emocional<br \/><\/h2>\n<p>La <b>sobreestimulaci\u00f3n <\/b>durante las fiestas puede derivar en rabietas o crisis emocionales. \u00abEn esos momentos, lo importante es acompa\u00f1ar al ni\u00f1o, validar su emoci\u00f3n y darle el tiempo necesario para calmarse\u00bb. Los padres pueden preparar una \u201c<b>caja de calma<\/b>\u201d con objetos favoritos del ni\u00f1o que le ayuden a autorregularse.<\/p>\n<h2>Fomentar la comprensi\u00f3n familiar<br \/><\/h2>\n<p>La <a href=\"https:\/\/www.20minutos.es\/minuteca\/navidad\/\" title=\"Navidad\">Navidad <\/a>tambi\u00e9n puede ser una oportunidad para que el resto de la familia aprenda m\u00e1s sobre las <b>necesidades espec\u00edficas del ni\u00f1o<\/b>. \u00abExplicarles qu\u00e9 comportamientos pueden surgir y c\u00f3mo manejarlos fomenta la empat\u00eda y la inclusi\u00f3n\u00bb.<\/p>\n<h2>Un mensaje de esperanza para las familias<br \/><\/h2>\n<p>Los profesionales de la <a href=\"https:\/\/www.20minutos.es\/minuteca\/fundacion-querer\/\" title=\"Fundaci\u00f3n Querer\">Fundaci\u00f3n Querer<\/a> animan a las familias a disfrutar de estas fiestas con flexibilidad y amor. \u00abLa <a href=\"https:\/\/www.20minutos.es\/minuteca\/navidad\/\" title=\"Navidad\">Navidad <\/a><b>no tiene que ser perfecta<\/b>; lo m\u00e1s importante es <b>crear momentos significativos<\/b> y compartir en familia, respetando las necesidades de todos\u00bb, concluye esta gu\u00eda de recomendaciones.<\/p>\n<p>Las Navidades pueden ser desafiantes, pero tambi\u00e9n <b>representan una oportunidad para fomentar la conexi\u00f3n, la comprensi\u00f3n y la felicidad<\/b> en el n\u00facleo familiar. Con una planificaci\u00f3n adecuada y el apoyo necesario, estas fiestas pueden convertirse en recuerdos valiosos para todos, especialmente para los ni\u00f1os con necesidades especiales.<\/p>\n<\/div>\n<p>Fuente: Discapacidad https:\/\/www.20minutos.es\/noticia\/5664306\/0\/disfrutar-las-navidades-familia-consejos-para-hijos-con-necesidades-especiales\/<\/p>\n","protected":false},"excerpt":{"rendered":"<p>La Navidad es una \u00e9poca de alegr\u00eda, reuniones y celebraciones, pero para las familias con hijos que tienen necesidades especiales, como trastornos del neurodesarrollo,&#8230;<\/p>\n","protected":false},"author":1,"featured_media":0,"comment_status":"closed","ping_status":"closed","sticky":false,"template":"","format":"standard","meta":{"footnotes":""},"categories":[8],"tags":[],"class_list":["post-10666","post","type-post","status-publish","format-standard","hentry","category-noticias"],"yoast_head":"<!-- This site is optimized with the Yoast SEO plugin v27.5 - https:\/\/yoast.com\/product\/yoast-seo-wordpress\/ -->\n<title>Disfrutar de las Navidades en familia: consejos para hijos con necesidades especiales - Asociaci\u00f3n Espa\u00f1ola S\u00edndrome de Charge<\/title>\n<meta name=\"robots\" content=\"index, follow, max-snippet:-1, max-image-preview:large, max-video-preview:-1\" \/>\n<link rel=\"canonical\" href=\"https:\/\/sindromecharge.es\/index.php\/2024\/12\/17\/disfrutar-las-navidades-familia-consejos-para-hijos-con-necesidades-especiales\/\" \/>\n<meta property=\"og:locale\" content=\"es_ES\" \/>\n<meta property=\"og:type\" content=\"article\" \/>\n<meta property=\"og:title\" content=\"Disfrutar de las Navidades en familia: consejos para hijos con necesidades especiales - Asociaci\u00f3n Espa\u00f1ola S\u00edndrome de Charge\" \/>\n<meta property=\"og:description\" content=\"La Navidad es una \u00e9poca de alegr\u00eda, reuniones y celebraciones, pero para las familias con hijos que tienen necesidades especiales, como trastornos del neurodesarrollo,&#8230;\" \/>\n<meta property=\"og:url\" content=\"https:\/\/sindromecharge.es\/index.php\/2024\/12\/17\/disfrutar-las-navidades-familia-consejos-para-hijos-con-necesidades-especiales\/\" \/>\n<meta property=\"og:site_name\" content=\"Asociaci\u00f3n Espa\u00f1ola S\u00edndrome de Charge\" \/>\n<meta property=\"article:publisher\" content=\"https:\/\/www.facebook.com\/asociacionsindromecharge\" \/>\n<meta property=\"article:published_time\" content=\"2024-12-17T06:18:26+00:00\" \/>\n<meta property=\"og:image\" content=\"https:\/\/sindromecharge.es\/wp-content\/uploads\/2013\/09\/logodecharge300x98.png\" \/>\n\t<meta property=\"og:image:width\" content=\"300\" \/>\n\t<meta property=\"og:image:height\" content=\"98\" \/>\n\t<meta property=\"og:image:type\" content=\"image\/png\" \/>\n<meta name=\"author\" content=\"Charge\" \/>\n<meta name=\"twitter:card\" content=\"summary_large_image\" \/>\n<meta name=\"twitter:creator\" content=\"@sindromecharge\" \/>\n<meta name=\"twitter:site\" content=\"@sindromecharge\" \/>\n<meta name=\"twitter:label1\" content=\"Escrito por\" \/>\n\t<meta name=\"twitter:data1\" content=\"Charge\" \/>\n\t<meta name=\"twitter:label2\" content=\"Tiempo de lectura\" \/>\n\t<meta name=\"twitter:data2\" content=\"4 minutos\" \/>\n<script type=\"application\/ld+json\" class=\"yoast-schema-graph\">{\"@context\":\"https:\\\/\\\/schema.org\",\"@graph\":[{\"@type\":\"Article\",\"@id\":\"https:\\\/\\\/sindromecharge.es\\\/index.php\\\/2024\\\/12\\\/17\\\/disfrutar-las-navidades-familia-consejos-para-hijos-con-necesidades-especiales\\\/#article\",\"isPartOf\":{\"@id\":\"https:\\\/\\\/sindromecharge.es\\\/index.php\\\/2024\\\/12\\\/17\\\/disfrutar-las-navidades-familia-consejos-para-hijos-con-necesidades-especiales\\\/\"},\"author\":{\"name\":\"Charge\",\"@id\":\"https:\\\/\\\/sindromecharge.es\\\/#\\\/schema\\\/person\\\/39a60ebe0a2b4d5a11179701e336b039\"},\"headline\":\"Disfrutar de las Navidades en familia: consejos para hijos con necesidades especiales\",\"datePublished\":\"2024-12-17T06:18:26+00:00\",\"mainEntityOfPage\":{\"@id\":\"https:\\\/\\\/sindromecharge.es\\\/index.php\\\/2024\\\/12\\\/17\\\/disfrutar-las-navidades-familia-consejos-para-hijos-con-necesidades-especiales\\\/\"},\"wordCount\":842,\"articleSection\":[\"noticias\"],\"inLanguage\":\"es\"},{\"@type\":\"WebPage\",\"@id\":\"https:\\\/\\\/sindromecharge.es\\\/index.php\\\/2024\\\/12\\\/17\\\/disfrutar-las-navidades-familia-consejos-para-hijos-con-necesidades-especiales\\\/\",\"url\":\"https:\\\/\\\/sindromecharge.es\\\/index.php\\\/2024\\\/12\\\/17\\\/disfrutar-las-navidades-familia-consejos-para-hijos-con-necesidades-especiales\\\/\",\"name\":\"Disfrutar de las Navidades en familia: consejos para hijos con necesidades especiales - Asociaci\u00f3n Espa\u00f1ola S\u00edndrome de Charge\",\"isPartOf\":{\"@id\":\"https:\\\/\\\/sindromecharge.es\\\/#website\"},\"datePublished\":\"2024-12-17T06:18:26+00:00\",\"author\":{\"@id\":\"https:\\\/\\\/sindromecharge.es\\\/#\\\/schema\\\/person\\\/39a60ebe0a2b4d5a11179701e336b039\"},\"breadcrumb\":{\"@id\":\"https:\\\/\\\/sindromecharge.es\\\/index.php\\\/2024\\\/12\\\/17\\\/disfrutar-las-navidades-familia-consejos-para-hijos-con-necesidades-especiales\\\/#breadcrumb\"},\"inLanguage\":\"es\",\"potentialAction\":[{\"@type\":\"ReadAction\",\"target\":[\"https:\\\/\\\/sindromecharge.es\\\/index.php\\\/2024\\\/12\\\/17\\\/disfrutar-las-navidades-familia-consejos-para-hijos-con-necesidades-especiales\\\/\"]}]},{\"@type\":\"BreadcrumbList\",\"@id\":\"https:\\\/\\\/sindromecharge.es\\\/index.php\\\/2024\\\/12\\\/17\\\/disfrutar-las-navidades-familia-consejos-para-hijos-con-necesidades-especiales\\\/#breadcrumb\",\"itemListElement\":[{\"@type\":\"ListItem\",\"position\":1,\"name\":\"Portada\",\"item\":\"https:\\\/\\\/sindromecharge.es\\\/\"},{\"@type\":\"ListItem\",\"position\":2,\"name\":\"Disfrutar de las Navidades en familia: consejos para hijos con necesidades especiales\"}]},{\"@type\":\"WebSite\",\"@id\":\"https:\\\/\\\/sindromecharge.es\\\/#website\",\"url\":\"https:\\\/\\\/sindromecharge.es\\\/\",\"name\":\"Asociaci\u00f3n Espa\u00f1ola S\u00edndrome de Charge\",\"description\":\"\",\"potentialAction\":[{\"@type\":\"SearchAction\",\"target\":{\"@type\":\"EntryPoint\",\"urlTemplate\":\"https:\\\/\\\/sindromecharge.es\\\/?s={search_term_string}\"},\"query-input\":{\"@type\":\"PropertyValueSpecification\",\"valueRequired\":true,\"valueName\":\"search_term_string\"}}],\"inLanguage\":\"es\"},{\"@type\":\"Person\",\"@id\":\"https:\\\/\\\/sindromecharge.es\\\/#\\\/schema\\\/person\\\/39a60ebe0a2b4d5a11179701e336b039\",\"name\":\"Charge\",\"image\":{\"@type\":\"ImageObject\",\"inLanguage\":\"es\",\"@id\":\"https:\\\/\\\/secure.gravatar.com\\\/avatar\\\/c3b46e32a0fc3b093a0873fb767bf3293de856293065e84ef06b7ec7a8acfb98?s=96&d=identicon&r=x\",\"url\":\"https:\\\/\\\/secure.gravatar.com\\\/avatar\\\/c3b46e32a0fc3b093a0873fb767bf3293de856293065e84ef06b7ec7a8acfb98?s=96&d=identicon&r=x\",\"contentUrl\":\"https:\\\/\\\/secure.gravatar.com\\\/avatar\\\/c3b46e32a0fc3b093a0873fb767bf3293de856293065e84ef06b7ec7a8acfb98?s=96&d=identicon&r=x\",\"caption\":\"Charge\"},\"url\":\"https:\\\/\\\/sindromecharge.es\\\/index.php\\\/author\\\/admin\\\/\"}]}<\/script>\n<!-- \/ Yoast SEO plugin. -->","yoast_head_json":{"title":"Disfrutar de las Navidades en familia: consejos para hijos con necesidades especiales - Asociaci\u00f3n Espa\u00f1ola S\u00edndrome de Charge","robots":{"index":"index","follow":"follow","max-snippet":"max-snippet:-1","max-image-preview":"max-image-preview:large","max-video-preview":"max-video-preview:-1"},"canonical":"https:\/\/sindromecharge.es\/index.php\/2024\/12\/17\/disfrutar-las-navidades-familia-consejos-para-hijos-con-necesidades-especiales\/","og_locale":"es_ES","og_type":"article","og_title":"Disfrutar de las Navidades en familia: consejos para hijos con necesidades especiales - Asociaci\u00f3n Espa\u00f1ola S\u00edndrome de Charge","og_description":"La Navidad es una \u00e9poca de alegr\u00eda, reuniones y celebraciones, pero para las familias con hijos que tienen necesidades especiales, como trastornos del neurodesarrollo,&#8230;","og_url":"https:\/\/sindromecharge.es\/index.php\/2024\/12\/17\/disfrutar-las-navidades-familia-consejos-para-hijos-con-necesidades-especiales\/","og_site_name":"Asociaci\u00f3n Espa\u00f1ola S\u00edndrome de Charge","article_publisher":"https:\/\/www.facebook.com\/asociacionsindromecharge","article_published_time":"2024-12-17T06:18:26+00:00","og_image":[{"width":300,"height":98,"url":"https:\/\/sindromecharge.es\/wp-content\/uploads\/2013\/09\/logodecharge300x98.png","type":"image\/png"}],"author":"Charge","twitter_card":"summary_large_image","twitter_creator":"@sindromecharge","twitter_site":"@sindromecharge","twitter_misc":{"Escrito por":"Charge","Tiempo de lectura":"4 minutos"},"schema":{"@context":"https:\/\/schema.org","@graph":[{"@type":"Article","@id":"https:\/\/sindromecharge.es\/index.php\/2024\/12\/17\/disfrutar-las-navidades-familia-consejos-para-hijos-con-necesidades-especiales\/#article","isPartOf":{"@id":"https:\/\/sindromecharge.es\/index.php\/2024\/12\/17\/disfrutar-las-navidades-familia-consejos-para-hijos-con-necesidades-especiales\/"},"author":{"name":"Charge","@id":"https:\/\/sindromecharge.es\/#\/schema\/person\/39a60ebe0a2b4d5a11179701e336b039"},"headline":"Disfrutar de las Navidades en familia: consejos para hijos con necesidades especiales","datePublished":"2024-12-17T06:18:26+00:00","mainEntityOfPage":{"@id":"https:\/\/sindromecharge.es\/index.php\/2024\/12\/17\/disfrutar-las-navidades-familia-consejos-para-hijos-con-necesidades-especiales\/"},"wordCount":842,"articleSection":["noticias"],"inLanguage":"es"},{"@type":"WebPage","@id":"https:\/\/sindromecharge.es\/index.php\/2024\/12\/17\/disfrutar-las-navidades-familia-consejos-para-hijos-con-necesidades-especiales\/","url":"https:\/\/sindromecharge.es\/index.php\/2024\/12\/17\/disfrutar-las-navidades-familia-consejos-para-hijos-con-necesidades-especiales\/","name":"Disfrutar de las Navidades en familia: consejos para hijos con necesidades especiales - Asociaci\u00f3n Espa\u00f1ola S\u00edndrome de Charge","isPartOf":{"@id":"https:\/\/sindromecharge.es\/#website"},"datePublished":"2024-12-17T06:18:26+00:00","author":{"@id":"https:\/\/sindromecharge.es\/#\/schema\/person\/39a60ebe0a2b4d5a11179701e336b039"},"breadcrumb":{"@id":"https:\/\/sindromecharge.es\/index.php\/2024\/12\/17\/disfrutar-las-navidades-familia-consejos-para-hijos-con-necesidades-especiales\/#breadcrumb"},"inLanguage":"es","potentialAction":[{"@type":"ReadAction","target":["https:\/\/sindromecharge.es\/index.php\/2024\/12\/17\/disfrutar-las-navidades-familia-consejos-para-hijos-con-necesidades-especiales\/"]}]},{"@type":"BreadcrumbList","@id":"https:\/\/sindromecharge.es\/index.php\/2024\/12\/17\/disfrutar-las-navidades-familia-consejos-para-hijos-con-necesidades-especiales\/#breadcrumb","itemListElement":[{"@type":"ListItem","position":1,"name":"Portada","item":"https:\/\/sindromecharge.es\/"},{"@type":"ListItem","position":2,"name":"Disfrutar de las Navidades en familia: consejos para hijos con necesidades especiales"}]},{"@type":"WebSite","@id":"https:\/\/sindromecharge.es\/#website","url":"https:\/\/sindromecharge.es\/","name":"Asociaci\u00f3n Espa\u00f1ola S\u00edndrome de Charge","description":"","potentialAction":[{"@type":"SearchAction","target":{"@type":"EntryPoint","urlTemplate":"https:\/\/sindromecharge.es\/?s={search_term_string}"},"query-input":{"@type":"PropertyValueSpecification","valueRequired":true,"valueName":"search_term_string"}}],"inLanguage":"es"},{"@type":"Person","@id":"https:\/\/sindromecharge.es\/#\/schema\/person\/39a60ebe0a2b4d5a11179701e336b039","name":"Charge","image":{"@type":"ImageObject","inLanguage":"es","@id":"https:\/\/secure.gravatar.com\/avatar\/c3b46e32a0fc3b093a0873fb767bf3293de856293065e84ef06b7ec7a8acfb98?s=96&d=identicon&r=x","url":"https:\/\/secure.gravatar.com\/avatar\/c3b46e32a0fc3b093a0873fb767bf3293de856293065e84ef06b7ec7a8acfb98?s=96&d=identicon&r=x","contentUrl":"https:\/\/secure.gravatar.com\/avatar\/c3b46e32a0fc3b093a0873fb767bf3293de856293065e84ef06b7ec7a8acfb98?s=96&d=identicon&r=x","caption":"Charge"},"url":"https:\/\/sindromecharge.es\/index.php\/author\/admin\/"}]}},"_links":{"self":[{"href":"https:\/\/sindromecharge.es\/index.php\/wp-json\/wp\/v2\/posts\/10666","targetHints":{"allow":["GET"]}}],"collection":[{"href":"https:\/\/sindromecharge.es\/index.php\/wp-json\/wp\/v2\/posts"}],"about":[{"href":"https:\/\/sindromecharge.es\/index.php\/wp-json\/wp\/v2\/types\/post"}],"author":[{"embeddable":true,"href":"https:\/\/sindromecharge.es\/index.php\/wp-json\/wp\/v2\/users\/1"}],"replies":[{"embeddable":true,"href":"https:\/\/sindromecharge.es\/index.php\/wp-json\/wp\/v2\/comments?post=10666"}],"version-history":[{"count":0,"href":"https:\/\/sindromecharge.es\/index.php\/wp-json\/wp\/v2\/posts\/10666\/revisions"}],"wp:attachment":[{"href":"https:\/\/sindromecharge.es\/index.php\/wp-json\/wp\/v2\/media?parent=10666"}],"wp:term":[{"taxonomy":"category","embeddable":true,"href":"https:\/\/sindromecharge.es\/index.php\/wp-json\/wp\/v2\/categories?post=10666"},{"taxonomy":"post_tag","embeddable":true,"href":"https:\/\/sindromecharge.es\/index.php\/wp-json\/wp\/v2\/tags?post=10666"}],"curies":[{"name":"wp","href":"https:\/\/api.w.org\/{rel}","templated":true}]}}