{"id":10664,"date":"2024-12-16T07:39:48","date_gmt":"2024-12-16T07:39:48","guid":{"rendered":"https:\/\/sindromecharge.es\/index.php\/2024\/12\/16\/fundacion-once-advierte-no-estamos-siendo-capaces-reducir-brecha-las-personas-con-discapacidad-mercado-laboral\/"},"modified":"2024-12-16T07:39:48","modified_gmt":"2024-12-16T07:39:48","slug":"fundacion-once-advierte-no-estamos-siendo-capaces-reducir-brecha-las-personas-con-discapacidad-mercado-laboral","status":"publish","type":"post","link":"https:\/\/sindromecharge.es\/index.php\/2024\/12\/16\/fundacion-once-advierte-no-estamos-siendo-capaces-reducir-brecha-las-personas-con-discapacidad-mercado-laboral\/","title":{"rendered":"Luis Enrique Qu\u00edfez, Fundaci\u00f3n ONCE: \u00abNo estamos siendo capaces de reducir la brecha laboral de las personas con discapacidad\u00bb"},"content":{"rendered":"<p>Leemos en Discapacidad la siguiente noticia que os reproducimos de forma \u00edntegra: <\/p>\n<div>\n<p>El coordinador de  Odismet y de Datos de <a href=\"https:\/\/www.20minutos.es\/minuteca\/fundacion-once\/\" title=\"Fundaci\u00f3n Once\">Fundaci\u00f3n ONCE<\/a>, Luis Enrique Qu\u00edfez, valor\u00f3 positivamente este domingo  el aumento de la ocupaci\u00f3n y la reducci\u00f3n del paro entre las personas con <a href=\"https:\/\/www.20minutos.es\/minuteca\/discapacidad\/\" title=\"Discapacidad\">discapacidad<\/a> en 2023, aunque advirti\u00f3 de que \u201c<b>no estamos siendo capaces de reducir la brecha<\/b> de las personas con discapacidad en el mercado laboral en comparaci\u00f3n con la poblaci\u00f3n sin discapacidad\u201d.<\/p>\n<p>\u201cEs verdad que los datos mejoran, pero no podemos obviar la enorme diferencia que sigue existiendo entre las personas con y sin discapacidad\u201d, declar\u00f3 Qu\u00edfez tras la publicaci\u00f3n, por parte del <a href=\"https:\/\/www.20minutos.es\/minuteca\/ine\/\" title=\"INE\">Instituto Nacional de Estad\u00edstica (INE)<\/a>, de <b>la estad\u00edstica \u2018El empleo de las personas con discapacidad 2023\u2019.<\/b><\/p>\n<p>El n\u00famero de ocupados con discapacidad <b>ascendi\u00f3 en 2023 en 17.000, lo que supone un repunte del 3,16%, hasta situarse en 554.500 personas<\/b>, mientras que el total de parados descendi\u00f3 en 11.700 (-7,92%), hasta los 136.100 desempleados con discapacidad, con la tasa de paro descendiendo a su m\u00ednimo hist\u00f3rico, por debajo del 20%.<\/p>\n<p><b>La tasa de empleo escal\u00f3 hasta el 28,5%<\/b>, 0,8 puntos m\u00e1s que en 2022, de modo que se encadenan ya cinco a\u00f1os al alza, pues en el \u00faltimo ejercicio en el que este indicador retrocedi\u00f3 fue 2018, de acuerdo con los datos del INE recogidos por Servimedia. <b>Pero para las personas sin discapacidad esta tasa es del 69%.<\/b><\/p>\n<p>En paralelo, <b>la tasa de actividad se coloc\u00f3 en el 35,5%<\/b>, 0,2 puntos m\u00e1s que en el ejercicio 2022, sumando ya cuatro a\u00f1os consecutivos de repuntes. No obstante, la subida de 2023 e<b>s inferior a la de los a\u00f1os anteriores<\/b>, puesto que en 2022 creci\u00f3 en 0,7 puntos y en 0,3 tanto en 2021 como en 2020. En este caso, la distancia con las personas sin discapacidad es todav\u00eda mayor, pues en su caso el dato es del 78,5%.<\/p>\n<p>De su lado, <b>la tasa de paro de las personas con discapacidad fue del 19,7%,<\/b> el m\u00ednimo de la serie hist\u00f3rica. La bajada fue de 1,9 puntos con respecto a 2022, ocho d\u00e9cimas m\u00e1s que la ca\u00edda del a\u00f1o anterior (-1,1 puntos). En este caso, se acumulan dos a\u00f1os de mejoras, pues la tasa de paro creci\u00f3 en 2021 en tres d\u00e9cimas. Cabe destacar que menor es la brecha en este caso, porque la tasa de desempleo de las personas con discapacidad fue del 12%.<\/p>\n<p>\u201cEn general, <b>vemos pocos cambios significativos en 2023<\/b>; ya lo ve\u00edamos venir por los datos de contrataci\u00f3n, que descendieron un 13% y no pod\u00edamos esperar mucha mejora\u201d, declar\u00f3 Qu\u00edfez.<\/p>\n<p>Adem\u00e1s, lament\u00f3 que en los 10 a\u00f1os de existencia de Odismet como observatorio de referencia para el empleo de las personas con discapacidad <b>nunca se ha logrado reducir la diferencia en la tasa de actividad por debajo de los 40 puntos<\/b>. \u201cNo estamos siendo capaces de estrechar esas diferencias significativamente\u201d, asever\u00f3 este experto.<\/p>\n<p>Por su parte, el presidente del Comit\u00e9 Espa\u00f1ol de Representantes de Personas con Discapacidad (Cermi), Luis Cayo P\u00e9rez Bueno, <b>salud\u00f3 la mejora de las cifras de empleo y reducci\u00f3n de paro <\/b>de las personas con discapacidad, aunque aclar\u00f3 que se trata todav\u00eda de una \u201ctendencia limitada en intensidad\u201d.<\/p>\n<p>En este sentido, indic\u00f3 que <b>esta \u201cbuena tendencia del mercado de trabajo tiene que ser ayudada\u201d<\/b> con el despliegue de un nuevo marco legal del mercado laboral para las personas con discapacidad, as\u00ed como la aplicaci\u00f3n de las medidas del Libro Blanco sobre esta materia.<\/p>\n<\/div>\n<p>Fuente: Discapacidad https:\/\/www.20minutos.es\/noticia\/5664216\/0\/fundacion-once-advierte-no-estamos-siendo-capaces-reducir-brecha-las-personas-con-discapacidad-mercado-laboral\/<\/p>\n","protected":false},"excerpt":{"rendered":"<p>\u00abEs verdad que los datos mejoran, pero no podemos obviar la enorme diferencia que sigue existiendo entre las personas con y sin discapacidad\u201d.<\/p>\n","protected":false},"author":1,"featured_media":0,"comment_status":"closed","ping_status":"closed","sticky":false,"template":"","format":"standard","meta":{"footnotes":""},"categories":[8],"tags":[],"class_list":["post-10664","post","type-post","status-publish","format-standard","hentry","category-noticias"],"yoast_head":"<!-- This site is optimized with the Yoast SEO plugin v27.5 - https:\/\/yoast.com\/product\/yoast-seo-wordpress\/ -->\n<title>Luis Enrique Qu\u00edfez, Fundaci\u00f3n ONCE: &quot;No estamos siendo capaces de reducir la brecha laboral de las personas con discapacidad&quot; - Asociaci\u00f3n Espa\u00f1ola S\u00edndrome de Charge<\/title>\n<meta name=\"robots\" content=\"index, follow, max-snippet:-1, max-image-preview:large, max-video-preview:-1\" \/>\n<link rel=\"canonical\" href=\"https:\/\/sindromecharge.es\/index.php\/2024\/12\/16\/fundacion-once-advierte-no-estamos-siendo-capaces-reducir-brecha-las-personas-con-discapacidad-mercado-laboral\/\" \/>\n<meta property=\"og:locale\" content=\"es_ES\" \/>\n<meta property=\"og:type\" content=\"article\" \/>\n<meta property=\"og:title\" content=\"Luis Enrique Qu\u00edfez, Fundaci\u00f3n ONCE: &quot;No estamos siendo capaces de reducir la brecha laboral de las personas con discapacidad&quot; - Asociaci\u00f3n Espa\u00f1ola S\u00edndrome de Charge\" \/>\n<meta property=\"og:description\" content=\"\u00abEs verdad que los datos mejoran, pero no podemos obviar la enorme diferencia que sigue existiendo entre las personas con y sin discapacidad\u201d.\" \/>\n<meta property=\"og:url\" content=\"https:\/\/sindromecharge.es\/index.php\/2024\/12\/16\/fundacion-once-advierte-no-estamos-siendo-capaces-reducir-brecha-las-personas-con-discapacidad-mercado-laboral\/\" \/>\n<meta property=\"og:site_name\" content=\"Asociaci\u00f3n Espa\u00f1ola S\u00edndrome de Charge\" \/>\n<meta property=\"article:publisher\" content=\"https:\/\/www.facebook.com\/asociacionsindromecharge\" \/>\n<meta property=\"article:published_time\" content=\"2024-12-16T07:39:48+00:00\" \/>\n<meta property=\"og:image\" content=\"https:\/\/sindromecharge.es\/wp-content\/uploads\/2013\/09\/logodecharge300x98.png\" \/>\n\t<meta property=\"og:image:width\" content=\"300\" \/>\n\t<meta property=\"og:image:height\" content=\"98\" \/>\n\t<meta property=\"og:image:type\" content=\"image\/png\" \/>\n<meta name=\"author\" content=\"Charge\" \/>\n<meta name=\"twitter:card\" content=\"summary_large_image\" \/>\n<meta name=\"twitter:creator\" content=\"@sindromecharge\" \/>\n<meta name=\"twitter:site\" content=\"@sindromecharge\" \/>\n<meta name=\"twitter:label1\" content=\"Escrito por\" \/>\n\t<meta name=\"twitter:data1\" content=\"Charge\" \/>\n\t<meta name=\"twitter:label2\" content=\"Tiempo de lectura\" \/>\n\t<meta name=\"twitter:data2\" content=\"3 minutos\" \/>\n<script type=\"application\/ld+json\" class=\"yoast-schema-graph\">{\"@context\":\"https:\\\/\\\/schema.org\",\"@graph\":[{\"@type\":\"Article\",\"@id\":\"https:\\\/\\\/sindromecharge.es\\\/index.php\\\/2024\\\/12\\\/16\\\/fundacion-once-advierte-no-estamos-siendo-capaces-reducir-brecha-las-personas-con-discapacidad-mercado-laboral\\\/#article\",\"isPartOf\":{\"@id\":\"https:\\\/\\\/sindromecharge.es\\\/index.php\\\/2024\\\/12\\\/16\\\/fundacion-once-advierte-no-estamos-siendo-capaces-reducir-brecha-las-personas-con-discapacidad-mercado-laboral\\\/\"},\"author\":{\"name\":\"Charge\",\"@id\":\"https:\\\/\\\/sindromecharge.es\\\/#\\\/schema\\\/person\\\/39a60ebe0a2b4d5a11179701e336b039\"},\"headline\":\"Luis Enrique Qu\u00edfez, Fundaci\u00f3n ONCE: \u00abNo estamos siendo capaces de reducir la brecha laboral de las personas con discapacidad\u00bb\",\"datePublished\":\"2024-12-16T07:39:48+00:00\",\"mainEntityOfPage\":{\"@id\":\"https:\\\/\\\/sindromecharge.es\\\/index.php\\\/2024\\\/12\\\/16\\\/fundacion-once-advierte-no-estamos-siendo-capaces-reducir-brecha-las-personas-con-discapacidad-mercado-laboral\\\/\"},\"wordCount\":605,\"articleSection\":[\"noticias\"],\"inLanguage\":\"es\"},{\"@type\":\"WebPage\",\"@id\":\"https:\\\/\\\/sindromecharge.es\\\/index.php\\\/2024\\\/12\\\/16\\\/fundacion-once-advierte-no-estamos-siendo-capaces-reducir-brecha-las-personas-con-discapacidad-mercado-laboral\\\/\",\"url\":\"https:\\\/\\\/sindromecharge.es\\\/index.php\\\/2024\\\/12\\\/16\\\/fundacion-once-advierte-no-estamos-siendo-capaces-reducir-brecha-las-personas-con-discapacidad-mercado-laboral\\\/\",\"name\":\"Luis Enrique Qu\u00edfez, Fundaci\u00f3n ONCE: \\\"No estamos siendo capaces de reducir la brecha laboral de las personas con discapacidad\\\" - Asociaci\u00f3n Espa\u00f1ola S\u00edndrome de Charge\",\"isPartOf\":{\"@id\":\"https:\\\/\\\/sindromecharge.es\\\/#website\"},\"datePublished\":\"2024-12-16T07:39:48+00:00\",\"author\":{\"@id\":\"https:\\\/\\\/sindromecharge.es\\\/#\\\/schema\\\/person\\\/39a60ebe0a2b4d5a11179701e336b039\"},\"breadcrumb\":{\"@id\":\"https:\\\/\\\/sindromecharge.es\\\/index.php\\\/2024\\\/12\\\/16\\\/fundacion-once-advierte-no-estamos-siendo-capaces-reducir-brecha-las-personas-con-discapacidad-mercado-laboral\\\/#breadcrumb\"},\"inLanguage\":\"es\",\"potentialAction\":[{\"@type\":\"ReadAction\",\"target\":[\"https:\\\/\\\/sindromecharge.es\\\/index.php\\\/2024\\\/12\\\/16\\\/fundacion-once-advierte-no-estamos-siendo-capaces-reducir-brecha-las-personas-con-discapacidad-mercado-laboral\\\/\"]}]},{\"@type\":\"BreadcrumbList\",\"@id\":\"https:\\\/\\\/sindromecharge.es\\\/index.php\\\/2024\\\/12\\\/16\\\/fundacion-once-advierte-no-estamos-siendo-capaces-reducir-brecha-las-personas-con-discapacidad-mercado-laboral\\\/#breadcrumb\",\"itemListElement\":[{\"@type\":\"ListItem\",\"position\":1,\"name\":\"Portada\",\"item\":\"https:\\\/\\\/sindromecharge.es\\\/\"},{\"@type\":\"ListItem\",\"position\":2,\"name\":\"Luis Enrique Qu\u00edfez, Fundaci\u00f3n ONCE: &#8220;No estamos siendo capaces de reducir la brecha laboral de las personas con discapacidad&#8221;\"}]},{\"@type\":\"WebSite\",\"@id\":\"https:\\\/\\\/sindromecharge.es\\\/#website\",\"url\":\"https:\\\/\\\/sindromecharge.es\\\/\",\"name\":\"Asociaci\u00f3n Espa\u00f1ola S\u00edndrome de Charge\",\"description\":\"\",\"potentialAction\":[{\"@type\":\"SearchAction\",\"target\":{\"@type\":\"EntryPoint\",\"urlTemplate\":\"https:\\\/\\\/sindromecharge.es\\\/?s={search_term_string}\"},\"query-input\":{\"@type\":\"PropertyValueSpecification\",\"valueRequired\":true,\"valueName\":\"search_term_string\"}}],\"inLanguage\":\"es\"},{\"@type\":\"Person\",\"@id\":\"https:\\\/\\\/sindromecharge.es\\\/#\\\/schema\\\/person\\\/39a60ebe0a2b4d5a11179701e336b039\",\"name\":\"Charge\",\"image\":{\"@type\":\"ImageObject\",\"inLanguage\":\"es\",\"@id\":\"https:\\\/\\\/secure.gravatar.com\\\/avatar\\\/c3b46e32a0fc3b093a0873fb767bf3293de856293065e84ef06b7ec7a8acfb98?s=96&d=identicon&r=x\",\"url\":\"https:\\\/\\\/secure.gravatar.com\\\/avatar\\\/c3b46e32a0fc3b093a0873fb767bf3293de856293065e84ef06b7ec7a8acfb98?s=96&d=identicon&r=x\",\"contentUrl\":\"https:\\\/\\\/secure.gravatar.com\\\/avatar\\\/c3b46e32a0fc3b093a0873fb767bf3293de856293065e84ef06b7ec7a8acfb98?s=96&d=identicon&r=x\",\"caption\":\"Charge\"},\"url\":\"https:\\\/\\\/sindromecharge.es\\\/index.php\\\/author\\\/admin\\\/\"}]}<\/script>\n<!-- \/ Yoast SEO plugin. -->","yoast_head_json":{"title":"Luis Enrique Qu\u00edfez, Fundaci\u00f3n ONCE: \"No estamos siendo capaces de reducir la brecha laboral de las personas con discapacidad\" - Asociaci\u00f3n Espa\u00f1ola S\u00edndrome de Charge","robots":{"index":"index","follow":"follow","max-snippet":"max-snippet:-1","max-image-preview":"max-image-preview:large","max-video-preview":"max-video-preview:-1"},"canonical":"https:\/\/sindromecharge.es\/index.php\/2024\/12\/16\/fundacion-once-advierte-no-estamos-siendo-capaces-reducir-brecha-las-personas-con-discapacidad-mercado-laboral\/","og_locale":"es_ES","og_type":"article","og_title":"Luis Enrique Qu\u00edfez, Fundaci\u00f3n ONCE: \"No estamos siendo capaces de reducir la brecha laboral de las personas con discapacidad\" - Asociaci\u00f3n Espa\u00f1ola S\u00edndrome de Charge","og_description":"\u00abEs verdad que los datos mejoran, pero no podemos obviar la enorme diferencia que sigue existiendo entre las personas con y sin discapacidad\u201d.","og_url":"https:\/\/sindromecharge.es\/index.php\/2024\/12\/16\/fundacion-once-advierte-no-estamos-siendo-capaces-reducir-brecha-las-personas-con-discapacidad-mercado-laboral\/","og_site_name":"Asociaci\u00f3n Espa\u00f1ola S\u00edndrome de Charge","article_publisher":"https:\/\/www.facebook.com\/asociacionsindromecharge","article_published_time":"2024-12-16T07:39:48+00:00","og_image":[{"width":300,"height":98,"url":"https:\/\/sindromecharge.es\/wp-content\/uploads\/2013\/09\/logodecharge300x98.png","type":"image\/png"}],"author":"Charge","twitter_card":"summary_large_image","twitter_creator":"@sindromecharge","twitter_site":"@sindromecharge","twitter_misc":{"Escrito por":"Charge","Tiempo de lectura":"3 minutos"},"schema":{"@context":"https:\/\/schema.org","@graph":[{"@type":"Article","@id":"https:\/\/sindromecharge.es\/index.php\/2024\/12\/16\/fundacion-once-advierte-no-estamos-siendo-capaces-reducir-brecha-las-personas-con-discapacidad-mercado-laboral\/#article","isPartOf":{"@id":"https:\/\/sindromecharge.es\/index.php\/2024\/12\/16\/fundacion-once-advierte-no-estamos-siendo-capaces-reducir-brecha-las-personas-con-discapacidad-mercado-laboral\/"},"author":{"name":"Charge","@id":"https:\/\/sindromecharge.es\/#\/schema\/person\/39a60ebe0a2b4d5a11179701e336b039"},"headline":"Luis Enrique Qu\u00edfez, Fundaci\u00f3n ONCE: \u00abNo estamos siendo capaces de reducir la brecha laboral de las personas con discapacidad\u00bb","datePublished":"2024-12-16T07:39:48+00:00","mainEntityOfPage":{"@id":"https:\/\/sindromecharge.es\/index.php\/2024\/12\/16\/fundacion-once-advierte-no-estamos-siendo-capaces-reducir-brecha-las-personas-con-discapacidad-mercado-laboral\/"},"wordCount":605,"articleSection":["noticias"],"inLanguage":"es"},{"@type":"WebPage","@id":"https:\/\/sindromecharge.es\/index.php\/2024\/12\/16\/fundacion-once-advierte-no-estamos-siendo-capaces-reducir-brecha-las-personas-con-discapacidad-mercado-laboral\/","url":"https:\/\/sindromecharge.es\/index.php\/2024\/12\/16\/fundacion-once-advierte-no-estamos-siendo-capaces-reducir-brecha-las-personas-con-discapacidad-mercado-laboral\/","name":"Luis Enrique Qu\u00edfez, Fundaci\u00f3n ONCE: \"No estamos siendo capaces de reducir la brecha laboral de las personas con discapacidad\" - Asociaci\u00f3n Espa\u00f1ola S\u00edndrome de Charge","isPartOf":{"@id":"https:\/\/sindromecharge.es\/#website"},"datePublished":"2024-12-16T07:39:48+00:00","author":{"@id":"https:\/\/sindromecharge.es\/#\/schema\/person\/39a60ebe0a2b4d5a11179701e336b039"},"breadcrumb":{"@id":"https:\/\/sindromecharge.es\/index.php\/2024\/12\/16\/fundacion-once-advierte-no-estamos-siendo-capaces-reducir-brecha-las-personas-con-discapacidad-mercado-laboral\/#breadcrumb"},"inLanguage":"es","potentialAction":[{"@type":"ReadAction","target":["https:\/\/sindromecharge.es\/index.php\/2024\/12\/16\/fundacion-once-advierte-no-estamos-siendo-capaces-reducir-brecha-las-personas-con-discapacidad-mercado-laboral\/"]}]},{"@type":"BreadcrumbList","@id":"https:\/\/sindromecharge.es\/index.php\/2024\/12\/16\/fundacion-once-advierte-no-estamos-siendo-capaces-reducir-brecha-las-personas-con-discapacidad-mercado-laboral\/#breadcrumb","itemListElement":[{"@type":"ListItem","position":1,"name":"Portada","item":"https:\/\/sindromecharge.es\/"},{"@type":"ListItem","position":2,"name":"Luis Enrique Qu\u00edfez, Fundaci\u00f3n ONCE: &#8220;No estamos siendo capaces de reducir la brecha laboral de las personas con discapacidad&#8221;"}]},{"@type":"WebSite","@id":"https:\/\/sindromecharge.es\/#website","url":"https:\/\/sindromecharge.es\/","name":"Asociaci\u00f3n Espa\u00f1ola S\u00edndrome de Charge","description":"","potentialAction":[{"@type":"SearchAction","target":{"@type":"EntryPoint","urlTemplate":"https:\/\/sindromecharge.es\/?s={search_term_string}"},"query-input":{"@type":"PropertyValueSpecification","valueRequired":true,"valueName":"search_term_string"}}],"inLanguage":"es"},{"@type":"Person","@id":"https:\/\/sindromecharge.es\/#\/schema\/person\/39a60ebe0a2b4d5a11179701e336b039","name":"Charge","image":{"@type":"ImageObject","inLanguage":"es","@id":"https:\/\/secure.gravatar.com\/avatar\/c3b46e32a0fc3b093a0873fb767bf3293de856293065e84ef06b7ec7a8acfb98?s=96&d=identicon&r=x","url":"https:\/\/secure.gravatar.com\/avatar\/c3b46e32a0fc3b093a0873fb767bf3293de856293065e84ef06b7ec7a8acfb98?s=96&d=identicon&r=x","contentUrl":"https:\/\/secure.gravatar.com\/avatar\/c3b46e32a0fc3b093a0873fb767bf3293de856293065e84ef06b7ec7a8acfb98?s=96&d=identicon&r=x","caption":"Charge"},"url":"https:\/\/sindromecharge.es\/index.php\/author\/admin\/"}]}},"_links":{"self":[{"href":"https:\/\/sindromecharge.es\/index.php\/wp-json\/wp\/v2\/posts\/10664","targetHints":{"allow":["GET"]}}],"collection":[{"href":"https:\/\/sindromecharge.es\/index.php\/wp-json\/wp\/v2\/posts"}],"about":[{"href":"https:\/\/sindromecharge.es\/index.php\/wp-json\/wp\/v2\/types\/post"}],"author":[{"embeddable":true,"href":"https:\/\/sindromecharge.es\/index.php\/wp-json\/wp\/v2\/users\/1"}],"replies":[{"embeddable":true,"href":"https:\/\/sindromecharge.es\/index.php\/wp-json\/wp\/v2\/comments?post=10664"}],"version-history":[{"count":0,"href":"https:\/\/sindromecharge.es\/index.php\/wp-json\/wp\/v2\/posts\/10664\/revisions"}],"wp:attachment":[{"href":"https:\/\/sindromecharge.es\/index.php\/wp-json\/wp\/v2\/media?parent=10664"}],"wp:term":[{"taxonomy":"category","embeddable":true,"href":"https:\/\/sindromecharge.es\/index.php\/wp-json\/wp\/v2\/categories?post=10664"},{"taxonomy":"post_tag","embeddable":true,"href":"https:\/\/sindromecharge.es\/index.php\/wp-json\/wp\/v2\/tags?post=10664"}],"curies":[{"name":"wp","href":"https:\/\/api.w.org\/{rel}","templated":true}]}}