{"id":10662,"date":"2024-12-15T07:38:18","date_gmt":"2024-12-15T07:38:18","guid":{"rendered":"https:\/\/sindromecharge.es\/index.php\/2024\/12\/15\/diez-peliculas-navidenas-inclusivas-para-disfrutar-familia-con-ninos-con-necesidades-especiales\/"},"modified":"2024-12-15T07:38:18","modified_gmt":"2024-12-15T07:38:18","slug":"diez-peliculas-navidenas-inclusivas-para-disfrutar-familia-con-ninos-con-necesidades-especiales","status":"publish","type":"post","link":"https:\/\/sindromecharge.es\/index.php\/2024\/12\/15\/diez-peliculas-navidenas-inclusivas-para-disfrutar-familia-con-ninos-con-necesidades-especiales\/","title":{"rendered":"Diez pel\u00edculas navide\u00f1as para disfrutar en familia con ni\u00f1os con necesidades especiales"},"content":{"rendered":"<p>Leemos en Discapacidad la siguiente noticia que os reproducimos de forma \u00edntegra: <\/p>\n<div>\n<p>La <a href=\"https:\/\/www.20minutos.es\/minuteca\/navidad\/\" title=\"Navidad\">Navidad <\/a>es una \u00e9poca ideal para crear momentos \u00fanicos en familia, y el cine puede convertirse en una herramienta maravillosa para <b>promover valores como la empat\u00eda, la solidaridad y la inclusi\u00f3n<\/b>. Sin embargo, cuando hay ni\u00f1os con necesidades especiales o discapacidad, elegir una pel\u00edcula adecuada requiere un enfoque m\u00e1s reflexivo.<\/p>\n<p> <b>Los terapeutas de la<\/b> <a href=\"https:\/\/www.20minutos.es\/minuteca\/fundacion-querer\/\" title=\"Fundaci\u00f3n Querer\">Fundaci\u00f3n Querer<\/a> han seleccionado diez t\u00edtulos que no solo entretienen, sino que tambi\u00e9n a<b>portan beneficios emocionales y educativos<\/b> para todos los miembros del hogar. Los psic\u00f3logos, logopedas y dem\u00e1s profesionales de la Fundaci\u00f3n Querer han elaborado una lista de recomendaciones.<\/p>\n<p>Entre los cl\u00e1sicos navide\u00f1os, <i><b>The Polar Express<\/b><\/i> destaca por su atm\u00f3sfera tranquila y m\u00e1gica. Su animaci\u00f3n inmersiva y sus ritmos pausados son ideales para ni\u00f1os con <b>trastornos del procesamiento sensorial o que tienden a sentirse sobreestimulados por luces y sonidos intensos<\/b>. \u201cEl dise\u00f1o visual crea un entorno calmado perfecto para relajarse y sumergirse en la magia de la Navidad\u201d, rese\u00f1a esta gu\u00eda de la Fundaci\u00f3n Querer. <\/p>\n<p><i><b>Cuento de Navidad<\/b><\/i>, la versi\u00f3n animada del cl\u00e1sico de Dickens, invita a explorar emociones como <b>la empat\u00eda, la gratitud y el arrepentimiento<\/b>. \u201cEs una excelente oportunidad para que los ni\u00f1os aprendan c\u00f3mo nuestras acciones impactan a los dem\u00e1s, algo especialmente \u00fatil para aquellos que <b>tienen dificultades para manejar sus emociones<\/b>\u201d, explican desde el departamento de psicolog\u00eda.<\/p>\n<p>En la lista no pod\u00eda faltar <i><b>Klaus<\/b><\/i>, una <b>pel\u00edcula espa\u00f1ola<\/b>, nominada a los Oscar, que combina una narrativa sencilla con un mensaje profundo sobre la generosidad y el impacto de los <b>peque\u00f1os actos de bondad<\/b>. Este largometraje no solo entretiene, sino que empodera a los ni\u00f1os con discapacidad al ense\u00f1arles que ellos tambi\u00e9n pueden ser agentes de cambio. \u201cEs una obra que <b>fomenta la autoestima y el sentido de comunidad<\/b> en los ni\u00f1os, algo fundamental para su desarrollo emocional\u201d, se\u00f1ala Benjamin Pitters, profesor de Ingl\u00e9s de El Cole de Celia y Pepe, de Fundaci\u00f3n Querer. <\/p>\n<p>Por otro lado, el humor de <i><b>Solo en casa<\/b><\/i> puede ser un gran aliado para trabajar con ni\u00f1os habilidades como la planificaci\u00f3n y la resoluci\u00f3n de problemas. \u201cLa creatividad del protagonista inspira a los peque\u00f1os a <b>encontrar soluciones a los desaf\u00edos cotidianos<\/b>, incluso si enfrentan barreras f\u00edsicas o sociales\u201d, apunta Carolina P\u00e9rez, profesora de El Cole de Celia y Pepe.<\/p>\n<p>Para trabajar la aceptaci\u00f3n de las diferencias, <i><b>Rudolph, el reno de la nariz roja<\/b><\/i> es una met\u00e1fora poderosa que conecta con ni\u00f1os que han vivido experiencias de exclusi\u00f3n. Seg\u00fan Susana Lominchar, directora de El Cole de Celia y Pepe, \u201cRudolph ense\u00f1a que <b>nuestras diferencias pueden ser nuestra mayor fortaleza<\/b>, una lecci\u00f3n fundamental para ni\u00f1os que enfrentan prejuicios o falta de comprensi\u00f3n\u201d. <\/p>\n<p>Del mismo modo, <i><b>Paddington 2<\/b><\/i>, aunque no es estrictamente una pel\u00edcula navide\u00f1a, ofrece una historia sobre amabilidad y aceptaci\u00f3n que resulta muy \u00fatil para reforzar habilidades sociales y empat\u00eda. \u201cPaddington muestra c\u00f3mo<b> los v\u00ednculos familiares y de amistad pueden superar las barreras<\/b>, lo cual es esencial para ni\u00f1os con dificultades en la interacci\u00f3n social\u201d.<\/p>\n<p>Otra recomendaci\u00f3n es <i><b>El Grinch<\/b><\/i>, una historia que transforma emociones negativas en esperanza y que resalta el valor del amor y la comunidad. \u201cEs ideal para <b>trabajar la gesti\u00f3n emocional con ni\u00f1os que tienen dificultades para relacionarse o expresar sus sentimientos<\/b>\u201d, se\u00f1ala Alba, una de las neuropsic\u00f3logas de la Fundaci\u00f3n Querer. <\/p>\n<p><i><b>Frozen <\/b><\/i>es otra de las cintas que se ha colado en esta lista, ya que<i> <\/i>aborda la aceptaci\u00f3n personal a trav\u00e9s de su protagonista, Elsa, quien aprende a ver su singularidad como una fortaleza. \u201c<b>Elsa es un modelo inspirador<\/b> para ni\u00f1os que luchan con su autoimagen o sienten presi\u00f3n por encajar\u201d.<\/p>\n<p>Para trabajar valores como la colaboraci\u00f3n y el trabajo en equipo,<b> <i>Arthur Christmas: Operaci\u00f3n regalo<\/i><\/b> es una elecci\u00f3n perfecta. \u201cArthur demuestra que todos, independientemente de nuestras habilidades, podemos aportar algo valioso al \u00e9xito colectivo\u201d. Finalmente, aunque no es una pel\u00edcula navide\u00f1a, <i><b>Coco <\/b><\/i>merece un lugar especial en esta lista por su enfoque en la familia y la memoria. \u201cEs ideal para <b>abrir un di\u00e1logo sobre tradiciones y la conexi\u00f3n con los seres queridos<\/b>, especialmente para ni\u00f1os con dificultades cognitivas o del habla\u201d, concluye la gu\u00eda de recomendaciones de la Fundaci\u00f3n Querer.<\/p>\n<p>Estas pel\u00edculas no solo ofrecen entretenimiento, sino que tambi\u00e9n pueden convertirse en herramientas terap\u00e9uticas y educativas. \u201c<b>El cine tiene el poder de ense\u00f1ar, conectar y generar emociones positivas<\/b>, convirti\u00e9ndose en una experiencia inclusiva para toda la familia, especialmente en una \u00e9poca tan especial como la Navidad\u201d, concluyen los terapeutas de la Fundaci\u00f3n Querer.<\/p>\n<\/div>\n<p>Fuente: Discapacidad https:\/\/www.20minutos.es\/noticia\/5663666\/0\/diez-peliculas-navidenas-inclusivas-para-disfrutar-familia-con-ninos-con-necesidades-especiales\/<\/p>\n","protected":false},"excerpt":{"rendered":"<p>La Navidad es una \u00e9poca ideal para crear momentos \u00fanicos en familia, y el cine puede convertirse en una herramienta maravillosa para promover valores como&#8230;<\/p>\n","protected":false},"author":1,"featured_media":0,"comment_status":"closed","ping_status":"closed","sticky":false,"template":"","format":"standard","meta":{"footnotes":""},"categories":[8],"tags":[],"class_list":["post-10662","post","type-post","status-publish","format-standard","hentry","category-noticias"],"yoast_head":"<!-- This site is optimized with the Yoast SEO plugin v27.5 - https:\/\/yoast.com\/product\/yoast-seo-wordpress\/ -->\n<title>Diez pel\u00edculas navide\u00f1as para disfrutar en familia con ni\u00f1os con necesidades especiales - Asociaci\u00f3n Espa\u00f1ola S\u00edndrome de Charge<\/title>\n<meta name=\"robots\" content=\"index, follow, max-snippet:-1, max-image-preview:large, max-video-preview:-1\" \/>\n<link rel=\"canonical\" href=\"https:\/\/sindromecharge.es\/index.php\/2024\/12\/15\/diez-peliculas-navidenas-inclusivas-para-disfrutar-familia-con-ninos-con-necesidades-especiales\/\" \/>\n<meta property=\"og:locale\" content=\"es_ES\" \/>\n<meta property=\"og:type\" content=\"article\" \/>\n<meta property=\"og:title\" content=\"Diez pel\u00edculas navide\u00f1as para disfrutar en familia con ni\u00f1os con necesidades especiales - Asociaci\u00f3n Espa\u00f1ola S\u00edndrome de Charge\" \/>\n<meta property=\"og:description\" content=\"La Navidad es una \u00e9poca ideal para crear momentos \u00fanicos en familia, y el cine puede convertirse en una herramienta maravillosa para promover valores como&#8230;\" \/>\n<meta property=\"og:url\" content=\"https:\/\/sindromecharge.es\/index.php\/2024\/12\/15\/diez-peliculas-navidenas-inclusivas-para-disfrutar-familia-con-ninos-con-necesidades-especiales\/\" \/>\n<meta property=\"og:site_name\" content=\"Asociaci\u00f3n Espa\u00f1ola S\u00edndrome de Charge\" \/>\n<meta property=\"article:publisher\" content=\"https:\/\/www.facebook.com\/asociacionsindromecharge\" \/>\n<meta property=\"article:published_time\" content=\"2024-12-15T07:38:18+00:00\" \/>\n<meta property=\"og:image\" content=\"https:\/\/sindromecharge.es\/wp-content\/uploads\/2013\/09\/logodecharge300x98.png\" \/>\n\t<meta property=\"og:image:width\" content=\"300\" \/>\n\t<meta property=\"og:image:height\" content=\"98\" \/>\n\t<meta property=\"og:image:type\" content=\"image\/png\" \/>\n<meta name=\"author\" content=\"Charge\" \/>\n<meta name=\"twitter:card\" content=\"summary_large_image\" \/>\n<meta name=\"twitter:creator\" content=\"@sindromecharge\" \/>\n<meta name=\"twitter:site\" content=\"@sindromecharge\" \/>\n<meta name=\"twitter:label1\" content=\"Escrito por\" \/>\n\t<meta name=\"twitter:data1\" content=\"Charge\" \/>\n\t<meta name=\"twitter:label2\" content=\"Tiempo de lectura\" \/>\n\t<meta name=\"twitter:data2\" content=\"4 minutos\" \/>\n<script type=\"application\/ld+json\" class=\"yoast-schema-graph\">{\"@context\":\"https:\\\/\\\/schema.org\",\"@graph\":[{\"@type\":\"Article\",\"@id\":\"https:\\\/\\\/sindromecharge.es\\\/index.php\\\/2024\\\/12\\\/15\\\/diez-peliculas-navidenas-inclusivas-para-disfrutar-familia-con-ninos-con-necesidades-especiales\\\/#article\",\"isPartOf\":{\"@id\":\"https:\\\/\\\/sindromecharge.es\\\/index.php\\\/2024\\\/12\\\/15\\\/diez-peliculas-navidenas-inclusivas-para-disfrutar-familia-con-ninos-con-necesidades-especiales\\\/\"},\"author\":{\"name\":\"Charge\",\"@id\":\"https:\\\/\\\/sindromecharge.es\\\/#\\\/schema\\\/person\\\/39a60ebe0a2b4d5a11179701e336b039\"},\"headline\":\"Diez pel\u00edculas navide\u00f1as para disfrutar en familia con ni\u00f1os con necesidades especiales\",\"datePublished\":\"2024-12-15T07:38:18+00:00\",\"mainEntityOfPage\":{\"@id\":\"https:\\\/\\\/sindromecharge.es\\\/index.php\\\/2024\\\/12\\\/15\\\/diez-peliculas-navidenas-inclusivas-para-disfrutar-familia-con-ninos-con-necesidades-especiales\\\/\"},\"wordCount\":856,\"articleSection\":[\"noticias\"],\"inLanguage\":\"es\"},{\"@type\":\"WebPage\",\"@id\":\"https:\\\/\\\/sindromecharge.es\\\/index.php\\\/2024\\\/12\\\/15\\\/diez-peliculas-navidenas-inclusivas-para-disfrutar-familia-con-ninos-con-necesidades-especiales\\\/\",\"url\":\"https:\\\/\\\/sindromecharge.es\\\/index.php\\\/2024\\\/12\\\/15\\\/diez-peliculas-navidenas-inclusivas-para-disfrutar-familia-con-ninos-con-necesidades-especiales\\\/\",\"name\":\"Diez pel\u00edculas navide\u00f1as para disfrutar en familia con ni\u00f1os con necesidades especiales - Asociaci\u00f3n Espa\u00f1ola S\u00edndrome de Charge\",\"isPartOf\":{\"@id\":\"https:\\\/\\\/sindromecharge.es\\\/#website\"},\"datePublished\":\"2024-12-15T07:38:18+00:00\",\"author\":{\"@id\":\"https:\\\/\\\/sindromecharge.es\\\/#\\\/schema\\\/person\\\/39a60ebe0a2b4d5a11179701e336b039\"},\"breadcrumb\":{\"@id\":\"https:\\\/\\\/sindromecharge.es\\\/index.php\\\/2024\\\/12\\\/15\\\/diez-peliculas-navidenas-inclusivas-para-disfrutar-familia-con-ninos-con-necesidades-especiales\\\/#breadcrumb\"},\"inLanguage\":\"es\",\"potentialAction\":[{\"@type\":\"ReadAction\",\"target\":[\"https:\\\/\\\/sindromecharge.es\\\/index.php\\\/2024\\\/12\\\/15\\\/diez-peliculas-navidenas-inclusivas-para-disfrutar-familia-con-ninos-con-necesidades-especiales\\\/\"]}]},{\"@type\":\"BreadcrumbList\",\"@id\":\"https:\\\/\\\/sindromecharge.es\\\/index.php\\\/2024\\\/12\\\/15\\\/diez-peliculas-navidenas-inclusivas-para-disfrutar-familia-con-ninos-con-necesidades-especiales\\\/#breadcrumb\",\"itemListElement\":[{\"@type\":\"ListItem\",\"position\":1,\"name\":\"Portada\",\"item\":\"https:\\\/\\\/sindromecharge.es\\\/\"},{\"@type\":\"ListItem\",\"position\":2,\"name\":\"Diez pel\u00edculas navide\u00f1as para disfrutar en familia con ni\u00f1os con necesidades especiales\"}]},{\"@type\":\"WebSite\",\"@id\":\"https:\\\/\\\/sindromecharge.es\\\/#website\",\"url\":\"https:\\\/\\\/sindromecharge.es\\\/\",\"name\":\"Asociaci\u00f3n Espa\u00f1ola S\u00edndrome de Charge\",\"description\":\"\",\"potentialAction\":[{\"@type\":\"SearchAction\",\"target\":{\"@type\":\"EntryPoint\",\"urlTemplate\":\"https:\\\/\\\/sindromecharge.es\\\/?s={search_term_string}\"},\"query-input\":{\"@type\":\"PropertyValueSpecification\",\"valueRequired\":true,\"valueName\":\"search_term_string\"}}],\"inLanguage\":\"es\"},{\"@type\":\"Person\",\"@id\":\"https:\\\/\\\/sindromecharge.es\\\/#\\\/schema\\\/person\\\/39a60ebe0a2b4d5a11179701e336b039\",\"name\":\"Charge\",\"image\":{\"@type\":\"ImageObject\",\"inLanguage\":\"es\",\"@id\":\"https:\\\/\\\/secure.gravatar.com\\\/avatar\\\/c3b46e32a0fc3b093a0873fb767bf3293de856293065e84ef06b7ec7a8acfb98?s=96&d=identicon&r=x\",\"url\":\"https:\\\/\\\/secure.gravatar.com\\\/avatar\\\/c3b46e32a0fc3b093a0873fb767bf3293de856293065e84ef06b7ec7a8acfb98?s=96&d=identicon&r=x\",\"contentUrl\":\"https:\\\/\\\/secure.gravatar.com\\\/avatar\\\/c3b46e32a0fc3b093a0873fb767bf3293de856293065e84ef06b7ec7a8acfb98?s=96&d=identicon&r=x\",\"caption\":\"Charge\"},\"url\":\"https:\\\/\\\/sindromecharge.es\\\/index.php\\\/author\\\/admin\\\/\"}]}<\/script>\n<!-- \/ Yoast SEO plugin. -->","yoast_head_json":{"title":"Diez pel\u00edculas navide\u00f1as para disfrutar en familia con ni\u00f1os con necesidades especiales - Asociaci\u00f3n Espa\u00f1ola S\u00edndrome de Charge","robots":{"index":"index","follow":"follow","max-snippet":"max-snippet:-1","max-image-preview":"max-image-preview:large","max-video-preview":"max-video-preview:-1"},"canonical":"https:\/\/sindromecharge.es\/index.php\/2024\/12\/15\/diez-peliculas-navidenas-inclusivas-para-disfrutar-familia-con-ninos-con-necesidades-especiales\/","og_locale":"es_ES","og_type":"article","og_title":"Diez pel\u00edculas navide\u00f1as para disfrutar en familia con ni\u00f1os con necesidades especiales - Asociaci\u00f3n Espa\u00f1ola S\u00edndrome de Charge","og_description":"La Navidad es una \u00e9poca ideal para crear momentos \u00fanicos en familia, y el cine puede convertirse en una herramienta maravillosa para promover valores como&#8230;","og_url":"https:\/\/sindromecharge.es\/index.php\/2024\/12\/15\/diez-peliculas-navidenas-inclusivas-para-disfrutar-familia-con-ninos-con-necesidades-especiales\/","og_site_name":"Asociaci\u00f3n Espa\u00f1ola S\u00edndrome de Charge","article_publisher":"https:\/\/www.facebook.com\/asociacionsindromecharge","article_published_time":"2024-12-15T07:38:18+00:00","og_image":[{"width":300,"height":98,"url":"https:\/\/sindromecharge.es\/wp-content\/uploads\/2013\/09\/logodecharge300x98.png","type":"image\/png"}],"author":"Charge","twitter_card":"summary_large_image","twitter_creator":"@sindromecharge","twitter_site":"@sindromecharge","twitter_misc":{"Escrito por":"Charge","Tiempo de lectura":"4 minutos"},"schema":{"@context":"https:\/\/schema.org","@graph":[{"@type":"Article","@id":"https:\/\/sindromecharge.es\/index.php\/2024\/12\/15\/diez-peliculas-navidenas-inclusivas-para-disfrutar-familia-con-ninos-con-necesidades-especiales\/#article","isPartOf":{"@id":"https:\/\/sindromecharge.es\/index.php\/2024\/12\/15\/diez-peliculas-navidenas-inclusivas-para-disfrutar-familia-con-ninos-con-necesidades-especiales\/"},"author":{"name":"Charge","@id":"https:\/\/sindromecharge.es\/#\/schema\/person\/39a60ebe0a2b4d5a11179701e336b039"},"headline":"Diez pel\u00edculas navide\u00f1as para disfrutar en familia con ni\u00f1os con necesidades especiales","datePublished":"2024-12-15T07:38:18+00:00","mainEntityOfPage":{"@id":"https:\/\/sindromecharge.es\/index.php\/2024\/12\/15\/diez-peliculas-navidenas-inclusivas-para-disfrutar-familia-con-ninos-con-necesidades-especiales\/"},"wordCount":856,"articleSection":["noticias"],"inLanguage":"es"},{"@type":"WebPage","@id":"https:\/\/sindromecharge.es\/index.php\/2024\/12\/15\/diez-peliculas-navidenas-inclusivas-para-disfrutar-familia-con-ninos-con-necesidades-especiales\/","url":"https:\/\/sindromecharge.es\/index.php\/2024\/12\/15\/diez-peliculas-navidenas-inclusivas-para-disfrutar-familia-con-ninos-con-necesidades-especiales\/","name":"Diez pel\u00edculas navide\u00f1as para disfrutar en familia con ni\u00f1os con necesidades especiales - Asociaci\u00f3n Espa\u00f1ola S\u00edndrome de Charge","isPartOf":{"@id":"https:\/\/sindromecharge.es\/#website"},"datePublished":"2024-12-15T07:38:18+00:00","author":{"@id":"https:\/\/sindromecharge.es\/#\/schema\/person\/39a60ebe0a2b4d5a11179701e336b039"},"breadcrumb":{"@id":"https:\/\/sindromecharge.es\/index.php\/2024\/12\/15\/diez-peliculas-navidenas-inclusivas-para-disfrutar-familia-con-ninos-con-necesidades-especiales\/#breadcrumb"},"inLanguage":"es","potentialAction":[{"@type":"ReadAction","target":["https:\/\/sindromecharge.es\/index.php\/2024\/12\/15\/diez-peliculas-navidenas-inclusivas-para-disfrutar-familia-con-ninos-con-necesidades-especiales\/"]}]},{"@type":"BreadcrumbList","@id":"https:\/\/sindromecharge.es\/index.php\/2024\/12\/15\/diez-peliculas-navidenas-inclusivas-para-disfrutar-familia-con-ninos-con-necesidades-especiales\/#breadcrumb","itemListElement":[{"@type":"ListItem","position":1,"name":"Portada","item":"https:\/\/sindromecharge.es\/"},{"@type":"ListItem","position":2,"name":"Diez pel\u00edculas navide\u00f1as para disfrutar en familia con ni\u00f1os con necesidades especiales"}]},{"@type":"WebSite","@id":"https:\/\/sindromecharge.es\/#website","url":"https:\/\/sindromecharge.es\/","name":"Asociaci\u00f3n Espa\u00f1ola S\u00edndrome de Charge","description":"","potentialAction":[{"@type":"SearchAction","target":{"@type":"EntryPoint","urlTemplate":"https:\/\/sindromecharge.es\/?s={search_term_string}"},"query-input":{"@type":"PropertyValueSpecification","valueRequired":true,"valueName":"search_term_string"}}],"inLanguage":"es"},{"@type":"Person","@id":"https:\/\/sindromecharge.es\/#\/schema\/person\/39a60ebe0a2b4d5a11179701e336b039","name":"Charge","image":{"@type":"ImageObject","inLanguage":"es","@id":"https:\/\/secure.gravatar.com\/avatar\/c3b46e32a0fc3b093a0873fb767bf3293de856293065e84ef06b7ec7a8acfb98?s=96&d=identicon&r=x","url":"https:\/\/secure.gravatar.com\/avatar\/c3b46e32a0fc3b093a0873fb767bf3293de856293065e84ef06b7ec7a8acfb98?s=96&d=identicon&r=x","contentUrl":"https:\/\/secure.gravatar.com\/avatar\/c3b46e32a0fc3b093a0873fb767bf3293de856293065e84ef06b7ec7a8acfb98?s=96&d=identicon&r=x","caption":"Charge"},"url":"https:\/\/sindromecharge.es\/index.php\/author\/admin\/"}]}},"_links":{"self":[{"href":"https:\/\/sindromecharge.es\/index.php\/wp-json\/wp\/v2\/posts\/10662","targetHints":{"allow":["GET"]}}],"collection":[{"href":"https:\/\/sindromecharge.es\/index.php\/wp-json\/wp\/v2\/posts"}],"about":[{"href":"https:\/\/sindromecharge.es\/index.php\/wp-json\/wp\/v2\/types\/post"}],"author":[{"embeddable":true,"href":"https:\/\/sindromecharge.es\/index.php\/wp-json\/wp\/v2\/users\/1"}],"replies":[{"embeddable":true,"href":"https:\/\/sindromecharge.es\/index.php\/wp-json\/wp\/v2\/comments?post=10662"}],"version-history":[{"count":0,"href":"https:\/\/sindromecharge.es\/index.php\/wp-json\/wp\/v2\/posts\/10662\/revisions"}],"wp:attachment":[{"href":"https:\/\/sindromecharge.es\/index.php\/wp-json\/wp\/v2\/media?parent=10662"}],"wp:term":[{"taxonomy":"category","embeddable":true,"href":"https:\/\/sindromecharge.es\/index.php\/wp-json\/wp\/v2\/categories?post=10662"},{"taxonomy":"post_tag","embeddable":true,"href":"https:\/\/sindromecharge.es\/index.php\/wp-json\/wp\/v2\/tags?post=10662"}],"curies":[{"name":"wp","href":"https:\/\/api.w.org\/{rel}","templated":true}]}}