{"id":10660,"date":"2024-12-14T07:31:53","date_gmt":"2024-12-14T07:31:53","guid":{"rendered":"https:\/\/sindromecharge.es\/index.php\/2024\/12\/14\/pp-vox-denuncian-incoherencia-psoe-lomloe-pnl-que-pretende-reducir-acoso-los-alumnos-con-discapacidad\/"},"modified":"2024-12-14T07:31:53","modified_gmt":"2024-12-14T07:31:53","slug":"pp-vox-denuncian-incoherencia-psoe-lomloe-pnl-que-pretende-reducir-acoso-los-alumnos-con-discapacidad","status":"publish","type":"post","link":"https:\/\/sindromecharge.es\/index.php\/2024\/12\/14\/pp-vox-denuncian-incoherencia-psoe-lomloe-pnl-que-pretende-reducir-acoso-los-alumnos-con-discapacidad\/","title":{"rendered":"PP y Vox tachan a la PNL del Gobierno contra el acoso en alumnos con discapacidad de \u00abincoherencia\u00bb y \u00abcanto al sol\u00bb"},"content":{"rendered":"<p>Leemos en Discapacidad la siguiente noticia que os reproducimos de forma \u00edntegra: <\/p>\n<div>\n<p>El <a href=\"https:\/\/www.20minutos.es\/minuteca\/congreso-de-los-diputados\/\" title=\"Congreso de los Diputados\">Congreso de los Diputados<\/a> ha aprobado una Proposici\u00f3n no de Ley (PNL) impulsada por el Grupo Parlamentario Socialista que insta al <a href=\"https:\/\/www.20minutos.es\/minuteca\/el-gobierno\/\" title=\"El Gobierno\">Gobierno <\/a>a <b>combatir el acoso escolar<\/b>, con especial \u00e9nfasis en los estudiantes con discapacidad, particularmente aquellos con <a href=\"https:\/\/www.20minutos.es\/minuteca\/discapacidad-intelectual\/\" title=\"Discapacidad intelectual\">discapacidad intelectual<\/a>. La iniciativa propone dos l\u00ednea de acci\u00f3n: campa\u00f1as de sensibilizaci\u00f3n y adaptaci\u00f3n de protocolos y promoci\u00f3n de la inclusi\u00f3n en el \u00e1mbito educativo. Sin embargo,<b> la propuesta ha sido criticada<\/b> por diversos sectores, incluyendo a representantes del <a href=\"https:\/\/www.20minutos.es\/minuteca\/pp-partido-popular\/\" title=\"PP\">PP <\/a>y <a href=\"https:\/\/www.20minutos.es\/minuteca\/vox\/\" title=\"Vox\">Vox<\/a>, quienes consideran que las acciones planteadas son insuficientes para abordar un problema de esta magnitud.<\/p>\n<h2>La \u201cgran contradicci\u00f3n\u201d del Gobierno<\/h2>\n<p>El <a href=\"https:\/\/www.20minutos.es\/minuteca\/psoe\/\" title=\"PSOE\">PSOE <\/a>ha sido uno de los principales impulsores de la <b>LOMLOE<\/b>, una ley educativa que prioriza la inclusi\u00f3n en la educaci\u00f3n ordinaria y promueve la <b>progresiva desaparici\u00f3n de los centros de<\/b> <a href=\"https:\/\/www.20minutos.es\/minuteca\/educacion-especial\/\" title=\"Educaci\u00f3n Especial\">educaci\u00f3n especial<\/a> como parte de su estrategia a largo plazo. Esta postura ha generado una profunda controversia entre familias y profesionales que defienden la educaci\u00f3n especial como<b> la mejor opci\u00f3n para miles de ni\u00f1os con necesidades espec\u00edficas<\/b>, al considerarla un entorno seguro y adaptado a sus capacidades. <\/p>\n<p>La contradicci\u00f3n radica, para <a href=\"https:\/\/www.20minutos.es\/minuteca\/pp-partido-popular\/\" title=\"PP\">PP <\/a>y <a href=\"https:\/\/www.20minutos.es\/minuteca\/vox\/\" title=\"Vox\">Vox<\/a>, en que <b>el mismo partido que aboga por desmantelar este modelo educativo<\/b>, argumentando que segrega a los alumnos,<b> ahora impulse una Proposici\u00f3n no de Ley para combatir el acoso escolar hacia los estudiantes con discapacidad<\/b>, un problema que muchos expertos asocian precisamente a la falta de entornos protegidos y ratios adecuados que caracterizan a la educaci\u00f3n especial. Para la oposici\u00f3n, esta aparente preocupaci\u00f3n <b>no es m\u00e1s que un gesto vac\u00edo<\/b>, al no incluir medidas que reviertan los efectos negativos que la <b>LOMLOE <\/b>ya est\u00e1 generando sobre la poblaci\u00f3n m\u00e1s vulnerable.<\/p>\n<h2>La denuncia de la oposici\u00f3n: \u201cEs un canto al sol\u201d<\/h2>\n<p>Aunque la PNL fue aprobada, <a href=\"https:\/\/www.20minutos.es\/minuteca\/pp-partido-popular\/\" title=\"PP\">PP <\/a>y <a href=\"https:\/\/www.20minutos.es\/minuteca\/vox\/\" title=\"Vox\">Vox <\/a>no han ocultado sus cr\u00edticas, se\u00f1alando que las propuestas son vagas y no tienen la fuerza necesaria para generar cambios reales. Desde estas formaciones subrayaron que el verdadero cambio exige recursos, no solo buenas intenciones. Los representantes del PP y Vox, adem\u00e1s, <b>expresaron cr\u00edticas contundentes<\/b> sobre las contradicciones de la iniciativa socialista y su relaci\u00f3n con la Ley Org\u00e1nica de Educaci\u00f3n (LOMLOE).<\/p>\n<p>En este sentido, el portavoz del <b>Partido Popular<\/b>, Nacho Mart\u00edn Blanco, mostr\u00f3 su apoyo a la PNL, pero tambi\u00e9n exigi\u00f3 <b>\u00abcoherencia\u00bb al Gobierno<\/b>. Mart\u00edn Blanco subray\u00f3 que la LOMLOE ha \u00ab<b>arrinconado<\/b>\u00bb a los centros de educaci\u00f3n especial, lo que ha creado una \u00absituaci\u00f3n exasperante\u00bb para las familias de ni\u00f1os con discapacidad y necesidades educativas especiales. El representante del <a href=\"https:\/\/www.20minutos.es\/minuteca\/pp-partido-popular\/\" title=\"PP\">PP <\/a>se\u00f1al\u00f3 que, en lugar de reducir los recursos destinados a los centros especializados, <b>es \u00abimprescindible\u00bb que las administraciones tomen medidas contundentes<\/b> y adecuadas para abordar la problem\u00e1tica del acoso escolar hacia este colectivo.<\/p>\n<p>Por su parte, <b>Jos\u00e9 Mart\u00ednez del R\u00edo<\/b>, portavoz de <a href=\"https:\/\/www.20minutos.es\/minuteca\/vox\/\" title=\"Vox\">Vox <\/a>en la Comisi\u00f3n, acus\u00f3 al <a href=\"https:\/\/www.20minutos.es\/minuteca\/psoe\/\" title=\"PSOE\">PSOE <\/a>de incoherencia, calificando la propuesta como una \u00ab<b>contradicci\u00f3n<\/b>\u00bb con la LOMLOE, que, seg\u00fan \u00e9l, fue responsable del \u00ab<b>ataque<\/b>\u00bb a las escuelas de educaci\u00f3n especial. Mart\u00ednez del R\u00edo destac\u00f3 que la ley oblig\u00f3 el traslado de los alumnos con <a href=\"https:\/\/www.20minutos.es\/minuteca\/discapacidad\/\" title=\"Discapacidad\">discapacidad <\/a>a colegios ordinarios, lo que, en su opini\u00f3n, aumenta el riesgo de acoso escolar y dificulta la inclusi\u00f3n de estos ni\u00f1os en el sistema educativo. <\/p>\n<p>Para los de <a href=\"https:\/\/www.20minutos.es\/minuteca\/santiago-abascal\/\" title=\"Santiago Abascal\">Abascal<\/a>, la contradicci\u00f3n del Gobierno es tal que, se\u00f1alan, volvi\u00f3 a relucir durante la propia sesi\u00f3n parlamentaria. <a href=\"https:\/\/www.20minutos.es\/minuteca\/vox\/\" title=\"Vox\">Vox <\/a>present\u00f3 <b>una enmienda centrada en la defensa y el fortalecimiento de los centros de educaci\u00f3n especial, una propuesta que fue rechazada por el PSOE<\/b>.<\/p>\n<h2>Acoso a la discapacidad, un problema estructural <\/h2>\n<p>El <a href=\"https:\/\/www.20minutos.es\/minuteca\/bullying\/\" title=\"Bullying\"><i>bullying <\/i><\/a>hacia estudiantes con <a href=\"https:\/\/www.20minutos.es\/minuteca\/discapacidad-intelectual\/\" title=\"Discapacidad intelectual\">discapacidad intelectual<\/a> afecta a ocho de cada diez ni\u00f1os, seg\u00fan datos expuestos en el debate parlamentario. Las razones son m\u00faltiples: <b>dificultades de comunicaci\u00f3n, aprendizaje diferenciado y una mayor vulnerabilidad<\/b> frente a sus compa\u00f1eros. Este tipo de acoso incluye desde burlas y exclusi\u00f3n social hasta agresiones f\u00edsicas, en un entorno que muchos califican de \u00abjungla\u00bb para estos menores, especialmente a medida que avanzan hacia la educaci\u00f3n secundaria.<\/p>\n<p>Sin embargo, en los centros de <a href=\"https:\/\/www.20minutos.es\/minuteca\/educacion-especial\/\" title=\"Educaci\u00f3n Especial\">educaci\u00f3n especial<\/a>, el panorama es diametralmente opuesto: solo <b>el 3% de los alumnos<\/b> reportan situaciones de acoso. Estos centros, con ratios reducidos y profesionales especializados, <b>ofrecen un entorno seguro donde los estudiantes pueden desarrollarse en igualdad de condiciones<\/b>, algo que, seg\u00fan los detractores de la LOMLOE, se est\u00e1 viendo comprometido por la tendencia a priorizar la inclusi\u00f3n en centros ordinarios sin dotarlos de los recursos necesarios.<\/p>\n<\/div>\n<p>Fuente: Discapacidad https:\/\/www.20minutos.es\/noticia\/5663797\/0\/pp-vox-denuncian-incoherencia-psoe-lomloe-pnl-que-pretende-reducir-acoso-los-alumnos-con-discapacidad\/<\/p>\n","protected":false},"excerpt":{"rendered":"<p>El Congreso de los Diputados ha aprobado una Proposici\u00f3n no de Ley (PNL) impulsada por el Grupo Parlamentario Socialista que insta al Gobierno a combatir el&#8230;<\/p>\n","protected":false},"author":1,"featured_media":0,"comment_status":"closed","ping_status":"closed","sticky":false,"template":"","format":"standard","meta":{"footnotes":""},"categories":[8],"tags":[],"class_list":["post-10660","post","type-post","status-publish","format-standard","hentry","category-noticias"],"yoast_head":"<!-- This site is optimized with the Yoast SEO plugin v27.5 - https:\/\/yoast.com\/product\/yoast-seo-wordpress\/ -->\n<title>PP y Vox tachan a la PNL del Gobierno contra el acoso en alumnos con discapacidad de &quot;incoherencia&quot; y &quot;canto al sol&quot; - Asociaci\u00f3n Espa\u00f1ola S\u00edndrome de Charge<\/title>\n<meta name=\"robots\" content=\"index, follow, max-snippet:-1, max-image-preview:large, max-video-preview:-1\" \/>\n<link rel=\"canonical\" href=\"https:\/\/sindromecharge.es\/index.php\/2024\/12\/14\/pp-vox-denuncian-incoherencia-psoe-lomloe-pnl-que-pretende-reducir-acoso-los-alumnos-con-discapacidad\/\" \/>\n<meta property=\"og:locale\" content=\"es_ES\" \/>\n<meta property=\"og:type\" content=\"article\" \/>\n<meta property=\"og:title\" content=\"PP y Vox tachan a la PNL del Gobierno contra el acoso en alumnos con discapacidad de &quot;incoherencia&quot; y &quot;canto al sol&quot; - Asociaci\u00f3n Espa\u00f1ola S\u00edndrome de Charge\" \/>\n<meta property=\"og:description\" content=\"El Congreso de los Diputados ha aprobado una Proposici\u00f3n no de Ley (PNL) impulsada por el Grupo Parlamentario Socialista que insta al Gobierno a combatir el&#8230;\" \/>\n<meta property=\"og:url\" content=\"https:\/\/sindromecharge.es\/index.php\/2024\/12\/14\/pp-vox-denuncian-incoherencia-psoe-lomloe-pnl-que-pretende-reducir-acoso-los-alumnos-con-discapacidad\/\" \/>\n<meta property=\"og:site_name\" content=\"Asociaci\u00f3n Espa\u00f1ola S\u00edndrome de Charge\" \/>\n<meta property=\"article:publisher\" content=\"https:\/\/www.facebook.com\/asociacionsindromecharge\" \/>\n<meta property=\"article:published_time\" content=\"2024-12-14T07:31:53+00:00\" \/>\n<meta property=\"og:image\" content=\"https:\/\/sindromecharge.es\/wp-content\/uploads\/2013\/09\/logodecharge300x98.png\" \/>\n\t<meta property=\"og:image:width\" content=\"300\" \/>\n\t<meta property=\"og:image:height\" content=\"98\" \/>\n\t<meta property=\"og:image:type\" content=\"image\/png\" \/>\n<meta name=\"author\" content=\"Charge\" \/>\n<meta name=\"twitter:card\" content=\"summary_large_image\" \/>\n<meta name=\"twitter:creator\" content=\"@sindromecharge\" \/>\n<meta name=\"twitter:site\" content=\"@sindromecharge\" \/>\n<meta name=\"twitter:label1\" content=\"Escrito por\" \/>\n\t<meta name=\"twitter:data1\" content=\"Charge\" \/>\n\t<meta name=\"twitter:label2\" content=\"Tiempo de lectura\" \/>\n\t<meta name=\"twitter:data2\" content=\"4 minutos\" \/>\n<script type=\"application\/ld+json\" class=\"yoast-schema-graph\">{\"@context\":\"https:\\\/\\\/schema.org\",\"@graph\":[{\"@type\":\"Article\",\"@id\":\"https:\\\/\\\/sindromecharge.es\\\/index.php\\\/2024\\\/12\\\/14\\\/pp-vox-denuncian-incoherencia-psoe-lomloe-pnl-que-pretende-reducir-acoso-los-alumnos-con-discapacidad\\\/#article\",\"isPartOf\":{\"@id\":\"https:\\\/\\\/sindromecharge.es\\\/index.php\\\/2024\\\/12\\\/14\\\/pp-vox-denuncian-incoherencia-psoe-lomloe-pnl-que-pretende-reducir-acoso-los-alumnos-con-discapacidad\\\/\"},\"author\":{\"name\":\"Charge\",\"@id\":\"https:\\\/\\\/sindromecharge.es\\\/#\\\/schema\\\/person\\\/39a60ebe0a2b4d5a11179701e336b039\"},\"headline\":\"PP y Vox tachan a la PNL del Gobierno contra el acoso en alumnos con discapacidad de \u00abincoherencia\u00bb y \u00abcanto al sol\u00bb\",\"datePublished\":\"2024-12-14T07:31:53+00:00\",\"mainEntityOfPage\":{\"@id\":\"https:\\\/\\\/sindromecharge.es\\\/index.php\\\/2024\\\/12\\\/14\\\/pp-vox-denuncian-incoherencia-psoe-lomloe-pnl-que-pretende-reducir-acoso-los-alumnos-con-discapacidad\\\/\"},\"wordCount\":833,\"articleSection\":[\"noticias\"],\"inLanguage\":\"es\"},{\"@type\":\"WebPage\",\"@id\":\"https:\\\/\\\/sindromecharge.es\\\/index.php\\\/2024\\\/12\\\/14\\\/pp-vox-denuncian-incoherencia-psoe-lomloe-pnl-que-pretende-reducir-acoso-los-alumnos-con-discapacidad\\\/\",\"url\":\"https:\\\/\\\/sindromecharge.es\\\/index.php\\\/2024\\\/12\\\/14\\\/pp-vox-denuncian-incoherencia-psoe-lomloe-pnl-que-pretende-reducir-acoso-los-alumnos-con-discapacidad\\\/\",\"name\":\"PP y Vox tachan a la PNL del Gobierno contra el acoso en alumnos con discapacidad de \\\"incoherencia\\\" y \\\"canto al sol\\\" - Asociaci\u00f3n Espa\u00f1ola S\u00edndrome de Charge\",\"isPartOf\":{\"@id\":\"https:\\\/\\\/sindromecharge.es\\\/#website\"},\"datePublished\":\"2024-12-14T07:31:53+00:00\",\"author\":{\"@id\":\"https:\\\/\\\/sindromecharge.es\\\/#\\\/schema\\\/person\\\/39a60ebe0a2b4d5a11179701e336b039\"},\"breadcrumb\":{\"@id\":\"https:\\\/\\\/sindromecharge.es\\\/index.php\\\/2024\\\/12\\\/14\\\/pp-vox-denuncian-incoherencia-psoe-lomloe-pnl-que-pretende-reducir-acoso-los-alumnos-con-discapacidad\\\/#breadcrumb\"},\"inLanguage\":\"es\",\"potentialAction\":[{\"@type\":\"ReadAction\",\"target\":[\"https:\\\/\\\/sindromecharge.es\\\/index.php\\\/2024\\\/12\\\/14\\\/pp-vox-denuncian-incoherencia-psoe-lomloe-pnl-que-pretende-reducir-acoso-los-alumnos-con-discapacidad\\\/\"]}]},{\"@type\":\"BreadcrumbList\",\"@id\":\"https:\\\/\\\/sindromecharge.es\\\/index.php\\\/2024\\\/12\\\/14\\\/pp-vox-denuncian-incoherencia-psoe-lomloe-pnl-que-pretende-reducir-acoso-los-alumnos-con-discapacidad\\\/#breadcrumb\",\"itemListElement\":[{\"@type\":\"ListItem\",\"position\":1,\"name\":\"Portada\",\"item\":\"https:\\\/\\\/sindromecharge.es\\\/\"},{\"@type\":\"ListItem\",\"position\":2,\"name\":\"PP y Vox tachan a la PNL del Gobierno contra el acoso en alumnos con discapacidad de &#8220;incoherencia&#8221; y &#8220;canto al sol&#8221;\"}]},{\"@type\":\"WebSite\",\"@id\":\"https:\\\/\\\/sindromecharge.es\\\/#website\",\"url\":\"https:\\\/\\\/sindromecharge.es\\\/\",\"name\":\"Asociaci\u00f3n Espa\u00f1ola S\u00edndrome de Charge\",\"description\":\"\",\"potentialAction\":[{\"@type\":\"SearchAction\",\"target\":{\"@type\":\"EntryPoint\",\"urlTemplate\":\"https:\\\/\\\/sindromecharge.es\\\/?s={search_term_string}\"},\"query-input\":{\"@type\":\"PropertyValueSpecification\",\"valueRequired\":true,\"valueName\":\"search_term_string\"}}],\"inLanguage\":\"es\"},{\"@type\":\"Person\",\"@id\":\"https:\\\/\\\/sindromecharge.es\\\/#\\\/schema\\\/person\\\/39a60ebe0a2b4d5a11179701e336b039\",\"name\":\"Charge\",\"image\":{\"@type\":\"ImageObject\",\"inLanguage\":\"es\",\"@id\":\"https:\\\/\\\/secure.gravatar.com\\\/avatar\\\/c3b46e32a0fc3b093a0873fb767bf3293de856293065e84ef06b7ec7a8acfb98?s=96&d=identicon&r=x\",\"url\":\"https:\\\/\\\/secure.gravatar.com\\\/avatar\\\/c3b46e32a0fc3b093a0873fb767bf3293de856293065e84ef06b7ec7a8acfb98?s=96&d=identicon&r=x\",\"contentUrl\":\"https:\\\/\\\/secure.gravatar.com\\\/avatar\\\/c3b46e32a0fc3b093a0873fb767bf3293de856293065e84ef06b7ec7a8acfb98?s=96&d=identicon&r=x\",\"caption\":\"Charge\"},\"url\":\"https:\\\/\\\/sindromecharge.es\\\/index.php\\\/author\\\/admin\\\/\"}]}<\/script>\n<!-- \/ Yoast SEO plugin. -->","yoast_head_json":{"title":"PP y Vox tachan a la PNL del Gobierno contra el acoso en alumnos con discapacidad de \"incoherencia\" y \"canto al sol\" - Asociaci\u00f3n Espa\u00f1ola S\u00edndrome de Charge","robots":{"index":"index","follow":"follow","max-snippet":"max-snippet:-1","max-image-preview":"max-image-preview:large","max-video-preview":"max-video-preview:-1"},"canonical":"https:\/\/sindromecharge.es\/index.php\/2024\/12\/14\/pp-vox-denuncian-incoherencia-psoe-lomloe-pnl-que-pretende-reducir-acoso-los-alumnos-con-discapacidad\/","og_locale":"es_ES","og_type":"article","og_title":"PP y Vox tachan a la PNL del Gobierno contra el acoso en alumnos con discapacidad de \"incoherencia\" y \"canto al sol\" - Asociaci\u00f3n Espa\u00f1ola S\u00edndrome de Charge","og_description":"El Congreso de los Diputados ha aprobado una Proposici\u00f3n no de Ley (PNL) impulsada por el Grupo Parlamentario Socialista que insta al Gobierno a combatir el&#8230;","og_url":"https:\/\/sindromecharge.es\/index.php\/2024\/12\/14\/pp-vox-denuncian-incoherencia-psoe-lomloe-pnl-que-pretende-reducir-acoso-los-alumnos-con-discapacidad\/","og_site_name":"Asociaci\u00f3n Espa\u00f1ola S\u00edndrome de Charge","article_publisher":"https:\/\/www.facebook.com\/asociacionsindromecharge","article_published_time":"2024-12-14T07:31:53+00:00","og_image":[{"width":300,"height":98,"url":"https:\/\/sindromecharge.es\/wp-content\/uploads\/2013\/09\/logodecharge300x98.png","type":"image\/png"}],"author":"Charge","twitter_card":"summary_large_image","twitter_creator":"@sindromecharge","twitter_site":"@sindromecharge","twitter_misc":{"Escrito por":"Charge","Tiempo de lectura":"4 minutos"},"schema":{"@context":"https:\/\/schema.org","@graph":[{"@type":"Article","@id":"https:\/\/sindromecharge.es\/index.php\/2024\/12\/14\/pp-vox-denuncian-incoherencia-psoe-lomloe-pnl-que-pretende-reducir-acoso-los-alumnos-con-discapacidad\/#article","isPartOf":{"@id":"https:\/\/sindromecharge.es\/index.php\/2024\/12\/14\/pp-vox-denuncian-incoherencia-psoe-lomloe-pnl-que-pretende-reducir-acoso-los-alumnos-con-discapacidad\/"},"author":{"name":"Charge","@id":"https:\/\/sindromecharge.es\/#\/schema\/person\/39a60ebe0a2b4d5a11179701e336b039"},"headline":"PP y Vox tachan a la PNL del Gobierno contra el acoso en alumnos con discapacidad de \u00abincoherencia\u00bb y \u00abcanto al sol\u00bb","datePublished":"2024-12-14T07:31:53+00:00","mainEntityOfPage":{"@id":"https:\/\/sindromecharge.es\/index.php\/2024\/12\/14\/pp-vox-denuncian-incoherencia-psoe-lomloe-pnl-que-pretende-reducir-acoso-los-alumnos-con-discapacidad\/"},"wordCount":833,"articleSection":["noticias"],"inLanguage":"es"},{"@type":"WebPage","@id":"https:\/\/sindromecharge.es\/index.php\/2024\/12\/14\/pp-vox-denuncian-incoherencia-psoe-lomloe-pnl-que-pretende-reducir-acoso-los-alumnos-con-discapacidad\/","url":"https:\/\/sindromecharge.es\/index.php\/2024\/12\/14\/pp-vox-denuncian-incoherencia-psoe-lomloe-pnl-que-pretende-reducir-acoso-los-alumnos-con-discapacidad\/","name":"PP y Vox tachan a la PNL del Gobierno contra el acoso en alumnos con discapacidad de \"incoherencia\" y \"canto al sol\" - Asociaci\u00f3n Espa\u00f1ola S\u00edndrome de Charge","isPartOf":{"@id":"https:\/\/sindromecharge.es\/#website"},"datePublished":"2024-12-14T07:31:53+00:00","author":{"@id":"https:\/\/sindromecharge.es\/#\/schema\/person\/39a60ebe0a2b4d5a11179701e336b039"},"breadcrumb":{"@id":"https:\/\/sindromecharge.es\/index.php\/2024\/12\/14\/pp-vox-denuncian-incoherencia-psoe-lomloe-pnl-que-pretende-reducir-acoso-los-alumnos-con-discapacidad\/#breadcrumb"},"inLanguage":"es","potentialAction":[{"@type":"ReadAction","target":["https:\/\/sindromecharge.es\/index.php\/2024\/12\/14\/pp-vox-denuncian-incoherencia-psoe-lomloe-pnl-que-pretende-reducir-acoso-los-alumnos-con-discapacidad\/"]}]},{"@type":"BreadcrumbList","@id":"https:\/\/sindromecharge.es\/index.php\/2024\/12\/14\/pp-vox-denuncian-incoherencia-psoe-lomloe-pnl-que-pretende-reducir-acoso-los-alumnos-con-discapacidad\/#breadcrumb","itemListElement":[{"@type":"ListItem","position":1,"name":"Portada","item":"https:\/\/sindromecharge.es\/"},{"@type":"ListItem","position":2,"name":"PP y Vox tachan a la PNL del Gobierno contra el acoso en alumnos con discapacidad de &#8220;incoherencia&#8221; y &#8220;canto al sol&#8221;"}]},{"@type":"WebSite","@id":"https:\/\/sindromecharge.es\/#website","url":"https:\/\/sindromecharge.es\/","name":"Asociaci\u00f3n Espa\u00f1ola S\u00edndrome de Charge","description":"","potentialAction":[{"@type":"SearchAction","target":{"@type":"EntryPoint","urlTemplate":"https:\/\/sindromecharge.es\/?s={search_term_string}"},"query-input":{"@type":"PropertyValueSpecification","valueRequired":true,"valueName":"search_term_string"}}],"inLanguage":"es"},{"@type":"Person","@id":"https:\/\/sindromecharge.es\/#\/schema\/person\/39a60ebe0a2b4d5a11179701e336b039","name":"Charge","image":{"@type":"ImageObject","inLanguage":"es","@id":"https:\/\/secure.gravatar.com\/avatar\/c3b46e32a0fc3b093a0873fb767bf3293de856293065e84ef06b7ec7a8acfb98?s=96&d=identicon&r=x","url":"https:\/\/secure.gravatar.com\/avatar\/c3b46e32a0fc3b093a0873fb767bf3293de856293065e84ef06b7ec7a8acfb98?s=96&d=identicon&r=x","contentUrl":"https:\/\/secure.gravatar.com\/avatar\/c3b46e32a0fc3b093a0873fb767bf3293de856293065e84ef06b7ec7a8acfb98?s=96&d=identicon&r=x","caption":"Charge"},"url":"https:\/\/sindromecharge.es\/index.php\/author\/admin\/"}]}},"_links":{"self":[{"href":"https:\/\/sindromecharge.es\/index.php\/wp-json\/wp\/v2\/posts\/10660","targetHints":{"allow":["GET"]}}],"collection":[{"href":"https:\/\/sindromecharge.es\/index.php\/wp-json\/wp\/v2\/posts"}],"about":[{"href":"https:\/\/sindromecharge.es\/index.php\/wp-json\/wp\/v2\/types\/post"}],"author":[{"embeddable":true,"href":"https:\/\/sindromecharge.es\/index.php\/wp-json\/wp\/v2\/users\/1"}],"replies":[{"embeddable":true,"href":"https:\/\/sindromecharge.es\/index.php\/wp-json\/wp\/v2\/comments?post=10660"}],"version-history":[{"count":0,"href":"https:\/\/sindromecharge.es\/index.php\/wp-json\/wp\/v2\/posts\/10660\/revisions"}],"wp:attachment":[{"href":"https:\/\/sindromecharge.es\/index.php\/wp-json\/wp\/v2\/media?parent=10660"}],"wp:term":[{"taxonomy":"category","embeddable":true,"href":"https:\/\/sindromecharge.es\/index.php\/wp-json\/wp\/v2\/categories?post=10660"},{"taxonomy":"post_tag","embeddable":true,"href":"https:\/\/sindromecharge.es\/index.php\/wp-json\/wp\/v2\/tags?post=10660"}],"curies":[{"name":"wp","href":"https:\/\/api.w.org\/{rel}","templated":true}]}}