{"id":10659,"date":"2024-12-14T07:08:40","date_gmt":"2024-12-14T07:08:40","guid":{"rendered":"https:\/\/sindromecharge.es\/index.php\/2024\/12\/14\/acoso-escolar-los-ninos-con-discapacidad-intelectual-nada\/"},"modified":"2024-12-14T07:08:40","modified_gmt":"2024-12-14T07:08:40","slug":"acoso-escolar-los-ninos-con-discapacidad-intelectual-nada","status":"publish","type":"post","link":"https:\/\/sindromecharge.es\/index.php\/2024\/12\/14\/acoso-escolar-los-ninos-con-discapacidad-intelectual-nada\/","title":{"rendered":"El acoso escolar a los ni\u00f1os con discapacidad intelectual y la nada"},"content":{"rendered":"<p>Leemos en Discapacidad la siguiente noticia que os reproducimos de forma \u00edntegra: <\/p>\n<div>\n<p>Existe un drama cotidiano vinculado a las personas con <a href=\"https:\/\/www.20minutos.es\/minuteca\/discapacidad\/\" title=\"Discapacidad\">discapacidad<\/a>, uno de tantos, que duele especialmente: el <i>bullying<\/i> a los ni\u00f1os y adolescentes m\u00e1s fr\u00e1giles, con menos recursos para defenderse y denunciar. Ocho de cada diez estudiantes con <a href=\"https:\/\/www.20minutos.es\/minuteca\/discapacidad-intelectual\/\" title=\"Discapacidad intelectual\">discapacidad intelectual<\/a> son v\u00edctimas <a href=\"https:\/\/www.20minutos.es\/minuteca\/acoso-escolar\/\" title=\"Acoso escolar\">de acoso escolar<\/a> en la educaci\u00f3n ordinaria. Hay expertos que <b>hablan de la inmensa totalidad si el list\u00f3n del abuso se rebaja hasta incluir el aislamiento, la carencia de amigos <\/b>con los que relacionarse, algo que puede doler tanto o m\u00e1s que un insulto o un empuj\u00f3n. <\/p>\n<p>Para todos estos menores existe un lugar seguro. <a href=\"https:\/\/ceddd.org\/index.php\/2022\/10\/24\/el-acoso-a-alumnos-con-discapacidad-desciende-del-90-en-la-educacion-ordinaria-al-3-en-la-educacion-especial\/#:~:text=especial%20%E2%96%BA%20CEDDD-,El%20acoso%20a%20alumnos%20con%20discapacidad%20desciende%20del%2090%25%20en,al%203%25%20en%20la%20especial\">En los centros de educaci\u00f3n especial el acoso es de apenas el 3%<\/a>. El estar entre iguales y con profesionales formados e implicados, con ratios reducidas, ha logrado que las agresiones desaparezcan, permitiendo cimentar sobre ese bienestar una educaci\u00f3n personalizada.  <\/p>\n<p><b>La ordinaria, en cambio, es una jungla para ellos.<\/b> M\u00e1s hostil seg\u00fan van cumpliendo a\u00f1os. Es as\u00ed desde hace a\u00f1os, es as\u00ed ahora, y no se adoptan nunca medidas que protejan a todos estos ni\u00f1os.<b> Al contrario, se dificulta <\/b>el acceso a esos centros especializados, que son oasis de seguridad y buenas pr\u00e1cticas, desde la entrada en vigor de la LOMLOE y una equivocada concepci\u00f3n de la <a href=\"https:\/\/www.20minutos.es\/minuteca\/inclusion\/\" title=\"Inclusi\u00f3n\">inclusi\u00f3n<\/a> <\/p>\n<p>La pasada semana el grupo socialista <a href=\"https:\/\/www.20minutos.es\/noticia\/5663122\/0\/congreso-insta-gobierno-sensibilizar-adoptar-medidas-contra-acoso-escolar-alumnos-con-discapacidad-intelectual\/\">present\u00f3 una Proposici\u00f3n no de Ley contra el acoso escolar<\/a> a los alumnos con discapacidad que fue aprobada en el Congreso y que insta, para solventar esta enorme problem\u00e1tica que <b>tambi\u00e9n afecta, aunque en menor medida, a estudiantes con otros tipos de discapacidad<\/b>, a \u00abpromover actuaciones de sensibilizaci\u00f3n\u00bb y a que se \u00abrefuercen y adapten, cuando sea necesario, los protocolos de acci\u00f3n\u00bb.<\/p>\n<p><b>Nada m\u00e1s. Es decir. La nada <\/b>a la que ya estamos acostumbrados.<b> Buenas palabras sin carga de profundidad <\/b>alguna que suceden a malas acciones y falta de voluntad para arreglar la situaci\u00f3n con medidas efectivas como una reducci\u00f3n sustancial de ratios en ordinaria y un apoyo real a la especial, que es la mejor opci\u00f3n educativa para miles de ni\u00f1os que hoy d\u00eda sufren  en sus escuelas e institutos, ignorados, segregados, insultados y violentados por sus compa\u00f1eros sin discapacidad.  <\/p>\n<p>Obras son amores. <b>Hacen falta recursos y no buenas intenciones para mejorar la vida de las personas con discapacidad.<\/b> Ya tenemos la presa de los cantos al sol rebosante. Un ejemplo reciente: la Estrategia Espa\u00f1ola en Trastornos del Espectro del Autismo aprobada por el ministerio de Bustinduy tras una d\u00e9cada de espera. <a href=\"https:\/\/www.20minutos.es\/noticia\/5232028\/0\/gobierno-presenta-su-primer-plan-para-trastorno-espectro-autista-dotado-con-40-millones-euros\/\">Un nombre rimbombante tras el que solo hay una dotaci\u00f3n de 40 millones de euros<\/a>. Irrisoria teniendo en cuenta que hablamos de medio mill\u00f3n de espa\u00f1oles y que <a href=\"https:\/\/www.20minutos.es\/noticia\/5232763\/0\/miguel-angel-casas-autismo-espana-sobre-plan-tea-estamos-contentos-pero-expectativa-que-se-traduzca-medidas-concretas\/\">tiene a las entidades del autismo a la espera de medidas concretas<\/a>.  <\/p>\n<p>Otro m\u00e1s: <a href=\"https:\/\/www.20minutos.es\/noticia\/5634813\/0\/las-listas-espera-vergueenza\/\" title=\"Las listas de espera de la verg\u00fcenza\">las vergonzantes listas de espera<\/a> para obtener los certificados de discapacidad y las ayudas a la <a href=\"https:\/\/www.20minutos.es\/minuteca\/dependencia\/\" title=\"Dependencia\">dependencia<\/a>, que de forma injustificable abundan en incompatibilidades entre recursos. <\/p>\n<p>Ninguna campa\u00f1a de sensibilizaci\u00f3n ni petici\u00f3n de adaptar unos protocolos cuya efectividad ya es cuestionable de serie, <b>va a revertir de urgencia la situaci\u00f3n de acoso a los menores con discapacidad intelectual en la escuela ordinaria.<\/b> Cuestionar a la especial y negarse a aprender de sus profesionales, no entender que las personas con discapacidad no pueden encajar a martillazos en una idea, tampoco. <\/p>\n<\/p>\n<\/div>\n<p>Fuente: Discapacidad https:\/\/www.20minutos.es\/noticia\/5663714\/0\/acoso-escolar-los-ninos-con-discapacidad-intelectual-nada\/<\/p>\n","protected":false},"excerpt":{"rendered":"<p>\u00abLa educaci\u00f3n ordinaria, al contrario que la especial, es una jungla para los estudiantes con discapacidad intelectual. M\u00e1s hostil seg\u00fan van cumpliendo a\u00f1os\u00bb.<\/p>\n","protected":false},"author":1,"featured_media":0,"comment_status":"closed","ping_status":"closed","sticky":false,"template":"","format":"standard","meta":{"footnotes":""},"categories":[8],"tags":[],"class_list":["post-10659","post","type-post","status-publish","format-standard","hentry","category-noticias"],"yoast_head":"<!-- This site is optimized with the Yoast SEO plugin v27.5 - https:\/\/yoast.com\/product\/yoast-seo-wordpress\/ -->\n<title>El acoso escolar a los ni\u00f1os con discapacidad intelectual y la nada - Asociaci\u00f3n Espa\u00f1ola S\u00edndrome de Charge<\/title>\n<meta name=\"robots\" content=\"index, follow, max-snippet:-1, max-image-preview:large, max-video-preview:-1\" \/>\n<link rel=\"canonical\" href=\"https:\/\/sindromecharge.es\/index.php\/2024\/12\/14\/acoso-escolar-los-ninos-con-discapacidad-intelectual-nada\/\" \/>\n<meta property=\"og:locale\" content=\"es_ES\" \/>\n<meta property=\"og:type\" content=\"article\" \/>\n<meta property=\"og:title\" content=\"El acoso escolar a los ni\u00f1os con discapacidad intelectual y la nada - Asociaci\u00f3n Espa\u00f1ola S\u00edndrome de Charge\" \/>\n<meta property=\"og:description\" content=\"\u00abLa educaci\u00f3n ordinaria, al contrario que la especial, es una jungla para los estudiantes con discapacidad intelectual. M\u00e1s hostil seg\u00fan van cumpliendo a\u00f1os\u00bb.\" \/>\n<meta property=\"og:url\" content=\"https:\/\/sindromecharge.es\/index.php\/2024\/12\/14\/acoso-escolar-los-ninos-con-discapacidad-intelectual-nada\/\" \/>\n<meta property=\"og:site_name\" content=\"Asociaci\u00f3n Espa\u00f1ola S\u00edndrome de Charge\" \/>\n<meta property=\"article:publisher\" content=\"https:\/\/www.facebook.com\/asociacionsindromecharge\" \/>\n<meta property=\"article:published_time\" content=\"2024-12-14T07:08:40+00:00\" \/>\n<meta property=\"og:image\" content=\"https:\/\/sindromecharge.es\/wp-content\/uploads\/2013\/09\/logodecharge300x98.png\" \/>\n\t<meta property=\"og:image:width\" content=\"300\" \/>\n\t<meta property=\"og:image:height\" content=\"98\" \/>\n\t<meta property=\"og:image:type\" content=\"image\/png\" \/>\n<meta name=\"author\" content=\"Charge\" \/>\n<meta name=\"twitter:card\" content=\"summary_large_image\" \/>\n<meta name=\"twitter:creator\" content=\"@sindromecharge\" \/>\n<meta name=\"twitter:site\" content=\"@sindromecharge\" \/>\n<meta name=\"twitter:label1\" content=\"Escrito por\" \/>\n\t<meta name=\"twitter:data1\" content=\"Charge\" \/>\n\t<meta name=\"twitter:label2\" content=\"Tiempo de lectura\" \/>\n\t<meta name=\"twitter:data2\" content=\"3 minutos\" \/>\n<script type=\"application\/ld+json\" class=\"yoast-schema-graph\">{\"@context\":\"https:\\\/\\\/schema.org\",\"@graph\":[{\"@type\":\"Article\",\"@id\":\"https:\\\/\\\/sindromecharge.es\\\/index.php\\\/2024\\\/12\\\/14\\\/acoso-escolar-los-ninos-con-discapacidad-intelectual-nada\\\/#article\",\"isPartOf\":{\"@id\":\"https:\\\/\\\/sindromecharge.es\\\/index.php\\\/2024\\\/12\\\/14\\\/acoso-escolar-los-ninos-con-discapacidad-intelectual-nada\\\/\"},\"author\":{\"name\":\"Charge\",\"@id\":\"https:\\\/\\\/sindromecharge.es\\\/#\\\/schema\\\/person\\\/39a60ebe0a2b4d5a11179701e336b039\"},\"headline\":\"El acoso escolar a los ni\u00f1os con discapacidad intelectual y la nada\",\"datePublished\":\"2024-12-14T07:08:40+00:00\",\"mainEntityOfPage\":{\"@id\":\"https:\\\/\\\/sindromecharge.es\\\/index.php\\\/2024\\\/12\\\/14\\\/acoso-escolar-los-ninos-con-discapacidad-intelectual-nada\\\/\"},\"wordCount\":606,\"articleSection\":[\"noticias\"],\"inLanguage\":\"es\"},{\"@type\":\"WebPage\",\"@id\":\"https:\\\/\\\/sindromecharge.es\\\/index.php\\\/2024\\\/12\\\/14\\\/acoso-escolar-los-ninos-con-discapacidad-intelectual-nada\\\/\",\"url\":\"https:\\\/\\\/sindromecharge.es\\\/index.php\\\/2024\\\/12\\\/14\\\/acoso-escolar-los-ninos-con-discapacidad-intelectual-nada\\\/\",\"name\":\"El acoso escolar a los ni\u00f1os con discapacidad intelectual y la nada - Asociaci\u00f3n Espa\u00f1ola S\u00edndrome de Charge\",\"isPartOf\":{\"@id\":\"https:\\\/\\\/sindromecharge.es\\\/#website\"},\"datePublished\":\"2024-12-14T07:08:40+00:00\",\"author\":{\"@id\":\"https:\\\/\\\/sindromecharge.es\\\/#\\\/schema\\\/person\\\/39a60ebe0a2b4d5a11179701e336b039\"},\"breadcrumb\":{\"@id\":\"https:\\\/\\\/sindromecharge.es\\\/index.php\\\/2024\\\/12\\\/14\\\/acoso-escolar-los-ninos-con-discapacidad-intelectual-nada\\\/#breadcrumb\"},\"inLanguage\":\"es\",\"potentialAction\":[{\"@type\":\"ReadAction\",\"target\":[\"https:\\\/\\\/sindromecharge.es\\\/index.php\\\/2024\\\/12\\\/14\\\/acoso-escolar-los-ninos-con-discapacidad-intelectual-nada\\\/\"]}]},{\"@type\":\"BreadcrumbList\",\"@id\":\"https:\\\/\\\/sindromecharge.es\\\/index.php\\\/2024\\\/12\\\/14\\\/acoso-escolar-los-ninos-con-discapacidad-intelectual-nada\\\/#breadcrumb\",\"itemListElement\":[{\"@type\":\"ListItem\",\"position\":1,\"name\":\"Portada\",\"item\":\"https:\\\/\\\/sindromecharge.es\\\/\"},{\"@type\":\"ListItem\",\"position\":2,\"name\":\"El acoso escolar a los ni\u00f1os con discapacidad intelectual y la nada\"}]},{\"@type\":\"WebSite\",\"@id\":\"https:\\\/\\\/sindromecharge.es\\\/#website\",\"url\":\"https:\\\/\\\/sindromecharge.es\\\/\",\"name\":\"Asociaci\u00f3n Espa\u00f1ola S\u00edndrome de Charge\",\"description\":\"\",\"potentialAction\":[{\"@type\":\"SearchAction\",\"target\":{\"@type\":\"EntryPoint\",\"urlTemplate\":\"https:\\\/\\\/sindromecharge.es\\\/?s={search_term_string}\"},\"query-input\":{\"@type\":\"PropertyValueSpecification\",\"valueRequired\":true,\"valueName\":\"search_term_string\"}}],\"inLanguage\":\"es\"},{\"@type\":\"Person\",\"@id\":\"https:\\\/\\\/sindromecharge.es\\\/#\\\/schema\\\/person\\\/39a60ebe0a2b4d5a11179701e336b039\",\"name\":\"Charge\",\"image\":{\"@type\":\"ImageObject\",\"inLanguage\":\"es\",\"@id\":\"https:\\\/\\\/secure.gravatar.com\\\/avatar\\\/c3b46e32a0fc3b093a0873fb767bf3293de856293065e84ef06b7ec7a8acfb98?s=96&d=identicon&r=x\",\"url\":\"https:\\\/\\\/secure.gravatar.com\\\/avatar\\\/c3b46e32a0fc3b093a0873fb767bf3293de856293065e84ef06b7ec7a8acfb98?s=96&d=identicon&r=x\",\"contentUrl\":\"https:\\\/\\\/secure.gravatar.com\\\/avatar\\\/c3b46e32a0fc3b093a0873fb767bf3293de856293065e84ef06b7ec7a8acfb98?s=96&d=identicon&r=x\",\"caption\":\"Charge\"},\"url\":\"https:\\\/\\\/sindromecharge.es\\\/index.php\\\/author\\\/admin\\\/\"}]}<\/script>\n<!-- \/ Yoast SEO plugin. -->","yoast_head_json":{"title":"El acoso escolar a los ni\u00f1os con discapacidad intelectual y la nada - Asociaci\u00f3n Espa\u00f1ola S\u00edndrome de Charge","robots":{"index":"index","follow":"follow","max-snippet":"max-snippet:-1","max-image-preview":"max-image-preview:large","max-video-preview":"max-video-preview:-1"},"canonical":"https:\/\/sindromecharge.es\/index.php\/2024\/12\/14\/acoso-escolar-los-ninos-con-discapacidad-intelectual-nada\/","og_locale":"es_ES","og_type":"article","og_title":"El acoso escolar a los ni\u00f1os con discapacidad intelectual y la nada - Asociaci\u00f3n Espa\u00f1ola S\u00edndrome de Charge","og_description":"\u00abLa educaci\u00f3n ordinaria, al contrario que la especial, es una jungla para los estudiantes con discapacidad intelectual. M\u00e1s hostil seg\u00fan van cumpliendo a\u00f1os\u00bb.","og_url":"https:\/\/sindromecharge.es\/index.php\/2024\/12\/14\/acoso-escolar-los-ninos-con-discapacidad-intelectual-nada\/","og_site_name":"Asociaci\u00f3n Espa\u00f1ola S\u00edndrome de Charge","article_publisher":"https:\/\/www.facebook.com\/asociacionsindromecharge","article_published_time":"2024-12-14T07:08:40+00:00","og_image":[{"width":300,"height":98,"url":"https:\/\/sindromecharge.es\/wp-content\/uploads\/2013\/09\/logodecharge300x98.png","type":"image\/png"}],"author":"Charge","twitter_card":"summary_large_image","twitter_creator":"@sindromecharge","twitter_site":"@sindromecharge","twitter_misc":{"Escrito por":"Charge","Tiempo de lectura":"3 minutos"},"schema":{"@context":"https:\/\/schema.org","@graph":[{"@type":"Article","@id":"https:\/\/sindromecharge.es\/index.php\/2024\/12\/14\/acoso-escolar-los-ninos-con-discapacidad-intelectual-nada\/#article","isPartOf":{"@id":"https:\/\/sindromecharge.es\/index.php\/2024\/12\/14\/acoso-escolar-los-ninos-con-discapacidad-intelectual-nada\/"},"author":{"name":"Charge","@id":"https:\/\/sindromecharge.es\/#\/schema\/person\/39a60ebe0a2b4d5a11179701e336b039"},"headline":"El acoso escolar a los ni\u00f1os con discapacidad intelectual y la nada","datePublished":"2024-12-14T07:08:40+00:00","mainEntityOfPage":{"@id":"https:\/\/sindromecharge.es\/index.php\/2024\/12\/14\/acoso-escolar-los-ninos-con-discapacidad-intelectual-nada\/"},"wordCount":606,"articleSection":["noticias"],"inLanguage":"es"},{"@type":"WebPage","@id":"https:\/\/sindromecharge.es\/index.php\/2024\/12\/14\/acoso-escolar-los-ninos-con-discapacidad-intelectual-nada\/","url":"https:\/\/sindromecharge.es\/index.php\/2024\/12\/14\/acoso-escolar-los-ninos-con-discapacidad-intelectual-nada\/","name":"El acoso escolar a los ni\u00f1os con discapacidad intelectual y la nada - Asociaci\u00f3n Espa\u00f1ola S\u00edndrome de Charge","isPartOf":{"@id":"https:\/\/sindromecharge.es\/#website"},"datePublished":"2024-12-14T07:08:40+00:00","author":{"@id":"https:\/\/sindromecharge.es\/#\/schema\/person\/39a60ebe0a2b4d5a11179701e336b039"},"breadcrumb":{"@id":"https:\/\/sindromecharge.es\/index.php\/2024\/12\/14\/acoso-escolar-los-ninos-con-discapacidad-intelectual-nada\/#breadcrumb"},"inLanguage":"es","potentialAction":[{"@type":"ReadAction","target":["https:\/\/sindromecharge.es\/index.php\/2024\/12\/14\/acoso-escolar-los-ninos-con-discapacidad-intelectual-nada\/"]}]},{"@type":"BreadcrumbList","@id":"https:\/\/sindromecharge.es\/index.php\/2024\/12\/14\/acoso-escolar-los-ninos-con-discapacidad-intelectual-nada\/#breadcrumb","itemListElement":[{"@type":"ListItem","position":1,"name":"Portada","item":"https:\/\/sindromecharge.es\/"},{"@type":"ListItem","position":2,"name":"El acoso escolar a los ni\u00f1os con discapacidad intelectual y la nada"}]},{"@type":"WebSite","@id":"https:\/\/sindromecharge.es\/#website","url":"https:\/\/sindromecharge.es\/","name":"Asociaci\u00f3n Espa\u00f1ola S\u00edndrome de Charge","description":"","potentialAction":[{"@type":"SearchAction","target":{"@type":"EntryPoint","urlTemplate":"https:\/\/sindromecharge.es\/?s={search_term_string}"},"query-input":{"@type":"PropertyValueSpecification","valueRequired":true,"valueName":"search_term_string"}}],"inLanguage":"es"},{"@type":"Person","@id":"https:\/\/sindromecharge.es\/#\/schema\/person\/39a60ebe0a2b4d5a11179701e336b039","name":"Charge","image":{"@type":"ImageObject","inLanguage":"es","@id":"https:\/\/secure.gravatar.com\/avatar\/c3b46e32a0fc3b093a0873fb767bf3293de856293065e84ef06b7ec7a8acfb98?s=96&d=identicon&r=x","url":"https:\/\/secure.gravatar.com\/avatar\/c3b46e32a0fc3b093a0873fb767bf3293de856293065e84ef06b7ec7a8acfb98?s=96&d=identicon&r=x","contentUrl":"https:\/\/secure.gravatar.com\/avatar\/c3b46e32a0fc3b093a0873fb767bf3293de856293065e84ef06b7ec7a8acfb98?s=96&d=identicon&r=x","caption":"Charge"},"url":"https:\/\/sindromecharge.es\/index.php\/author\/admin\/"}]}},"_links":{"self":[{"href":"https:\/\/sindromecharge.es\/index.php\/wp-json\/wp\/v2\/posts\/10659","targetHints":{"allow":["GET"]}}],"collection":[{"href":"https:\/\/sindromecharge.es\/index.php\/wp-json\/wp\/v2\/posts"}],"about":[{"href":"https:\/\/sindromecharge.es\/index.php\/wp-json\/wp\/v2\/types\/post"}],"author":[{"embeddable":true,"href":"https:\/\/sindromecharge.es\/index.php\/wp-json\/wp\/v2\/users\/1"}],"replies":[{"embeddable":true,"href":"https:\/\/sindromecharge.es\/index.php\/wp-json\/wp\/v2\/comments?post=10659"}],"version-history":[{"count":0,"href":"https:\/\/sindromecharge.es\/index.php\/wp-json\/wp\/v2\/posts\/10659\/revisions"}],"wp:attachment":[{"href":"https:\/\/sindromecharge.es\/index.php\/wp-json\/wp\/v2\/media?parent=10659"}],"wp:term":[{"taxonomy":"category","embeddable":true,"href":"https:\/\/sindromecharge.es\/index.php\/wp-json\/wp\/v2\/categories?post=10659"},{"taxonomy":"post_tag","embeddable":true,"href":"https:\/\/sindromecharge.es\/index.php\/wp-json\/wp\/v2\/tags?post=10659"}],"curies":[{"name":"wp","href":"https:\/\/api.w.org\/{rel}","templated":true}]}}