{"id":10658,"date":"2024-12-13T12:23:08","date_gmt":"2024-12-13T12:23:08","guid":{"rendered":"https:\/\/sindromecharge.es\/index.php\/2024\/12\/13\/los-ocupados-con-discapacidad-crecen-17-000-2023-mientras-paro-baja-20-su-minimo-historico\/"},"modified":"2024-12-13T12:23:08","modified_gmt":"2024-12-13T12:23:08","slug":"los-ocupados-con-discapacidad-crecen-17-000-2023-mientras-paro-baja-20-su-minimo-historico","status":"publish","type":"post","link":"https:\/\/sindromecharge.es\/index.php\/2024\/12\/13\/los-ocupados-con-discapacidad-crecen-17-000-2023-mientras-paro-baja-20-su-minimo-historico\/","title":{"rendered":"Sube en 2023 el n\u00famero de trabajadores con discapacidad, pero la tasa de ocupaci\u00f3n sigue por debajo del 30%"},"content":{"rendered":"<p>Leemos en Discapacidad la siguiente noticia que os reproducimos de forma \u00edntegra: <\/p>\n<div>\n<p>El <b>n\u00famero de ocupados con <a href=\"https:\/\/www.20minutos.es\/minuteca\/discapacidad\/\" title=\"Discapacidad\" target=\"_blank\">discapacidad<\/a><\/b> ascendi\u00f3 en 2023 en 17.000, lo que supone un<b> repunte del 3,16%<\/b>, hasta situarse en <b>554.500 personas<\/b>, mientras que el total de <b>parados descendi\u00f3 en 11.700 (-7,92%)<\/b>, hasta los 136.100 desempleados con discapacidad, con la tasa de paro descendiendo a su m\u00ednimo hist\u00f3rico, <b>por debajo del 20%.<\/b><\/p>\n<p>Estas son algunos de los datos de la <b><a href=\"https:\/\/www.ine.es\/dyngs\/INEbase\/es\/operacion.htm?c=Estadistica_C&amp;cid=1254736055502&amp;menu=ultiDatos&amp;idp=1254735976595\" target=\"_blank\" rel=\"nofollow\">Estad\u00edstica de Empleo y Discapacidad del a\u00f1o 2023<\/a> <\/b>publicados este viernes por el Instituto Nacional de Estad\u00edstica (INE) y recogidos por Servimedia, en una serie que se inicia en el a\u00f1o 2014. En l\u00edneas generales, la evoluci\u00f3n del mercado laboral para las personas con discapacidad fue <b>positiva en el a\u00f1o 2023<\/b>, dado que la<b> tasa de empleo ascendi\u00f3 hasta el 28,5%<\/b>, 0,8 puntos m\u00e1s que en 2022, de modo que se encadenan ya cinco a\u00f1os al alza, pues en el \u00faltimo ejercicio en el que este indicador retrocedi\u00f3 fue 2018.<\/p>\n<p>En paralelo, la tasa de actividad se coloc\u00f3 en el 35,5%, 0,2 puntos m\u00e1s que en el ejercicio 2022,<b> sumando ya cuatro a\u00f1os consecutivos de repuntes<\/b>. No obstante, la subida de 2023 es inferior a la de los a\u00f1os anteriores, puesto que en 2022 creci\u00f3 en 0,7 puntos y en 0,3 tanto en 2021 como en 2020. De su lado, la tasa de paro de las personas con discapacidad fue del 19,7%, el m\u00ednimo de la serie hist\u00f3rica, aunque todav\u00eda lejos de los registros de las personas sin discapacidad.<\/p>\n<p>La<b> bajada de la tasa de desempleo fue de 1,9 puntos con respecto a 2022<\/b>, ocho d\u00e9cimas m\u00e1s que la ca\u00edda del a\u00f1o anterior (-1,1 puntos). En este caso, se acumulan dos a\u00f1os de mejoras, pues la tasa de paro creci\u00f3 en 2021 en tres d\u00e9cimas.<\/p>\n<h2>Mejor las mujeres que los hombres<\/h2>\n<p>Por sexos,<b> los hombres ocupados con discapacidad <\/b>se situaron en 2023 en 312.300, 1.200 menos que en 2022, lo que supone un descenso del 0,39%. En el caso de las <b>mujeres activas<\/b>, la cifra se situ\u00f3 en 242.200, 15.900 ocupadas con discapacidad menos que el anterior ejercicio (-7,03%).<\/p>\n<p>Respecto del<b> total de parados con discapacidad<\/b>, los varones totalizaron 77.800, al descender en 10.700 (-12,09%). Por su parte, las mujeres en desempleo fueron 58.300 en 2023, lo que se traduce en una bajada de 1.000, cifra que en t\u00e9rminos relativos supone una mejora del 1,69%.<\/p>\n<p>As\u00ed las cosas, es rese\u00f1able que mientras que el n\u00famero de ocupados experimenta una <b>mejor evoluci\u00f3n entre las mujeres con discapacidad<\/b>, el descenso del paro es m\u00e1s intenso entre los hombres.<\/p>\n<\/div>\n<p>Fuente: Discapacidad https:\/\/www.20minutos.es\/noticia\/5663710\/0\/los-ocupados-con-discapacidad-crecen-17-000-2023-mientras-paro-baja-20-su-minimo-historico\/<\/p>\n","protected":false},"excerpt":{"rendered":"<p>El n\u00famero de ocupados con discapacidad ascendi\u00f3 en 2023 a 554.500 personas, mientras que la tasa de ocupaci\u00f3n se sit\u00faa a\u00fan en el 28,5%.<\/p>\n","protected":false},"author":1,"featured_media":0,"comment_status":"closed","ping_status":"closed","sticky":false,"template":"","format":"standard","meta":{"footnotes":""},"categories":[8],"tags":[],"class_list":["post-10658","post","type-post","status-publish","format-standard","hentry","category-noticias"],"yoast_head":"<!-- This site is optimized with the Yoast SEO plugin v27.5 - https:\/\/yoast.com\/product\/yoast-seo-wordpress\/ -->\n<title>Sube en 2023 el n\u00famero de trabajadores con discapacidad, pero la tasa de ocupaci\u00f3n sigue por debajo del 30% - Asociaci\u00f3n Espa\u00f1ola S\u00edndrome de Charge<\/title>\n<meta name=\"robots\" content=\"index, follow, max-snippet:-1, max-image-preview:large, max-video-preview:-1\" \/>\n<link rel=\"canonical\" href=\"https:\/\/sindromecharge.es\/index.php\/2024\/12\/13\/los-ocupados-con-discapacidad-crecen-17-000-2023-mientras-paro-baja-20-su-minimo-historico\/\" \/>\n<meta property=\"og:locale\" content=\"es_ES\" \/>\n<meta property=\"og:type\" content=\"article\" \/>\n<meta property=\"og:title\" content=\"Sube en 2023 el n\u00famero de trabajadores con discapacidad, pero la tasa de ocupaci\u00f3n sigue por debajo del 30% - Asociaci\u00f3n Espa\u00f1ola S\u00edndrome de Charge\" \/>\n<meta property=\"og:description\" content=\"El n\u00famero de ocupados con discapacidad ascendi\u00f3 en 2023 a 554.500 personas, mientras que la tasa de ocupaci\u00f3n se sit\u00faa a\u00fan en el 28,5%.\" \/>\n<meta property=\"og:url\" content=\"https:\/\/sindromecharge.es\/index.php\/2024\/12\/13\/los-ocupados-con-discapacidad-crecen-17-000-2023-mientras-paro-baja-20-su-minimo-historico\/\" \/>\n<meta property=\"og:site_name\" content=\"Asociaci\u00f3n Espa\u00f1ola S\u00edndrome de Charge\" \/>\n<meta property=\"article:publisher\" content=\"https:\/\/www.facebook.com\/asociacionsindromecharge\" \/>\n<meta property=\"article:published_time\" content=\"2024-12-13T12:23:08+00:00\" \/>\n<meta property=\"og:image\" content=\"https:\/\/sindromecharge.es\/wp-content\/uploads\/2013\/09\/logodecharge300x98.png\" \/>\n\t<meta property=\"og:image:width\" content=\"300\" \/>\n\t<meta property=\"og:image:height\" content=\"98\" \/>\n\t<meta property=\"og:image:type\" content=\"image\/png\" \/>\n<meta name=\"author\" content=\"Charge\" \/>\n<meta name=\"twitter:card\" content=\"summary_large_image\" \/>\n<meta name=\"twitter:creator\" content=\"@sindromecharge\" \/>\n<meta name=\"twitter:site\" content=\"@sindromecharge\" \/>\n<meta name=\"twitter:label1\" content=\"Escrito por\" \/>\n\t<meta name=\"twitter:data1\" content=\"Charge\" \/>\n\t<meta name=\"twitter:label2\" content=\"Tiempo de lectura\" \/>\n\t<meta name=\"twitter:data2\" content=\"2 minutos\" \/>\n<script type=\"application\/ld+json\" class=\"yoast-schema-graph\">{\"@context\":\"https:\\\/\\\/schema.org\",\"@graph\":[{\"@type\":\"Article\",\"@id\":\"https:\\\/\\\/sindromecharge.es\\\/index.php\\\/2024\\\/12\\\/13\\\/los-ocupados-con-discapacidad-crecen-17-000-2023-mientras-paro-baja-20-su-minimo-historico\\\/#article\",\"isPartOf\":{\"@id\":\"https:\\\/\\\/sindromecharge.es\\\/index.php\\\/2024\\\/12\\\/13\\\/los-ocupados-con-discapacidad-crecen-17-000-2023-mientras-paro-baja-20-su-minimo-historico\\\/\"},\"author\":{\"name\":\"Charge\",\"@id\":\"https:\\\/\\\/sindromecharge.es\\\/#\\\/schema\\\/person\\\/39a60ebe0a2b4d5a11179701e336b039\"},\"headline\":\"Sube en 2023 el n\u00famero de trabajadores con discapacidad, pero la tasa de ocupaci\u00f3n sigue por debajo del 30%\",\"datePublished\":\"2024-12-13T12:23:08+00:00\",\"mainEntityOfPage\":{\"@id\":\"https:\\\/\\\/sindromecharge.es\\\/index.php\\\/2024\\\/12\\\/13\\\/los-ocupados-con-discapacidad-crecen-17-000-2023-mientras-paro-baja-20-su-minimo-historico\\\/\"},\"wordCount\":449,\"articleSection\":[\"noticias\"],\"inLanguage\":\"es\"},{\"@type\":\"WebPage\",\"@id\":\"https:\\\/\\\/sindromecharge.es\\\/index.php\\\/2024\\\/12\\\/13\\\/los-ocupados-con-discapacidad-crecen-17-000-2023-mientras-paro-baja-20-su-minimo-historico\\\/\",\"url\":\"https:\\\/\\\/sindromecharge.es\\\/index.php\\\/2024\\\/12\\\/13\\\/los-ocupados-con-discapacidad-crecen-17-000-2023-mientras-paro-baja-20-su-minimo-historico\\\/\",\"name\":\"Sube en 2023 el n\u00famero de trabajadores con discapacidad, pero la tasa de ocupaci\u00f3n sigue por debajo del 30% - Asociaci\u00f3n Espa\u00f1ola S\u00edndrome de Charge\",\"isPartOf\":{\"@id\":\"https:\\\/\\\/sindromecharge.es\\\/#website\"},\"datePublished\":\"2024-12-13T12:23:08+00:00\",\"author\":{\"@id\":\"https:\\\/\\\/sindromecharge.es\\\/#\\\/schema\\\/person\\\/39a60ebe0a2b4d5a11179701e336b039\"},\"breadcrumb\":{\"@id\":\"https:\\\/\\\/sindromecharge.es\\\/index.php\\\/2024\\\/12\\\/13\\\/los-ocupados-con-discapacidad-crecen-17-000-2023-mientras-paro-baja-20-su-minimo-historico\\\/#breadcrumb\"},\"inLanguage\":\"es\",\"potentialAction\":[{\"@type\":\"ReadAction\",\"target\":[\"https:\\\/\\\/sindromecharge.es\\\/index.php\\\/2024\\\/12\\\/13\\\/los-ocupados-con-discapacidad-crecen-17-000-2023-mientras-paro-baja-20-su-minimo-historico\\\/\"]}]},{\"@type\":\"BreadcrumbList\",\"@id\":\"https:\\\/\\\/sindromecharge.es\\\/index.php\\\/2024\\\/12\\\/13\\\/los-ocupados-con-discapacidad-crecen-17-000-2023-mientras-paro-baja-20-su-minimo-historico\\\/#breadcrumb\",\"itemListElement\":[{\"@type\":\"ListItem\",\"position\":1,\"name\":\"Portada\",\"item\":\"https:\\\/\\\/sindromecharge.es\\\/\"},{\"@type\":\"ListItem\",\"position\":2,\"name\":\"Sube en 2023 el n\u00famero de trabajadores con discapacidad, pero la tasa de ocupaci\u00f3n sigue por debajo del 30%\"}]},{\"@type\":\"WebSite\",\"@id\":\"https:\\\/\\\/sindromecharge.es\\\/#website\",\"url\":\"https:\\\/\\\/sindromecharge.es\\\/\",\"name\":\"Asociaci\u00f3n Espa\u00f1ola S\u00edndrome de Charge\",\"description\":\"\",\"potentialAction\":[{\"@type\":\"SearchAction\",\"target\":{\"@type\":\"EntryPoint\",\"urlTemplate\":\"https:\\\/\\\/sindromecharge.es\\\/?s={search_term_string}\"},\"query-input\":{\"@type\":\"PropertyValueSpecification\",\"valueRequired\":true,\"valueName\":\"search_term_string\"}}],\"inLanguage\":\"es\"},{\"@type\":\"Person\",\"@id\":\"https:\\\/\\\/sindromecharge.es\\\/#\\\/schema\\\/person\\\/39a60ebe0a2b4d5a11179701e336b039\",\"name\":\"Charge\",\"image\":{\"@type\":\"ImageObject\",\"inLanguage\":\"es\",\"@id\":\"https:\\\/\\\/secure.gravatar.com\\\/avatar\\\/c3b46e32a0fc3b093a0873fb767bf3293de856293065e84ef06b7ec7a8acfb98?s=96&d=identicon&r=x\",\"url\":\"https:\\\/\\\/secure.gravatar.com\\\/avatar\\\/c3b46e32a0fc3b093a0873fb767bf3293de856293065e84ef06b7ec7a8acfb98?s=96&d=identicon&r=x\",\"contentUrl\":\"https:\\\/\\\/secure.gravatar.com\\\/avatar\\\/c3b46e32a0fc3b093a0873fb767bf3293de856293065e84ef06b7ec7a8acfb98?s=96&d=identicon&r=x\",\"caption\":\"Charge\"},\"url\":\"https:\\\/\\\/sindromecharge.es\\\/index.php\\\/author\\\/admin\\\/\"}]}<\/script>\n<!-- \/ Yoast SEO plugin. -->","yoast_head_json":{"title":"Sube en 2023 el n\u00famero de trabajadores con discapacidad, pero la tasa de ocupaci\u00f3n sigue por debajo del 30% - Asociaci\u00f3n Espa\u00f1ola S\u00edndrome de Charge","robots":{"index":"index","follow":"follow","max-snippet":"max-snippet:-1","max-image-preview":"max-image-preview:large","max-video-preview":"max-video-preview:-1"},"canonical":"https:\/\/sindromecharge.es\/index.php\/2024\/12\/13\/los-ocupados-con-discapacidad-crecen-17-000-2023-mientras-paro-baja-20-su-minimo-historico\/","og_locale":"es_ES","og_type":"article","og_title":"Sube en 2023 el n\u00famero de trabajadores con discapacidad, pero la tasa de ocupaci\u00f3n sigue por debajo del 30% - Asociaci\u00f3n Espa\u00f1ola S\u00edndrome de Charge","og_description":"El n\u00famero de ocupados con discapacidad ascendi\u00f3 en 2023 a 554.500 personas, mientras que la tasa de ocupaci\u00f3n se sit\u00faa a\u00fan en el 28,5%.","og_url":"https:\/\/sindromecharge.es\/index.php\/2024\/12\/13\/los-ocupados-con-discapacidad-crecen-17-000-2023-mientras-paro-baja-20-su-minimo-historico\/","og_site_name":"Asociaci\u00f3n Espa\u00f1ola S\u00edndrome de Charge","article_publisher":"https:\/\/www.facebook.com\/asociacionsindromecharge","article_published_time":"2024-12-13T12:23:08+00:00","og_image":[{"width":300,"height":98,"url":"https:\/\/sindromecharge.es\/wp-content\/uploads\/2013\/09\/logodecharge300x98.png","type":"image\/png"}],"author":"Charge","twitter_card":"summary_large_image","twitter_creator":"@sindromecharge","twitter_site":"@sindromecharge","twitter_misc":{"Escrito por":"Charge","Tiempo de lectura":"2 minutos"},"schema":{"@context":"https:\/\/schema.org","@graph":[{"@type":"Article","@id":"https:\/\/sindromecharge.es\/index.php\/2024\/12\/13\/los-ocupados-con-discapacidad-crecen-17-000-2023-mientras-paro-baja-20-su-minimo-historico\/#article","isPartOf":{"@id":"https:\/\/sindromecharge.es\/index.php\/2024\/12\/13\/los-ocupados-con-discapacidad-crecen-17-000-2023-mientras-paro-baja-20-su-minimo-historico\/"},"author":{"name":"Charge","@id":"https:\/\/sindromecharge.es\/#\/schema\/person\/39a60ebe0a2b4d5a11179701e336b039"},"headline":"Sube en 2023 el n\u00famero de trabajadores con discapacidad, pero la tasa de ocupaci\u00f3n sigue por debajo del 30%","datePublished":"2024-12-13T12:23:08+00:00","mainEntityOfPage":{"@id":"https:\/\/sindromecharge.es\/index.php\/2024\/12\/13\/los-ocupados-con-discapacidad-crecen-17-000-2023-mientras-paro-baja-20-su-minimo-historico\/"},"wordCount":449,"articleSection":["noticias"],"inLanguage":"es"},{"@type":"WebPage","@id":"https:\/\/sindromecharge.es\/index.php\/2024\/12\/13\/los-ocupados-con-discapacidad-crecen-17-000-2023-mientras-paro-baja-20-su-minimo-historico\/","url":"https:\/\/sindromecharge.es\/index.php\/2024\/12\/13\/los-ocupados-con-discapacidad-crecen-17-000-2023-mientras-paro-baja-20-su-minimo-historico\/","name":"Sube en 2023 el n\u00famero de trabajadores con discapacidad, pero la tasa de ocupaci\u00f3n sigue por debajo del 30% - Asociaci\u00f3n Espa\u00f1ola S\u00edndrome de Charge","isPartOf":{"@id":"https:\/\/sindromecharge.es\/#website"},"datePublished":"2024-12-13T12:23:08+00:00","author":{"@id":"https:\/\/sindromecharge.es\/#\/schema\/person\/39a60ebe0a2b4d5a11179701e336b039"},"breadcrumb":{"@id":"https:\/\/sindromecharge.es\/index.php\/2024\/12\/13\/los-ocupados-con-discapacidad-crecen-17-000-2023-mientras-paro-baja-20-su-minimo-historico\/#breadcrumb"},"inLanguage":"es","potentialAction":[{"@type":"ReadAction","target":["https:\/\/sindromecharge.es\/index.php\/2024\/12\/13\/los-ocupados-con-discapacidad-crecen-17-000-2023-mientras-paro-baja-20-su-minimo-historico\/"]}]},{"@type":"BreadcrumbList","@id":"https:\/\/sindromecharge.es\/index.php\/2024\/12\/13\/los-ocupados-con-discapacidad-crecen-17-000-2023-mientras-paro-baja-20-su-minimo-historico\/#breadcrumb","itemListElement":[{"@type":"ListItem","position":1,"name":"Portada","item":"https:\/\/sindromecharge.es\/"},{"@type":"ListItem","position":2,"name":"Sube en 2023 el n\u00famero de trabajadores con discapacidad, pero la tasa de ocupaci\u00f3n sigue por debajo del 30%"}]},{"@type":"WebSite","@id":"https:\/\/sindromecharge.es\/#website","url":"https:\/\/sindromecharge.es\/","name":"Asociaci\u00f3n Espa\u00f1ola S\u00edndrome de Charge","description":"","potentialAction":[{"@type":"SearchAction","target":{"@type":"EntryPoint","urlTemplate":"https:\/\/sindromecharge.es\/?s={search_term_string}"},"query-input":{"@type":"PropertyValueSpecification","valueRequired":true,"valueName":"search_term_string"}}],"inLanguage":"es"},{"@type":"Person","@id":"https:\/\/sindromecharge.es\/#\/schema\/person\/39a60ebe0a2b4d5a11179701e336b039","name":"Charge","image":{"@type":"ImageObject","inLanguage":"es","@id":"https:\/\/secure.gravatar.com\/avatar\/c3b46e32a0fc3b093a0873fb767bf3293de856293065e84ef06b7ec7a8acfb98?s=96&d=identicon&r=x","url":"https:\/\/secure.gravatar.com\/avatar\/c3b46e32a0fc3b093a0873fb767bf3293de856293065e84ef06b7ec7a8acfb98?s=96&d=identicon&r=x","contentUrl":"https:\/\/secure.gravatar.com\/avatar\/c3b46e32a0fc3b093a0873fb767bf3293de856293065e84ef06b7ec7a8acfb98?s=96&d=identicon&r=x","caption":"Charge"},"url":"https:\/\/sindromecharge.es\/index.php\/author\/admin\/"}]}},"_links":{"self":[{"href":"https:\/\/sindromecharge.es\/index.php\/wp-json\/wp\/v2\/posts\/10658","targetHints":{"allow":["GET"]}}],"collection":[{"href":"https:\/\/sindromecharge.es\/index.php\/wp-json\/wp\/v2\/posts"}],"about":[{"href":"https:\/\/sindromecharge.es\/index.php\/wp-json\/wp\/v2\/types\/post"}],"author":[{"embeddable":true,"href":"https:\/\/sindromecharge.es\/index.php\/wp-json\/wp\/v2\/users\/1"}],"replies":[{"embeddable":true,"href":"https:\/\/sindromecharge.es\/index.php\/wp-json\/wp\/v2\/comments?post=10658"}],"version-history":[{"count":0,"href":"https:\/\/sindromecharge.es\/index.php\/wp-json\/wp\/v2\/posts\/10658\/revisions"}],"wp:attachment":[{"href":"https:\/\/sindromecharge.es\/index.php\/wp-json\/wp\/v2\/media?parent=10658"}],"wp:term":[{"taxonomy":"category","embeddable":true,"href":"https:\/\/sindromecharge.es\/index.php\/wp-json\/wp\/v2\/categories?post=10658"},{"taxonomy":"post_tag","embeddable":true,"href":"https:\/\/sindromecharge.es\/index.php\/wp-json\/wp\/v2\/tags?post=10658"}],"curies":[{"name":"wp","href":"https:\/\/api.w.org\/{rel}","templated":true}]}}