{"id":10657,"date":"2024-12-13T07:32:02","date_gmt":"2024-12-13T07:32:02","guid":{"rendered":"https:\/\/sindromecharge.es\/index.php\/2024\/12\/13\/karima-hassanyar-refugiada-con-discapacidad-quiero-quedarme-espana-como-hacia-mi-pais-ayudar-las-personas\/"},"modified":"2024-12-13T07:32:02","modified_gmt":"2024-12-13T07:32:02","slug":"karima-hassanyar-refugiada-con-discapacidad-quiero-quedarme-espana-como-hacia-mi-pais-ayudar-las-personas","status":"publish","type":"post","link":"https:\/\/sindromecharge.es\/index.php\/2024\/12\/13\/karima-hassanyar-refugiada-con-discapacidad-quiero-quedarme-espana-como-hacia-mi-pais-ayudar-las-personas\/","title":{"rendered":"Karima Hassanyar, refugiada afgana con discapacidad: \u00abQuiero quedarme en Espa\u00f1a y, como hac\u00eda en mi pa\u00eds, ayudar a las personas\u00bb"},"content":{"rendered":"<p>Leemos en Discapacidad la siguiente noticia que os reproducimos de forma \u00edntegra: <\/p>\n<div>\n<p>Debido a los conflictos b\u00e9licos y a otro tipo de desplazamientos forzosos, como desastres naturales, el n\u00famero de personas que tiene que buscar <b>refugio o asilo <\/b>es pa\u00edses como Espa\u00f1a es cada vez mayor.<\/p>\n<p>Para acoger a estas personas, existen en nuestro pa\u00eds una serie de protocolos. Sin embargo, como se puso de manifiesto en la jornada <b>\u2018Encuentro en la interseccionalidad. Discapacidad y refugio\u2019,<\/b> organizada por <b><a href=\"https:\/\/www.20minutos.es\/minuteca\/once\/\" title=\"ONCE\" target=\"_blank\">ONCE<\/a>,<a href=\"https:\/\/www.20minutos.es\/minuteca\/cermi\/\" title=\"Cermi\" target=\"_blank\"> CERMI<\/a> y ACNUR<\/b>, estos protocolos no tienen en cuenta a las personas refugiadas o demandantes de asilo que tienen <a href=\"https:\/\/www.20minutos.es\/minuteca\/discapacidad\/\" title=\"Discapacidad\" target=\"_blank\">discapacidad<\/a>. De hecho, como reconoce Gregorio Saravia, delegado del CERMI para los Derechos Humanos y la Convenci\u00f3n de la ONU de la Discapacidad, ni siquiera existen datos sobre cu\u00e1ntas o <b>qu\u00e9 porcentaje de las personas refugiadas tiene alg\u00fan tipo de discapacidad<\/b>. <\/p>\n<p>Esto provoca que estas personas est\u00e9n todav\u00eda m\u00e1s desamparadas, \u00abhace falta una alianza entre el tercer sector de la discapacidad y el sector que trabaja con personas refugiadas y solicitantes de asilo. Y eso es lo que estamos intentando hacer entre CERMI, ONCE y ACNUR, adem\u00e1s de con la administraci\u00f3n, que<b> no sabe muy bien c\u00f3mo abordar el problema\u00bb<\/b>, asegura Saravia, \u00abporque a d\u00eda de hoy, al sector de la discapacidad le falta tener conocimientos sobre el sistema de protecci\u00f3n internacional y al sistema de protecci\u00f3n internacional le faltaba tener conocimiento sobre discapacidad y las necesidades de las personas con discapacidad\u00bb.<\/p>\n<p>Todo eso lleva a que, una vez en su pa\u00eds de destino, las personas refugiadas que adem\u00e1s tengan discapacidad se encuentren con <b>obst\u00e1culos en la asistencia y la acogida<\/b> porque, como asegura el delegado de CERMI, \u00abno se trata solo de poner recursos, sino que los recursos sean adecuados, porque cada persona con discapacidad tiene unas <b>necesidades muy diferentes<\/b>\u00ab.<\/p>\n<p><b>Karima Hassanyar<\/b>, que lleva 10 meses en Espa\u00f1a junto a su marido Nassir y su hijo, es una de esas personas que necesitan de unos recursos espec\u00edficos, porque <b>tanto ella como su marido, tienen discapacidad<\/b>. Ambos a ra\u00edz de una explosi\u00f3n, algo muy com\u00fan en pa\u00edses como Afganist\u00e1n, que es de donde proceden. De hecho,<b> tambi\u00e9n tiene discapacidad su hermano<\/b>, que se ha quedado en su pa\u00eds junto al resto de su familia.<\/p>\n<p>Salieron de su pa\u00eds por varios motivos, pero principalmente, como explica Karima, \u00ab<b>salimos de all\u00ed en 2022, cuando llegaron los talibanes al poder<\/b>, porque no dejan trabajar a las mujeres, ni salir a la calle sin su marido. Adem\u00e1s, las personas con discapacidad all\u00ed lo tenemos mucho m\u00e1s dif\u00edcil en todos los sentidos\u00bb. <\/p>\n<h1>Dej\u00e9 Afganist\u00e1n porque los talibanes no dejan trabajar a las mujeres y porque las personas con discapacidad all\u00ed lo tenemos muy dif\u00edcil<\/h1>\n<p>De hecho, <b>antes de los talibanes, ya no lo ten\u00edan f\u00e1cil<\/b>. Ella pudo estudiar medicina y <b>encontr\u00f3 trabajo en un hospital de Kabul en la Cruz Roja<\/b>, en el que atend\u00eda a personas con discapacidad y donde todos sus compa\u00f1eros sanitarios tambi\u00e9n ten\u00edan discapacidad. La mayor\u00eda, como es el caso de ella y su marido, con discapacidad f\u00edsica a causa de explosiones, \u00aball\u00ed explotaban bombas todas las semanas\u00bb, nos cuenta.<\/p>\n<p>Gracias a una periodista espa\u00f1ola, logr\u00f3, junto con otros compa\u00f1eros m\u00e9dicos, salir de Afganist\u00e1n y refugiarse provisionalmente en Ir\u00e1n, desde donde pudo pedir asilo. Desde all\u00ed, llegaron a principios de a\u00f1o a Espa\u00f1a, donde les atienden <b>ONG como Rescate y AMAE <\/b>(Asociaci\u00f3n de Mujeres Afganas en Espa\u00f1a).<\/p>\n<p>Aunque es cierto que est\u00e1n encantados con la atenci\u00f3n y la ayuda, muchos de los recursos que existen no est\u00e1n adaptados para personas con discapacidad. Ambos estudian espa\u00f1ol, lo que sin duda les abrir\u00e1 puertas para trabajar, pero, por ejemplo, los cursos que hace su marido para abrirle las puertas al mercado laboral no son los m\u00e1s adecuados para personas que, como \u00e9l, <b>necesitan una pr\u00f3tesis de pierna y tiene dificultades para caminar<\/b>. Y a ella, que trabajaba como m\u00e9dico ortopedista, no tiene acceso a d\u00eda de hoy -pues viven en un peque\u00f1o pueblo de Guadalajara- a cursos de profesiones sanitarias para poder ejercer algo parecido a la profesi\u00f3n que desempe\u00f1aba en su pa\u00eds, que es, adem\u00e1s, lo que a ella le gustar\u00eda hacer,<b> \u00abquiero trabajar en un hospital\u00bb,<\/b> repiti\u00f3 en varias ocasiones.<\/p>\n<p>Con m\u00e1s formaci\u00f3n para las personas que trabajan ayudando a los refugiados, estos problemas se podr\u00edan minimizar, los apoyos podr\u00edan ser m\u00e1s individualizados, \u00abdesde CERMI insistimos en lo importante que es la pedagog\u00eda en cuestiones de discapacidad, y ya no solo con los trabajadores sociales u otras personas que atiendan a personas que solicitan asilo, tambi\u00e9n la polic\u00eda, la Guardia Civil, el personal de ONG\u2026 por eso<b> es importante que la gente de ACNUR sepa de discapacidad<\/b>, y <b>que el CERMI sepa de refugiados<\/b>, para que sepamos con qu\u00e9 tipo de dificultades se puede encontrar una persona solicitante con discapacidad\u00bb, insiste Gregorio Saravia. <\/p>\n<h2>En tr\u00e1mites para conseguir la discapacidad\u2026 y pr\u00f3tesis <\/h2>\n<p>En el momento en que una persona es refugiada entra en Espa\u00f1a, tiene una serie de derechos recogidos tanto en la normativa nacional como en la normativa internacional ratificada por Espa\u00f1a, como la<b> Convenci\u00f3n Internacional sobre los Derechos de las personas con discapacidad<\/b>, pero, como explica Gregorio Saravia, la discapacidad les impide muchas veces acceder a esos derechos, \u00aben situaciones de emergencia,<b> tienen los mismos derechos que las dem\u00e1s personas<\/b> -como el derecho a la vida, a la integridad f\u00edsica, a no v\u00edctima de abuso \u2026-, pero encuentran con barreras que les impiden acceder a ellos\u00bb, es decir, que tienen que poder ejercerlos en condiciones de igualdad con el resto de las personas, pero su discapacidad se lo dificulta.<b> Para ejercerlos en condiciones de igualdad necesitan apoyos personalizados<\/b> y, sobre todo, <a href=\"https:\/\/www.20minutos.es\/minuteca\/accesibilidad\/\" title=\"Accesibilidad\" target=\"_blank\">accesibilidad<\/a>.<\/p>\n<p>En el caso de Karima y su marido, es cierto que tienen asistencia sanitaria, pero, no todo lo r\u00e1pida que se necesitar\u00eda en caso. <b>Tanto ella como su marido como ella necesitan pr\u00f3tesis nuevas<\/b> para poder llevar una vida normalizada y trabajar. \u00c9l tiene la pr\u00f3tesis rota desde hace m\u00e1s de un a\u00f1o, pero sin un especialista que se la prescriba,<b> no puede acceder a ella debido a su elevado precio<\/b>. Lo que s\u00ed ha conseguido es obtener la <b>tarjeta de discapacidad <\/b>para acceder a algunos derechos, algo para lo que ella tendr\u00e1 que esperar, \u00abme han dicho que primero tenemos que resolver lo de mi marido, y que luego ya empezamos con lo m\u00edo\u00bb, asegura resignada Karima.<\/p>\n<p>Ellos necesitan este reconocimiento con premura, pues las prestaciones que reciben como refugiados se acaban y <b>necesitan que al menos uno de ellos trabaje<\/b>. Sin tarjeta de discapacidad y sin apoyos, lo tienen m\u00e1s dif\u00edcil, \u00absabemos que han llegado a Espa\u00f1a, de conflictos como el de <a href=\"https:\/\/www.20minutos.es\/minuteca\/ucrania\/\" title=\"Ucrania\">Ucrania<\/a>, personas con discapacidad, con todos los problemas que se puede encontrar una persona en esa situaci\u00f3n tan extrema, pero con una serie de<b> necesidades adicionales que hab\u00eda que atender<\/b>. Y lo cierto es que no estamos preparados para hacerlo, porque ni en Espa\u00f1a ni en otros pa\u00edses se tiene en cuenta la situaci\u00f3n de discapacidad de las personas que llegan cuando se preparan los protocolos, se disponen de los espacios de acogida o cuando se establecen los<b> itinerarios de inclusi\u00f3<\/b>n. Si no hemos tenido en cuenta la discapacidad, nos vamos a encontrar con una serie de problemas y de <b>exclusiones de derechos muy graves<\/b>\u00ab, asegura Saravia.<\/p>\n<h1>Ni en Espa\u00f1a ni en otros pa\u00edses se tiene en cuenta la situaci\u00f3n de discapacidad de las personas que llegan<\/h1>\n<p>Desde CERMI, junto con ONCE, ACNUR y diversos ministerios, est\u00e1n intentando solventar estos problemas, \u00ablo primero es tomar conciencia de que esto es una responsabilidad compartida, porque<b> ninguna administraci\u00f3n p\u00fablica tiene todas las herramientas para hacer que una acogida sea realmente inclusiva<\/b>. Necesitamos la cooperaci\u00f3n, alianzas, la colaboraci\u00f3n p\u00fablico privada, el tercer sector\u2026 y la <b>participaci\u00f3n de las propias personas con discapacidad<\/b>, y esa participaci\u00f3n pasa, necesariamente porque tengan informaci\u00f3n, conozcan sus derechos, que pueda comprender su situaci\u00f3n\u2026 y eso se consigue con accesibilidad\u00bb.<\/p>\n<p>Karima y su marido est\u00e1n deseando poder hacerlo, poder participar y poder aportar su granito de arena en un pa\u00eds que los ha acogido con los brazos abiertos, y tienen muy claro c\u00f3mo quieren hacerlo, <b>\u00abno nos gustar\u00eda volver a Afganist\u00e1n<\/b>, porque no es un lugar bueno para que vivan las mujeres ni las personas con discapacidad. Yo quiero quedarme y, como hac\u00eda en mi pa\u00eds, trabajar en un hospital para seguir ayudando a las personas con discapacidad\u00bb.<\/p>\n<\/div>\n<p>Fuente: Discapacidad https:\/\/www.20minutos.es\/noticia\/5663507\/0\/karima-hassanyar-refugiada-con-discapacidad-quiero-quedarme-espana-como-hacia-mi-pais-ayudar-las-personas\/<\/p>\n","protected":false},"excerpt":{"rendered":"<p>Karima Hassanyar era m\u00e9dico ortopedista en Afganist\u00e1n, de donde huy\u00f3 cuando llegaron los talibanes al poder.<\/p>\n","protected":false},"author":1,"featured_media":0,"comment_status":"closed","ping_status":"closed","sticky":false,"template":"","format":"standard","meta":{"footnotes":""},"categories":[8],"tags":[],"class_list":["post-10657","post","type-post","status-publish","format-standard","hentry","category-noticias"],"yoast_head":"<!-- This site is optimized with the Yoast SEO plugin v27.5 - https:\/\/yoast.com\/product\/yoast-seo-wordpress\/ -->\n<title>Karima Hassanyar, refugiada afgana con discapacidad: &quot;Quiero quedarme en Espa\u00f1a y, como hac\u00eda en mi pa\u00eds, ayudar a las personas&quot; - Asociaci\u00f3n Espa\u00f1ola S\u00edndrome de Charge<\/title>\n<meta name=\"robots\" content=\"index, follow, max-snippet:-1, max-image-preview:large, max-video-preview:-1\" \/>\n<link rel=\"canonical\" href=\"https:\/\/sindromecharge.es\/index.php\/2024\/12\/13\/karima-hassanyar-refugiada-con-discapacidad-quiero-quedarme-espana-como-hacia-mi-pais-ayudar-las-personas\/\" \/>\n<meta property=\"og:locale\" content=\"es_ES\" \/>\n<meta property=\"og:type\" content=\"article\" \/>\n<meta property=\"og:title\" content=\"Karima Hassanyar, refugiada afgana con discapacidad: &quot;Quiero quedarme en Espa\u00f1a y, como hac\u00eda en mi pa\u00eds, ayudar a las personas&quot; - Asociaci\u00f3n Espa\u00f1ola S\u00edndrome de Charge\" \/>\n<meta property=\"og:description\" content=\"Karima Hassanyar era m\u00e9dico ortopedista en Afganist\u00e1n, de donde huy\u00f3 cuando llegaron los talibanes al poder.\" \/>\n<meta property=\"og:url\" content=\"https:\/\/sindromecharge.es\/index.php\/2024\/12\/13\/karima-hassanyar-refugiada-con-discapacidad-quiero-quedarme-espana-como-hacia-mi-pais-ayudar-las-personas\/\" \/>\n<meta property=\"og:site_name\" content=\"Asociaci\u00f3n Espa\u00f1ola S\u00edndrome de Charge\" \/>\n<meta property=\"article:publisher\" content=\"https:\/\/www.facebook.com\/asociacionsindromecharge\" \/>\n<meta property=\"article:published_time\" content=\"2024-12-13T07:32:02+00:00\" \/>\n<meta property=\"og:image\" content=\"https:\/\/sindromecharge.es\/wp-content\/uploads\/2013\/09\/logodecharge300x98.png\" \/>\n\t<meta property=\"og:image:width\" content=\"300\" \/>\n\t<meta property=\"og:image:height\" content=\"98\" \/>\n\t<meta property=\"og:image:type\" content=\"image\/png\" \/>\n<meta name=\"author\" content=\"Charge\" \/>\n<meta name=\"twitter:card\" content=\"summary_large_image\" \/>\n<meta name=\"twitter:creator\" content=\"@sindromecharge\" \/>\n<meta name=\"twitter:site\" content=\"@sindromecharge\" \/>\n<meta name=\"twitter:label1\" content=\"Escrito por\" \/>\n\t<meta name=\"twitter:data1\" content=\"Charge\" \/>\n\t<meta name=\"twitter:label2\" content=\"Tiempo de lectura\" \/>\n\t<meta name=\"twitter:data2\" content=\"8 minutos\" \/>\n<script type=\"application\/ld+json\" class=\"yoast-schema-graph\">{\"@context\":\"https:\\\/\\\/schema.org\",\"@graph\":[{\"@type\":\"Article\",\"@id\":\"https:\\\/\\\/sindromecharge.es\\\/index.php\\\/2024\\\/12\\\/13\\\/karima-hassanyar-refugiada-con-discapacidad-quiero-quedarme-espana-como-hacia-mi-pais-ayudar-las-personas\\\/#article\",\"isPartOf\":{\"@id\":\"https:\\\/\\\/sindromecharge.es\\\/index.php\\\/2024\\\/12\\\/13\\\/karima-hassanyar-refugiada-con-discapacidad-quiero-quedarme-espana-como-hacia-mi-pais-ayudar-las-personas\\\/\"},\"author\":{\"name\":\"Charge\",\"@id\":\"https:\\\/\\\/sindromecharge.es\\\/#\\\/schema\\\/person\\\/39a60ebe0a2b4d5a11179701e336b039\"},\"headline\":\"Karima Hassanyar, refugiada afgana con discapacidad: \u00abQuiero quedarme en Espa\u00f1a y, como hac\u00eda en mi pa\u00eds, ayudar a las personas\u00bb\",\"datePublished\":\"2024-12-13T07:32:02+00:00\",\"mainEntityOfPage\":{\"@id\":\"https:\\\/\\\/sindromecharge.es\\\/index.php\\\/2024\\\/12\\\/13\\\/karima-hassanyar-refugiada-con-discapacidad-quiero-quedarme-espana-como-hacia-mi-pais-ayudar-las-personas\\\/\"},\"wordCount\":1540,\"articleSection\":[\"noticias\"],\"inLanguage\":\"es\"},{\"@type\":\"WebPage\",\"@id\":\"https:\\\/\\\/sindromecharge.es\\\/index.php\\\/2024\\\/12\\\/13\\\/karima-hassanyar-refugiada-con-discapacidad-quiero-quedarme-espana-como-hacia-mi-pais-ayudar-las-personas\\\/\",\"url\":\"https:\\\/\\\/sindromecharge.es\\\/index.php\\\/2024\\\/12\\\/13\\\/karima-hassanyar-refugiada-con-discapacidad-quiero-quedarme-espana-como-hacia-mi-pais-ayudar-las-personas\\\/\",\"name\":\"Karima Hassanyar, refugiada afgana con discapacidad: \\\"Quiero quedarme en Espa\u00f1a y, como hac\u00eda en mi pa\u00eds, ayudar a las personas\\\" - Asociaci\u00f3n Espa\u00f1ola S\u00edndrome de Charge\",\"isPartOf\":{\"@id\":\"https:\\\/\\\/sindromecharge.es\\\/#website\"},\"datePublished\":\"2024-12-13T07:32:02+00:00\",\"author\":{\"@id\":\"https:\\\/\\\/sindromecharge.es\\\/#\\\/schema\\\/person\\\/39a60ebe0a2b4d5a11179701e336b039\"},\"breadcrumb\":{\"@id\":\"https:\\\/\\\/sindromecharge.es\\\/index.php\\\/2024\\\/12\\\/13\\\/karima-hassanyar-refugiada-con-discapacidad-quiero-quedarme-espana-como-hacia-mi-pais-ayudar-las-personas\\\/#breadcrumb\"},\"inLanguage\":\"es\",\"potentialAction\":[{\"@type\":\"ReadAction\",\"target\":[\"https:\\\/\\\/sindromecharge.es\\\/index.php\\\/2024\\\/12\\\/13\\\/karima-hassanyar-refugiada-con-discapacidad-quiero-quedarme-espana-como-hacia-mi-pais-ayudar-las-personas\\\/\"]}]},{\"@type\":\"BreadcrumbList\",\"@id\":\"https:\\\/\\\/sindromecharge.es\\\/index.php\\\/2024\\\/12\\\/13\\\/karima-hassanyar-refugiada-con-discapacidad-quiero-quedarme-espana-como-hacia-mi-pais-ayudar-las-personas\\\/#breadcrumb\",\"itemListElement\":[{\"@type\":\"ListItem\",\"position\":1,\"name\":\"Portada\",\"item\":\"https:\\\/\\\/sindromecharge.es\\\/\"},{\"@type\":\"ListItem\",\"position\":2,\"name\":\"Karima Hassanyar, refugiada afgana con discapacidad: &#8220;Quiero quedarme en Espa\u00f1a y, como hac\u00eda en mi pa\u00eds, ayudar a las personas&#8221;\"}]},{\"@type\":\"WebSite\",\"@id\":\"https:\\\/\\\/sindromecharge.es\\\/#website\",\"url\":\"https:\\\/\\\/sindromecharge.es\\\/\",\"name\":\"Asociaci\u00f3n Espa\u00f1ola S\u00edndrome de Charge\",\"description\":\"\",\"potentialAction\":[{\"@type\":\"SearchAction\",\"target\":{\"@type\":\"EntryPoint\",\"urlTemplate\":\"https:\\\/\\\/sindromecharge.es\\\/?s={search_term_string}\"},\"query-input\":{\"@type\":\"PropertyValueSpecification\",\"valueRequired\":true,\"valueName\":\"search_term_string\"}}],\"inLanguage\":\"es\"},{\"@type\":\"Person\",\"@id\":\"https:\\\/\\\/sindromecharge.es\\\/#\\\/schema\\\/person\\\/39a60ebe0a2b4d5a11179701e336b039\",\"name\":\"Charge\",\"image\":{\"@type\":\"ImageObject\",\"inLanguage\":\"es\",\"@id\":\"https:\\\/\\\/secure.gravatar.com\\\/avatar\\\/c3b46e32a0fc3b093a0873fb767bf3293de856293065e84ef06b7ec7a8acfb98?s=96&d=identicon&r=x\",\"url\":\"https:\\\/\\\/secure.gravatar.com\\\/avatar\\\/c3b46e32a0fc3b093a0873fb767bf3293de856293065e84ef06b7ec7a8acfb98?s=96&d=identicon&r=x\",\"contentUrl\":\"https:\\\/\\\/secure.gravatar.com\\\/avatar\\\/c3b46e32a0fc3b093a0873fb767bf3293de856293065e84ef06b7ec7a8acfb98?s=96&d=identicon&r=x\",\"caption\":\"Charge\"},\"url\":\"https:\\\/\\\/sindromecharge.es\\\/index.php\\\/author\\\/admin\\\/\"}]}<\/script>\n<!-- \/ Yoast SEO plugin. -->","yoast_head_json":{"title":"Karima Hassanyar, refugiada afgana con discapacidad: \"Quiero quedarme en Espa\u00f1a y, como hac\u00eda en mi pa\u00eds, ayudar a las personas\" - Asociaci\u00f3n Espa\u00f1ola S\u00edndrome de Charge","robots":{"index":"index","follow":"follow","max-snippet":"max-snippet:-1","max-image-preview":"max-image-preview:large","max-video-preview":"max-video-preview:-1"},"canonical":"https:\/\/sindromecharge.es\/index.php\/2024\/12\/13\/karima-hassanyar-refugiada-con-discapacidad-quiero-quedarme-espana-como-hacia-mi-pais-ayudar-las-personas\/","og_locale":"es_ES","og_type":"article","og_title":"Karima Hassanyar, refugiada afgana con discapacidad: \"Quiero quedarme en Espa\u00f1a y, como hac\u00eda en mi pa\u00eds, ayudar a las personas\" - Asociaci\u00f3n Espa\u00f1ola S\u00edndrome de Charge","og_description":"Karima Hassanyar era m\u00e9dico ortopedista en Afganist\u00e1n, de donde huy\u00f3 cuando llegaron los talibanes al poder.","og_url":"https:\/\/sindromecharge.es\/index.php\/2024\/12\/13\/karima-hassanyar-refugiada-con-discapacidad-quiero-quedarme-espana-como-hacia-mi-pais-ayudar-las-personas\/","og_site_name":"Asociaci\u00f3n Espa\u00f1ola S\u00edndrome de Charge","article_publisher":"https:\/\/www.facebook.com\/asociacionsindromecharge","article_published_time":"2024-12-13T07:32:02+00:00","og_image":[{"width":300,"height":98,"url":"https:\/\/sindromecharge.es\/wp-content\/uploads\/2013\/09\/logodecharge300x98.png","type":"image\/png"}],"author":"Charge","twitter_card":"summary_large_image","twitter_creator":"@sindromecharge","twitter_site":"@sindromecharge","twitter_misc":{"Escrito por":"Charge","Tiempo de lectura":"8 minutos"},"schema":{"@context":"https:\/\/schema.org","@graph":[{"@type":"Article","@id":"https:\/\/sindromecharge.es\/index.php\/2024\/12\/13\/karima-hassanyar-refugiada-con-discapacidad-quiero-quedarme-espana-como-hacia-mi-pais-ayudar-las-personas\/#article","isPartOf":{"@id":"https:\/\/sindromecharge.es\/index.php\/2024\/12\/13\/karima-hassanyar-refugiada-con-discapacidad-quiero-quedarme-espana-como-hacia-mi-pais-ayudar-las-personas\/"},"author":{"name":"Charge","@id":"https:\/\/sindromecharge.es\/#\/schema\/person\/39a60ebe0a2b4d5a11179701e336b039"},"headline":"Karima Hassanyar, refugiada afgana con discapacidad: \u00abQuiero quedarme en Espa\u00f1a y, como hac\u00eda en mi pa\u00eds, ayudar a las personas\u00bb","datePublished":"2024-12-13T07:32:02+00:00","mainEntityOfPage":{"@id":"https:\/\/sindromecharge.es\/index.php\/2024\/12\/13\/karima-hassanyar-refugiada-con-discapacidad-quiero-quedarme-espana-como-hacia-mi-pais-ayudar-las-personas\/"},"wordCount":1540,"articleSection":["noticias"],"inLanguage":"es"},{"@type":"WebPage","@id":"https:\/\/sindromecharge.es\/index.php\/2024\/12\/13\/karima-hassanyar-refugiada-con-discapacidad-quiero-quedarme-espana-como-hacia-mi-pais-ayudar-las-personas\/","url":"https:\/\/sindromecharge.es\/index.php\/2024\/12\/13\/karima-hassanyar-refugiada-con-discapacidad-quiero-quedarme-espana-como-hacia-mi-pais-ayudar-las-personas\/","name":"Karima Hassanyar, refugiada afgana con discapacidad: \"Quiero quedarme en Espa\u00f1a y, como hac\u00eda en mi pa\u00eds, ayudar a las personas\" - Asociaci\u00f3n Espa\u00f1ola S\u00edndrome de Charge","isPartOf":{"@id":"https:\/\/sindromecharge.es\/#website"},"datePublished":"2024-12-13T07:32:02+00:00","author":{"@id":"https:\/\/sindromecharge.es\/#\/schema\/person\/39a60ebe0a2b4d5a11179701e336b039"},"breadcrumb":{"@id":"https:\/\/sindromecharge.es\/index.php\/2024\/12\/13\/karima-hassanyar-refugiada-con-discapacidad-quiero-quedarme-espana-como-hacia-mi-pais-ayudar-las-personas\/#breadcrumb"},"inLanguage":"es","potentialAction":[{"@type":"ReadAction","target":["https:\/\/sindromecharge.es\/index.php\/2024\/12\/13\/karima-hassanyar-refugiada-con-discapacidad-quiero-quedarme-espana-como-hacia-mi-pais-ayudar-las-personas\/"]}]},{"@type":"BreadcrumbList","@id":"https:\/\/sindromecharge.es\/index.php\/2024\/12\/13\/karima-hassanyar-refugiada-con-discapacidad-quiero-quedarme-espana-como-hacia-mi-pais-ayudar-las-personas\/#breadcrumb","itemListElement":[{"@type":"ListItem","position":1,"name":"Portada","item":"https:\/\/sindromecharge.es\/"},{"@type":"ListItem","position":2,"name":"Karima Hassanyar, refugiada afgana con discapacidad: &#8220;Quiero quedarme en Espa\u00f1a y, como hac\u00eda en mi pa\u00eds, ayudar a las personas&#8221;"}]},{"@type":"WebSite","@id":"https:\/\/sindromecharge.es\/#website","url":"https:\/\/sindromecharge.es\/","name":"Asociaci\u00f3n Espa\u00f1ola S\u00edndrome de Charge","description":"","potentialAction":[{"@type":"SearchAction","target":{"@type":"EntryPoint","urlTemplate":"https:\/\/sindromecharge.es\/?s={search_term_string}"},"query-input":{"@type":"PropertyValueSpecification","valueRequired":true,"valueName":"search_term_string"}}],"inLanguage":"es"},{"@type":"Person","@id":"https:\/\/sindromecharge.es\/#\/schema\/person\/39a60ebe0a2b4d5a11179701e336b039","name":"Charge","image":{"@type":"ImageObject","inLanguage":"es","@id":"https:\/\/secure.gravatar.com\/avatar\/c3b46e32a0fc3b093a0873fb767bf3293de856293065e84ef06b7ec7a8acfb98?s=96&d=identicon&r=x","url":"https:\/\/secure.gravatar.com\/avatar\/c3b46e32a0fc3b093a0873fb767bf3293de856293065e84ef06b7ec7a8acfb98?s=96&d=identicon&r=x","contentUrl":"https:\/\/secure.gravatar.com\/avatar\/c3b46e32a0fc3b093a0873fb767bf3293de856293065e84ef06b7ec7a8acfb98?s=96&d=identicon&r=x","caption":"Charge"},"url":"https:\/\/sindromecharge.es\/index.php\/author\/admin\/"}]}},"_links":{"self":[{"href":"https:\/\/sindromecharge.es\/index.php\/wp-json\/wp\/v2\/posts\/10657","targetHints":{"allow":["GET"]}}],"collection":[{"href":"https:\/\/sindromecharge.es\/index.php\/wp-json\/wp\/v2\/posts"}],"about":[{"href":"https:\/\/sindromecharge.es\/index.php\/wp-json\/wp\/v2\/types\/post"}],"author":[{"embeddable":true,"href":"https:\/\/sindromecharge.es\/index.php\/wp-json\/wp\/v2\/users\/1"}],"replies":[{"embeddable":true,"href":"https:\/\/sindromecharge.es\/index.php\/wp-json\/wp\/v2\/comments?post=10657"}],"version-history":[{"count":0,"href":"https:\/\/sindromecharge.es\/index.php\/wp-json\/wp\/v2\/posts\/10657\/revisions"}],"wp:attachment":[{"href":"https:\/\/sindromecharge.es\/index.php\/wp-json\/wp\/v2\/media?parent=10657"}],"wp:term":[{"taxonomy":"category","embeddable":true,"href":"https:\/\/sindromecharge.es\/index.php\/wp-json\/wp\/v2\/categories?post=10657"},{"taxonomy":"post_tag","embeddable":true,"href":"https:\/\/sindromecharge.es\/index.php\/wp-json\/wp\/v2\/tags?post=10657"}],"curies":[{"name":"wp","href":"https:\/\/api.w.org\/{rel}","templated":true}]}}