{"id":10656,"date":"2024-12-13T06:46:17","date_gmt":"2024-12-13T06:46:17","guid":{"rendered":"https:\/\/sindromecharge.es\/index.php\/2024\/12\/13\/te-han-concedido-una-incapacidad-permanente-puede-que-tengas-derecho-estas-indemnizaciones\/"},"modified":"2024-12-13T06:46:17","modified_gmt":"2024-12-13T06:46:17","slug":"te-han-concedido-una-incapacidad-permanente-puede-que-tengas-derecho-estas-indemnizaciones","status":"publish","type":"post","link":"https:\/\/sindromecharge.es\/index.php\/2024\/12\/13\/te-han-concedido-una-incapacidad-permanente-puede-que-tengas-derecho-estas-indemnizaciones\/","title":{"rendered":"\u00bfTe han concedido una incapacidad permanente? Puede que tengas derecho a estas indemnizaciones"},"content":{"rendered":"<p>Leemos en Discapacidad la siguiente noticia que os reproducimos de forma \u00edntegra: <\/p>\n<div>\n<p>Aquellas personas a las que, en un determinado momento, se les reconozca una<b> incapacidad permanente<\/b>, ya sea<b> total, absoluta o gran invalidez<\/b>, puede tener derecho a algo m\u00e1s que una pensi\u00f3n, pues, como advierte <b>Pedro L\u00f3pez en Tododiscapacidad<\/b>, otras <a href=\"https:\/\/grupogarantia.es\/video\/indemnizaciones-adicionales-por-incapacidad\/\" target=\"_blank\" rel=\"nofollow\">compensaciones econ\u00f3micas adicionales<\/a> que puedes recibir, \u00aben muchos casos, no es solo poder cobrar la pensi\u00f3n, sino que puede que tengamos alg\u00fan seguro que recoja que, debido a una incapacidad, vamos a cobrar una indemnizaci\u00f3n\u00bb. <\/p>\n<p>Estas indemnizaciones adicionales est\u00e1n dise\u00f1adas para ayudar a que las personas en esta situaci\u00f3n <b>mantengan la estabilidad financiera<\/b>, pues, tras la incapacidad, suele producirse una p\u00e9rdida de capacidad econ\u00f3mica.<\/p>\n<p>Antes esta situaci\u00f3n, cuando una persona tenga la resoluci\u00f3n de INSS con una incapacidad permanente, en el momento que se reconozca, L\u00f3pez recomienda que \u00ab<b>revisemos y leamos los contratos<\/b> del seguro de hogar, el seguro de vida, los contratos de los productos financieros, como las tarjetas e incluso las tarjetas de grandes superficies porque en algunas cl\u00e1usulas se establece que se puede<b> cobrar una determinada cantidad <\/b>de dinero o se cobra una <b>indemnizaci\u00f3n por ser una persona pensionista<\/b>, y la mayor\u00eda de las personas lo desconocen\u00bb, avisa.<\/p>\n<p>Tambi\u00e9n incluso es recomendable <b>revisar los convenios colectivos<\/b>, pues algunos puede que recojan este tipo de indemnizaciones para sus trabajadores.<\/p>\n<p>Si tienes dudas o necesitas orientaci\u00f3n, no dudes en buscar asesoramiento especializado, y si quieres resolver dudas como esta, relacionadas con el mundo de la <a href=\"https:\/\/www.20minutos.es\/minuteca\/discapacidad\/\" title=\"Discapacidad\" target=\"_blank\">discapacidad<\/a> y el derecho, es posible mandar preguntas a trav\u00e9s &#8216;<a href=\"https:\/\/www.instagram.com\/tododiscapacidad\/\" target=\"_blank\" rel=\"nofollow\">Tododiscapacidad<\/a>&#8216;, el perfil que Pedro L\u00f3pez de Cerro ha creado en Instagram.<\/p>\n<\/div>\n<p>Fuente: Discapacidad https:\/\/www.20minutos.es\/noticia\/5663124\/0\/te-han-concedido-una-incapacidad-permanente-puede-que-tengas-derecho-estas-indemnizaciones\/<\/p>\n","protected":false},"excerpt":{"rendered":"<p>El abogado Pedro L\u00f3pez explica a qu\u00e9 indemnizaciones podemos tener derecho cuando nos conceden una incapacidad permanente<\/p>\n","protected":false},"author":1,"featured_media":0,"comment_status":"closed","ping_status":"closed","sticky":false,"template":"","format":"standard","meta":{"footnotes":""},"categories":[8],"tags":[],"class_list":["post-10656","post","type-post","status-publish","format-standard","hentry","category-noticias"],"yoast_head":"<!-- This site is optimized with the Yoast SEO plugin v27.5 - https:\/\/yoast.com\/product\/yoast-seo-wordpress\/ -->\n<title>\u00bfTe han concedido una incapacidad permanente? Puede que tengas derecho a estas indemnizaciones - Asociaci\u00f3n Espa\u00f1ola S\u00edndrome de Charge<\/title>\n<meta name=\"robots\" content=\"index, follow, max-snippet:-1, max-image-preview:large, max-video-preview:-1\" \/>\n<link rel=\"canonical\" href=\"https:\/\/sindromecharge.es\/index.php\/2024\/12\/13\/te-han-concedido-una-incapacidad-permanente-puede-que-tengas-derecho-estas-indemnizaciones\/\" \/>\n<meta property=\"og:locale\" content=\"es_ES\" \/>\n<meta property=\"og:type\" content=\"article\" \/>\n<meta property=\"og:title\" content=\"\u00bfTe han concedido una incapacidad permanente? Puede que tengas derecho a estas indemnizaciones - Asociaci\u00f3n Espa\u00f1ola S\u00edndrome de Charge\" \/>\n<meta property=\"og:description\" content=\"El abogado Pedro L\u00f3pez explica a qu\u00e9 indemnizaciones podemos tener derecho cuando nos conceden una incapacidad permanente\" \/>\n<meta property=\"og:url\" content=\"https:\/\/sindromecharge.es\/index.php\/2024\/12\/13\/te-han-concedido-una-incapacidad-permanente-puede-que-tengas-derecho-estas-indemnizaciones\/\" \/>\n<meta property=\"og:site_name\" content=\"Asociaci\u00f3n Espa\u00f1ola S\u00edndrome de Charge\" \/>\n<meta property=\"article:publisher\" content=\"https:\/\/www.facebook.com\/asociacionsindromecharge\" \/>\n<meta property=\"article:published_time\" content=\"2024-12-13T06:46:17+00:00\" \/>\n<meta property=\"og:image\" content=\"https:\/\/sindromecharge.es\/wp-content\/uploads\/2013\/09\/logodecharge300x98.png\" \/>\n\t<meta property=\"og:image:width\" content=\"300\" \/>\n\t<meta property=\"og:image:height\" content=\"98\" \/>\n\t<meta property=\"og:image:type\" content=\"image\/png\" \/>\n<meta name=\"author\" content=\"Charge\" \/>\n<meta name=\"twitter:card\" content=\"summary_large_image\" \/>\n<meta name=\"twitter:creator\" content=\"@sindromecharge\" \/>\n<meta name=\"twitter:site\" content=\"@sindromecharge\" \/>\n<meta name=\"twitter:label1\" content=\"Escrito por\" \/>\n\t<meta name=\"twitter:data1\" content=\"Charge\" \/>\n\t<meta name=\"twitter:label2\" content=\"Tiempo de lectura\" \/>\n\t<meta name=\"twitter:data2\" content=\"1 minuto\" \/>\n<script type=\"application\/ld+json\" class=\"yoast-schema-graph\">{\"@context\":\"https:\\\/\\\/schema.org\",\"@graph\":[{\"@type\":\"Article\",\"@id\":\"https:\\\/\\\/sindromecharge.es\\\/index.php\\\/2024\\\/12\\\/13\\\/te-han-concedido-una-incapacidad-permanente-puede-que-tengas-derecho-estas-indemnizaciones\\\/#article\",\"isPartOf\":{\"@id\":\"https:\\\/\\\/sindromecharge.es\\\/index.php\\\/2024\\\/12\\\/13\\\/te-han-concedido-una-incapacidad-permanente-puede-que-tengas-derecho-estas-indemnizaciones\\\/\"},\"author\":{\"name\":\"Charge\",\"@id\":\"https:\\\/\\\/sindromecharge.es\\\/#\\\/schema\\\/person\\\/39a60ebe0a2b4d5a11179701e336b039\"},\"headline\":\"\u00bfTe han concedido una incapacidad permanente? Puede que tengas derecho a estas indemnizaciones\",\"datePublished\":\"2024-12-13T06:46:17+00:00\",\"mainEntityOfPage\":{\"@id\":\"https:\\\/\\\/sindromecharge.es\\\/index.php\\\/2024\\\/12\\\/13\\\/te-han-concedido-una-incapacidad-permanente-puede-que-tengas-derecho-estas-indemnizaciones\\\/\"},\"wordCount\":312,\"articleSection\":[\"noticias\"],\"inLanguage\":\"es\"},{\"@type\":\"WebPage\",\"@id\":\"https:\\\/\\\/sindromecharge.es\\\/index.php\\\/2024\\\/12\\\/13\\\/te-han-concedido-una-incapacidad-permanente-puede-que-tengas-derecho-estas-indemnizaciones\\\/\",\"url\":\"https:\\\/\\\/sindromecharge.es\\\/index.php\\\/2024\\\/12\\\/13\\\/te-han-concedido-una-incapacidad-permanente-puede-que-tengas-derecho-estas-indemnizaciones\\\/\",\"name\":\"\u00bfTe han concedido una incapacidad permanente? Puede que tengas derecho a estas indemnizaciones - Asociaci\u00f3n Espa\u00f1ola S\u00edndrome de Charge\",\"isPartOf\":{\"@id\":\"https:\\\/\\\/sindromecharge.es\\\/#website\"},\"datePublished\":\"2024-12-13T06:46:17+00:00\",\"author\":{\"@id\":\"https:\\\/\\\/sindromecharge.es\\\/#\\\/schema\\\/person\\\/39a60ebe0a2b4d5a11179701e336b039\"},\"breadcrumb\":{\"@id\":\"https:\\\/\\\/sindromecharge.es\\\/index.php\\\/2024\\\/12\\\/13\\\/te-han-concedido-una-incapacidad-permanente-puede-que-tengas-derecho-estas-indemnizaciones\\\/#breadcrumb\"},\"inLanguage\":\"es\",\"potentialAction\":[{\"@type\":\"ReadAction\",\"target\":[\"https:\\\/\\\/sindromecharge.es\\\/index.php\\\/2024\\\/12\\\/13\\\/te-han-concedido-una-incapacidad-permanente-puede-que-tengas-derecho-estas-indemnizaciones\\\/\"]}]},{\"@type\":\"BreadcrumbList\",\"@id\":\"https:\\\/\\\/sindromecharge.es\\\/index.php\\\/2024\\\/12\\\/13\\\/te-han-concedido-una-incapacidad-permanente-puede-que-tengas-derecho-estas-indemnizaciones\\\/#breadcrumb\",\"itemListElement\":[{\"@type\":\"ListItem\",\"position\":1,\"name\":\"Portada\",\"item\":\"https:\\\/\\\/sindromecharge.es\\\/\"},{\"@type\":\"ListItem\",\"position\":2,\"name\":\"\u00bfTe han concedido una incapacidad permanente? Puede que tengas derecho a estas indemnizaciones\"}]},{\"@type\":\"WebSite\",\"@id\":\"https:\\\/\\\/sindromecharge.es\\\/#website\",\"url\":\"https:\\\/\\\/sindromecharge.es\\\/\",\"name\":\"Asociaci\u00f3n Espa\u00f1ola S\u00edndrome de Charge\",\"description\":\"\",\"potentialAction\":[{\"@type\":\"SearchAction\",\"target\":{\"@type\":\"EntryPoint\",\"urlTemplate\":\"https:\\\/\\\/sindromecharge.es\\\/?s={search_term_string}\"},\"query-input\":{\"@type\":\"PropertyValueSpecification\",\"valueRequired\":true,\"valueName\":\"search_term_string\"}}],\"inLanguage\":\"es\"},{\"@type\":\"Person\",\"@id\":\"https:\\\/\\\/sindromecharge.es\\\/#\\\/schema\\\/person\\\/39a60ebe0a2b4d5a11179701e336b039\",\"name\":\"Charge\",\"image\":{\"@type\":\"ImageObject\",\"inLanguage\":\"es\",\"@id\":\"https:\\\/\\\/secure.gravatar.com\\\/avatar\\\/c3b46e32a0fc3b093a0873fb767bf3293de856293065e84ef06b7ec7a8acfb98?s=96&d=identicon&r=x\",\"url\":\"https:\\\/\\\/secure.gravatar.com\\\/avatar\\\/c3b46e32a0fc3b093a0873fb767bf3293de856293065e84ef06b7ec7a8acfb98?s=96&d=identicon&r=x\",\"contentUrl\":\"https:\\\/\\\/secure.gravatar.com\\\/avatar\\\/c3b46e32a0fc3b093a0873fb767bf3293de856293065e84ef06b7ec7a8acfb98?s=96&d=identicon&r=x\",\"caption\":\"Charge\"},\"url\":\"https:\\\/\\\/sindromecharge.es\\\/index.php\\\/author\\\/admin\\\/\"}]}<\/script>\n<!-- \/ Yoast SEO plugin. -->","yoast_head_json":{"title":"\u00bfTe han concedido una incapacidad permanente? Puede que tengas derecho a estas indemnizaciones - Asociaci\u00f3n Espa\u00f1ola S\u00edndrome de Charge","robots":{"index":"index","follow":"follow","max-snippet":"max-snippet:-1","max-image-preview":"max-image-preview:large","max-video-preview":"max-video-preview:-1"},"canonical":"https:\/\/sindromecharge.es\/index.php\/2024\/12\/13\/te-han-concedido-una-incapacidad-permanente-puede-que-tengas-derecho-estas-indemnizaciones\/","og_locale":"es_ES","og_type":"article","og_title":"\u00bfTe han concedido una incapacidad permanente? Puede que tengas derecho a estas indemnizaciones - Asociaci\u00f3n Espa\u00f1ola S\u00edndrome de Charge","og_description":"El abogado Pedro L\u00f3pez explica a qu\u00e9 indemnizaciones podemos tener derecho cuando nos conceden una incapacidad permanente","og_url":"https:\/\/sindromecharge.es\/index.php\/2024\/12\/13\/te-han-concedido-una-incapacidad-permanente-puede-que-tengas-derecho-estas-indemnizaciones\/","og_site_name":"Asociaci\u00f3n Espa\u00f1ola S\u00edndrome de Charge","article_publisher":"https:\/\/www.facebook.com\/asociacionsindromecharge","article_published_time":"2024-12-13T06:46:17+00:00","og_image":[{"width":300,"height":98,"url":"https:\/\/sindromecharge.es\/wp-content\/uploads\/2013\/09\/logodecharge300x98.png","type":"image\/png"}],"author":"Charge","twitter_card":"summary_large_image","twitter_creator":"@sindromecharge","twitter_site":"@sindromecharge","twitter_misc":{"Escrito por":"Charge","Tiempo de lectura":"1 minuto"},"schema":{"@context":"https:\/\/schema.org","@graph":[{"@type":"Article","@id":"https:\/\/sindromecharge.es\/index.php\/2024\/12\/13\/te-han-concedido-una-incapacidad-permanente-puede-que-tengas-derecho-estas-indemnizaciones\/#article","isPartOf":{"@id":"https:\/\/sindromecharge.es\/index.php\/2024\/12\/13\/te-han-concedido-una-incapacidad-permanente-puede-que-tengas-derecho-estas-indemnizaciones\/"},"author":{"name":"Charge","@id":"https:\/\/sindromecharge.es\/#\/schema\/person\/39a60ebe0a2b4d5a11179701e336b039"},"headline":"\u00bfTe han concedido una incapacidad permanente? Puede que tengas derecho a estas indemnizaciones","datePublished":"2024-12-13T06:46:17+00:00","mainEntityOfPage":{"@id":"https:\/\/sindromecharge.es\/index.php\/2024\/12\/13\/te-han-concedido-una-incapacidad-permanente-puede-que-tengas-derecho-estas-indemnizaciones\/"},"wordCount":312,"articleSection":["noticias"],"inLanguage":"es"},{"@type":"WebPage","@id":"https:\/\/sindromecharge.es\/index.php\/2024\/12\/13\/te-han-concedido-una-incapacidad-permanente-puede-que-tengas-derecho-estas-indemnizaciones\/","url":"https:\/\/sindromecharge.es\/index.php\/2024\/12\/13\/te-han-concedido-una-incapacidad-permanente-puede-que-tengas-derecho-estas-indemnizaciones\/","name":"\u00bfTe han concedido una incapacidad permanente? Puede que tengas derecho a estas indemnizaciones - Asociaci\u00f3n Espa\u00f1ola S\u00edndrome de Charge","isPartOf":{"@id":"https:\/\/sindromecharge.es\/#website"},"datePublished":"2024-12-13T06:46:17+00:00","author":{"@id":"https:\/\/sindromecharge.es\/#\/schema\/person\/39a60ebe0a2b4d5a11179701e336b039"},"breadcrumb":{"@id":"https:\/\/sindromecharge.es\/index.php\/2024\/12\/13\/te-han-concedido-una-incapacidad-permanente-puede-que-tengas-derecho-estas-indemnizaciones\/#breadcrumb"},"inLanguage":"es","potentialAction":[{"@type":"ReadAction","target":["https:\/\/sindromecharge.es\/index.php\/2024\/12\/13\/te-han-concedido-una-incapacidad-permanente-puede-que-tengas-derecho-estas-indemnizaciones\/"]}]},{"@type":"BreadcrumbList","@id":"https:\/\/sindromecharge.es\/index.php\/2024\/12\/13\/te-han-concedido-una-incapacidad-permanente-puede-que-tengas-derecho-estas-indemnizaciones\/#breadcrumb","itemListElement":[{"@type":"ListItem","position":1,"name":"Portada","item":"https:\/\/sindromecharge.es\/"},{"@type":"ListItem","position":2,"name":"\u00bfTe han concedido una incapacidad permanente? Puede que tengas derecho a estas indemnizaciones"}]},{"@type":"WebSite","@id":"https:\/\/sindromecharge.es\/#website","url":"https:\/\/sindromecharge.es\/","name":"Asociaci\u00f3n Espa\u00f1ola S\u00edndrome de Charge","description":"","potentialAction":[{"@type":"SearchAction","target":{"@type":"EntryPoint","urlTemplate":"https:\/\/sindromecharge.es\/?s={search_term_string}"},"query-input":{"@type":"PropertyValueSpecification","valueRequired":true,"valueName":"search_term_string"}}],"inLanguage":"es"},{"@type":"Person","@id":"https:\/\/sindromecharge.es\/#\/schema\/person\/39a60ebe0a2b4d5a11179701e336b039","name":"Charge","image":{"@type":"ImageObject","inLanguage":"es","@id":"https:\/\/secure.gravatar.com\/avatar\/c3b46e32a0fc3b093a0873fb767bf3293de856293065e84ef06b7ec7a8acfb98?s=96&d=identicon&r=x","url":"https:\/\/secure.gravatar.com\/avatar\/c3b46e32a0fc3b093a0873fb767bf3293de856293065e84ef06b7ec7a8acfb98?s=96&d=identicon&r=x","contentUrl":"https:\/\/secure.gravatar.com\/avatar\/c3b46e32a0fc3b093a0873fb767bf3293de856293065e84ef06b7ec7a8acfb98?s=96&d=identicon&r=x","caption":"Charge"},"url":"https:\/\/sindromecharge.es\/index.php\/author\/admin\/"}]}},"_links":{"self":[{"href":"https:\/\/sindromecharge.es\/index.php\/wp-json\/wp\/v2\/posts\/10656","targetHints":{"allow":["GET"]}}],"collection":[{"href":"https:\/\/sindromecharge.es\/index.php\/wp-json\/wp\/v2\/posts"}],"about":[{"href":"https:\/\/sindromecharge.es\/index.php\/wp-json\/wp\/v2\/types\/post"}],"author":[{"embeddable":true,"href":"https:\/\/sindromecharge.es\/index.php\/wp-json\/wp\/v2\/users\/1"}],"replies":[{"embeddable":true,"href":"https:\/\/sindromecharge.es\/index.php\/wp-json\/wp\/v2\/comments?post=10656"}],"version-history":[{"count":0,"href":"https:\/\/sindromecharge.es\/index.php\/wp-json\/wp\/v2\/posts\/10656\/revisions"}],"wp:attachment":[{"href":"https:\/\/sindromecharge.es\/index.php\/wp-json\/wp\/v2\/media?parent=10656"}],"wp:term":[{"taxonomy":"category","embeddable":true,"href":"https:\/\/sindromecharge.es\/index.php\/wp-json\/wp\/v2\/categories?post=10656"},{"taxonomy":"post_tag","embeddable":true,"href":"https:\/\/sindromecharge.es\/index.php\/wp-json\/wp\/v2\/tags?post=10656"}],"curies":[{"name":"wp","href":"https:\/\/api.w.org\/{rel}","templated":true}]}}