{"id":10655,"date":"2024-12-12T15:23:56","date_gmt":"2024-12-12T15:23:56","guid":{"rendered":"https:\/\/sindromecharge.es\/index.php\/2024\/12\/12\/desterrar-los-terminos-anomalia-psiquica-o-disminuido-la-asamblea-aprueba-quitarlos-de-las-leyes-madrilenas\/"},"modified":"2024-12-12T15:23:56","modified_gmt":"2024-12-12T15:23:56","slug":"desterrar-los-terminos-anomalia-psiquica-o-disminuido-la-asamblea-aprueba-quitarlos-de-las-leyes-madrilenas","status":"publish","type":"post","link":"https:\/\/sindromecharge.es\/index.php\/2024\/12\/12\/desterrar-los-terminos-anomalia-psiquica-o-disminuido-la-asamblea-aprueba-quitarlos-de-las-leyes-madrilenas\/","title":{"rendered":"Desterrar los t\u00e9rminos \u00abanomal\u00eda ps\u00edquica\u00bb o \u00abdisminuido\u00bb: la Asamblea aprueba quitarlos de las leyes madrile\u00f1as"},"content":{"rendered":"<p>Leemos en Discapacidad la siguiente noticia que os reproducimos de forma \u00edntegra: <\/p>\n<div>\n<p>Las normas de la <a href=\"https:\/\/www.20minutos.es\/minuteca\/comunidad-de-madrid\/\" title=\"Comunidad de Madrid\">Comunidad de Madrid<\/a> se revisar\u00e1n para<a href=\"https:\/\/www.20minutos.es\/noticia\/5230797\/0\/madrid-revisara-todas-sus-leyes-para-eliminar-terminos-peyorativos-hacia-personas-con-discapacidad\/\" target=\"_blank\"> eliminar las expresiones peyorativas que se refieren a las personas con discapacidad.<\/a> La <a href=\"https:\/\/www.20minutos.es\/minuteca\/asamblea-de-madrid\/\" title=\"Asamblea de Madrid\">Asamblea de Madrid<\/a> ha aprobado este jueves <b>desterrar m\u00e1s de 120 t\u00e9rminos presentes en la legislaci\u00f3n auton\u00f3mica,<\/b> a excepci\u00f3n del Estatuto de Autonom\u00eda. El tr\u00e1mite parlamentario ha salido adelante con los apoyos del Partido Popular, M\u00e1s Madrid, Vox y la abstenci\u00f3n del PSOE-M. El Proyecto de Ley se ha votado por el procedimiento de lectura \u00fanica y entrar\u00e1 en vigor tras su publicaci\u00f3n en el Bolet\u00edn Oficial de la Comunidad de Madrid (BOCM).<\/p>\n<p>\u00abSe va a contribuir al bienestar de las personas con discapacidad, mejorar su calidad de vida, su autonom\u00eda y mayor independencia\u00bb, ha indicado el consejero de Presidencia, Justicia y Administraci\u00f3n Local, Miguel \u00c1ngel Garc\u00eda. La norma de la Comunidad de Madrid incluye modificar 11 disposiciones legislativas y 19 reglamentos auton\u00f3micos para eliminar t\u00e9rminos como <b>\u00abdisminuido\u00bb, \u00abinutilidad f\u00edsica\u00bb, \u00abdeficiencia\u00bb o \u00abanomal\u00eda ps\u00edquica\u00bb. <\/b>Algunas de las leyes que se incluyen son la Ley 1\/1986 de la Funci\u00f3n P\u00fablica de la Comunidad de Madrid y la Ley 8\/1993 en Promoci\u00f3n de la Accesibilidad y Supresi\u00f3n de Barreras Arquitect\u00f3nicas. La ley tambi\u00e9n se complementar\u00e1 con un decreto del Consejo de Gobierno.<\/p>\n<p>\u00abNuestra regi\u00f3n lleva d\u00e9cadas siendo referente en su plena inclusi\u00f3n, y lo estamos logrando con medidas pioneras y beneficiosas\u00bb, ha se\u00f1alado Garc\u00eda, quien ha remarcado que este paso supone \u00abm\u00e1s que un mero cambio de vocablos\u00bb. El texto recoge la necesidad de sustituir las expresiones por un \u00ablenguaje apropiado y respetuoso\u00bb con las personas con discapacidad. El empleo de un lenguaje apropiado tambi\u00e9n <b>deber\u00e1 emplearse en todas las futuras leyes, <\/b>resoluciones, actos, comunicaciones y manifestaciones de sus autoridades o empleados p\u00fablicos.<\/p>\n<p>La reforma ha <a href=\"https:\/\/www.20minutos.es\/noticia\/5232251\/0\/la-tension-entre-ayuso-y-sanchez-frena-la-reforma-del-estatuto-de-autonomia-de-madrid\/\" target=\"_blank\">dejado fuera la modificaci\u00f3n del Estatuto de Autonom\u00eda de la Comunidad de Madrid.<\/a> <b>\u00abNos comprometemos a modificarlo cuando se den las condiciones adecuadas en el Congreso de los Diputados. <\/b>No vamos a abrir en canal el estatuto para que meta mano Pedro S\u00e1nchez o sus socios comunistas, golpistas o filoetarras\u00bb, ha justificado Garc\u00eda. El consejero ha concretado que cuando cambie el Gobierno central presentar\u00e1n una iniciativa para modificar el Estatuto.<\/p>\n<p>La ley se ha aprobado con los apoyos del PP, M\u00e1s Madrid, Vox y la abstenci\u00f3n del PSOE-M. Aunque ning\u00fan grupo ha votado contra la iniciativa, desde algunas bancadas han calificado la modificaci\u00f3n como insuficiente, al considerar que tambi\u00e9n deber\u00eda incluirse el Estatuto de Autonom\u00eda.<a href=\"https:\/\/www.20minutos.es\/noticia\/5229386\/0\/psoe-y-mas-madrid-tramitan-la-iniciativa-para-sustituir-la-palabra-minusvalido-del-estatuto\/\" target=\"_blank\"> <b>\u00abSe pierde una oportunidad\u00bb,<\/b> ha lamentado el portavoz socialista, <\/a>Jes\u00fas Celada, quien considera que hubiera sido oportuno incluir la reforma del Estatuto. Celada ha indicado que <a href=\"https:\/\/www.20minutos.es\/noticia\/5210232\/0\/congreso-aprueba-reforma-articulo-constitucion-eliminar-termino-disminuido\/\" target=\"_blank\">el art\u00edculo 49 de la Constituci\u00f3n se modific\u00f3 llegando a un consenso con otras formaciones pol\u00edtico,<\/a> con las dificultades que implica enmendar la Carta Magna. \u00abEl PP es incapaz de llegar a acuerdos\u00bb, ha expresado.<\/p>\n<p>Por su parte, la portavoz de M\u00e1s Madrid, Manuela Bergerot, ha se\u00f1alado que la Comunidad de Madrid est\u00e1 m\u00e1s centrada en confrontar con el Gobierno de Espa\u00f1a que en legislar por los derechos de las personas con discapacidad. <b>\u00abSe les llena la boca con la palabra Constituci\u00f3n,<\/b> pero ahora que tiene posibilidad de adecuar el Estatuto a la Carga Magna no lo hacen\u00bb. La portavoz de Vox, Isabel P\u00e9rez Mo\u00f1ino, se ha mostrado favorable a la modificaci\u00f3n, aunque desde su formaci\u00f3n han se\u00f1alado que es necesario destinar m\u00e1s recursos p\u00fablicos para estas personas. La norma entrar\u00e1 en vigor tras publicarse en el BOCM en los pr\u00f3ximos d\u00edas.<\/p>\n<\/div>\n<p>Fuente: Discapacidad https:\/\/www.20minutos.es\/noticia\/5663337\/0\/desterrar-los-terminos-anomalia-psiquica-o-disminuido-la-asamblea-aprueba-quitarlos-de-las-leyes-madrilenas\/<\/p>\n","protected":false},"excerpt":{"rendered":"<p>El proyecto de la Comunidad de Madrid incluye modificar 11 disposiciones legislativas y 19 reglamentos.<\/p>\n","protected":false},"author":1,"featured_media":0,"comment_status":"closed","ping_status":"closed","sticky":false,"template":"","format":"standard","meta":{"footnotes":""},"categories":[8],"tags":[],"class_list":["post-10655","post","type-post","status-publish","format-standard","hentry","category-noticias"],"yoast_head":"<!-- This site is optimized with the Yoast SEO plugin v27.5 - https:\/\/yoast.com\/product\/yoast-seo-wordpress\/ -->\n<title>Desterrar los t\u00e9rminos &quot;anomal\u00eda ps\u00edquica&quot; o &quot;disminuido&quot;: la Asamblea aprueba quitarlos de las leyes madrile\u00f1as - Asociaci\u00f3n Espa\u00f1ola S\u00edndrome de Charge<\/title>\n<meta name=\"robots\" content=\"index, follow, max-snippet:-1, max-image-preview:large, max-video-preview:-1\" \/>\n<link rel=\"canonical\" href=\"https:\/\/sindromecharge.es\/index.php\/2024\/12\/12\/desterrar-los-terminos-anomalia-psiquica-o-disminuido-la-asamblea-aprueba-quitarlos-de-las-leyes-madrilenas\/\" \/>\n<meta property=\"og:locale\" content=\"es_ES\" \/>\n<meta property=\"og:type\" content=\"article\" \/>\n<meta property=\"og:title\" content=\"Desterrar los t\u00e9rminos &quot;anomal\u00eda ps\u00edquica&quot; o &quot;disminuido&quot;: la Asamblea aprueba quitarlos de las leyes madrile\u00f1as - Asociaci\u00f3n Espa\u00f1ola S\u00edndrome de Charge\" \/>\n<meta property=\"og:description\" content=\"El proyecto de la Comunidad de Madrid incluye modificar 11 disposiciones legislativas y 19 reglamentos.\" \/>\n<meta property=\"og:url\" content=\"https:\/\/sindromecharge.es\/index.php\/2024\/12\/12\/desterrar-los-terminos-anomalia-psiquica-o-disminuido-la-asamblea-aprueba-quitarlos-de-las-leyes-madrilenas\/\" \/>\n<meta property=\"og:site_name\" content=\"Asociaci\u00f3n Espa\u00f1ola S\u00edndrome de Charge\" \/>\n<meta property=\"article:publisher\" content=\"https:\/\/www.facebook.com\/asociacionsindromecharge\" \/>\n<meta property=\"article:published_time\" content=\"2024-12-12T15:23:56+00:00\" \/>\n<meta property=\"og:image\" content=\"https:\/\/sindromecharge.es\/wp-content\/uploads\/2013\/09\/logodecharge300x98.png\" \/>\n\t<meta property=\"og:image:width\" content=\"300\" \/>\n\t<meta property=\"og:image:height\" content=\"98\" \/>\n\t<meta property=\"og:image:type\" content=\"image\/png\" \/>\n<meta name=\"author\" content=\"Charge\" \/>\n<meta name=\"twitter:card\" content=\"summary_large_image\" \/>\n<meta name=\"twitter:creator\" content=\"@sindromecharge\" \/>\n<meta name=\"twitter:site\" content=\"@sindromecharge\" \/>\n<meta name=\"twitter:label1\" content=\"Escrito por\" \/>\n\t<meta name=\"twitter:data1\" content=\"Charge\" \/>\n\t<meta name=\"twitter:label2\" content=\"Tiempo de lectura\" \/>\n\t<meta name=\"twitter:data2\" content=\"3 minutos\" \/>\n<script type=\"application\/ld+json\" class=\"yoast-schema-graph\">{\"@context\":\"https:\\\/\\\/schema.org\",\"@graph\":[{\"@type\":\"Article\",\"@id\":\"https:\\\/\\\/sindromecharge.es\\\/index.php\\\/2024\\\/12\\\/12\\\/desterrar-los-terminos-anomalia-psiquica-o-disminuido-la-asamblea-aprueba-quitarlos-de-las-leyes-madrilenas\\\/#article\",\"isPartOf\":{\"@id\":\"https:\\\/\\\/sindromecharge.es\\\/index.php\\\/2024\\\/12\\\/12\\\/desterrar-los-terminos-anomalia-psiquica-o-disminuido-la-asamblea-aprueba-quitarlos-de-las-leyes-madrilenas\\\/\"},\"author\":{\"name\":\"Charge\",\"@id\":\"https:\\\/\\\/sindromecharge.es\\\/#\\\/schema\\\/person\\\/39a60ebe0a2b4d5a11179701e336b039\"},\"headline\":\"Desterrar los t\u00e9rminos \u00abanomal\u00eda ps\u00edquica\u00bb o \u00abdisminuido\u00bb: la Asamblea aprueba quitarlos de las leyes madrile\u00f1as\",\"datePublished\":\"2024-12-12T15:23:56+00:00\",\"mainEntityOfPage\":{\"@id\":\"https:\\\/\\\/sindromecharge.es\\\/index.php\\\/2024\\\/12\\\/12\\\/desterrar-los-terminos-anomalia-psiquica-o-disminuido-la-asamblea-aprueba-quitarlos-de-las-leyes-madrilenas\\\/\"},\"wordCount\":667,\"articleSection\":[\"noticias\"],\"inLanguage\":\"es\"},{\"@type\":\"WebPage\",\"@id\":\"https:\\\/\\\/sindromecharge.es\\\/index.php\\\/2024\\\/12\\\/12\\\/desterrar-los-terminos-anomalia-psiquica-o-disminuido-la-asamblea-aprueba-quitarlos-de-las-leyes-madrilenas\\\/\",\"url\":\"https:\\\/\\\/sindromecharge.es\\\/index.php\\\/2024\\\/12\\\/12\\\/desterrar-los-terminos-anomalia-psiquica-o-disminuido-la-asamblea-aprueba-quitarlos-de-las-leyes-madrilenas\\\/\",\"name\":\"Desterrar los t\u00e9rminos \\\"anomal\u00eda ps\u00edquica\\\" o \\\"disminuido\\\": la Asamblea aprueba quitarlos de las leyes madrile\u00f1as - Asociaci\u00f3n Espa\u00f1ola S\u00edndrome de Charge\",\"isPartOf\":{\"@id\":\"https:\\\/\\\/sindromecharge.es\\\/#website\"},\"datePublished\":\"2024-12-12T15:23:56+00:00\",\"author\":{\"@id\":\"https:\\\/\\\/sindromecharge.es\\\/#\\\/schema\\\/person\\\/39a60ebe0a2b4d5a11179701e336b039\"},\"breadcrumb\":{\"@id\":\"https:\\\/\\\/sindromecharge.es\\\/index.php\\\/2024\\\/12\\\/12\\\/desterrar-los-terminos-anomalia-psiquica-o-disminuido-la-asamblea-aprueba-quitarlos-de-las-leyes-madrilenas\\\/#breadcrumb\"},\"inLanguage\":\"es\",\"potentialAction\":[{\"@type\":\"ReadAction\",\"target\":[\"https:\\\/\\\/sindromecharge.es\\\/index.php\\\/2024\\\/12\\\/12\\\/desterrar-los-terminos-anomalia-psiquica-o-disminuido-la-asamblea-aprueba-quitarlos-de-las-leyes-madrilenas\\\/\"]}]},{\"@type\":\"BreadcrumbList\",\"@id\":\"https:\\\/\\\/sindromecharge.es\\\/index.php\\\/2024\\\/12\\\/12\\\/desterrar-los-terminos-anomalia-psiquica-o-disminuido-la-asamblea-aprueba-quitarlos-de-las-leyes-madrilenas\\\/#breadcrumb\",\"itemListElement\":[{\"@type\":\"ListItem\",\"position\":1,\"name\":\"Portada\",\"item\":\"https:\\\/\\\/sindromecharge.es\\\/\"},{\"@type\":\"ListItem\",\"position\":2,\"name\":\"Desterrar los t\u00e9rminos &#8220;anomal\u00eda ps\u00edquica&#8221; o &#8220;disminuido&#8221;: la Asamblea aprueba quitarlos de las leyes madrile\u00f1as\"}]},{\"@type\":\"WebSite\",\"@id\":\"https:\\\/\\\/sindromecharge.es\\\/#website\",\"url\":\"https:\\\/\\\/sindromecharge.es\\\/\",\"name\":\"Asociaci\u00f3n Espa\u00f1ola S\u00edndrome de Charge\",\"description\":\"\",\"potentialAction\":[{\"@type\":\"SearchAction\",\"target\":{\"@type\":\"EntryPoint\",\"urlTemplate\":\"https:\\\/\\\/sindromecharge.es\\\/?s={search_term_string}\"},\"query-input\":{\"@type\":\"PropertyValueSpecification\",\"valueRequired\":true,\"valueName\":\"search_term_string\"}}],\"inLanguage\":\"es\"},{\"@type\":\"Person\",\"@id\":\"https:\\\/\\\/sindromecharge.es\\\/#\\\/schema\\\/person\\\/39a60ebe0a2b4d5a11179701e336b039\",\"name\":\"Charge\",\"image\":{\"@type\":\"ImageObject\",\"inLanguage\":\"es\",\"@id\":\"https:\\\/\\\/secure.gravatar.com\\\/avatar\\\/c3b46e32a0fc3b093a0873fb767bf3293de856293065e84ef06b7ec7a8acfb98?s=96&d=identicon&r=x\",\"url\":\"https:\\\/\\\/secure.gravatar.com\\\/avatar\\\/c3b46e32a0fc3b093a0873fb767bf3293de856293065e84ef06b7ec7a8acfb98?s=96&d=identicon&r=x\",\"contentUrl\":\"https:\\\/\\\/secure.gravatar.com\\\/avatar\\\/c3b46e32a0fc3b093a0873fb767bf3293de856293065e84ef06b7ec7a8acfb98?s=96&d=identicon&r=x\",\"caption\":\"Charge\"},\"url\":\"https:\\\/\\\/sindromecharge.es\\\/index.php\\\/author\\\/admin\\\/\"}]}<\/script>\n<!-- \/ Yoast SEO plugin. -->","yoast_head_json":{"title":"Desterrar los t\u00e9rminos \"anomal\u00eda ps\u00edquica\" o \"disminuido\": la Asamblea aprueba quitarlos de las leyes madrile\u00f1as - Asociaci\u00f3n Espa\u00f1ola S\u00edndrome de Charge","robots":{"index":"index","follow":"follow","max-snippet":"max-snippet:-1","max-image-preview":"max-image-preview:large","max-video-preview":"max-video-preview:-1"},"canonical":"https:\/\/sindromecharge.es\/index.php\/2024\/12\/12\/desterrar-los-terminos-anomalia-psiquica-o-disminuido-la-asamblea-aprueba-quitarlos-de-las-leyes-madrilenas\/","og_locale":"es_ES","og_type":"article","og_title":"Desterrar los t\u00e9rminos \"anomal\u00eda ps\u00edquica\" o \"disminuido\": la Asamblea aprueba quitarlos de las leyes madrile\u00f1as - Asociaci\u00f3n Espa\u00f1ola S\u00edndrome de Charge","og_description":"El proyecto de la Comunidad de Madrid incluye modificar 11 disposiciones legislativas y 19 reglamentos.","og_url":"https:\/\/sindromecharge.es\/index.php\/2024\/12\/12\/desterrar-los-terminos-anomalia-psiquica-o-disminuido-la-asamblea-aprueba-quitarlos-de-las-leyes-madrilenas\/","og_site_name":"Asociaci\u00f3n Espa\u00f1ola S\u00edndrome de Charge","article_publisher":"https:\/\/www.facebook.com\/asociacionsindromecharge","article_published_time":"2024-12-12T15:23:56+00:00","og_image":[{"width":300,"height":98,"url":"https:\/\/sindromecharge.es\/wp-content\/uploads\/2013\/09\/logodecharge300x98.png","type":"image\/png"}],"author":"Charge","twitter_card":"summary_large_image","twitter_creator":"@sindromecharge","twitter_site":"@sindromecharge","twitter_misc":{"Escrito por":"Charge","Tiempo de lectura":"3 minutos"},"schema":{"@context":"https:\/\/schema.org","@graph":[{"@type":"Article","@id":"https:\/\/sindromecharge.es\/index.php\/2024\/12\/12\/desterrar-los-terminos-anomalia-psiquica-o-disminuido-la-asamblea-aprueba-quitarlos-de-las-leyes-madrilenas\/#article","isPartOf":{"@id":"https:\/\/sindromecharge.es\/index.php\/2024\/12\/12\/desterrar-los-terminos-anomalia-psiquica-o-disminuido-la-asamblea-aprueba-quitarlos-de-las-leyes-madrilenas\/"},"author":{"name":"Charge","@id":"https:\/\/sindromecharge.es\/#\/schema\/person\/39a60ebe0a2b4d5a11179701e336b039"},"headline":"Desterrar los t\u00e9rminos \u00abanomal\u00eda ps\u00edquica\u00bb o \u00abdisminuido\u00bb: la Asamblea aprueba quitarlos de las leyes madrile\u00f1as","datePublished":"2024-12-12T15:23:56+00:00","mainEntityOfPage":{"@id":"https:\/\/sindromecharge.es\/index.php\/2024\/12\/12\/desterrar-los-terminos-anomalia-psiquica-o-disminuido-la-asamblea-aprueba-quitarlos-de-las-leyes-madrilenas\/"},"wordCount":667,"articleSection":["noticias"],"inLanguage":"es"},{"@type":"WebPage","@id":"https:\/\/sindromecharge.es\/index.php\/2024\/12\/12\/desterrar-los-terminos-anomalia-psiquica-o-disminuido-la-asamblea-aprueba-quitarlos-de-las-leyes-madrilenas\/","url":"https:\/\/sindromecharge.es\/index.php\/2024\/12\/12\/desterrar-los-terminos-anomalia-psiquica-o-disminuido-la-asamblea-aprueba-quitarlos-de-las-leyes-madrilenas\/","name":"Desterrar los t\u00e9rminos \"anomal\u00eda ps\u00edquica\" o \"disminuido\": la Asamblea aprueba quitarlos de las leyes madrile\u00f1as - Asociaci\u00f3n Espa\u00f1ola S\u00edndrome de Charge","isPartOf":{"@id":"https:\/\/sindromecharge.es\/#website"},"datePublished":"2024-12-12T15:23:56+00:00","author":{"@id":"https:\/\/sindromecharge.es\/#\/schema\/person\/39a60ebe0a2b4d5a11179701e336b039"},"breadcrumb":{"@id":"https:\/\/sindromecharge.es\/index.php\/2024\/12\/12\/desterrar-los-terminos-anomalia-psiquica-o-disminuido-la-asamblea-aprueba-quitarlos-de-las-leyes-madrilenas\/#breadcrumb"},"inLanguage":"es","potentialAction":[{"@type":"ReadAction","target":["https:\/\/sindromecharge.es\/index.php\/2024\/12\/12\/desterrar-los-terminos-anomalia-psiquica-o-disminuido-la-asamblea-aprueba-quitarlos-de-las-leyes-madrilenas\/"]}]},{"@type":"BreadcrumbList","@id":"https:\/\/sindromecharge.es\/index.php\/2024\/12\/12\/desterrar-los-terminos-anomalia-psiquica-o-disminuido-la-asamblea-aprueba-quitarlos-de-las-leyes-madrilenas\/#breadcrumb","itemListElement":[{"@type":"ListItem","position":1,"name":"Portada","item":"https:\/\/sindromecharge.es\/"},{"@type":"ListItem","position":2,"name":"Desterrar los t\u00e9rminos &#8220;anomal\u00eda ps\u00edquica&#8221; o &#8220;disminuido&#8221;: la Asamblea aprueba quitarlos de las leyes madrile\u00f1as"}]},{"@type":"WebSite","@id":"https:\/\/sindromecharge.es\/#website","url":"https:\/\/sindromecharge.es\/","name":"Asociaci\u00f3n Espa\u00f1ola S\u00edndrome de Charge","description":"","potentialAction":[{"@type":"SearchAction","target":{"@type":"EntryPoint","urlTemplate":"https:\/\/sindromecharge.es\/?s={search_term_string}"},"query-input":{"@type":"PropertyValueSpecification","valueRequired":true,"valueName":"search_term_string"}}],"inLanguage":"es"},{"@type":"Person","@id":"https:\/\/sindromecharge.es\/#\/schema\/person\/39a60ebe0a2b4d5a11179701e336b039","name":"Charge","image":{"@type":"ImageObject","inLanguage":"es","@id":"https:\/\/secure.gravatar.com\/avatar\/c3b46e32a0fc3b093a0873fb767bf3293de856293065e84ef06b7ec7a8acfb98?s=96&d=identicon&r=x","url":"https:\/\/secure.gravatar.com\/avatar\/c3b46e32a0fc3b093a0873fb767bf3293de856293065e84ef06b7ec7a8acfb98?s=96&d=identicon&r=x","contentUrl":"https:\/\/secure.gravatar.com\/avatar\/c3b46e32a0fc3b093a0873fb767bf3293de856293065e84ef06b7ec7a8acfb98?s=96&d=identicon&r=x","caption":"Charge"},"url":"https:\/\/sindromecharge.es\/index.php\/author\/admin\/"}]}},"_links":{"self":[{"href":"https:\/\/sindromecharge.es\/index.php\/wp-json\/wp\/v2\/posts\/10655","targetHints":{"allow":["GET"]}}],"collection":[{"href":"https:\/\/sindromecharge.es\/index.php\/wp-json\/wp\/v2\/posts"}],"about":[{"href":"https:\/\/sindromecharge.es\/index.php\/wp-json\/wp\/v2\/types\/post"}],"author":[{"embeddable":true,"href":"https:\/\/sindromecharge.es\/index.php\/wp-json\/wp\/v2\/users\/1"}],"replies":[{"embeddable":true,"href":"https:\/\/sindromecharge.es\/index.php\/wp-json\/wp\/v2\/comments?post=10655"}],"version-history":[{"count":0,"href":"https:\/\/sindromecharge.es\/index.php\/wp-json\/wp\/v2\/posts\/10655\/revisions"}],"wp:attachment":[{"href":"https:\/\/sindromecharge.es\/index.php\/wp-json\/wp\/v2\/media?parent=10655"}],"wp:term":[{"taxonomy":"category","embeddable":true,"href":"https:\/\/sindromecharge.es\/index.php\/wp-json\/wp\/v2\/categories?post=10655"},{"taxonomy":"post_tag","embeddable":true,"href":"https:\/\/sindromecharge.es\/index.php\/wp-json\/wp\/v2\/tags?post=10655"}],"curies":[{"name":"wp","href":"https:\/\/api.w.org\/{rel}","templated":true}]}}