{"id":10650,"date":"2024-12-11T12:02:13","date_gmt":"2024-12-11T12:02:13","guid":{"rendered":"https:\/\/sindromecharge.es\/index.php\/2024\/12\/11\/gobierno-comunidades-movilizan-2-000-millones-para-cambiar-modelo-cuidados-fomentar-atencion-los-hogares\/"},"modified":"2024-12-11T12:02:13","modified_gmt":"2024-12-11T12:02:13","slug":"gobierno-comunidades-movilizan-2-000-millones-para-cambiar-modelo-cuidados-fomentar-atencion-los-hogares","status":"publish","type":"post","link":"https:\/\/sindromecharge.es\/index.php\/2024\/12\/11\/gobierno-comunidades-movilizan-2-000-millones-para-cambiar-modelo-cuidados-fomentar-atencion-los-hogares\/","title":{"rendered":"Gobierno y comunidades dedicar\u00e1n 2.000 millones de euros a transformar el modelo de macrorresidencias en uno de peque\u00f1a escala"},"content":{"rendered":"<p>Leemos en Discapacidad la siguiente noticia que os reproducimos de forma \u00edntegra: <\/p>\n<div>\n<p>La nueva Estrategia de cuidados empezar\u00e1 a desarrollarse en el a\u00f1o 2025, y lo har\u00e1 siguiendo las pautas marcadas en un plan operativo lanzado este mi\u00e9rcoles por el<a href=\"https:\/\/www.20minutos.es\/minuteca\/ministerio-de-derechos-sociales-y-agenda-2030\/\" title=\"Ministerio de Derechos Sociales y Agenda 2030\"> Ministerio de Derechos Sociales <\/a>y para el cual se han movilizado m\u00e1s de 2.000 millones de euros. La inversi\u00f3n, movilizada junto a las comunidades aut\u00f3nomas, se destinar\u00e1 a llevar a cabo las<b> casi 700 actuaciones recogidas en ese plan<\/b>, que ir\u00e1n fundamentalmente a transformar el modelo de cuidados hacia la desinstitucionalizaci\u00f3n y fomentar una atenci\u00f3n que se d\u00e9 en mayor medida en los hogares. <\/p>\n<p>Seg\u00fan detalla el departamento dirigido por <a href=\"https:\/\/www.20minutos.es\/minuteca\/pablo-bustinduy\/\" title=\"Pablo Bustinduy\">Pablo Bustinduy<\/a>, el plan modificar\u00e1 la forma en que reciben los cuidados las personas mayores, las personas con discapacidad dependientes, las sin hogar y los menores migrantes. El objetivo es transitar hacia unos cuidados personalizados y <b>\u00abtransformar el actual modelo de atenci\u00f3n en grandes residencias hacia un modelo de peque\u00f1a escala <\/b>que tenga lugar en los entornos comunitarios de las personas usuarias, para que no tengan que abandonar sus entornos\u00bb. <\/p>\n<p>En esa l\u00ednea, una de las claves de la estrategia que empezar\u00e1 a desarrollarse en el pr\u00f3ximo a\u00f1o residir\u00e1 en<b> garantizar una \u00abvivienda digna y accesible\u00bb,<\/b> en primer lugar, para que los usuarios puedan recibir los apoyos necesarios en sus propias casas, y, en segundo, para prevenir la desinstitucionalizaci\u00f3n. \u00abLa vivienda no es solo un derecho, sino la condici\u00f3n necesaria para que se puedan desplegar otros muchos derechos, como el de los cuidados dignos y la autonom\u00eda personal\u00bb, ha defendido Bustinduy. <\/p>\n<p>El plan operativo est\u00e1 compuesto por<b> cinco ejes: <\/b>prevenci\u00f3n de la institucionalizaci\u00f3n; participaci\u00f3n y concienciaci\u00f3n social; transformaci\u00f3n de modelos de cuidado; servicios para la transici\u00f3n a la comunidad; y condiciones habilitadoras para la desinstitucionalizaci\u00f3n.<\/p>\n<h2>M\u00e1s de 600 millones a la desinstitucionalizaci\u00f3n<\/h2>\n<p>Para prevenir la institucionalizaci\u00f3n actual que caracteriza al sistema de cuidados, el primer eje despliega una serie de medidas destinadas a facilitar la vivienda, promocionar la salud y garantizar el acceso a servicios de proximidad. Con una dotaci\u00f3n de 602,6 millones de euros, este eje recoge 233 actuaciones, entre las cuales aparecen la creaci\u00f3n de una <b>red de 100 viviendas de titularidad p\u00fablica de inserci\u00f3n social<\/b>, de la Xunta de <a href=\"https:\/\/www.20minutos.es\/minuteca\/galicia\/\" title=\"Galicia\">Galicia <\/a>(modelo <i>Housing First<\/i>), la oferta de vivienda en alquiler de la Generalitat de <a href=\"https:\/\/www.20minutos.es\/minuteca\/catalunya\/\" title=\"Catalunya\">Catalu\u00f1a <\/a>o las subvenciones para alquiler para j\u00f3venes extutelados en <a href=\"https:\/\/www.20minutos.es\/minuteca\/castilla-la-mancha\/\" title=\"Castilla-La Mancha\">Castilla-La Mancha<\/a>.<\/p>\n<h2>131 millones a fomentar la vida en comunidad<\/h2>\n<p>Otros 131 millones de euros ir\u00e1n a desplegar 125 actuaciones que, en resumen, buscan fomentar la participaci\u00f3n activa de las personas dependientes en la toma de decisiones sobre sus vidas y el derecho a vivir en comunidad. Derechos Sociales pone aqu\u00ed como ejemplo un proyecto de la Comunidad Foral de <a href=\"https:\/\/www.20minutos.es\/minuteca\/navarra\/\" title=\"Navarra\">Navarra<\/a>, que incluye a las personas con necesidades de apoyo y a sus familiares en los planes individuales de atenci\u00f3n. Mencionan tambi\u00e9n las subvenciones del Ministerio de Juventud e Infancia en <a href=\"https:\/\/www.20minutos.es\/minuteca\/ceuta\/\" title=\"Ceuta\">Ceuta <\/a>y <a href=\"https:\/\/www.20minutos.es\/minuteca\/melilla\/\" title=\"Melilla\">Melilla <\/a>para crear consejos de participaci\u00f3n infantil y adolescente. <\/p>\n<h2>\u00abRevolucionar\u00bb la formaci\u00f3n con 687 millones<\/h2>\n<p>El tercer eje, para el cual se movilizan 687,2 millones de euros, se centrar\u00e1 en \u00abrevolucionar la formaci\u00f3n de los profesionales y la gesti\u00f3n del sector\u00bb para acometer esa transformaci\u00f3n. Con 183 actuaciones, el fin es ofrecer a los cuidadores las herramientas para asegurar esa personalizaci\u00f3n de la atenci\u00f3n y <b>mejorar sus condiciones laborales. <\/b>En este \u00e1mbito se incluyen medidas como el proyecto <i>Apoyos conectados para la autonom\u00eda personal <\/i>de Arag\u00f3n, que incorpora la figura profesional del gestor de apoyos con el objetivo de retrasar al m\u00e1ximo el momento en el que un usuario deba trasladarse a una residencia.<\/p>\n<h2>584 millones a \u00abalternativas dignas para vivir\u00bb<\/h2>\n<p>Con ese mismo objetivo de retrasar la institucionalizaci\u00f3n y conceder a las personas el derecho atener alternativas dignas para vivir y ser cuidadas en comunidad, el cuarto bloque contempla 125 actuaciones con una dotaci\u00f3n de unos 584,3 millones de euros. \u00abPara ello, se apuesta firmemente por el acceso a la vivienda y por el impulso de apoyos y servicios de base comunitaria que permitan a las personas poder vivir de acuerdo con su voluntad en sus comunidades\u00bb, detalla el ministerio de Bustinduy, que menciona la<b> creaci\u00f3n de centros multiservicios<\/b> y centros para \u00abatenci\u00f3n a la fragilidad y prevenci\u00f3n de la dependencia\u00bb que contempla la Estrategia CuidAs del Pricipado de Asturias. <\/p>\n<h2>Casi 50 millones a la nueva ley de dependencia<\/h2>\n<p>Para llevar a cabo todas las medidas de los cuatro primeros ejes, el Gobierno considera necesario<b> reformar la ley de dependencia <\/b>y desarrollar un sistema de gobernanza y coordinaci\u00f3n de la estrategia estatal, para lo cual se destinar\u00e1n 47,9 millones de euros y se concretar\u00e1 en 29 actuaciones. <\/p>\n<\/div>\n<p>Fuente: Discapacidad https:\/\/www.20minutos.es\/noticia\/5662783\/0\/gobierno-comunidades-movilizan-2-000-millones-para-cambiar-modelo-cuidados-fomentar-atencion-los-hogares\/<\/p>\n","protected":false},"excerpt":{"rendered":"<p>Se invertir\u00e1n en un nuevo plan de Derechos Sociales para desarrollar la estrategia estatal de cuidados.<\/p>\n","protected":false},"author":1,"featured_media":0,"comment_status":"closed","ping_status":"closed","sticky":false,"template":"","format":"standard","meta":{"footnotes":""},"categories":[8],"tags":[],"class_list":["post-10650","post","type-post","status-publish","format-standard","hentry","category-noticias"],"yoast_head":"<!-- This site is optimized with the Yoast SEO plugin v27.4 - https:\/\/yoast.com\/product\/yoast-seo-wordpress\/ -->\n<title>Gobierno y comunidades dedicar\u00e1n 2.000 millones de euros a transformar el modelo de macrorresidencias en uno de peque\u00f1a escala - Asociaci\u00f3n Espa\u00f1ola S\u00edndrome de Charge<\/title>\n<meta name=\"robots\" content=\"index, follow, max-snippet:-1, max-image-preview:large, max-video-preview:-1\" \/>\n<link rel=\"canonical\" href=\"https:\/\/sindromecharge.es\/index.php\/2024\/12\/11\/gobierno-comunidades-movilizan-2-000-millones-para-cambiar-modelo-cuidados-fomentar-atencion-los-hogares\/\" \/>\n<meta property=\"og:locale\" content=\"es_ES\" \/>\n<meta property=\"og:type\" content=\"article\" \/>\n<meta property=\"og:title\" content=\"Gobierno y comunidades dedicar\u00e1n 2.000 millones de euros a transformar el modelo de macrorresidencias en uno de peque\u00f1a escala - Asociaci\u00f3n Espa\u00f1ola S\u00edndrome de Charge\" \/>\n<meta property=\"og:description\" content=\"Se invertir\u00e1n en un nuevo plan de Derechos Sociales para desarrollar la estrategia estatal de cuidados.\" \/>\n<meta property=\"og:url\" content=\"https:\/\/sindromecharge.es\/index.php\/2024\/12\/11\/gobierno-comunidades-movilizan-2-000-millones-para-cambiar-modelo-cuidados-fomentar-atencion-los-hogares\/\" \/>\n<meta property=\"og:site_name\" content=\"Asociaci\u00f3n Espa\u00f1ola S\u00edndrome de Charge\" \/>\n<meta property=\"article:publisher\" content=\"https:\/\/www.facebook.com\/asociacionsindromecharge\" \/>\n<meta property=\"article:published_time\" content=\"2024-12-11T12:02:13+00:00\" \/>\n<meta property=\"og:image\" content=\"https:\/\/sindromecharge.es\/wp-content\/uploads\/2013\/09\/logodecharge300x98.png\" \/>\n\t<meta property=\"og:image:width\" content=\"300\" \/>\n\t<meta property=\"og:image:height\" content=\"98\" \/>\n\t<meta property=\"og:image:type\" content=\"image\/png\" \/>\n<meta name=\"author\" content=\"Charge\" \/>\n<meta name=\"twitter:card\" content=\"summary_large_image\" \/>\n<meta name=\"twitter:creator\" content=\"@sindromecharge\" \/>\n<meta name=\"twitter:site\" content=\"@sindromecharge\" \/>\n<meta name=\"twitter:label1\" content=\"Escrito por\" \/>\n\t<meta name=\"twitter:data1\" content=\"Charge\" \/>\n\t<meta name=\"twitter:label2\" content=\"Tiempo de lectura\" \/>\n\t<meta name=\"twitter:data2\" content=\"4 minutos\" \/>\n<script type=\"application\/ld+json\" class=\"yoast-schema-graph\">{\"@context\":\"https:\\\/\\\/schema.org\",\"@graph\":[{\"@type\":\"Article\",\"@id\":\"https:\\\/\\\/sindromecharge.es\\\/index.php\\\/2024\\\/12\\\/11\\\/gobierno-comunidades-movilizan-2-000-millones-para-cambiar-modelo-cuidados-fomentar-atencion-los-hogares\\\/#article\",\"isPartOf\":{\"@id\":\"https:\\\/\\\/sindromecharge.es\\\/index.php\\\/2024\\\/12\\\/11\\\/gobierno-comunidades-movilizan-2-000-millones-para-cambiar-modelo-cuidados-fomentar-atencion-los-hogares\\\/\"},\"author\":{\"name\":\"Charge\",\"@id\":\"https:\\\/\\\/sindromecharge.es\\\/#\\\/schema\\\/person\\\/39a60ebe0a2b4d5a11179701e336b039\"},\"headline\":\"Gobierno y comunidades dedicar\u00e1n 2.000 millones de euros a transformar el modelo de macrorresidencias en uno de peque\u00f1a escala\",\"datePublished\":\"2024-12-11T12:02:13+00:00\",\"mainEntityOfPage\":{\"@id\":\"https:\\\/\\\/sindromecharge.es\\\/index.php\\\/2024\\\/12\\\/11\\\/gobierno-comunidades-movilizan-2-000-millones-para-cambiar-modelo-cuidados-fomentar-atencion-los-hogares\\\/\"},\"wordCount\":842,\"articleSection\":[\"noticias\"],\"inLanguage\":\"es\"},{\"@type\":\"WebPage\",\"@id\":\"https:\\\/\\\/sindromecharge.es\\\/index.php\\\/2024\\\/12\\\/11\\\/gobierno-comunidades-movilizan-2-000-millones-para-cambiar-modelo-cuidados-fomentar-atencion-los-hogares\\\/\",\"url\":\"https:\\\/\\\/sindromecharge.es\\\/index.php\\\/2024\\\/12\\\/11\\\/gobierno-comunidades-movilizan-2-000-millones-para-cambiar-modelo-cuidados-fomentar-atencion-los-hogares\\\/\",\"name\":\"Gobierno y comunidades dedicar\u00e1n 2.000 millones de euros a transformar el modelo de macrorresidencias en uno de peque\u00f1a escala - Asociaci\u00f3n Espa\u00f1ola S\u00edndrome de Charge\",\"isPartOf\":{\"@id\":\"https:\\\/\\\/sindromecharge.es\\\/#website\"},\"datePublished\":\"2024-12-11T12:02:13+00:00\",\"author\":{\"@id\":\"https:\\\/\\\/sindromecharge.es\\\/#\\\/schema\\\/person\\\/39a60ebe0a2b4d5a11179701e336b039\"},\"breadcrumb\":{\"@id\":\"https:\\\/\\\/sindromecharge.es\\\/index.php\\\/2024\\\/12\\\/11\\\/gobierno-comunidades-movilizan-2-000-millones-para-cambiar-modelo-cuidados-fomentar-atencion-los-hogares\\\/#breadcrumb\"},\"inLanguage\":\"es\",\"potentialAction\":[{\"@type\":\"ReadAction\",\"target\":[\"https:\\\/\\\/sindromecharge.es\\\/index.php\\\/2024\\\/12\\\/11\\\/gobierno-comunidades-movilizan-2-000-millones-para-cambiar-modelo-cuidados-fomentar-atencion-los-hogares\\\/\"]}]},{\"@type\":\"BreadcrumbList\",\"@id\":\"https:\\\/\\\/sindromecharge.es\\\/index.php\\\/2024\\\/12\\\/11\\\/gobierno-comunidades-movilizan-2-000-millones-para-cambiar-modelo-cuidados-fomentar-atencion-los-hogares\\\/#breadcrumb\",\"itemListElement\":[{\"@type\":\"ListItem\",\"position\":1,\"name\":\"Portada\",\"item\":\"https:\\\/\\\/sindromecharge.es\\\/\"},{\"@type\":\"ListItem\",\"position\":2,\"name\":\"Gobierno y comunidades dedicar\u00e1n 2.000 millones de euros a transformar el modelo de macrorresidencias en uno de peque\u00f1a escala\"}]},{\"@type\":\"WebSite\",\"@id\":\"https:\\\/\\\/sindromecharge.es\\\/#website\",\"url\":\"https:\\\/\\\/sindromecharge.es\\\/\",\"name\":\"Asociaci\u00f3n Espa\u00f1ola S\u00edndrome de Charge\",\"description\":\"\",\"potentialAction\":[{\"@type\":\"SearchAction\",\"target\":{\"@type\":\"EntryPoint\",\"urlTemplate\":\"https:\\\/\\\/sindromecharge.es\\\/?s={search_term_string}\"},\"query-input\":{\"@type\":\"PropertyValueSpecification\",\"valueRequired\":true,\"valueName\":\"search_term_string\"}}],\"inLanguage\":\"es\"},{\"@type\":\"Person\",\"@id\":\"https:\\\/\\\/sindromecharge.es\\\/#\\\/schema\\\/person\\\/39a60ebe0a2b4d5a11179701e336b039\",\"name\":\"Charge\",\"image\":{\"@type\":\"ImageObject\",\"inLanguage\":\"es\",\"@id\":\"https:\\\/\\\/secure.gravatar.com\\\/avatar\\\/c3b46e32a0fc3b093a0873fb767bf3293de856293065e84ef06b7ec7a8acfb98?s=96&d=identicon&r=x\",\"url\":\"https:\\\/\\\/secure.gravatar.com\\\/avatar\\\/c3b46e32a0fc3b093a0873fb767bf3293de856293065e84ef06b7ec7a8acfb98?s=96&d=identicon&r=x\",\"contentUrl\":\"https:\\\/\\\/secure.gravatar.com\\\/avatar\\\/c3b46e32a0fc3b093a0873fb767bf3293de856293065e84ef06b7ec7a8acfb98?s=96&d=identicon&r=x\",\"caption\":\"Charge\"},\"url\":\"https:\\\/\\\/sindromecharge.es\\\/index.php\\\/author\\\/admin\\\/\"}]}<\/script>\n<!-- \/ Yoast SEO plugin. -->","yoast_head_json":{"title":"Gobierno y comunidades dedicar\u00e1n 2.000 millones de euros a transformar el modelo de macrorresidencias en uno de peque\u00f1a escala - Asociaci\u00f3n Espa\u00f1ola S\u00edndrome de Charge","robots":{"index":"index","follow":"follow","max-snippet":"max-snippet:-1","max-image-preview":"max-image-preview:large","max-video-preview":"max-video-preview:-1"},"canonical":"https:\/\/sindromecharge.es\/index.php\/2024\/12\/11\/gobierno-comunidades-movilizan-2-000-millones-para-cambiar-modelo-cuidados-fomentar-atencion-los-hogares\/","og_locale":"es_ES","og_type":"article","og_title":"Gobierno y comunidades dedicar\u00e1n 2.000 millones de euros a transformar el modelo de macrorresidencias en uno de peque\u00f1a escala - Asociaci\u00f3n Espa\u00f1ola S\u00edndrome de Charge","og_description":"Se invertir\u00e1n en un nuevo plan de Derechos Sociales para desarrollar la estrategia estatal de cuidados.","og_url":"https:\/\/sindromecharge.es\/index.php\/2024\/12\/11\/gobierno-comunidades-movilizan-2-000-millones-para-cambiar-modelo-cuidados-fomentar-atencion-los-hogares\/","og_site_name":"Asociaci\u00f3n Espa\u00f1ola S\u00edndrome de Charge","article_publisher":"https:\/\/www.facebook.com\/asociacionsindromecharge","article_published_time":"2024-12-11T12:02:13+00:00","og_image":[{"width":300,"height":98,"url":"https:\/\/sindromecharge.es\/wp-content\/uploads\/2013\/09\/logodecharge300x98.png","type":"image\/png"}],"author":"Charge","twitter_card":"summary_large_image","twitter_creator":"@sindromecharge","twitter_site":"@sindromecharge","twitter_misc":{"Escrito por":"Charge","Tiempo de lectura":"4 minutos"},"schema":{"@context":"https:\/\/schema.org","@graph":[{"@type":"Article","@id":"https:\/\/sindromecharge.es\/index.php\/2024\/12\/11\/gobierno-comunidades-movilizan-2-000-millones-para-cambiar-modelo-cuidados-fomentar-atencion-los-hogares\/#article","isPartOf":{"@id":"https:\/\/sindromecharge.es\/index.php\/2024\/12\/11\/gobierno-comunidades-movilizan-2-000-millones-para-cambiar-modelo-cuidados-fomentar-atencion-los-hogares\/"},"author":{"name":"Charge","@id":"https:\/\/sindromecharge.es\/#\/schema\/person\/39a60ebe0a2b4d5a11179701e336b039"},"headline":"Gobierno y comunidades dedicar\u00e1n 2.000 millones de euros a transformar el modelo de macrorresidencias en uno de peque\u00f1a escala","datePublished":"2024-12-11T12:02:13+00:00","mainEntityOfPage":{"@id":"https:\/\/sindromecharge.es\/index.php\/2024\/12\/11\/gobierno-comunidades-movilizan-2-000-millones-para-cambiar-modelo-cuidados-fomentar-atencion-los-hogares\/"},"wordCount":842,"articleSection":["noticias"],"inLanguage":"es"},{"@type":"WebPage","@id":"https:\/\/sindromecharge.es\/index.php\/2024\/12\/11\/gobierno-comunidades-movilizan-2-000-millones-para-cambiar-modelo-cuidados-fomentar-atencion-los-hogares\/","url":"https:\/\/sindromecharge.es\/index.php\/2024\/12\/11\/gobierno-comunidades-movilizan-2-000-millones-para-cambiar-modelo-cuidados-fomentar-atencion-los-hogares\/","name":"Gobierno y comunidades dedicar\u00e1n 2.000 millones de euros a transformar el modelo de macrorresidencias en uno de peque\u00f1a escala - Asociaci\u00f3n Espa\u00f1ola S\u00edndrome de Charge","isPartOf":{"@id":"https:\/\/sindromecharge.es\/#website"},"datePublished":"2024-12-11T12:02:13+00:00","author":{"@id":"https:\/\/sindromecharge.es\/#\/schema\/person\/39a60ebe0a2b4d5a11179701e336b039"},"breadcrumb":{"@id":"https:\/\/sindromecharge.es\/index.php\/2024\/12\/11\/gobierno-comunidades-movilizan-2-000-millones-para-cambiar-modelo-cuidados-fomentar-atencion-los-hogares\/#breadcrumb"},"inLanguage":"es","potentialAction":[{"@type":"ReadAction","target":["https:\/\/sindromecharge.es\/index.php\/2024\/12\/11\/gobierno-comunidades-movilizan-2-000-millones-para-cambiar-modelo-cuidados-fomentar-atencion-los-hogares\/"]}]},{"@type":"BreadcrumbList","@id":"https:\/\/sindromecharge.es\/index.php\/2024\/12\/11\/gobierno-comunidades-movilizan-2-000-millones-para-cambiar-modelo-cuidados-fomentar-atencion-los-hogares\/#breadcrumb","itemListElement":[{"@type":"ListItem","position":1,"name":"Portada","item":"https:\/\/sindromecharge.es\/"},{"@type":"ListItem","position":2,"name":"Gobierno y comunidades dedicar\u00e1n 2.000 millones de euros a transformar el modelo de macrorresidencias en uno de peque\u00f1a escala"}]},{"@type":"WebSite","@id":"https:\/\/sindromecharge.es\/#website","url":"https:\/\/sindromecharge.es\/","name":"Asociaci\u00f3n Espa\u00f1ola S\u00edndrome de Charge","description":"","potentialAction":[{"@type":"SearchAction","target":{"@type":"EntryPoint","urlTemplate":"https:\/\/sindromecharge.es\/?s={search_term_string}"},"query-input":{"@type":"PropertyValueSpecification","valueRequired":true,"valueName":"search_term_string"}}],"inLanguage":"es"},{"@type":"Person","@id":"https:\/\/sindromecharge.es\/#\/schema\/person\/39a60ebe0a2b4d5a11179701e336b039","name":"Charge","image":{"@type":"ImageObject","inLanguage":"es","@id":"https:\/\/secure.gravatar.com\/avatar\/c3b46e32a0fc3b093a0873fb767bf3293de856293065e84ef06b7ec7a8acfb98?s=96&d=identicon&r=x","url":"https:\/\/secure.gravatar.com\/avatar\/c3b46e32a0fc3b093a0873fb767bf3293de856293065e84ef06b7ec7a8acfb98?s=96&d=identicon&r=x","contentUrl":"https:\/\/secure.gravatar.com\/avatar\/c3b46e32a0fc3b093a0873fb767bf3293de856293065e84ef06b7ec7a8acfb98?s=96&d=identicon&r=x","caption":"Charge"},"url":"https:\/\/sindromecharge.es\/index.php\/author\/admin\/"}]}},"_links":{"self":[{"href":"https:\/\/sindromecharge.es\/index.php\/wp-json\/wp\/v2\/posts\/10650","targetHints":{"allow":["GET"]}}],"collection":[{"href":"https:\/\/sindromecharge.es\/index.php\/wp-json\/wp\/v2\/posts"}],"about":[{"href":"https:\/\/sindromecharge.es\/index.php\/wp-json\/wp\/v2\/types\/post"}],"author":[{"embeddable":true,"href":"https:\/\/sindromecharge.es\/index.php\/wp-json\/wp\/v2\/users\/1"}],"replies":[{"embeddable":true,"href":"https:\/\/sindromecharge.es\/index.php\/wp-json\/wp\/v2\/comments?post=10650"}],"version-history":[{"count":0,"href":"https:\/\/sindromecharge.es\/index.php\/wp-json\/wp\/v2\/posts\/10650\/revisions"}],"wp:attachment":[{"href":"https:\/\/sindromecharge.es\/index.php\/wp-json\/wp\/v2\/media?parent=10650"}],"wp:term":[{"taxonomy":"category","embeddable":true,"href":"https:\/\/sindromecharge.es\/index.php\/wp-json\/wp\/v2\/categories?post=10650"},{"taxonomy":"post_tag","embeddable":true,"href":"https:\/\/sindromecharge.es\/index.php\/wp-json\/wp\/v2\/tags?post=10650"}],"curies":[{"name":"wp","href":"https:\/\/api.w.org\/{rel}","templated":true}]}}