{"id":10649,"date":"2024-12-11T06:38:39","date_gmt":"2024-12-11T06:38:39","guid":{"rendered":"https:\/\/sindromecharge.es\/index.php\/2024\/12\/11\/casi-40-artistas-con-discapacidad-intelectual-protagonizan-documental-imposible-se-hara\/"},"modified":"2024-12-11T06:38:39","modified_gmt":"2024-12-11T06:38:39","slug":"casi-40-artistas-con-discapacidad-intelectual-protagonizan-documental-imposible-se-hara","status":"publish","type":"post","link":"https:\/\/sindromecharge.es\/index.php\/2024\/12\/11\/casi-40-artistas-con-discapacidad-intelectual-protagonizan-documental-imposible-se-hara\/","title":{"rendered":"Casi 40 artistas con discapacidad intelectual protagonizan el documental &#8216;Lo imposible se har\u00e1&#8217;"},"content":{"rendered":"<p>Leemos en Discapacidad la siguiente noticia que os reproducimos de forma \u00edntegra: <\/p>\n<div>\n<p>Un total de 38 artistas con<a href=\"https:\/\/www.20minutos.es\/minuteca\/discapacidad-intelectual\/\" title=\"Discapacidad intelectual\" target=\"_blank\"> discapacidad intelectual <\/a>y del desarrollo protagonizan el documental \u2018<b>Lo imposible se har\u00e1<\/b>\u2019, que se presentar\u00e1 en Madrid el 12 de diciembre.<\/p>\n<p>Esta cinta recrea la experiencia de la <b>propuesta art\u00edstica <\/b>de m\u00fasicos, cantantes, poetas y bailarines, quienes bajo la coordinaci\u00f3n de Mikel Ca\u00f1ada, m\u00fasico y gestor cultural, participaron el pasado mes de abril en la propuesta de su repertorio, crearon textos e im\u00e1genes y dieron vida al espect\u00e1culo.<\/p>\n<p>El documental relata c\u00f3mo, despu\u00e9s de ocho meses de trabajo, el resultado de esta cocreaci\u00f3n se present\u00f3 en el<b> Auditorio Nacional de la M\u00fasica ante m\u00e1s de 700 personas<\/b>.<\/p>\n<p>Esta iniciativa art\u00edstica nace en el<b> marco de la celebraci\u00f3n del 60 aniversario de Plena inclusi\u00f3n Espa\u00f1a<\/b>, y conecta con el esp\u00edritu de una organizaci\u00f3n en la que las personas con <a href=\"https:\/\/www.20minutos.es\/minuteca\/discapacidad\/\" title=\"Discapacidad\" target=\"_blank\">discapacidad <\/a>intelectual y del desarrollo asumen el protagonismo de sus vidas. De hecho, el lema de este a\u00f1o de celebraci\u00f3n da nombre al concierto: \u2018Lo imposible se har\u00e1\u2019.<\/p>\n<p>La presentaci\u00f3n tendr\u00e1 lugar en los cines Ideal de Madrid a las 12.00. Contar\u00e1 con la presencia del<b> director de la orquesta Carlos III<\/b>, participante en el concierto,<b> Juan Manuel Alonso<\/b>, y el coordinador art\u00edstico del concierto, Mikel Ca\u00f1adas.<\/p>\n<p>Tambi\u00e9n asistir\u00e1n la presidenta de Plena inclusi\u00f3n Espa\u00f1a,<b> Carmen Laucirica<\/b>; el director de la productora Nora films, Jos\u00e9 Reguera; y gran parte de los artistas con discapacidad protagonistas del concierto, como Carlos Sardinero o \u00c1ngel Novas.<\/p>\n<p>El documental ser\u00e1 presentado en diferentes espacios culturales de Espa\u00f1a. La cinta que se preestrena este jueves<b> recuerda seis d\u00e9cadas de compromiso de la organizaci\u00f3n<\/b> para lograr que miles de personas con discapacidad intelectual y del desarrollo (<a href=\"https:\/\/www.20minutos.es\/minuteca\/autismo\/\" title=\"Autismo\" target=\"_blank\">autismo<\/a>, <a href=\"https:\/\/www.20minutos.es\/minuteca\/paralisis-cerebral\/\" title=\"Par\u00e1lisis cerebral\" target=\"_blank\">par\u00e1lisis cerebral<\/a> y <a href=\"https:\/\/www.20minutos.es\/minuteca\/sindrome-de-down\/\" title=\"S\u00edndrome de Down\" target=\"_blank\">s\u00edndrome de Down<\/a>) alcancen la ciudadan\u00eda plena. Este movimiento asociativo de base familiar, que naci\u00f3 el 26 de abril de 1964, se organiza en torno a 950 entidades que apoyan a m\u00e1s de 150.000 personas y sus familias, gracias al trabajo de 46.000 profesionales y 8.000 personas voluntarias.<\/p>\n<\/div>\n<p>Fuente: Discapacidad https:\/\/www.20minutos.es\/noticia\/5662656\/0\/casi-40-artistas-con-discapacidad-intelectual-protagonizan-documental-imposible-se-hara\/<\/p>\n","protected":false},"excerpt":{"rendered":"<p>El documental se estrena este jueves en Madrid y ser\u00e1 presentado en diferentes espacios culturales de Espa\u00f1a.<\/p>\n","protected":false},"author":1,"featured_media":0,"comment_status":"closed","ping_status":"closed","sticky":false,"template":"","format":"standard","meta":{"footnotes":""},"categories":[8],"tags":[],"class_list":["post-10649","post","type-post","status-publish","format-standard","hentry","category-noticias"],"yoast_head":"<!-- This site is optimized with the Yoast SEO plugin v27.4 - https:\/\/yoast.com\/product\/yoast-seo-wordpress\/ -->\n<title>Casi 40 artistas con discapacidad intelectual protagonizan el documental &#039;Lo imposible se har\u00e1&#039; - Asociaci\u00f3n Espa\u00f1ola S\u00edndrome de Charge<\/title>\n<meta name=\"robots\" content=\"index, follow, max-snippet:-1, max-image-preview:large, max-video-preview:-1\" \/>\n<link rel=\"canonical\" href=\"https:\/\/sindromecharge.es\/index.php\/2024\/12\/11\/casi-40-artistas-con-discapacidad-intelectual-protagonizan-documental-imposible-se-hara\/\" \/>\n<meta property=\"og:locale\" content=\"es_ES\" \/>\n<meta property=\"og:type\" content=\"article\" \/>\n<meta property=\"og:title\" content=\"Casi 40 artistas con discapacidad intelectual protagonizan el documental &#039;Lo imposible se har\u00e1&#039; - Asociaci\u00f3n Espa\u00f1ola S\u00edndrome de Charge\" \/>\n<meta property=\"og:description\" content=\"El documental se estrena este jueves en Madrid y ser\u00e1 presentado en diferentes espacios culturales de Espa\u00f1a.\" \/>\n<meta property=\"og:url\" content=\"https:\/\/sindromecharge.es\/index.php\/2024\/12\/11\/casi-40-artistas-con-discapacidad-intelectual-protagonizan-documental-imposible-se-hara\/\" \/>\n<meta property=\"og:site_name\" content=\"Asociaci\u00f3n Espa\u00f1ola S\u00edndrome de Charge\" \/>\n<meta property=\"article:publisher\" content=\"https:\/\/www.facebook.com\/asociacionsindromecharge\" \/>\n<meta property=\"article:published_time\" content=\"2024-12-11T06:38:39+00:00\" \/>\n<meta property=\"og:image\" content=\"https:\/\/sindromecharge.es\/wp-content\/uploads\/2013\/09\/logodecharge300x98.png\" \/>\n\t<meta property=\"og:image:width\" content=\"300\" \/>\n\t<meta property=\"og:image:height\" content=\"98\" \/>\n\t<meta property=\"og:image:type\" content=\"image\/png\" \/>\n<meta name=\"author\" content=\"Charge\" \/>\n<meta name=\"twitter:card\" content=\"summary_large_image\" \/>\n<meta name=\"twitter:creator\" content=\"@sindromecharge\" \/>\n<meta name=\"twitter:site\" content=\"@sindromecharge\" \/>\n<meta name=\"twitter:label1\" content=\"Escrito por\" \/>\n\t<meta name=\"twitter:data1\" content=\"Charge\" \/>\n\t<meta name=\"twitter:label2\" content=\"Tiempo de lectura\" \/>\n\t<meta name=\"twitter:data2\" content=\"2 minutos\" \/>\n<script type=\"application\/ld+json\" class=\"yoast-schema-graph\">{\"@context\":\"https:\\\/\\\/schema.org\",\"@graph\":[{\"@type\":\"Article\",\"@id\":\"https:\\\/\\\/sindromecharge.es\\\/index.php\\\/2024\\\/12\\\/11\\\/casi-40-artistas-con-discapacidad-intelectual-protagonizan-documental-imposible-se-hara\\\/#article\",\"isPartOf\":{\"@id\":\"https:\\\/\\\/sindromecharge.es\\\/index.php\\\/2024\\\/12\\\/11\\\/casi-40-artistas-con-discapacidad-intelectual-protagonizan-documental-imposible-se-hara\\\/\"},\"author\":{\"name\":\"Charge\",\"@id\":\"https:\\\/\\\/sindromecharge.es\\\/#\\\/schema\\\/person\\\/39a60ebe0a2b4d5a11179701e336b039\"},\"headline\":\"Casi 40 artistas con discapacidad intelectual protagonizan el documental &#8216;Lo imposible se har\u00e1&#8217;\",\"datePublished\":\"2024-12-11T06:38:39+00:00\",\"mainEntityOfPage\":{\"@id\":\"https:\\\/\\\/sindromecharge.es\\\/index.php\\\/2024\\\/12\\\/11\\\/casi-40-artistas-con-discapacidad-intelectual-protagonizan-documental-imposible-se-hara\\\/\"},\"wordCount\":383,\"articleSection\":[\"noticias\"],\"inLanguage\":\"es\"},{\"@type\":\"WebPage\",\"@id\":\"https:\\\/\\\/sindromecharge.es\\\/index.php\\\/2024\\\/12\\\/11\\\/casi-40-artistas-con-discapacidad-intelectual-protagonizan-documental-imposible-se-hara\\\/\",\"url\":\"https:\\\/\\\/sindromecharge.es\\\/index.php\\\/2024\\\/12\\\/11\\\/casi-40-artistas-con-discapacidad-intelectual-protagonizan-documental-imposible-se-hara\\\/\",\"name\":\"Casi 40 artistas con discapacidad intelectual protagonizan el documental 'Lo imposible se har\u00e1' - Asociaci\u00f3n Espa\u00f1ola S\u00edndrome de Charge\",\"isPartOf\":{\"@id\":\"https:\\\/\\\/sindromecharge.es\\\/#website\"},\"datePublished\":\"2024-12-11T06:38:39+00:00\",\"author\":{\"@id\":\"https:\\\/\\\/sindromecharge.es\\\/#\\\/schema\\\/person\\\/39a60ebe0a2b4d5a11179701e336b039\"},\"breadcrumb\":{\"@id\":\"https:\\\/\\\/sindromecharge.es\\\/index.php\\\/2024\\\/12\\\/11\\\/casi-40-artistas-con-discapacidad-intelectual-protagonizan-documental-imposible-se-hara\\\/#breadcrumb\"},\"inLanguage\":\"es\",\"potentialAction\":[{\"@type\":\"ReadAction\",\"target\":[\"https:\\\/\\\/sindromecharge.es\\\/index.php\\\/2024\\\/12\\\/11\\\/casi-40-artistas-con-discapacidad-intelectual-protagonizan-documental-imposible-se-hara\\\/\"]}]},{\"@type\":\"BreadcrumbList\",\"@id\":\"https:\\\/\\\/sindromecharge.es\\\/index.php\\\/2024\\\/12\\\/11\\\/casi-40-artistas-con-discapacidad-intelectual-protagonizan-documental-imposible-se-hara\\\/#breadcrumb\",\"itemListElement\":[{\"@type\":\"ListItem\",\"position\":1,\"name\":\"Portada\",\"item\":\"https:\\\/\\\/sindromecharge.es\\\/\"},{\"@type\":\"ListItem\",\"position\":2,\"name\":\"Casi 40 artistas con discapacidad intelectual protagonizan el documental &#8216;Lo imposible se har\u00e1&#8217;\"}]},{\"@type\":\"WebSite\",\"@id\":\"https:\\\/\\\/sindromecharge.es\\\/#website\",\"url\":\"https:\\\/\\\/sindromecharge.es\\\/\",\"name\":\"Asociaci\u00f3n Espa\u00f1ola S\u00edndrome de Charge\",\"description\":\"\",\"potentialAction\":[{\"@type\":\"SearchAction\",\"target\":{\"@type\":\"EntryPoint\",\"urlTemplate\":\"https:\\\/\\\/sindromecharge.es\\\/?s={search_term_string}\"},\"query-input\":{\"@type\":\"PropertyValueSpecification\",\"valueRequired\":true,\"valueName\":\"search_term_string\"}}],\"inLanguage\":\"es\"},{\"@type\":\"Person\",\"@id\":\"https:\\\/\\\/sindromecharge.es\\\/#\\\/schema\\\/person\\\/39a60ebe0a2b4d5a11179701e336b039\",\"name\":\"Charge\",\"image\":{\"@type\":\"ImageObject\",\"inLanguage\":\"es\",\"@id\":\"https:\\\/\\\/secure.gravatar.com\\\/avatar\\\/c3b46e32a0fc3b093a0873fb767bf3293de856293065e84ef06b7ec7a8acfb98?s=96&d=identicon&r=x\",\"url\":\"https:\\\/\\\/secure.gravatar.com\\\/avatar\\\/c3b46e32a0fc3b093a0873fb767bf3293de856293065e84ef06b7ec7a8acfb98?s=96&d=identicon&r=x\",\"contentUrl\":\"https:\\\/\\\/secure.gravatar.com\\\/avatar\\\/c3b46e32a0fc3b093a0873fb767bf3293de856293065e84ef06b7ec7a8acfb98?s=96&d=identicon&r=x\",\"caption\":\"Charge\"},\"url\":\"https:\\\/\\\/sindromecharge.es\\\/index.php\\\/author\\\/admin\\\/\"}]}<\/script>\n<!-- \/ Yoast SEO plugin. -->","yoast_head_json":{"title":"Casi 40 artistas con discapacidad intelectual protagonizan el documental 'Lo imposible se har\u00e1' - Asociaci\u00f3n Espa\u00f1ola S\u00edndrome de Charge","robots":{"index":"index","follow":"follow","max-snippet":"max-snippet:-1","max-image-preview":"max-image-preview:large","max-video-preview":"max-video-preview:-1"},"canonical":"https:\/\/sindromecharge.es\/index.php\/2024\/12\/11\/casi-40-artistas-con-discapacidad-intelectual-protagonizan-documental-imposible-se-hara\/","og_locale":"es_ES","og_type":"article","og_title":"Casi 40 artistas con discapacidad intelectual protagonizan el documental 'Lo imposible se har\u00e1' - Asociaci\u00f3n Espa\u00f1ola S\u00edndrome de Charge","og_description":"El documental se estrena este jueves en Madrid y ser\u00e1 presentado en diferentes espacios culturales de Espa\u00f1a.","og_url":"https:\/\/sindromecharge.es\/index.php\/2024\/12\/11\/casi-40-artistas-con-discapacidad-intelectual-protagonizan-documental-imposible-se-hara\/","og_site_name":"Asociaci\u00f3n Espa\u00f1ola S\u00edndrome de Charge","article_publisher":"https:\/\/www.facebook.com\/asociacionsindromecharge","article_published_time":"2024-12-11T06:38:39+00:00","og_image":[{"width":300,"height":98,"url":"https:\/\/sindromecharge.es\/wp-content\/uploads\/2013\/09\/logodecharge300x98.png","type":"image\/png"}],"author":"Charge","twitter_card":"summary_large_image","twitter_creator":"@sindromecharge","twitter_site":"@sindromecharge","twitter_misc":{"Escrito por":"Charge","Tiempo de lectura":"2 minutos"},"schema":{"@context":"https:\/\/schema.org","@graph":[{"@type":"Article","@id":"https:\/\/sindromecharge.es\/index.php\/2024\/12\/11\/casi-40-artistas-con-discapacidad-intelectual-protagonizan-documental-imposible-se-hara\/#article","isPartOf":{"@id":"https:\/\/sindromecharge.es\/index.php\/2024\/12\/11\/casi-40-artistas-con-discapacidad-intelectual-protagonizan-documental-imposible-se-hara\/"},"author":{"name":"Charge","@id":"https:\/\/sindromecharge.es\/#\/schema\/person\/39a60ebe0a2b4d5a11179701e336b039"},"headline":"Casi 40 artistas con discapacidad intelectual protagonizan el documental &#8216;Lo imposible se har\u00e1&#8217;","datePublished":"2024-12-11T06:38:39+00:00","mainEntityOfPage":{"@id":"https:\/\/sindromecharge.es\/index.php\/2024\/12\/11\/casi-40-artistas-con-discapacidad-intelectual-protagonizan-documental-imposible-se-hara\/"},"wordCount":383,"articleSection":["noticias"],"inLanguage":"es"},{"@type":"WebPage","@id":"https:\/\/sindromecharge.es\/index.php\/2024\/12\/11\/casi-40-artistas-con-discapacidad-intelectual-protagonizan-documental-imposible-se-hara\/","url":"https:\/\/sindromecharge.es\/index.php\/2024\/12\/11\/casi-40-artistas-con-discapacidad-intelectual-protagonizan-documental-imposible-se-hara\/","name":"Casi 40 artistas con discapacidad intelectual protagonizan el documental 'Lo imposible se har\u00e1' - Asociaci\u00f3n Espa\u00f1ola S\u00edndrome de Charge","isPartOf":{"@id":"https:\/\/sindromecharge.es\/#website"},"datePublished":"2024-12-11T06:38:39+00:00","author":{"@id":"https:\/\/sindromecharge.es\/#\/schema\/person\/39a60ebe0a2b4d5a11179701e336b039"},"breadcrumb":{"@id":"https:\/\/sindromecharge.es\/index.php\/2024\/12\/11\/casi-40-artistas-con-discapacidad-intelectual-protagonizan-documental-imposible-se-hara\/#breadcrumb"},"inLanguage":"es","potentialAction":[{"@type":"ReadAction","target":["https:\/\/sindromecharge.es\/index.php\/2024\/12\/11\/casi-40-artistas-con-discapacidad-intelectual-protagonizan-documental-imposible-se-hara\/"]}]},{"@type":"BreadcrumbList","@id":"https:\/\/sindromecharge.es\/index.php\/2024\/12\/11\/casi-40-artistas-con-discapacidad-intelectual-protagonizan-documental-imposible-se-hara\/#breadcrumb","itemListElement":[{"@type":"ListItem","position":1,"name":"Portada","item":"https:\/\/sindromecharge.es\/"},{"@type":"ListItem","position":2,"name":"Casi 40 artistas con discapacidad intelectual protagonizan el documental &#8216;Lo imposible se har\u00e1&#8217;"}]},{"@type":"WebSite","@id":"https:\/\/sindromecharge.es\/#website","url":"https:\/\/sindromecharge.es\/","name":"Asociaci\u00f3n Espa\u00f1ola S\u00edndrome de Charge","description":"","potentialAction":[{"@type":"SearchAction","target":{"@type":"EntryPoint","urlTemplate":"https:\/\/sindromecharge.es\/?s={search_term_string}"},"query-input":{"@type":"PropertyValueSpecification","valueRequired":true,"valueName":"search_term_string"}}],"inLanguage":"es"},{"@type":"Person","@id":"https:\/\/sindromecharge.es\/#\/schema\/person\/39a60ebe0a2b4d5a11179701e336b039","name":"Charge","image":{"@type":"ImageObject","inLanguage":"es","@id":"https:\/\/secure.gravatar.com\/avatar\/c3b46e32a0fc3b093a0873fb767bf3293de856293065e84ef06b7ec7a8acfb98?s=96&d=identicon&r=x","url":"https:\/\/secure.gravatar.com\/avatar\/c3b46e32a0fc3b093a0873fb767bf3293de856293065e84ef06b7ec7a8acfb98?s=96&d=identicon&r=x","contentUrl":"https:\/\/secure.gravatar.com\/avatar\/c3b46e32a0fc3b093a0873fb767bf3293de856293065e84ef06b7ec7a8acfb98?s=96&d=identicon&r=x","caption":"Charge"},"url":"https:\/\/sindromecharge.es\/index.php\/author\/admin\/"}]}},"_links":{"self":[{"href":"https:\/\/sindromecharge.es\/index.php\/wp-json\/wp\/v2\/posts\/10649","targetHints":{"allow":["GET"]}}],"collection":[{"href":"https:\/\/sindromecharge.es\/index.php\/wp-json\/wp\/v2\/posts"}],"about":[{"href":"https:\/\/sindromecharge.es\/index.php\/wp-json\/wp\/v2\/types\/post"}],"author":[{"embeddable":true,"href":"https:\/\/sindromecharge.es\/index.php\/wp-json\/wp\/v2\/users\/1"}],"replies":[{"embeddable":true,"href":"https:\/\/sindromecharge.es\/index.php\/wp-json\/wp\/v2\/comments?post=10649"}],"version-history":[{"count":0,"href":"https:\/\/sindromecharge.es\/index.php\/wp-json\/wp\/v2\/posts\/10649\/revisions"}],"wp:attachment":[{"href":"https:\/\/sindromecharge.es\/index.php\/wp-json\/wp\/v2\/media?parent=10649"}],"wp:term":[{"taxonomy":"category","embeddable":true,"href":"https:\/\/sindromecharge.es\/index.php\/wp-json\/wp\/v2\/categories?post=10649"},{"taxonomy":"post_tag","embeddable":true,"href":"https:\/\/sindromecharge.es\/index.php\/wp-json\/wp\/v2\/tags?post=10649"}],"curies":[{"name":"wp","href":"https:\/\/api.w.org\/{rel}","templated":true}]}}