{"id":10647,"date":"2024-12-10T06:22:02","date_gmt":"2024-12-10T06:22:02","guid":{"rendered":"https:\/\/sindromecharge.es\/index.php\/2024\/12\/10\/asi-es-jubilacion-pepi-maria-elena-mariano-ilenio-con-discapacidad\/"},"modified":"2024-12-10T06:22:02","modified_gmt":"2024-12-10T06:22:02","slug":"asi-es-jubilacion-pepi-maria-elena-mariano-ilenio-con-discapacidad","status":"publish","type":"post","link":"https:\/\/sindromecharge.es\/index.php\/2024\/12\/10\/asi-es-jubilacion-pepi-maria-elena-mariano-ilenio-con-discapacidad\/","title":{"rendered":"Pepi, Mar\u00eda Elena, Mariano e Ilenio: c\u00f3mo afrontar la jubilaci\u00f3n teniendo discapacidad intelectual"},"content":{"rendered":"<p>Leemos en Discapacidad la siguiente noticia que os reproducimos de forma \u00edntegra: <\/p>\n<div>\n<p>La <b>Fundaci\u00f3n Juan XXIII <\/b>lleva m\u00e1s de 50 a\u00f1os impulsando la <a href=\"https:\/\/www.20minutos.es\/minuteca\/inclusion\/\" title=\"Inclusi\u00f3n\" target=\"_blank\">inclusi\u00f3n<\/a> de las personas con <a href=\"https:\/\/www.20minutos.es\/minuteca\/discapacidad-intelectual\/\" title=\"Discapacidad intelectual\" target=\"_blank\">discapacidad intelectual<\/a> o en situaci\u00f3n de vulnerabilidad psicosocial. Una de sus principales &#8216;patas&#8217; es la del empleo, pues dan trabajo a unas 500 personas en estas situaciones. Ahora, tras a\u00f1os de fomentar su autonom\u00eda, se est\u00e1n enfrentando a otra nueva realidad,<b> las personas con discapacidad envejecen<\/b> y, tras a\u00f1os de duro trabajo,<b> tambi\u00e9n tienen derecho a jubilarse<\/b>, en su caso adem\u00e1s, muchos de ellos unos a\u00f1os antes que la poblaci\u00f3n general.<\/p>\n<p>Para hacer frente a esta realidad, en Juan XXIII llevan a\u00f1os pensando soluciones para seguir apoy\u00e1ndoles en esta etapa. As\u00ed naci\u00f3<b> Juan Senior<\/b>, una iniciativa que surgi\u00f3 a ra\u00edz de la pandemia y que da trabajo, tras evaluar las necesidades de cada empleado, a los de mayor edad, que ya van demandando trabajos m\u00e1s tranquilos, \u00abson<b> perfiles en proceso de envejecimiento<\/b> y que se van a jubilar en pocos a\u00f1os, porque los estudios apuntan a que el<b> deterioro cognitivo y envejecimiento en persona con discapacidad intelectual se puede producir a partir de los 45 a\u00f1os<\/b>. En estos casos, adaptamos el puesto a sus capacidades hasta que llega le edad de jubilaci\u00f3n, una palabra que, adem\u00e1s, a muchos les asusta mucho\u00bb, explica Laura Garc\u00eda, responsable de la unidad de apoyo de fondo especial de empleo.<\/p>\n<p>Estos a\u00f1os, en Juan Senior les prepara para que, los que quieran, <b>contin\u00faen en Impulsa Senior<\/b>, un programa pionero que les acompa\u00f1a m\u00e1s all\u00e1 de la <a href=\"https:\/\/www.20minutos.es\/minuteca\/jubilacion\/\" title=\"Jubilaci\u00f3n\" target=\"_blank\">jubilaci\u00f3n<\/a>, \u00abImpulsa S\u00e9nior surge el a\u00f1o pasado con el objetivo al final de \u00abmantener una relaci\u00f3n en el tiempo de aquellos trabajadores que han estado toda la vida con nosotros. Ve\u00edamos que trabajadores que estaban con nosotros desde los inicios, m\u00e1s de 30 a\u00f1os, de repente ten\u00edan que jubilarse y su vida cambiaba radicalmente, dejaban de tener la rutina laboral y eso les asustaba\u00bb, asegura Laura.<\/p>\n<p>Se trata de un programa voluntario cuyo objetivo es facilitarles el proceso de pasar de una vida activa, con obligaciones diarias, a una vida m\u00e1s tranquila, sin rutinas, algo que asusta a algunos hasta tal punto que<b> no quieren jubilarse<\/b> a pesar de que ya tienen derecho, \u00abpor eso decidimos crear una especie de soporte para que al d\u00eda siguiente de su jubilaci\u00f3n siguieran manteniendo la relaci\u00f3n con la zona de confort que ellos tienen, que es la Fundaci\u00f3n Juan XXIII\u00bb. <\/p>\n<p>Vienen, como explica Laura, de voluntarios uno o dos d\u00edas a la semana, los martes y jueves, y realizan distintas actividades, \u00abllegan las 10:30 horas, que coincide con el descanso de sus compa\u00f1eros de siempre, comparten el desayuno con ellos, y despu\u00e9s<b> hacemos todo tipo de actividades, ya sean de estimulaci\u00f3n cognitiva, de atenci\u00f3n, de memoria\u2026<\/b> y adem\u00e1s, hay momentos que ayudan a sus compa\u00f1eros en temas de producci\u00f3n sencillos, para que ellos se quieran seguir siendo \u00fatiles\u00bb. <\/p>\n<p>El programa, a d\u00eda de hoy, est\u00e1 <b>formado por cinco compa\u00f1eros<\/b>, y el a\u00f1o que viene est\u00e1 previsto que se unan tres m\u00e1s.<\/p>\n<p>Pepi, por ejemplo, se jubil\u00f3 el pasado mes de mayo, y aunque al principio era un poco reticente a apuntarse al programa porque quer\u00eda ayudar a su hermana con sus nietos, <b>se alegra mucho de haberse apuntado a Impulsa Senior<\/b>, sobre todo porque sigue vinculada a una la que ha sido su casa muchos de los 29 a\u00f1os que llevan trabajando. No niega que<b> ten\u00eda ganas de jubilarse<\/b>, pero mantener el apoyo con sus compa\u00f1eros para ella es crucial, \u00abme apetec\u00eda seguir, sobre todo para no perder el contacto con los compa\u00f1eros, porque<b> les echo de menos, me llevo muy bien con todos<\/b>. A m\u00ed me sigue gustando venir para ver a los compa\u00f1eros, les ayudo\u00bb, dice mientras nos ense\u00f1a orgullosa todos los regalos de despedida que le hicieron sus amigos el d\u00eda en que se jubil\u00f3.<\/p>\n<p>El primer a\u00f1o del programa, adem\u00e1s, siguen vinculados a la fundaci\u00f3n como un empleado m\u00e1s, \u00ab<b>mantienen con nosotros una relaci\u00f3n en la cena de Navidad<\/b> o en las actividades que hagamos en fundaci\u00f3n, como nuestro tradicional viaje a la playa en julio, m\u00e1s de 200 personas. La idea es que el cambio no sea tan dr\u00e1stico para ellos\u00bb. <\/p>\n<h2>Flexibilidad y personalizar cada caso<\/h2>\n<p>Laura Garc\u00eda nos explica que en Juan Senior todo es muy flexible y personalizado. Por un lado<b>, eligen el puesto en funci\u00f3n de las capacidades de cada uno<\/b>, y por otro<b>, elaboran planes de jubilaci\u00f3n y prejubilaci\u00f3n<\/b>, \u00abse hace un estudio individual en cada caso, y seg\u00fan el tipo de discapacidad y los a\u00f1os, tienen la opci\u00f3n de jubilarse o prejubilarse\u00bb. <\/p>\n<p>Este es el caso de<b> Ilenio y Mariano<\/b>, que <b>todav\u00eda no pueden jubilarse por edad<\/b>, pero s\u00ed pueden acogerse a lo que se &#8216;contrato de relevo&#8217;, una <a href=\"https:\/\/www.20minutos.es\/minuteca\/prejubilacion\/\" title=\"Prejubilaci\u00f3n\" target=\"_blank\">prejubilaci\u00f3n<\/a> en la que pueden elegir si trabajan todos los d\u00edas pocas horas, unos d\u00edas a la semana o solo unos meses al a\u00f1o.<\/p>\n<p><b>Ilenio, que ha cotizado casi 40 a\u00f1os<\/b>, ha decidido ir a trabajar de octubre a diciembre y el resto del a\u00f1o no trabaja, pero se ha acogido al programa Impulsa Senior y viene de voluntario martes y jueves, \u00abpara jubilarme a\u00fan me queda dos a\u00f1os\u00bb, cuenta. <\/p>\n<p><b>Mariano<\/b>, que est\u00e1 en una situaci\u00f3n parecida, ha decidido trabajar todo el a\u00f1o los lunes y los mi\u00e9rcoles y martes y jueves va de voluntario, solo que viene con el chaleco de distinto color, \u00abllevo trabajando 34 a\u00f1os y ya se la fecha de jubilaci\u00f3n, el 30 de noviembre de 2026\u00bb. <\/p>\n<p><b>Mar\u00eda Elena<\/b>, que lleva trabajando 31 a\u00f1os -11 de ellos en la Juan XXIII-, desde el cambio de ley el a\u00f1o pasado, puede prejubilarse con 56, y eso es lo que ha decidido hacer, \u00ab<b>me jubilo en febrero de 2025<\/b>, y lo estoy deseando. Cuando me dijo mi hermano que ya pod\u00eda jubilarme, me puse muy contenta\u00bb, nos confiesa.<\/p>\n<p>Mientras llega esta fecha, Mar\u00eda Elena est\u00e1 en<b> periodo de transici\u00f3n<\/b>, y los jueves acude al programa Impulsa senior, algo que seguir\u00e1 haciendo cuando se jubile, \u00abquiero ayudar a mis padres, que ya son mayores, tienen 80 a\u00f1os, pero <b>no quiero perder el contacto con mis compa\u00f1eros<\/b>, no quiero perder el contacto con los ellos, porque me llevo muy bien con todos y no quiero que eso se acabe\u00bb, cuenta.<\/p>\n<p>Lo importante de este programa es que, como quiere dejar claro Laura Garc\u00eda, no se trata, ni mucho menos de una obligaci\u00f3n, sino que <b>cada uno elige lo que m\u00e1s la conviene en cada momento <\/b>en funci\u00f3n de sus necesidades y preferencias, \u00abse lo ofrecemos a todos los que se jubilan y, de primeras, casi todos dicen que s\u00ed. Luego, hay algunos que empiezan muy fuerte y van dejando de venir o vienen solo un d\u00eda\u2026 Nos adaptamos a lo que ellos quieran, y si una semana no quieren venir, es totalmente flexible a lo que ellos necesiten en ese momento, porque tambi\u00e9n hay otros que dicen que no y despu\u00e9s de un mes empiezan a venir porque <b>se dan cuenta de que necesitan una rutina<\/b>, sentirse \u00fatiles de alguna manera\u2026. Entendemos que muchos perfiles no van a estar siempre viniendo porque tambi\u00e9n querr\u00e1n tener su vida y crear su rutina, por eso esto est\u00e1 pensado<b> para que lo hagan el tiempo que ellos quieran<\/b>\u00ab, insiste. <\/p>\n<h2>Apoyo a la jubilaci\u00f3n y generaci\u00f3n de conocimiento<\/h2>\n<p>\u00abComo dicen en mi pueblo, &#8216;gente parada, malos pensamientos'\u00bb, nos contaba Ilenio, por eso, otra de las razones para seguir viniendo a la Fundaci\u00f3n es <b>mantenerse activos<\/b>, algo que, adem\u00e1s, les beneficia en todos los sentidos, \u00abal final, su rutina para y a nivel de memoria, de retenci\u00f3n, de h\u00e1bitos&#8230; retroceden. Necesitan sentirse \u00fatiles y salir un poco tambi\u00e9n de casa, y por eso la familia tambi\u00e9n apuesta por que vengan, porque este par\u00f3n repentino<b> puede afectar a su salud y acelerar su deterioro<\/b>. Y aqu\u00ed, aunque sea un d\u00eda o dos a la semana, siguen trabajando atenci\u00f3n, memoria, la parte manipulativa\u2026 De 11 a 13 est\u00e1n haciendo talleres de todo tipo, como lengua de signos, ingl\u00e9s, estimulaci\u00f3n cognitiva, van a conocer todos los servicios y espacios de la Fundaci\u00f3n\u00bb&#8230; <\/p>\n<p>Ilenio, adem\u00e1s de ir a estos talleres, va un d\u00eda a magia y, por su cuenta, a yoga\u2026 as\u00ed, los meses que no trabaja asegura que <b>\u00ablo voy llevando bien\u00bb<\/b>.<\/p>\n<p>La jubilaci\u00f3n, si todo va bien, va a llegar para todos, forma parte de la vida, as\u00ed que la idea es prepararos y, sobre todo, <b>que tengan opciones<\/b>, \u00abla palabra jubilaci\u00f3n les asusta mucho, por eso decidimos acompa\u00f1arles en ese proceso, para que sepan que <b>pueden seguir vinculados a su centro de toda la vida<\/b>, que no vean la jubilaci\u00f3n como un salto al vac\u00edo. Saben que,<b> si se jubilan hoy, ma\u00f1ana van a seguir siendo los mismos para nosotros<\/b> y van a seguir teniendo la misma importancia, no se van, por ejemplo, a centro cultural del barrio donde no conocen a nadie\u00bb.<\/p>\n<p>Y es que, uno de los objetivos de Juan XXIII es<b> acompa\u00f1arlos durante todo su ciclo vital<\/b>, y la jubilaci\u00f3n forma de este ciclo, tanto si son trabajadores suyos como si no, \u00abal margen de que sean trabajadores o vengan al centro de d\u00eda, <b>tambi\u00e9n pueden ir a SumaMente<\/b>, y ese centro est\u00e1 abierto por si necesitan fisio, psicoterapia\u2026\u00bb.<\/p>\n<p>Estos programas les sirven, adem\u00e1s, para<b> crear y compartir conocimiento<\/b>, \u00abnos hemos dado cuenta de que no hab\u00eda nada hecho, <b>no hay estudios anteriores de jubilaci\u00f3n en personas con discapacidad intelectual<\/b>, as\u00ed que esto es un poco ensayo y error e innovaci\u00f3n, pero siempre con el objetivo de pensar en ellos y en su calidad de vida\u00bb.<\/p>\n<\/div>\n<p>Fuente: Discapacidad https:\/\/www.20minutos.es\/noticia\/5661991\/0\/asi-es-jubilacion-pepi-maria-elena-mariano-ilenio-con-discapacidad\/<\/p>\n","protected":false},"excerpt":{"rendered":"<p>La Fundaci\u00f3n Juan XXIII lleva m\u00e1s de 50 a\u00f1os impulsando la inclusi\u00f3n de las personas con discapacidad intelectual o en situaci\u00f3n de vulneraci\u00f3n psicosocial&#8230;.<\/p>\n","protected":false},"author":1,"featured_media":0,"comment_status":"closed","ping_status":"closed","sticky":false,"template":"","format":"standard","meta":{"footnotes":""},"categories":[8],"tags":[],"class_list":["post-10647","post","type-post","status-publish","format-standard","hentry","category-noticias"],"yoast_head":"<!-- This site is optimized with the Yoast SEO plugin v27.4 - https:\/\/yoast.com\/product\/yoast-seo-wordpress\/ -->\n<title>Pepi, Mar\u00eda Elena, Mariano e Ilenio: c\u00f3mo afrontar la jubilaci\u00f3n teniendo discapacidad intelectual - Asociaci\u00f3n Espa\u00f1ola S\u00edndrome de Charge<\/title>\n<meta name=\"robots\" content=\"index, follow, max-snippet:-1, max-image-preview:large, max-video-preview:-1\" \/>\n<link rel=\"canonical\" href=\"https:\/\/sindromecharge.es\/index.php\/2024\/12\/10\/asi-es-jubilacion-pepi-maria-elena-mariano-ilenio-con-discapacidad\/\" \/>\n<meta property=\"og:locale\" content=\"es_ES\" \/>\n<meta property=\"og:type\" content=\"article\" \/>\n<meta property=\"og:title\" content=\"Pepi, Mar\u00eda Elena, Mariano e Ilenio: c\u00f3mo afrontar la jubilaci\u00f3n teniendo discapacidad intelectual - Asociaci\u00f3n Espa\u00f1ola S\u00edndrome de Charge\" \/>\n<meta property=\"og:description\" content=\"La Fundaci\u00f3n Juan XXIII lleva m\u00e1s de 50 a\u00f1os impulsando la inclusi\u00f3n de las personas con discapacidad intelectual o en situaci\u00f3n de vulneraci\u00f3n psicosocial&#8230;.\" \/>\n<meta property=\"og:url\" content=\"https:\/\/sindromecharge.es\/index.php\/2024\/12\/10\/asi-es-jubilacion-pepi-maria-elena-mariano-ilenio-con-discapacidad\/\" \/>\n<meta property=\"og:site_name\" content=\"Asociaci\u00f3n Espa\u00f1ola S\u00edndrome de Charge\" \/>\n<meta property=\"article:publisher\" content=\"https:\/\/www.facebook.com\/asociacionsindromecharge\" \/>\n<meta property=\"article:published_time\" content=\"2024-12-10T06:22:02+00:00\" \/>\n<meta property=\"og:image\" content=\"https:\/\/sindromecharge.es\/wp-content\/uploads\/2013\/09\/logodecharge300x98.png\" \/>\n\t<meta property=\"og:image:width\" content=\"300\" \/>\n\t<meta property=\"og:image:height\" content=\"98\" \/>\n\t<meta property=\"og:image:type\" content=\"image\/png\" \/>\n<meta name=\"author\" content=\"Charge\" \/>\n<meta name=\"twitter:card\" content=\"summary_large_image\" \/>\n<meta name=\"twitter:creator\" content=\"@sindromecharge\" \/>\n<meta name=\"twitter:site\" content=\"@sindromecharge\" \/>\n<meta name=\"twitter:label1\" content=\"Escrito por\" \/>\n\t<meta name=\"twitter:data1\" content=\"Charge\" \/>\n\t<meta name=\"twitter:label2\" content=\"Tiempo de lectura\" \/>\n\t<meta name=\"twitter:data2\" content=\"9 minutos\" \/>\n<script type=\"application\/ld+json\" class=\"yoast-schema-graph\">{\"@context\":\"https:\\\/\\\/schema.org\",\"@graph\":[{\"@type\":\"Article\",\"@id\":\"https:\\\/\\\/sindromecharge.es\\\/index.php\\\/2024\\\/12\\\/10\\\/asi-es-jubilacion-pepi-maria-elena-mariano-ilenio-con-discapacidad\\\/#article\",\"isPartOf\":{\"@id\":\"https:\\\/\\\/sindromecharge.es\\\/index.php\\\/2024\\\/12\\\/10\\\/asi-es-jubilacion-pepi-maria-elena-mariano-ilenio-con-discapacidad\\\/\"},\"author\":{\"name\":\"Charge\",\"@id\":\"https:\\\/\\\/sindromecharge.es\\\/#\\\/schema\\\/person\\\/39a60ebe0a2b4d5a11179701e336b039\"},\"headline\":\"Pepi, Mar\u00eda Elena, Mariano e Ilenio: c\u00f3mo afrontar la jubilaci\u00f3n teniendo discapacidad intelectual\",\"datePublished\":\"2024-12-10T06:22:02+00:00\",\"mainEntityOfPage\":{\"@id\":\"https:\\\/\\\/sindromecharge.es\\\/index.php\\\/2024\\\/12\\\/10\\\/asi-es-jubilacion-pepi-maria-elena-mariano-ilenio-con-discapacidad\\\/\"},\"wordCount\":1742,\"articleSection\":[\"noticias\"],\"inLanguage\":\"es\"},{\"@type\":\"WebPage\",\"@id\":\"https:\\\/\\\/sindromecharge.es\\\/index.php\\\/2024\\\/12\\\/10\\\/asi-es-jubilacion-pepi-maria-elena-mariano-ilenio-con-discapacidad\\\/\",\"url\":\"https:\\\/\\\/sindromecharge.es\\\/index.php\\\/2024\\\/12\\\/10\\\/asi-es-jubilacion-pepi-maria-elena-mariano-ilenio-con-discapacidad\\\/\",\"name\":\"Pepi, Mar\u00eda Elena, Mariano e Ilenio: c\u00f3mo afrontar la jubilaci\u00f3n teniendo discapacidad intelectual - Asociaci\u00f3n Espa\u00f1ola S\u00edndrome de Charge\",\"isPartOf\":{\"@id\":\"https:\\\/\\\/sindromecharge.es\\\/#website\"},\"datePublished\":\"2024-12-10T06:22:02+00:00\",\"author\":{\"@id\":\"https:\\\/\\\/sindromecharge.es\\\/#\\\/schema\\\/person\\\/39a60ebe0a2b4d5a11179701e336b039\"},\"breadcrumb\":{\"@id\":\"https:\\\/\\\/sindromecharge.es\\\/index.php\\\/2024\\\/12\\\/10\\\/asi-es-jubilacion-pepi-maria-elena-mariano-ilenio-con-discapacidad\\\/#breadcrumb\"},\"inLanguage\":\"es\",\"potentialAction\":[{\"@type\":\"ReadAction\",\"target\":[\"https:\\\/\\\/sindromecharge.es\\\/index.php\\\/2024\\\/12\\\/10\\\/asi-es-jubilacion-pepi-maria-elena-mariano-ilenio-con-discapacidad\\\/\"]}]},{\"@type\":\"BreadcrumbList\",\"@id\":\"https:\\\/\\\/sindromecharge.es\\\/index.php\\\/2024\\\/12\\\/10\\\/asi-es-jubilacion-pepi-maria-elena-mariano-ilenio-con-discapacidad\\\/#breadcrumb\",\"itemListElement\":[{\"@type\":\"ListItem\",\"position\":1,\"name\":\"Portada\",\"item\":\"https:\\\/\\\/sindromecharge.es\\\/\"},{\"@type\":\"ListItem\",\"position\":2,\"name\":\"Pepi, Mar\u00eda Elena, Mariano e Ilenio: c\u00f3mo afrontar la jubilaci\u00f3n teniendo discapacidad intelectual\"}]},{\"@type\":\"WebSite\",\"@id\":\"https:\\\/\\\/sindromecharge.es\\\/#website\",\"url\":\"https:\\\/\\\/sindromecharge.es\\\/\",\"name\":\"Asociaci\u00f3n Espa\u00f1ola S\u00edndrome de Charge\",\"description\":\"\",\"potentialAction\":[{\"@type\":\"SearchAction\",\"target\":{\"@type\":\"EntryPoint\",\"urlTemplate\":\"https:\\\/\\\/sindromecharge.es\\\/?s={search_term_string}\"},\"query-input\":{\"@type\":\"PropertyValueSpecification\",\"valueRequired\":true,\"valueName\":\"search_term_string\"}}],\"inLanguage\":\"es\"},{\"@type\":\"Person\",\"@id\":\"https:\\\/\\\/sindromecharge.es\\\/#\\\/schema\\\/person\\\/39a60ebe0a2b4d5a11179701e336b039\",\"name\":\"Charge\",\"image\":{\"@type\":\"ImageObject\",\"inLanguage\":\"es\",\"@id\":\"https:\\\/\\\/secure.gravatar.com\\\/avatar\\\/c3b46e32a0fc3b093a0873fb767bf3293de856293065e84ef06b7ec7a8acfb98?s=96&d=identicon&r=x\",\"url\":\"https:\\\/\\\/secure.gravatar.com\\\/avatar\\\/c3b46e32a0fc3b093a0873fb767bf3293de856293065e84ef06b7ec7a8acfb98?s=96&d=identicon&r=x\",\"contentUrl\":\"https:\\\/\\\/secure.gravatar.com\\\/avatar\\\/c3b46e32a0fc3b093a0873fb767bf3293de856293065e84ef06b7ec7a8acfb98?s=96&d=identicon&r=x\",\"caption\":\"Charge\"},\"url\":\"https:\\\/\\\/sindromecharge.es\\\/index.php\\\/author\\\/admin\\\/\"}]}<\/script>\n<!-- \/ Yoast SEO plugin. -->","yoast_head_json":{"title":"Pepi, Mar\u00eda Elena, Mariano e Ilenio: c\u00f3mo afrontar la jubilaci\u00f3n teniendo discapacidad intelectual - Asociaci\u00f3n Espa\u00f1ola S\u00edndrome de Charge","robots":{"index":"index","follow":"follow","max-snippet":"max-snippet:-1","max-image-preview":"max-image-preview:large","max-video-preview":"max-video-preview:-1"},"canonical":"https:\/\/sindromecharge.es\/index.php\/2024\/12\/10\/asi-es-jubilacion-pepi-maria-elena-mariano-ilenio-con-discapacidad\/","og_locale":"es_ES","og_type":"article","og_title":"Pepi, Mar\u00eda Elena, Mariano e Ilenio: c\u00f3mo afrontar la jubilaci\u00f3n teniendo discapacidad intelectual - Asociaci\u00f3n Espa\u00f1ola S\u00edndrome de Charge","og_description":"La Fundaci\u00f3n Juan XXIII lleva m\u00e1s de 50 a\u00f1os impulsando la inclusi\u00f3n de las personas con discapacidad intelectual o en situaci\u00f3n de vulneraci\u00f3n psicosocial&#8230;.","og_url":"https:\/\/sindromecharge.es\/index.php\/2024\/12\/10\/asi-es-jubilacion-pepi-maria-elena-mariano-ilenio-con-discapacidad\/","og_site_name":"Asociaci\u00f3n Espa\u00f1ola S\u00edndrome de Charge","article_publisher":"https:\/\/www.facebook.com\/asociacionsindromecharge","article_published_time":"2024-12-10T06:22:02+00:00","og_image":[{"width":300,"height":98,"url":"https:\/\/sindromecharge.es\/wp-content\/uploads\/2013\/09\/logodecharge300x98.png","type":"image\/png"}],"author":"Charge","twitter_card":"summary_large_image","twitter_creator":"@sindromecharge","twitter_site":"@sindromecharge","twitter_misc":{"Escrito por":"Charge","Tiempo de lectura":"9 minutos"},"schema":{"@context":"https:\/\/schema.org","@graph":[{"@type":"Article","@id":"https:\/\/sindromecharge.es\/index.php\/2024\/12\/10\/asi-es-jubilacion-pepi-maria-elena-mariano-ilenio-con-discapacidad\/#article","isPartOf":{"@id":"https:\/\/sindromecharge.es\/index.php\/2024\/12\/10\/asi-es-jubilacion-pepi-maria-elena-mariano-ilenio-con-discapacidad\/"},"author":{"name":"Charge","@id":"https:\/\/sindromecharge.es\/#\/schema\/person\/39a60ebe0a2b4d5a11179701e336b039"},"headline":"Pepi, Mar\u00eda Elena, Mariano e Ilenio: c\u00f3mo afrontar la jubilaci\u00f3n teniendo discapacidad intelectual","datePublished":"2024-12-10T06:22:02+00:00","mainEntityOfPage":{"@id":"https:\/\/sindromecharge.es\/index.php\/2024\/12\/10\/asi-es-jubilacion-pepi-maria-elena-mariano-ilenio-con-discapacidad\/"},"wordCount":1742,"articleSection":["noticias"],"inLanguage":"es"},{"@type":"WebPage","@id":"https:\/\/sindromecharge.es\/index.php\/2024\/12\/10\/asi-es-jubilacion-pepi-maria-elena-mariano-ilenio-con-discapacidad\/","url":"https:\/\/sindromecharge.es\/index.php\/2024\/12\/10\/asi-es-jubilacion-pepi-maria-elena-mariano-ilenio-con-discapacidad\/","name":"Pepi, Mar\u00eda Elena, Mariano e Ilenio: c\u00f3mo afrontar la jubilaci\u00f3n teniendo discapacidad intelectual - Asociaci\u00f3n Espa\u00f1ola S\u00edndrome de Charge","isPartOf":{"@id":"https:\/\/sindromecharge.es\/#website"},"datePublished":"2024-12-10T06:22:02+00:00","author":{"@id":"https:\/\/sindromecharge.es\/#\/schema\/person\/39a60ebe0a2b4d5a11179701e336b039"},"breadcrumb":{"@id":"https:\/\/sindromecharge.es\/index.php\/2024\/12\/10\/asi-es-jubilacion-pepi-maria-elena-mariano-ilenio-con-discapacidad\/#breadcrumb"},"inLanguage":"es","potentialAction":[{"@type":"ReadAction","target":["https:\/\/sindromecharge.es\/index.php\/2024\/12\/10\/asi-es-jubilacion-pepi-maria-elena-mariano-ilenio-con-discapacidad\/"]}]},{"@type":"BreadcrumbList","@id":"https:\/\/sindromecharge.es\/index.php\/2024\/12\/10\/asi-es-jubilacion-pepi-maria-elena-mariano-ilenio-con-discapacidad\/#breadcrumb","itemListElement":[{"@type":"ListItem","position":1,"name":"Portada","item":"https:\/\/sindromecharge.es\/"},{"@type":"ListItem","position":2,"name":"Pepi, Mar\u00eda Elena, Mariano e Ilenio: c\u00f3mo afrontar la jubilaci\u00f3n teniendo discapacidad intelectual"}]},{"@type":"WebSite","@id":"https:\/\/sindromecharge.es\/#website","url":"https:\/\/sindromecharge.es\/","name":"Asociaci\u00f3n Espa\u00f1ola S\u00edndrome de Charge","description":"","potentialAction":[{"@type":"SearchAction","target":{"@type":"EntryPoint","urlTemplate":"https:\/\/sindromecharge.es\/?s={search_term_string}"},"query-input":{"@type":"PropertyValueSpecification","valueRequired":true,"valueName":"search_term_string"}}],"inLanguage":"es"},{"@type":"Person","@id":"https:\/\/sindromecharge.es\/#\/schema\/person\/39a60ebe0a2b4d5a11179701e336b039","name":"Charge","image":{"@type":"ImageObject","inLanguage":"es","@id":"https:\/\/secure.gravatar.com\/avatar\/c3b46e32a0fc3b093a0873fb767bf3293de856293065e84ef06b7ec7a8acfb98?s=96&d=identicon&r=x","url":"https:\/\/secure.gravatar.com\/avatar\/c3b46e32a0fc3b093a0873fb767bf3293de856293065e84ef06b7ec7a8acfb98?s=96&d=identicon&r=x","contentUrl":"https:\/\/secure.gravatar.com\/avatar\/c3b46e32a0fc3b093a0873fb767bf3293de856293065e84ef06b7ec7a8acfb98?s=96&d=identicon&r=x","caption":"Charge"},"url":"https:\/\/sindromecharge.es\/index.php\/author\/admin\/"}]}},"_links":{"self":[{"href":"https:\/\/sindromecharge.es\/index.php\/wp-json\/wp\/v2\/posts\/10647","targetHints":{"allow":["GET"]}}],"collection":[{"href":"https:\/\/sindromecharge.es\/index.php\/wp-json\/wp\/v2\/posts"}],"about":[{"href":"https:\/\/sindromecharge.es\/index.php\/wp-json\/wp\/v2\/types\/post"}],"author":[{"embeddable":true,"href":"https:\/\/sindromecharge.es\/index.php\/wp-json\/wp\/v2\/users\/1"}],"replies":[{"embeddable":true,"href":"https:\/\/sindromecharge.es\/index.php\/wp-json\/wp\/v2\/comments?post=10647"}],"version-history":[{"count":0,"href":"https:\/\/sindromecharge.es\/index.php\/wp-json\/wp\/v2\/posts\/10647\/revisions"}],"wp:attachment":[{"href":"https:\/\/sindromecharge.es\/index.php\/wp-json\/wp\/v2\/media?parent=10647"}],"wp:term":[{"taxonomy":"category","embeddable":true,"href":"https:\/\/sindromecharge.es\/index.php\/wp-json\/wp\/v2\/categories?post=10647"},{"taxonomy":"post_tag","embeddable":true,"href":"https:\/\/sindromecharge.es\/index.php\/wp-json\/wp\/v2\/tags?post=10647"}],"curies":[{"name":"wp","href":"https:\/\/api.w.org\/{rel}","templated":true}]}}