{"id":10646,"date":"2024-12-09T07:04:12","date_gmt":"2024-12-09T07:04:12","guid":{"rendered":"https:\/\/sindromecharge.es\/index.php\/2024\/12\/09\/tecnologia-discapacidad-sillas-ruedas-autonomas-realidad-aumentada-para-protesis-avances-discapacidad\/"},"modified":"2024-12-09T07:04:12","modified_gmt":"2024-12-09T07:04:12","slug":"tecnologia-discapacidad-sillas-ruedas-autonomas-realidad-aumentada-para-protesis-avances-discapacidad","status":"publish","type":"post","link":"https:\/\/sindromecharge.es\/index.php\/2024\/12\/09\/tecnologia-discapacidad-sillas-ruedas-autonomas-realidad-aumentada-para-protesis-avances-discapacidad\/","title":{"rendered":"Sillas de ruedas aut\u00f3nomas, realidad aumentada para pr\u00f3tesis&#8230; as\u00ed son los \u00faltimos avances tecnol\u00f3gicos en discapacidad"},"content":{"rendered":"<p>Leemos en Discapacidad la siguiente noticia que os reproducimos de forma \u00edntegra: <\/p>\n<div>\n<p>Una<a href=\"https:\/\/www.20minutos.es\/minuteca\/silla-de-ruedas\/\" title=\"Silla de ruedas\" target=\"_blank\"> silla de ruedas <\/a>que te lleva de forma aut\u00f3noma pulsando solo un bot\u00f3n, realidad aumentada para la planificaci\u00f3n de cirug\u00edas para incorporar pr\u00f3tesis a personas con amputaciones o el uso de realidad mixta para pacientes con patolog\u00edas de salud mental son algunos de los <b>avances tecnol\u00f3gicos en materia de sanidad <\/b>en los que trabajan los centros de la <b>Red de Institutos Tecnol\u00f3gicos de la Comunitat Valenciana<\/b> (Redit).<\/p>\n<p>Desde Aidimme (Instituto Tecnol\u00f3gico Metalmec\u00e1nico, Mueble, Madera, Embalaje y Afines) aseguran que la movilidad reducida, especialmente en personas mayores con problemas cognitivos, aumenta la <a href=\"https:\/\/www.20minutos.es\/minuteca\/dependencia\/\" title=\"Dependencia\" target=\"_blank\">dependencia<\/a> y, con el fin de mejorar la autonom\u00eda de este colectivo, han desarrollado el <b>proyecto Smartchair<\/b> para el dise\u00f1o y construcci\u00f3n de una silla de ruedas aut\u00f3noma.<\/p>\n<p>El director de este proyecto, Luis Portol\u00e9s explica que esta silla de ruedas \u201c<b>est\u00e1 orientada, sobre todo, a su uso en interiores<\/b>, en lugares p\u00fablicos, aunque tambi\u00e9n podr\u00eda emplearse en exteriores\u201d.<\/p>\n<p>El sistema de la silla permite que se mueva de forma aut\u00f3noma, precisa y segura, con \u201cvarios sistemas de<b> navegaci\u00f3n inteligente<\/b> que permiten a la silla llevar al usuario de forma aut\u00f3noma hasta su destino\u00bb, detalla Portol\u00e9s, que asegura que el objetivo es dar m\u00e1s independencia a quienes la necesitan.<\/p>\n<p>En concreto, el proyecto busca <b>mejorar la movilidad en entornos complejos<\/b>, sobre todo p\u00fablicos, como \u201chospitales, museos, aeropuertos o campus universitarios, donde el usuario no tiene por qu\u00e9 conocer el recorrido a seguir\u00bb, explica Portol\u00e9s.<\/p>\n<p>Adem\u00e1s de lugares p\u00fablicos, la silla tambi\u00e9n podr\u00eda utilizarse en el trabajo: \u00abImaginemos a una persona en silla de ruedas que necesita moverse dentro de un hospital, desde su habitaci\u00f3n hasta la cafeter\u00eda, por ejemplo. En estos espacios,<b> la silla eliminar\u00eda las barreras<\/b>, permitiendo a la persona desplazarse sin tener que conocer el entorno\u00bb.<\/p>\n<p>Uno de los problemas que han tenido que resolver es la falta de GPS en espacios interiores y, para solucionarlo, han desarrollado \u201cun sistema basado en <b>mapas del espacio, similar a los robots de limpieza<\/b>, con rutas preconfiguradas y zonas restringidas\u00bb, explica el director.<\/p>\n<p>De este modo, la silla utiliza una red de balizas para emitir se\u00f1ales que puede detectar y calcular su ubicaci\u00f3n mediante triangulaci\u00f3n dentro del espacio mapeado.<\/p>\n<h2>Pr\u00f3tesis con IA y realidad extendida<\/h2>\n<p>Por su parte, el Instituto de Biomec\u00e1nica (IBV) est\u00e1 desarrollando el proyecto IMAMED, centrado en el uso de realidad extendida e inteligencia artificial para mejorar la<b> implantaci\u00f3n de pr\u00f3tesis en personas amputadas<\/b> y la planificaci\u00f3n de cirug\u00edas complejas.<\/p>\n<p>IMAMED ha permitido al IBV crear nuevos algoritmos para mejorar las im\u00e1genes m\u00e9dicas y combinar estos datos con realidad extendida para generar modelos anat\u00f3micos m\u00e1s reales.<\/p>\n<p>\u00abHemos desarrollado algoritmos que nos permiten crear <b>modelos anat\u00f3micos m\u00e1s precisos<\/b>, us\u00e1ndolos junto a tecnolog\u00edas como la inteligencia artificial y la realidad extendida\u00bb, explica Carlos Atienza, director del \u00e1rea de mercado de Salud en IBV.<\/p>\n<p><b>Estos modelos ayudan a planificar cirug\u00edas<\/b>, como la colocaci\u00f3n de pr\u00f3tesis despu\u00e9s de una fractura de cadera o una amputaci\u00f3n femoral, y mejoran la precisi\u00f3n en la colocaci\u00f3n de los implantes, asegurando que funcionen correctamente.<\/p>\n<p>Adem\u00e1s, se espera que esta tecnolog\u00eda<b> reduzca el tiempo de las operaciones<\/b>, lo que tambi\u00e9n ayuda a reducir los costes.<\/p>\n<p>El proyecto IMAMED tambi\u00e9n se est\u00e1 utilizando en otras \u00e1reas, como en la cirug\u00eda de <b>aneurismas cerebrales<\/b> y en el diagn\u00f3stico de escoliosis aunque, sobre todo, ha trabajado en tres l\u00edneas de investigaci\u00f3n principales.<\/p>\n<p>\u00abLa primera es el uso de la realidad extendida para<b> apoyar al especialista en la planificaci\u00f3n quir\u00fargica<\/b>. La segunda es el an\u00e1lisis avanzado de im\u00e1genes m\u00e9dicas con inteligencia artificial para mejorar los diagn\u00f3sticos. Y la tercera es la creaci\u00f3n de modelos anat\u00f3micos m\u00e1s realistas, que simulan con mayor precisi\u00f3n el cuerpo humano\u00bb, detalla Atienza.<\/p>\n<h2>Realidad mixta para la salud mental<\/h2>\n<p>Por su parte, el centro tecnol\u00f3gico ITI ha desarrollado el <b>proyecto \u2018Arcadia2\u2019<\/b> para que los pacientes de trastornos de salud mental puedan trabajar la <b>regulaci\u00f3n emocional y mejorar la adherencia a los tratamientos<\/b> a trav\u00e9s de la realidad mixta -que combina la realidad f\u00edsica y la virtual- y experiencias inmersivas.<\/p>\n<p>Se trata de la continuaci\u00f3n del proyecto \u2018Arcadia\u2019, que en 2022 se enfoc\u00f3 en el desarrollo de herramientas tecnol\u00f3gicas para superar la brecha de atenci\u00f3n, es decir, la diferencia entre las personas que necesitan tratamientos y las que tienen acceso a  ellos, con ejercicios basados en \u2018mindfulness\u2019 y atenci\u00f3n plena.<\/p>\n<p>En esta primera fase, las tecnolog\u00edas de realidad mixta permitieron a los pacientes<b> practicar t\u00e9cnicas de meditaci\u00f3n o la respiraci\u00f3n consciente<\/b>, todo ello con la colaboraci\u00f3n de sus terapeutas.<\/p>\n<p>Ahora, \u2018Arcadia2\u2019 estudia la combinaci\u00f3n de gamificaci\u00f3n y realidad mixta para desarrollar experiencias enfocadas en la regulaci\u00f3n emocional, un aspecto transversal a muchos <b>diagn\u00f3sticos mentales.<\/b><\/p>\n<p>En concreto, este segundo proyecto tambi\u00e9n est\u00e1 investigando interfaces h\u00e1pticas -es decir, los sistemas que<b> permiten a las personas interactuar con dispositivos <\/b>a trav\u00e9s del sentido del tacto, con retroalimentaci\u00f3n mediante vibraciones, fuerzas o movimientos -y tangibles, para que las experiencias sean m\u00e1s inmersivas.<\/p>\n<p>Todos estos proyectos, Smartchair (de Aidimme),  Imamed (del IBV) y Arcadia2 (de ITI), est\u00e1n financiados por IVACE+i a trav\u00e9s de fondos FEDER.<\/p>\n<\/div>\n<p>Fuente: Discapacidad https:\/\/www.20minutos.es\/noticia\/5661890\/0\/tecnologia-discapacidad-sillas-ruedas-autonomas-realidad-aumentada-para-protesis-avances-discapacidad\/<\/p>\n","protected":false},"excerpt":{"rendered":"<p>La de Red de Institutos Tecnol\u00f3gicos de la Comunitat Valenciana (Redit) presenta tres de sus \u00faltimas innovaciones.<\/p>\n","protected":false},"author":1,"featured_media":0,"comment_status":"closed","ping_status":"closed","sticky":false,"template":"","format":"standard","meta":{"footnotes":""},"categories":[8],"tags":[],"class_list":["post-10646","post","type-post","status-publish","format-standard","hentry","category-noticias"],"yoast_head":"<!-- This site is optimized with the Yoast SEO plugin v27.4 - https:\/\/yoast.com\/product\/yoast-seo-wordpress\/ -->\n<title>Sillas de ruedas aut\u00f3nomas, realidad aumentada para pr\u00f3tesis... as\u00ed son los \u00faltimos avances tecnol\u00f3gicos en discapacidad - Asociaci\u00f3n Espa\u00f1ola S\u00edndrome de Charge<\/title>\n<meta name=\"robots\" content=\"index, follow, max-snippet:-1, max-image-preview:large, max-video-preview:-1\" \/>\n<link rel=\"canonical\" href=\"https:\/\/sindromecharge.es\/index.php\/2024\/12\/09\/tecnologia-discapacidad-sillas-ruedas-autonomas-realidad-aumentada-para-protesis-avances-discapacidad\/\" \/>\n<meta property=\"og:locale\" content=\"es_ES\" \/>\n<meta property=\"og:type\" content=\"article\" \/>\n<meta property=\"og:title\" content=\"Sillas de ruedas aut\u00f3nomas, realidad aumentada para pr\u00f3tesis... as\u00ed son los \u00faltimos avances tecnol\u00f3gicos en discapacidad - Asociaci\u00f3n Espa\u00f1ola S\u00edndrome de Charge\" \/>\n<meta property=\"og:description\" content=\"La de Red de Institutos Tecnol\u00f3gicos de la Comunitat Valenciana (Redit) presenta tres de sus \u00faltimas innovaciones.\" \/>\n<meta property=\"og:url\" content=\"https:\/\/sindromecharge.es\/index.php\/2024\/12\/09\/tecnologia-discapacidad-sillas-ruedas-autonomas-realidad-aumentada-para-protesis-avances-discapacidad\/\" \/>\n<meta property=\"og:site_name\" content=\"Asociaci\u00f3n Espa\u00f1ola S\u00edndrome de Charge\" \/>\n<meta property=\"article:publisher\" content=\"https:\/\/www.facebook.com\/asociacionsindromecharge\" \/>\n<meta property=\"article:published_time\" content=\"2024-12-09T07:04:12+00:00\" \/>\n<meta property=\"og:image\" content=\"https:\/\/sindromecharge.es\/wp-content\/uploads\/2013\/09\/logodecharge300x98.png\" \/>\n\t<meta property=\"og:image:width\" content=\"300\" \/>\n\t<meta property=\"og:image:height\" content=\"98\" \/>\n\t<meta property=\"og:image:type\" content=\"image\/png\" \/>\n<meta name=\"author\" content=\"Charge\" \/>\n<meta name=\"twitter:card\" content=\"summary_large_image\" \/>\n<meta name=\"twitter:creator\" content=\"@sindromecharge\" \/>\n<meta name=\"twitter:site\" content=\"@sindromecharge\" \/>\n<meta name=\"twitter:label1\" content=\"Escrito por\" \/>\n\t<meta name=\"twitter:data1\" content=\"Charge\" \/>\n\t<meta name=\"twitter:label2\" content=\"Tiempo de lectura\" \/>\n\t<meta name=\"twitter:data2\" content=\"5 minutos\" \/>\n<script type=\"application\/ld+json\" class=\"yoast-schema-graph\">{\"@context\":\"https:\\\/\\\/schema.org\",\"@graph\":[{\"@type\":\"Article\",\"@id\":\"https:\\\/\\\/sindromecharge.es\\\/index.php\\\/2024\\\/12\\\/09\\\/tecnologia-discapacidad-sillas-ruedas-autonomas-realidad-aumentada-para-protesis-avances-discapacidad\\\/#article\",\"isPartOf\":{\"@id\":\"https:\\\/\\\/sindromecharge.es\\\/index.php\\\/2024\\\/12\\\/09\\\/tecnologia-discapacidad-sillas-ruedas-autonomas-realidad-aumentada-para-protesis-avances-discapacidad\\\/\"},\"author\":{\"name\":\"Charge\",\"@id\":\"https:\\\/\\\/sindromecharge.es\\\/#\\\/schema\\\/person\\\/39a60ebe0a2b4d5a11179701e336b039\"},\"headline\":\"Sillas de ruedas aut\u00f3nomas, realidad aumentada para pr\u00f3tesis&#8230; as\u00ed son los \u00faltimos avances tecnol\u00f3gicos en discapacidad\",\"datePublished\":\"2024-12-09T07:04:12+00:00\",\"mainEntityOfPage\":{\"@id\":\"https:\\\/\\\/sindromecharge.es\\\/index.php\\\/2024\\\/12\\\/09\\\/tecnologia-discapacidad-sillas-ruedas-autonomas-realidad-aumentada-para-protesis-avances-discapacidad\\\/\"},\"wordCount\":971,\"articleSection\":[\"noticias\"],\"inLanguage\":\"es\"},{\"@type\":\"WebPage\",\"@id\":\"https:\\\/\\\/sindromecharge.es\\\/index.php\\\/2024\\\/12\\\/09\\\/tecnologia-discapacidad-sillas-ruedas-autonomas-realidad-aumentada-para-protesis-avances-discapacidad\\\/\",\"url\":\"https:\\\/\\\/sindromecharge.es\\\/index.php\\\/2024\\\/12\\\/09\\\/tecnologia-discapacidad-sillas-ruedas-autonomas-realidad-aumentada-para-protesis-avances-discapacidad\\\/\",\"name\":\"Sillas de ruedas aut\u00f3nomas, realidad aumentada para pr\u00f3tesis... as\u00ed son los \u00faltimos avances tecnol\u00f3gicos en discapacidad - Asociaci\u00f3n Espa\u00f1ola S\u00edndrome de Charge\",\"isPartOf\":{\"@id\":\"https:\\\/\\\/sindromecharge.es\\\/#website\"},\"datePublished\":\"2024-12-09T07:04:12+00:00\",\"author\":{\"@id\":\"https:\\\/\\\/sindromecharge.es\\\/#\\\/schema\\\/person\\\/39a60ebe0a2b4d5a11179701e336b039\"},\"breadcrumb\":{\"@id\":\"https:\\\/\\\/sindromecharge.es\\\/index.php\\\/2024\\\/12\\\/09\\\/tecnologia-discapacidad-sillas-ruedas-autonomas-realidad-aumentada-para-protesis-avances-discapacidad\\\/#breadcrumb\"},\"inLanguage\":\"es\",\"potentialAction\":[{\"@type\":\"ReadAction\",\"target\":[\"https:\\\/\\\/sindromecharge.es\\\/index.php\\\/2024\\\/12\\\/09\\\/tecnologia-discapacidad-sillas-ruedas-autonomas-realidad-aumentada-para-protesis-avances-discapacidad\\\/\"]}]},{\"@type\":\"BreadcrumbList\",\"@id\":\"https:\\\/\\\/sindromecharge.es\\\/index.php\\\/2024\\\/12\\\/09\\\/tecnologia-discapacidad-sillas-ruedas-autonomas-realidad-aumentada-para-protesis-avances-discapacidad\\\/#breadcrumb\",\"itemListElement\":[{\"@type\":\"ListItem\",\"position\":1,\"name\":\"Portada\",\"item\":\"https:\\\/\\\/sindromecharge.es\\\/\"},{\"@type\":\"ListItem\",\"position\":2,\"name\":\"Sillas de ruedas aut\u00f3nomas, realidad aumentada para pr\u00f3tesis&#8230; as\u00ed son los \u00faltimos avances tecnol\u00f3gicos en discapacidad\"}]},{\"@type\":\"WebSite\",\"@id\":\"https:\\\/\\\/sindromecharge.es\\\/#website\",\"url\":\"https:\\\/\\\/sindromecharge.es\\\/\",\"name\":\"Asociaci\u00f3n Espa\u00f1ola S\u00edndrome de Charge\",\"description\":\"\",\"potentialAction\":[{\"@type\":\"SearchAction\",\"target\":{\"@type\":\"EntryPoint\",\"urlTemplate\":\"https:\\\/\\\/sindromecharge.es\\\/?s={search_term_string}\"},\"query-input\":{\"@type\":\"PropertyValueSpecification\",\"valueRequired\":true,\"valueName\":\"search_term_string\"}}],\"inLanguage\":\"es\"},{\"@type\":\"Person\",\"@id\":\"https:\\\/\\\/sindromecharge.es\\\/#\\\/schema\\\/person\\\/39a60ebe0a2b4d5a11179701e336b039\",\"name\":\"Charge\",\"image\":{\"@type\":\"ImageObject\",\"inLanguage\":\"es\",\"@id\":\"https:\\\/\\\/secure.gravatar.com\\\/avatar\\\/c3b46e32a0fc3b093a0873fb767bf3293de856293065e84ef06b7ec7a8acfb98?s=96&d=identicon&r=x\",\"url\":\"https:\\\/\\\/secure.gravatar.com\\\/avatar\\\/c3b46e32a0fc3b093a0873fb767bf3293de856293065e84ef06b7ec7a8acfb98?s=96&d=identicon&r=x\",\"contentUrl\":\"https:\\\/\\\/secure.gravatar.com\\\/avatar\\\/c3b46e32a0fc3b093a0873fb767bf3293de856293065e84ef06b7ec7a8acfb98?s=96&d=identicon&r=x\",\"caption\":\"Charge\"},\"url\":\"https:\\\/\\\/sindromecharge.es\\\/index.php\\\/author\\\/admin\\\/\"}]}<\/script>\n<!-- \/ Yoast SEO plugin. -->","yoast_head_json":{"title":"Sillas de ruedas aut\u00f3nomas, realidad aumentada para pr\u00f3tesis... as\u00ed son los \u00faltimos avances tecnol\u00f3gicos en discapacidad - Asociaci\u00f3n Espa\u00f1ola S\u00edndrome de Charge","robots":{"index":"index","follow":"follow","max-snippet":"max-snippet:-1","max-image-preview":"max-image-preview:large","max-video-preview":"max-video-preview:-1"},"canonical":"https:\/\/sindromecharge.es\/index.php\/2024\/12\/09\/tecnologia-discapacidad-sillas-ruedas-autonomas-realidad-aumentada-para-protesis-avances-discapacidad\/","og_locale":"es_ES","og_type":"article","og_title":"Sillas de ruedas aut\u00f3nomas, realidad aumentada para pr\u00f3tesis... as\u00ed son los \u00faltimos avances tecnol\u00f3gicos en discapacidad - Asociaci\u00f3n Espa\u00f1ola S\u00edndrome de Charge","og_description":"La de Red de Institutos Tecnol\u00f3gicos de la Comunitat Valenciana (Redit) presenta tres de sus \u00faltimas innovaciones.","og_url":"https:\/\/sindromecharge.es\/index.php\/2024\/12\/09\/tecnologia-discapacidad-sillas-ruedas-autonomas-realidad-aumentada-para-protesis-avances-discapacidad\/","og_site_name":"Asociaci\u00f3n Espa\u00f1ola S\u00edndrome de Charge","article_publisher":"https:\/\/www.facebook.com\/asociacionsindromecharge","article_published_time":"2024-12-09T07:04:12+00:00","og_image":[{"width":300,"height":98,"url":"https:\/\/sindromecharge.es\/wp-content\/uploads\/2013\/09\/logodecharge300x98.png","type":"image\/png"}],"author":"Charge","twitter_card":"summary_large_image","twitter_creator":"@sindromecharge","twitter_site":"@sindromecharge","twitter_misc":{"Escrito por":"Charge","Tiempo de lectura":"5 minutos"},"schema":{"@context":"https:\/\/schema.org","@graph":[{"@type":"Article","@id":"https:\/\/sindromecharge.es\/index.php\/2024\/12\/09\/tecnologia-discapacidad-sillas-ruedas-autonomas-realidad-aumentada-para-protesis-avances-discapacidad\/#article","isPartOf":{"@id":"https:\/\/sindromecharge.es\/index.php\/2024\/12\/09\/tecnologia-discapacidad-sillas-ruedas-autonomas-realidad-aumentada-para-protesis-avances-discapacidad\/"},"author":{"name":"Charge","@id":"https:\/\/sindromecharge.es\/#\/schema\/person\/39a60ebe0a2b4d5a11179701e336b039"},"headline":"Sillas de ruedas aut\u00f3nomas, realidad aumentada para pr\u00f3tesis&#8230; as\u00ed son los \u00faltimos avances tecnol\u00f3gicos en discapacidad","datePublished":"2024-12-09T07:04:12+00:00","mainEntityOfPage":{"@id":"https:\/\/sindromecharge.es\/index.php\/2024\/12\/09\/tecnologia-discapacidad-sillas-ruedas-autonomas-realidad-aumentada-para-protesis-avances-discapacidad\/"},"wordCount":971,"articleSection":["noticias"],"inLanguage":"es"},{"@type":"WebPage","@id":"https:\/\/sindromecharge.es\/index.php\/2024\/12\/09\/tecnologia-discapacidad-sillas-ruedas-autonomas-realidad-aumentada-para-protesis-avances-discapacidad\/","url":"https:\/\/sindromecharge.es\/index.php\/2024\/12\/09\/tecnologia-discapacidad-sillas-ruedas-autonomas-realidad-aumentada-para-protesis-avances-discapacidad\/","name":"Sillas de ruedas aut\u00f3nomas, realidad aumentada para pr\u00f3tesis... as\u00ed son los \u00faltimos avances tecnol\u00f3gicos en discapacidad - Asociaci\u00f3n Espa\u00f1ola S\u00edndrome de Charge","isPartOf":{"@id":"https:\/\/sindromecharge.es\/#website"},"datePublished":"2024-12-09T07:04:12+00:00","author":{"@id":"https:\/\/sindromecharge.es\/#\/schema\/person\/39a60ebe0a2b4d5a11179701e336b039"},"breadcrumb":{"@id":"https:\/\/sindromecharge.es\/index.php\/2024\/12\/09\/tecnologia-discapacidad-sillas-ruedas-autonomas-realidad-aumentada-para-protesis-avances-discapacidad\/#breadcrumb"},"inLanguage":"es","potentialAction":[{"@type":"ReadAction","target":["https:\/\/sindromecharge.es\/index.php\/2024\/12\/09\/tecnologia-discapacidad-sillas-ruedas-autonomas-realidad-aumentada-para-protesis-avances-discapacidad\/"]}]},{"@type":"BreadcrumbList","@id":"https:\/\/sindromecharge.es\/index.php\/2024\/12\/09\/tecnologia-discapacidad-sillas-ruedas-autonomas-realidad-aumentada-para-protesis-avances-discapacidad\/#breadcrumb","itemListElement":[{"@type":"ListItem","position":1,"name":"Portada","item":"https:\/\/sindromecharge.es\/"},{"@type":"ListItem","position":2,"name":"Sillas de ruedas aut\u00f3nomas, realidad aumentada para pr\u00f3tesis&#8230; as\u00ed son los \u00faltimos avances tecnol\u00f3gicos en discapacidad"}]},{"@type":"WebSite","@id":"https:\/\/sindromecharge.es\/#website","url":"https:\/\/sindromecharge.es\/","name":"Asociaci\u00f3n Espa\u00f1ola S\u00edndrome de Charge","description":"","potentialAction":[{"@type":"SearchAction","target":{"@type":"EntryPoint","urlTemplate":"https:\/\/sindromecharge.es\/?s={search_term_string}"},"query-input":{"@type":"PropertyValueSpecification","valueRequired":true,"valueName":"search_term_string"}}],"inLanguage":"es"},{"@type":"Person","@id":"https:\/\/sindromecharge.es\/#\/schema\/person\/39a60ebe0a2b4d5a11179701e336b039","name":"Charge","image":{"@type":"ImageObject","inLanguage":"es","@id":"https:\/\/secure.gravatar.com\/avatar\/c3b46e32a0fc3b093a0873fb767bf3293de856293065e84ef06b7ec7a8acfb98?s=96&d=identicon&r=x","url":"https:\/\/secure.gravatar.com\/avatar\/c3b46e32a0fc3b093a0873fb767bf3293de856293065e84ef06b7ec7a8acfb98?s=96&d=identicon&r=x","contentUrl":"https:\/\/secure.gravatar.com\/avatar\/c3b46e32a0fc3b093a0873fb767bf3293de856293065e84ef06b7ec7a8acfb98?s=96&d=identicon&r=x","caption":"Charge"},"url":"https:\/\/sindromecharge.es\/index.php\/author\/admin\/"}]}},"_links":{"self":[{"href":"https:\/\/sindromecharge.es\/index.php\/wp-json\/wp\/v2\/posts\/10646","targetHints":{"allow":["GET"]}}],"collection":[{"href":"https:\/\/sindromecharge.es\/index.php\/wp-json\/wp\/v2\/posts"}],"about":[{"href":"https:\/\/sindromecharge.es\/index.php\/wp-json\/wp\/v2\/types\/post"}],"author":[{"embeddable":true,"href":"https:\/\/sindromecharge.es\/index.php\/wp-json\/wp\/v2\/users\/1"}],"replies":[{"embeddable":true,"href":"https:\/\/sindromecharge.es\/index.php\/wp-json\/wp\/v2\/comments?post=10646"}],"version-history":[{"count":0,"href":"https:\/\/sindromecharge.es\/index.php\/wp-json\/wp\/v2\/posts\/10646\/revisions"}],"wp:attachment":[{"href":"https:\/\/sindromecharge.es\/index.php\/wp-json\/wp\/v2\/media?parent=10646"}],"wp:term":[{"taxonomy":"category","embeddable":true,"href":"https:\/\/sindromecharge.es\/index.php\/wp-json\/wp\/v2\/categories?post=10646"},{"taxonomy":"post_tag","embeddable":true,"href":"https:\/\/sindromecharge.es\/index.php\/wp-json\/wp\/v2\/tags?post=10646"}],"curies":[{"name":"wp","href":"https:\/\/api.w.org\/{rel}","templated":true}]}}