{"id":10643,"date":"2024-12-08T10:00:36","date_gmt":"2024-12-08T10:00:36","guid":{"rendered":"https:\/\/sindromecharge.es\/index.php\/2024\/12\/08\/ana-alarcon-acoges-es-un-modelo-pionero-para-ninos-con-necesidades-especiales-grupos-hermanos\/"},"modified":"2024-12-08T10:00:36","modified_gmt":"2024-12-08T10:00:36","slug":"ana-alarcon-acoges-es-un-modelo-pionero-para-ninos-con-necesidades-especiales-grupos-hermanos","status":"publish","type":"post","link":"https:\/\/sindromecharge.es\/index.php\/2024\/12\/08\/ana-alarcon-acoges-es-un-modelo-pionero-para-ninos-con-necesidades-especiales-grupos-hermanos\/","title":{"rendered":"AcogES+, un modelo pionero para acoger ni\u00f1os con necesidades especiales: \u00abPuede cambiar vidas para siempre\u00bb"},"content":{"rendered":"<p>Leemos en Discapacidad la siguiente noticia que os reproducimos de forma \u00edntegra: <\/p>\n<div>\n<p>El programa <b>AcogES+<\/b>, impulsado por <b>Aldeas Infantiles SOS<\/b> y liderado por su directora, <b>Ana Alarc\u00f3n<\/b>, es una iniciativa pionera en Espa\u00f1a que busca promover el acogimiento familiar especializado con dedicaci\u00f3n exclusiva. Este modelo ofrece una alternativa de convivencia familiar para ni\u00f1os, ni\u00f1as y adolescentes con <b>necesidades especiales<\/b> o <b>circunstancias complejas<\/b>, as\u00ed como para grupos de hermanos que requieren un entorno seguro, afectivo y estable.<\/p>\n<\/div>\n<p>Fuente: Discapacidad https:\/\/www.20minutos.es\/noticia\/5660360\/0\/ana-alarcon-acoges-es-un-modelo-pionero-para-ninos-con-necesidades-especiales-grupos-hermanos\/<\/p>\n","protected":false},"excerpt":{"rendered":"<p>El programa AcogES+, impulsado por Aldeas Infantiles SOS y liderado por su directora, Ana Alarc\u00f3n, es una iniciativa pionera en Espa\u00f1a que busca promover&#8230;<\/p>\n","protected":false},"author":1,"featured_media":0,"comment_status":"closed","ping_status":"closed","sticky":false,"template":"","format":"standard","meta":{"footnotes":""},"categories":[8],"tags":[],"class_list":["post-10643","post","type-post","status-publish","format-standard","hentry","category-noticias"],"yoast_head":"<!-- This site is optimized with the Yoast SEO plugin v27.4 - https:\/\/yoast.com\/product\/yoast-seo-wordpress\/ -->\n<title>AcogES+, un modelo pionero para acoger ni\u00f1os con necesidades especiales: &quot;Puede cambiar vidas para siempre&quot; - Asociaci\u00f3n Espa\u00f1ola S\u00edndrome de Charge<\/title>\n<meta name=\"robots\" content=\"index, follow, max-snippet:-1, max-image-preview:large, max-video-preview:-1\" \/>\n<link rel=\"canonical\" href=\"https:\/\/sindromecharge.es\/index.php\/2024\/12\/08\/ana-alarcon-acoges-es-un-modelo-pionero-para-ninos-con-necesidades-especiales-grupos-hermanos\/\" \/>\n<meta property=\"og:locale\" content=\"es_ES\" \/>\n<meta property=\"og:type\" content=\"article\" \/>\n<meta property=\"og:title\" content=\"AcogES+, un modelo pionero para acoger ni\u00f1os con necesidades especiales: &quot;Puede cambiar vidas para siempre&quot; - Asociaci\u00f3n Espa\u00f1ola S\u00edndrome de Charge\" \/>\n<meta property=\"og:description\" content=\"El programa AcogES+, impulsado por Aldeas Infantiles SOS y liderado por su directora, Ana Alarc\u00f3n, es una iniciativa pionera en Espa\u00f1a que busca promover&#8230;\" \/>\n<meta property=\"og:url\" content=\"https:\/\/sindromecharge.es\/index.php\/2024\/12\/08\/ana-alarcon-acoges-es-un-modelo-pionero-para-ninos-con-necesidades-especiales-grupos-hermanos\/\" \/>\n<meta property=\"og:site_name\" content=\"Asociaci\u00f3n Espa\u00f1ola S\u00edndrome de Charge\" \/>\n<meta property=\"article:publisher\" content=\"https:\/\/www.facebook.com\/asociacionsindromecharge\" \/>\n<meta property=\"article:published_time\" content=\"2024-12-08T10:00:36+00:00\" \/>\n<meta property=\"og:image\" content=\"https:\/\/sindromecharge.es\/wp-content\/uploads\/2013\/09\/logodecharge300x98.png\" \/>\n\t<meta property=\"og:image:width\" content=\"300\" \/>\n\t<meta property=\"og:image:height\" content=\"98\" \/>\n\t<meta property=\"og:image:type\" content=\"image\/png\" \/>\n<meta name=\"author\" content=\"Charge\" \/>\n<meta name=\"twitter:card\" content=\"summary_large_image\" \/>\n<meta name=\"twitter:creator\" content=\"@sindromecharge\" \/>\n<meta name=\"twitter:site\" content=\"@sindromecharge\" \/>\n<meta name=\"twitter:label1\" content=\"Escrito por\" \/>\n\t<meta name=\"twitter:data1\" content=\"Charge\" \/>\n<script type=\"application\/ld+json\" class=\"yoast-schema-graph\">{\"@context\":\"https:\\\/\\\/schema.org\",\"@graph\":[{\"@type\":\"Article\",\"@id\":\"https:\\\/\\\/sindromecharge.es\\\/index.php\\\/2024\\\/12\\\/08\\\/ana-alarcon-acoges-es-un-modelo-pionero-para-ninos-con-necesidades-especiales-grupos-hermanos\\\/#article\",\"isPartOf\":{\"@id\":\"https:\\\/\\\/sindromecharge.es\\\/index.php\\\/2024\\\/12\\\/08\\\/ana-alarcon-acoges-es-un-modelo-pionero-para-ninos-con-necesidades-especiales-grupos-hermanos\\\/\"},\"author\":{\"name\":\"Charge\",\"@id\":\"https:\\\/\\\/sindromecharge.es\\\/#\\\/schema\\\/person\\\/39a60ebe0a2b4d5a11179701e336b039\"},\"headline\":\"AcogES+, un modelo pionero para acoger ni\u00f1os con necesidades especiales: \u00abPuede cambiar vidas para siempre\u00bb\",\"datePublished\":\"2024-12-08T10:00:36+00:00\",\"mainEntityOfPage\":{\"@id\":\"https:\\\/\\\/sindromecharge.es\\\/index.php\\\/2024\\\/12\\\/08\\\/ana-alarcon-acoges-es-un-modelo-pionero-para-ninos-con-necesidades-especiales-grupos-hermanos\\\/\"},\"wordCount\":105,\"articleSection\":[\"noticias\"],\"inLanguage\":\"es\"},{\"@type\":\"WebPage\",\"@id\":\"https:\\\/\\\/sindromecharge.es\\\/index.php\\\/2024\\\/12\\\/08\\\/ana-alarcon-acoges-es-un-modelo-pionero-para-ninos-con-necesidades-especiales-grupos-hermanos\\\/\",\"url\":\"https:\\\/\\\/sindromecharge.es\\\/index.php\\\/2024\\\/12\\\/08\\\/ana-alarcon-acoges-es-un-modelo-pionero-para-ninos-con-necesidades-especiales-grupos-hermanos\\\/\",\"name\":\"AcogES+, un modelo pionero para acoger ni\u00f1os con necesidades especiales: \\\"Puede cambiar vidas para siempre\\\" - Asociaci\u00f3n Espa\u00f1ola S\u00edndrome de Charge\",\"isPartOf\":{\"@id\":\"https:\\\/\\\/sindromecharge.es\\\/#website\"},\"datePublished\":\"2024-12-08T10:00:36+00:00\",\"author\":{\"@id\":\"https:\\\/\\\/sindromecharge.es\\\/#\\\/schema\\\/person\\\/39a60ebe0a2b4d5a11179701e336b039\"},\"breadcrumb\":{\"@id\":\"https:\\\/\\\/sindromecharge.es\\\/index.php\\\/2024\\\/12\\\/08\\\/ana-alarcon-acoges-es-un-modelo-pionero-para-ninos-con-necesidades-especiales-grupos-hermanos\\\/#breadcrumb\"},\"inLanguage\":\"es\",\"potentialAction\":[{\"@type\":\"ReadAction\",\"target\":[\"https:\\\/\\\/sindromecharge.es\\\/index.php\\\/2024\\\/12\\\/08\\\/ana-alarcon-acoges-es-un-modelo-pionero-para-ninos-con-necesidades-especiales-grupos-hermanos\\\/\"]}]},{\"@type\":\"BreadcrumbList\",\"@id\":\"https:\\\/\\\/sindromecharge.es\\\/index.php\\\/2024\\\/12\\\/08\\\/ana-alarcon-acoges-es-un-modelo-pionero-para-ninos-con-necesidades-especiales-grupos-hermanos\\\/#breadcrumb\",\"itemListElement\":[{\"@type\":\"ListItem\",\"position\":1,\"name\":\"Portada\",\"item\":\"https:\\\/\\\/sindromecharge.es\\\/\"},{\"@type\":\"ListItem\",\"position\":2,\"name\":\"AcogES+, un modelo pionero para acoger ni\u00f1os con necesidades especiales: &#8220;Puede cambiar vidas para siempre&#8221;\"}]},{\"@type\":\"WebSite\",\"@id\":\"https:\\\/\\\/sindromecharge.es\\\/#website\",\"url\":\"https:\\\/\\\/sindromecharge.es\\\/\",\"name\":\"Asociaci\u00f3n Espa\u00f1ola S\u00edndrome de Charge\",\"description\":\"\",\"potentialAction\":[{\"@type\":\"SearchAction\",\"target\":{\"@type\":\"EntryPoint\",\"urlTemplate\":\"https:\\\/\\\/sindromecharge.es\\\/?s={search_term_string}\"},\"query-input\":{\"@type\":\"PropertyValueSpecification\",\"valueRequired\":true,\"valueName\":\"search_term_string\"}}],\"inLanguage\":\"es\"},{\"@type\":\"Person\",\"@id\":\"https:\\\/\\\/sindromecharge.es\\\/#\\\/schema\\\/person\\\/39a60ebe0a2b4d5a11179701e336b039\",\"name\":\"Charge\",\"image\":{\"@type\":\"ImageObject\",\"inLanguage\":\"es\",\"@id\":\"https:\\\/\\\/secure.gravatar.com\\\/avatar\\\/c3b46e32a0fc3b093a0873fb767bf3293de856293065e84ef06b7ec7a8acfb98?s=96&d=identicon&r=x\",\"url\":\"https:\\\/\\\/secure.gravatar.com\\\/avatar\\\/c3b46e32a0fc3b093a0873fb767bf3293de856293065e84ef06b7ec7a8acfb98?s=96&d=identicon&r=x\",\"contentUrl\":\"https:\\\/\\\/secure.gravatar.com\\\/avatar\\\/c3b46e32a0fc3b093a0873fb767bf3293de856293065e84ef06b7ec7a8acfb98?s=96&d=identicon&r=x\",\"caption\":\"Charge\"},\"url\":\"https:\\\/\\\/sindromecharge.es\\\/index.php\\\/author\\\/admin\\\/\"}]}<\/script>\n<!-- \/ Yoast SEO plugin. -->","yoast_head_json":{"title":"AcogES+, un modelo pionero para acoger ni\u00f1os con necesidades especiales: \"Puede cambiar vidas para siempre\" - Asociaci\u00f3n Espa\u00f1ola S\u00edndrome de Charge","robots":{"index":"index","follow":"follow","max-snippet":"max-snippet:-1","max-image-preview":"max-image-preview:large","max-video-preview":"max-video-preview:-1"},"canonical":"https:\/\/sindromecharge.es\/index.php\/2024\/12\/08\/ana-alarcon-acoges-es-un-modelo-pionero-para-ninos-con-necesidades-especiales-grupos-hermanos\/","og_locale":"es_ES","og_type":"article","og_title":"AcogES+, un modelo pionero para acoger ni\u00f1os con necesidades especiales: \"Puede cambiar vidas para siempre\" - Asociaci\u00f3n Espa\u00f1ola S\u00edndrome de Charge","og_description":"El programa AcogES+, impulsado por Aldeas Infantiles SOS y liderado por su directora, Ana Alarc\u00f3n, es una iniciativa pionera en Espa\u00f1a que busca promover&#8230;","og_url":"https:\/\/sindromecharge.es\/index.php\/2024\/12\/08\/ana-alarcon-acoges-es-un-modelo-pionero-para-ninos-con-necesidades-especiales-grupos-hermanos\/","og_site_name":"Asociaci\u00f3n Espa\u00f1ola S\u00edndrome de Charge","article_publisher":"https:\/\/www.facebook.com\/asociacionsindromecharge","article_published_time":"2024-12-08T10:00:36+00:00","og_image":[{"width":300,"height":98,"url":"https:\/\/sindromecharge.es\/wp-content\/uploads\/2013\/09\/logodecharge300x98.png","type":"image\/png"}],"author":"Charge","twitter_card":"summary_large_image","twitter_creator":"@sindromecharge","twitter_site":"@sindromecharge","twitter_misc":{"Escrito por":"Charge"},"schema":{"@context":"https:\/\/schema.org","@graph":[{"@type":"Article","@id":"https:\/\/sindromecharge.es\/index.php\/2024\/12\/08\/ana-alarcon-acoges-es-un-modelo-pionero-para-ninos-con-necesidades-especiales-grupos-hermanos\/#article","isPartOf":{"@id":"https:\/\/sindromecharge.es\/index.php\/2024\/12\/08\/ana-alarcon-acoges-es-un-modelo-pionero-para-ninos-con-necesidades-especiales-grupos-hermanos\/"},"author":{"name":"Charge","@id":"https:\/\/sindromecharge.es\/#\/schema\/person\/39a60ebe0a2b4d5a11179701e336b039"},"headline":"AcogES+, un modelo pionero para acoger ni\u00f1os con necesidades especiales: \u00abPuede cambiar vidas para siempre\u00bb","datePublished":"2024-12-08T10:00:36+00:00","mainEntityOfPage":{"@id":"https:\/\/sindromecharge.es\/index.php\/2024\/12\/08\/ana-alarcon-acoges-es-un-modelo-pionero-para-ninos-con-necesidades-especiales-grupos-hermanos\/"},"wordCount":105,"articleSection":["noticias"],"inLanguage":"es"},{"@type":"WebPage","@id":"https:\/\/sindromecharge.es\/index.php\/2024\/12\/08\/ana-alarcon-acoges-es-un-modelo-pionero-para-ninos-con-necesidades-especiales-grupos-hermanos\/","url":"https:\/\/sindromecharge.es\/index.php\/2024\/12\/08\/ana-alarcon-acoges-es-un-modelo-pionero-para-ninos-con-necesidades-especiales-grupos-hermanos\/","name":"AcogES+, un modelo pionero para acoger ni\u00f1os con necesidades especiales: \"Puede cambiar vidas para siempre\" - Asociaci\u00f3n Espa\u00f1ola S\u00edndrome de Charge","isPartOf":{"@id":"https:\/\/sindromecharge.es\/#website"},"datePublished":"2024-12-08T10:00:36+00:00","author":{"@id":"https:\/\/sindromecharge.es\/#\/schema\/person\/39a60ebe0a2b4d5a11179701e336b039"},"breadcrumb":{"@id":"https:\/\/sindromecharge.es\/index.php\/2024\/12\/08\/ana-alarcon-acoges-es-un-modelo-pionero-para-ninos-con-necesidades-especiales-grupos-hermanos\/#breadcrumb"},"inLanguage":"es","potentialAction":[{"@type":"ReadAction","target":["https:\/\/sindromecharge.es\/index.php\/2024\/12\/08\/ana-alarcon-acoges-es-un-modelo-pionero-para-ninos-con-necesidades-especiales-grupos-hermanos\/"]}]},{"@type":"BreadcrumbList","@id":"https:\/\/sindromecharge.es\/index.php\/2024\/12\/08\/ana-alarcon-acoges-es-un-modelo-pionero-para-ninos-con-necesidades-especiales-grupos-hermanos\/#breadcrumb","itemListElement":[{"@type":"ListItem","position":1,"name":"Portada","item":"https:\/\/sindromecharge.es\/"},{"@type":"ListItem","position":2,"name":"AcogES+, un modelo pionero para acoger ni\u00f1os con necesidades especiales: &#8220;Puede cambiar vidas para siempre&#8221;"}]},{"@type":"WebSite","@id":"https:\/\/sindromecharge.es\/#website","url":"https:\/\/sindromecharge.es\/","name":"Asociaci\u00f3n Espa\u00f1ola S\u00edndrome de Charge","description":"","potentialAction":[{"@type":"SearchAction","target":{"@type":"EntryPoint","urlTemplate":"https:\/\/sindromecharge.es\/?s={search_term_string}"},"query-input":{"@type":"PropertyValueSpecification","valueRequired":true,"valueName":"search_term_string"}}],"inLanguage":"es"},{"@type":"Person","@id":"https:\/\/sindromecharge.es\/#\/schema\/person\/39a60ebe0a2b4d5a11179701e336b039","name":"Charge","image":{"@type":"ImageObject","inLanguage":"es","@id":"https:\/\/secure.gravatar.com\/avatar\/c3b46e32a0fc3b093a0873fb767bf3293de856293065e84ef06b7ec7a8acfb98?s=96&d=identicon&r=x","url":"https:\/\/secure.gravatar.com\/avatar\/c3b46e32a0fc3b093a0873fb767bf3293de856293065e84ef06b7ec7a8acfb98?s=96&d=identicon&r=x","contentUrl":"https:\/\/secure.gravatar.com\/avatar\/c3b46e32a0fc3b093a0873fb767bf3293de856293065e84ef06b7ec7a8acfb98?s=96&d=identicon&r=x","caption":"Charge"},"url":"https:\/\/sindromecharge.es\/index.php\/author\/admin\/"}]}},"_links":{"self":[{"href":"https:\/\/sindromecharge.es\/index.php\/wp-json\/wp\/v2\/posts\/10643","targetHints":{"allow":["GET"]}}],"collection":[{"href":"https:\/\/sindromecharge.es\/index.php\/wp-json\/wp\/v2\/posts"}],"about":[{"href":"https:\/\/sindromecharge.es\/index.php\/wp-json\/wp\/v2\/types\/post"}],"author":[{"embeddable":true,"href":"https:\/\/sindromecharge.es\/index.php\/wp-json\/wp\/v2\/users\/1"}],"replies":[{"embeddable":true,"href":"https:\/\/sindromecharge.es\/index.php\/wp-json\/wp\/v2\/comments?post=10643"}],"version-history":[{"count":0,"href":"https:\/\/sindromecharge.es\/index.php\/wp-json\/wp\/v2\/posts\/10643\/revisions"}],"wp:attachment":[{"href":"https:\/\/sindromecharge.es\/index.php\/wp-json\/wp\/v2\/media?parent=10643"}],"wp:term":[{"taxonomy":"category","embeddable":true,"href":"https:\/\/sindromecharge.es\/index.php\/wp-json\/wp\/v2\/categories?post=10643"},{"taxonomy":"post_tag","embeddable":true,"href":"https:\/\/sindromecharge.es\/index.php\/wp-json\/wp\/v2\/tags?post=10643"}],"curies":[{"name":"wp","href":"https:\/\/api.w.org\/{rel}","templated":true}]}}