{"id":10642,"date":"2024-12-07T16:49:27","date_gmt":"2024-12-07T16:49:27","guid":{"rendered":"https:\/\/sindromecharge.es\/index.php\/2024\/12\/07\/chica-tele-visibiliza-discapacidad-denuncia-todavia-hay-muchisimas-cosas-cambiar\/"},"modified":"2024-12-07T16:49:27","modified_gmt":"2024-12-07T16:49:27","slug":"chica-tele-visibiliza-discapacidad-denuncia-todavia-hay-muchisimas-cosas-cambiar","status":"publish","type":"post","link":"https:\/\/sindromecharge.es\/index.php\/2024\/12\/07\/chica-tele-visibiliza-discapacidad-denuncia-todavia-hay-muchisimas-cosas-cambiar\/","title":{"rendered":"La \u00abchica de la tele que visibiliza la discapacidad\u00bb denuncia que \u00abtodav\u00eda hay much\u00edsimas cosas que cambiar\u00bb"},"content":{"rendered":"<p>Leemos en Discapacidad la siguiente noticia que os reproducimos de forma \u00edntegra: <\/p>\n<div>\n<p><b>ln\u00e9s Rodr\u00edguez<\/b> tiene 25 a\u00f1os, <a href=\"https:\/\/www.20minutos.es\/minuteca\/paralisis-cerebral\/\" title=\"Par\u00e1lisis cerebral\">par\u00e1lisis cerebral<\/a> y hasta que hace unos meses la fich\u00f3 el programa <i><a href=\"https:\/\/www.20minutos.es\/minuteca\/el-intermedio\/\" title=\"El Intermedio\">El intermedio<\/a><\/i> de <a href=\"https:\/\/www.20minutos.es\/minuteca\/li-la-sexta\/\" title=\"La Sexta\">La Sexta<\/a> se ganaba la vida como logopeda. Triunfa en redes sociales, sobre todo en TikTok, en donde se la conoce como @inusu_al. Ahora, asegura en una entrevista que es \u00abla chica de la tele que <b>visibiliza la discapacidad<\/b>\u00ab.<\/p>\n<p>A esta mujer, que acumula cerca de 100.000 seguidores en TikTok y que <b>super\u00f3 los cuatro millones de reproducciones<\/b> con un v\u00eddeo sobre su vida en el que lamenta que la gente la llame \u00abcampeona\u00bb por tener una discapacidad, no le gustan \u00abesas tonter\u00edas de si somos campeones o h\u00e9roes\u00bb. \u00abEstamos en la precariedad, pero como todo el mundo. Yo busco la normalizaci\u00f3n y hacer pedagog\u00eda desde mi propia experiencia. <b>Quiero normalizar nuestras vidas<\/b>\u00ab, sentencia.<\/p>\n<p>Con motivo del D\u00eda Internacional y Europeo de las Personas con Discapacidad, envi\u00f3 un mensaje contundente a los pol\u00edticos sobre la situaci\u00f3n de este colectivo. \u00abDicen cosas que <b>luego no cumplen<\/b>. Son muy agradables siempre, pero yo quiero ver resultados. Pido voluntad pol\u00edtica y tambi\u00e9n que las leyes para las personas con discapacidad las hagan profesionales, personas que hayan trabajado o trabajen con nosotros, que son los que saben, los que est\u00e1n al pie del ca\u00f1\u00f3n, porque luego se ponen cosa que en el papel est\u00e1 muy bien, pero que llevarlas a la pr\u00e1ctica no es f\u00e1cil\u00bb, explic\u00f3.<\/p>\n<p>Porque \u00abtodav\u00eda hay much\u00edsimas cosas que cambiar\u00bb en Espa\u00f1a para mejorar la calidad de vida de las personas con discapacidad. \u00abSon muchos factores los que condicionan nuestras vidas. Todo va encadenado. No es solo una cosa, <b>hay que luchar por una sociedad accesible para todos<\/b>, tengas discapacidad o no. Pero creo que un foco importante es la accesibilidad universal que nos beneficia a todos, tengas o no discapacidad\u00bb.<\/p>\n<p>En este sentido, remarc\u00f3 que <b>las ciudades \u00abno est\u00e1n adaptadas\u00bb<\/b> a las personas con movilidad reducida y que, aunque \u00able pongas muchas ganas\u00bb, la capacidad que tiene uno \u00abes la que es\u00bb.<\/p>\n<h2>Voz reivindicativa<\/h2>\n<p>Esta tinerfe\u00f1a que reside en <b><a href=\"https:\/\/www.20minutos.es\/minuteca\/madrid\/\" title=\"Madrid\">Madrid<\/a><\/b> en un piso compartido asevera que <b>no le gusta que digan de ella que es \u00abla voz de la discapacidad<\/b> porque ahora\u00bb sale \u00aben un programa con mucha audiencia\u00bb. \u00abSoy una voz m\u00e1s, una voz reivindicativa. Lo que hago tiene una responsabilidad muy grande. Mi objetivo es cambiar un poco las cosas, pero no soy la \u00fanica. Yo cuento mis movidas y a algunos les gustar\u00e1 m\u00e1s lo que digo y lo compartir\u00e1n y a otros no les gustar\u00e1 lo que pienso. As\u00ed es es la vida\u00bb, resumi\u00f3.<\/p>\n<p>Para ella, participar en <i>El Intermedio<\/i> es \u00abuna <b>experiencia maravillosa porque el equipo es incre\u00edble<\/b>\u00ab. \u00abEl primer d\u00eda que fui a la entrevista con <a href=\"https:\/\/www.20minutos.es\/minuteca\/gran-wyoming\/\" title=\"Gran Wyoming\">Wyoming<\/a> estaba un poco nerviosa, aunque los conoc\u00eda a todos porque en casa siempre hemos visto el programa. Admiro mucho a <a href=\"https:\/\/www.20minutos.es\/minuteca\/thais-villas\/\" title=\"Thais Villas\">Thais Villas<\/a>. Todos son estupendos. Cuando me dijeron que si pod\u00eda ir todas las semanas, fue una enorme alegr\u00eda\u00bb, se\u00f1al\u00f3.<\/p>\n<p>Lo malo es que ahora est\u00e1 tan solicitada, tiene tantos compromisos, que se le complica acudir a su cita cat\u00f3dica. \u00abDoy charlas en empresas, en centros oficiales, en donde me llaman para que la gente vea que las personas con discapacidad <b>tenemos muchas capacidades<\/b>\u00ab.<\/p>\n<p>Y aunque est\u00e1 encantada con su nuevo rol de divulgadora de la discapacidad, confiesa que, a veces, echa de menos su profesi\u00f3n, la logopedia. \u00abSiento que todo lo que me est\u00e1 pasando ahora es una oportunidad porque <b>puedo reivindicar m\u00e1s medios<\/b>, trabajo para las personas con discapacidad. Quiero conseguir muchas cosas y logopeda voy a ser siempre. En cualquier momento puedo volver\u00bb.<\/p>\n<p>Por \u00faltimo, celebra la modificaci\u00f3n del art\u00edculo 49 de la Constituci\u00f3n que se ha conseguido hacer realidad este a\u00f1o y que este viernes ha recibido todo el protagonismo en las celebraciones del Congreso de los Diputados por el aniversario de la Carta Magna. \u00ab<b>Cambiar el t\u00e9rmino minusv\u00e1lido<\/b> por persona con discapacidad es importante\u00bb porque \u00abrefleja un cambio a nivel social\u00bb, sostiene.<\/p>\n<\/div>\n<p>Fuente: Discapacidad https:\/\/www.20minutos.es\/noticia\/5661716\/0\/chica-tele-visibiliza-discapacidad-denuncia-todavia-hay-muchisimas-cosas-cambiar\/<\/p>\n","protected":false},"excerpt":{"rendered":"<p>Este a\u00f1o, la logopeda ha fichado como colaboradora del programa &#8216;El intermedio&#8217; de La Sexta.<\/p>\n","protected":false},"author":1,"featured_media":0,"comment_status":"closed","ping_status":"closed","sticky":false,"template":"","format":"standard","meta":{"footnotes":""},"categories":[8],"tags":[],"class_list":["post-10642","post","type-post","status-publish","format-standard","hentry","category-noticias"],"yoast_head":"<!-- This site is optimized with the Yoast SEO plugin v27.4 - https:\/\/yoast.com\/product\/yoast-seo-wordpress\/ -->\n<title>La &quot;chica de la tele que visibiliza la discapacidad&quot; denuncia que &quot;todav\u00eda hay much\u00edsimas cosas que cambiar&quot; - Asociaci\u00f3n Espa\u00f1ola S\u00edndrome de Charge<\/title>\n<meta name=\"robots\" content=\"index, follow, max-snippet:-1, max-image-preview:large, max-video-preview:-1\" \/>\n<link rel=\"canonical\" href=\"https:\/\/sindromecharge.es\/index.php\/2024\/12\/07\/chica-tele-visibiliza-discapacidad-denuncia-todavia-hay-muchisimas-cosas-cambiar\/\" \/>\n<meta property=\"og:locale\" content=\"es_ES\" \/>\n<meta property=\"og:type\" content=\"article\" \/>\n<meta property=\"og:title\" content=\"La &quot;chica de la tele que visibiliza la discapacidad&quot; denuncia que &quot;todav\u00eda hay much\u00edsimas cosas que cambiar&quot; - Asociaci\u00f3n Espa\u00f1ola S\u00edndrome de Charge\" \/>\n<meta property=\"og:description\" content=\"Este a\u00f1o, la logopeda ha fichado como colaboradora del programa &#8216;El intermedio&#8217; de La Sexta.\" \/>\n<meta property=\"og:url\" content=\"https:\/\/sindromecharge.es\/index.php\/2024\/12\/07\/chica-tele-visibiliza-discapacidad-denuncia-todavia-hay-muchisimas-cosas-cambiar\/\" \/>\n<meta property=\"og:site_name\" content=\"Asociaci\u00f3n Espa\u00f1ola S\u00edndrome de Charge\" \/>\n<meta property=\"article:publisher\" content=\"https:\/\/www.facebook.com\/asociacionsindromecharge\" \/>\n<meta property=\"article:published_time\" content=\"2024-12-07T16:49:27+00:00\" \/>\n<meta property=\"og:image\" content=\"https:\/\/sindromecharge.es\/wp-content\/uploads\/2013\/09\/logodecharge300x98.png\" \/>\n\t<meta property=\"og:image:width\" content=\"300\" \/>\n\t<meta property=\"og:image:height\" content=\"98\" \/>\n\t<meta property=\"og:image:type\" content=\"image\/png\" \/>\n<meta name=\"author\" content=\"Charge\" \/>\n<meta name=\"twitter:card\" content=\"summary_large_image\" \/>\n<meta name=\"twitter:creator\" content=\"@sindromecharge\" \/>\n<meta name=\"twitter:site\" content=\"@sindromecharge\" \/>\n<meta name=\"twitter:label1\" content=\"Escrito por\" \/>\n\t<meta name=\"twitter:data1\" content=\"Charge\" \/>\n\t<meta name=\"twitter:label2\" content=\"Tiempo de lectura\" \/>\n\t<meta name=\"twitter:data2\" content=\"4 minutos\" \/>\n<script type=\"application\/ld+json\" class=\"yoast-schema-graph\">{\"@context\":\"https:\\\/\\\/schema.org\",\"@graph\":[{\"@type\":\"Article\",\"@id\":\"https:\\\/\\\/sindromecharge.es\\\/index.php\\\/2024\\\/12\\\/07\\\/chica-tele-visibiliza-discapacidad-denuncia-todavia-hay-muchisimas-cosas-cambiar\\\/#article\",\"isPartOf\":{\"@id\":\"https:\\\/\\\/sindromecharge.es\\\/index.php\\\/2024\\\/12\\\/07\\\/chica-tele-visibiliza-discapacidad-denuncia-todavia-hay-muchisimas-cosas-cambiar\\\/\"},\"author\":{\"name\":\"Charge\",\"@id\":\"https:\\\/\\\/sindromecharge.es\\\/#\\\/schema\\\/person\\\/39a60ebe0a2b4d5a11179701e336b039\"},\"headline\":\"La \u00abchica de la tele que visibiliza la discapacidad\u00bb denuncia que \u00abtodav\u00eda hay much\u00edsimas cosas que cambiar\u00bb\",\"datePublished\":\"2024-12-07T16:49:27+00:00\",\"mainEntityOfPage\":{\"@id\":\"https:\\\/\\\/sindromecharge.es\\\/index.php\\\/2024\\\/12\\\/07\\\/chica-tele-visibiliza-discapacidad-denuncia-todavia-hay-muchisimas-cosas-cambiar\\\/\"},\"wordCount\":738,\"articleSection\":[\"noticias\"],\"inLanguage\":\"es\"},{\"@type\":\"WebPage\",\"@id\":\"https:\\\/\\\/sindromecharge.es\\\/index.php\\\/2024\\\/12\\\/07\\\/chica-tele-visibiliza-discapacidad-denuncia-todavia-hay-muchisimas-cosas-cambiar\\\/\",\"url\":\"https:\\\/\\\/sindromecharge.es\\\/index.php\\\/2024\\\/12\\\/07\\\/chica-tele-visibiliza-discapacidad-denuncia-todavia-hay-muchisimas-cosas-cambiar\\\/\",\"name\":\"La \\\"chica de la tele que visibiliza la discapacidad\\\" denuncia que \\\"todav\u00eda hay much\u00edsimas cosas que cambiar\\\" - Asociaci\u00f3n Espa\u00f1ola S\u00edndrome de Charge\",\"isPartOf\":{\"@id\":\"https:\\\/\\\/sindromecharge.es\\\/#website\"},\"datePublished\":\"2024-12-07T16:49:27+00:00\",\"author\":{\"@id\":\"https:\\\/\\\/sindromecharge.es\\\/#\\\/schema\\\/person\\\/39a60ebe0a2b4d5a11179701e336b039\"},\"breadcrumb\":{\"@id\":\"https:\\\/\\\/sindromecharge.es\\\/index.php\\\/2024\\\/12\\\/07\\\/chica-tele-visibiliza-discapacidad-denuncia-todavia-hay-muchisimas-cosas-cambiar\\\/#breadcrumb\"},\"inLanguage\":\"es\",\"potentialAction\":[{\"@type\":\"ReadAction\",\"target\":[\"https:\\\/\\\/sindromecharge.es\\\/index.php\\\/2024\\\/12\\\/07\\\/chica-tele-visibiliza-discapacidad-denuncia-todavia-hay-muchisimas-cosas-cambiar\\\/\"]}]},{\"@type\":\"BreadcrumbList\",\"@id\":\"https:\\\/\\\/sindromecharge.es\\\/index.php\\\/2024\\\/12\\\/07\\\/chica-tele-visibiliza-discapacidad-denuncia-todavia-hay-muchisimas-cosas-cambiar\\\/#breadcrumb\",\"itemListElement\":[{\"@type\":\"ListItem\",\"position\":1,\"name\":\"Portada\",\"item\":\"https:\\\/\\\/sindromecharge.es\\\/\"},{\"@type\":\"ListItem\",\"position\":2,\"name\":\"La &#8220;chica de la tele que visibiliza la discapacidad&#8221; denuncia que &#8220;todav\u00eda hay much\u00edsimas cosas que cambiar&#8221;\"}]},{\"@type\":\"WebSite\",\"@id\":\"https:\\\/\\\/sindromecharge.es\\\/#website\",\"url\":\"https:\\\/\\\/sindromecharge.es\\\/\",\"name\":\"Asociaci\u00f3n Espa\u00f1ola S\u00edndrome de Charge\",\"description\":\"\",\"potentialAction\":[{\"@type\":\"SearchAction\",\"target\":{\"@type\":\"EntryPoint\",\"urlTemplate\":\"https:\\\/\\\/sindromecharge.es\\\/?s={search_term_string}\"},\"query-input\":{\"@type\":\"PropertyValueSpecification\",\"valueRequired\":true,\"valueName\":\"search_term_string\"}}],\"inLanguage\":\"es\"},{\"@type\":\"Person\",\"@id\":\"https:\\\/\\\/sindromecharge.es\\\/#\\\/schema\\\/person\\\/39a60ebe0a2b4d5a11179701e336b039\",\"name\":\"Charge\",\"image\":{\"@type\":\"ImageObject\",\"inLanguage\":\"es\",\"@id\":\"https:\\\/\\\/secure.gravatar.com\\\/avatar\\\/c3b46e32a0fc3b093a0873fb767bf3293de856293065e84ef06b7ec7a8acfb98?s=96&d=identicon&r=x\",\"url\":\"https:\\\/\\\/secure.gravatar.com\\\/avatar\\\/c3b46e32a0fc3b093a0873fb767bf3293de856293065e84ef06b7ec7a8acfb98?s=96&d=identicon&r=x\",\"contentUrl\":\"https:\\\/\\\/secure.gravatar.com\\\/avatar\\\/c3b46e32a0fc3b093a0873fb767bf3293de856293065e84ef06b7ec7a8acfb98?s=96&d=identicon&r=x\",\"caption\":\"Charge\"},\"url\":\"https:\\\/\\\/sindromecharge.es\\\/index.php\\\/author\\\/admin\\\/\"}]}<\/script>\n<!-- \/ Yoast SEO plugin. -->","yoast_head_json":{"title":"La \"chica de la tele que visibiliza la discapacidad\" denuncia que \"todav\u00eda hay much\u00edsimas cosas que cambiar\" - Asociaci\u00f3n Espa\u00f1ola S\u00edndrome de Charge","robots":{"index":"index","follow":"follow","max-snippet":"max-snippet:-1","max-image-preview":"max-image-preview:large","max-video-preview":"max-video-preview:-1"},"canonical":"https:\/\/sindromecharge.es\/index.php\/2024\/12\/07\/chica-tele-visibiliza-discapacidad-denuncia-todavia-hay-muchisimas-cosas-cambiar\/","og_locale":"es_ES","og_type":"article","og_title":"La \"chica de la tele que visibiliza la discapacidad\" denuncia que \"todav\u00eda hay much\u00edsimas cosas que cambiar\" - Asociaci\u00f3n Espa\u00f1ola S\u00edndrome de Charge","og_description":"Este a\u00f1o, la logopeda ha fichado como colaboradora del programa &#8216;El intermedio&#8217; de La Sexta.","og_url":"https:\/\/sindromecharge.es\/index.php\/2024\/12\/07\/chica-tele-visibiliza-discapacidad-denuncia-todavia-hay-muchisimas-cosas-cambiar\/","og_site_name":"Asociaci\u00f3n Espa\u00f1ola S\u00edndrome de Charge","article_publisher":"https:\/\/www.facebook.com\/asociacionsindromecharge","article_published_time":"2024-12-07T16:49:27+00:00","og_image":[{"width":300,"height":98,"url":"https:\/\/sindromecharge.es\/wp-content\/uploads\/2013\/09\/logodecharge300x98.png","type":"image\/png"}],"author":"Charge","twitter_card":"summary_large_image","twitter_creator":"@sindromecharge","twitter_site":"@sindromecharge","twitter_misc":{"Escrito por":"Charge","Tiempo de lectura":"4 minutos"},"schema":{"@context":"https:\/\/schema.org","@graph":[{"@type":"Article","@id":"https:\/\/sindromecharge.es\/index.php\/2024\/12\/07\/chica-tele-visibiliza-discapacidad-denuncia-todavia-hay-muchisimas-cosas-cambiar\/#article","isPartOf":{"@id":"https:\/\/sindromecharge.es\/index.php\/2024\/12\/07\/chica-tele-visibiliza-discapacidad-denuncia-todavia-hay-muchisimas-cosas-cambiar\/"},"author":{"name":"Charge","@id":"https:\/\/sindromecharge.es\/#\/schema\/person\/39a60ebe0a2b4d5a11179701e336b039"},"headline":"La \u00abchica de la tele que visibiliza la discapacidad\u00bb denuncia que \u00abtodav\u00eda hay much\u00edsimas cosas que cambiar\u00bb","datePublished":"2024-12-07T16:49:27+00:00","mainEntityOfPage":{"@id":"https:\/\/sindromecharge.es\/index.php\/2024\/12\/07\/chica-tele-visibiliza-discapacidad-denuncia-todavia-hay-muchisimas-cosas-cambiar\/"},"wordCount":738,"articleSection":["noticias"],"inLanguage":"es"},{"@type":"WebPage","@id":"https:\/\/sindromecharge.es\/index.php\/2024\/12\/07\/chica-tele-visibiliza-discapacidad-denuncia-todavia-hay-muchisimas-cosas-cambiar\/","url":"https:\/\/sindromecharge.es\/index.php\/2024\/12\/07\/chica-tele-visibiliza-discapacidad-denuncia-todavia-hay-muchisimas-cosas-cambiar\/","name":"La \"chica de la tele que visibiliza la discapacidad\" denuncia que \"todav\u00eda hay much\u00edsimas cosas que cambiar\" - Asociaci\u00f3n Espa\u00f1ola S\u00edndrome de Charge","isPartOf":{"@id":"https:\/\/sindromecharge.es\/#website"},"datePublished":"2024-12-07T16:49:27+00:00","author":{"@id":"https:\/\/sindromecharge.es\/#\/schema\/person\/39a60ebe0a2b4d5a11179701e336b039"},"breadcrumb":{"@id":"https:\/\/sindromecharge.es\/index.php\/2024\/12\/07\/chica-tele-visibiliza-discapacidad-denuncia-todavia-hay-muchisimas-cosas-cambiar\/#breadcrumb"},"inLanguage":"es","potentialAction":[{"@type":"ReadAction","target":["https:\/\/sindromecharge.es\/index.php\/2024\/12\/07\/chica-tele-visibiliza-discapacidad-denuncia-todavia-hay-muchisimas-cosas-cambiar\/"]}]},{"@type":"BreadcrumbList","@id":"https:\/\/sindromecharge.es\/index.php\/2024\/12\/07\/chica-tele-visibiliza-discapacidad-denuncia-todavia-hay-muchisimas-cosas-cambiar\/#breadcrumb","itemListElement":[{"@type":"ListItem","position":1,"name":"Portada","item":"https:\/\/sindromecharge.es\/"},{"@type":"ListItem","position":2,"name":"La &#8220;chica de la tele que visibiliza la discapacidad&#8221; denuncia que &#8220;todav\u00eda hay much\u00edsimas cosas que cambiar&#8221;"}]},{"@type":"WebSite","@id":"https:\/\/sindromecharge.es\/#website","url":"https:\/\/sindromecharge.es\/","name":"Asociaci\u00f3n Espa\u00f1ola S\u00edndrome de Charge","description":"","potentialAction":[{"@type":"SearchAction","target":{"@type":"EntryPoint","urlTemplate":"https:\/\/sindromecharge.es\/?s={search_term_string}"},"query-input":{"@type":"PropertyValueSpecification","valueRequired":true,"valueName":"search_term_string"}}],"inLanguage":"es"},{"@type":"Person","@id":"https:\/\/sindromecharge.es\/#\/schema\/person\/39a60ebe0a2b4d5a11179701e336b039","name":"Charge","image":{"@type":"ImageObject","inLanguage":"es","@id":"https:\/\/secure.gravatar.com\/avatar\/c3b46e32a0fc3b093a0873fb767bf3293de856293065e84ef06b7ec7a8acfb98?s=96&d=identicon&r=x","url":"https:\/\/secure.gravatar.com\/avatar\/c3b46e32a0fc3b093a0873fb767bf3293de856293065e84ef06b7ec7a8acfb98?s=96&d=identicon&r=x","contentUrl":"https:\/\/secure.gravatar.com\/avatar\/c3b46e32a0fc3b093a0873fb767bf3293de856293065e84ef06b7ec7a8acfb98?s=96&d=identicon&r=x","caption":"Charge"},"url":"https:\/\/sindromecharge.es\/index.php\/author\/admin\/"}]}},"_links":{"self":[{"href":"https:\/\/sindromecharge.es\/index.php\/wp-json\/wp\/v2\/posts\/10642","targetHints":{"allow":["GET"]}}],"collection":[{"href":"https:\/\/sindromecharge.es\/index.php\/wp-json\/wp\/v2\/posts"}],"about":[{"href":"https:\/\/sindromecharge.es\/index.php\/wp-json\/wp\/v2\/types\/post"}],"author":[{"embeddable":true,"href":"https:\/\/sindromecharge.es\/index.php\/wp-json\/wp\/v2\/users\/1"}],"replies":[{"embeddable":true,"href":"https:\/\/sindromecharge.es\/index.php\/wp-json\/wp\/v2\/comments?post=10642"}],"version-history":[{"count":0,"href":"https:\/\/sindromecharge.es\/index.php\/wp-json\/wp\/v2\/posts\/10642\/revisions"}],"wp:attachment":[{"href":"https:\/\/sindromecharge.es\/index.php\/wp-json\/wp\/v2\/media?parent=10642"}],"wp:term":[{"taxonomy":"category","embeddable":true,"href":"https:\/\/sindromecharge.es\/index.php\/wp-json\/wp\/v2\/categories?post=10642"},{"taxonomy":"post_tag","embeddable":true,"href":"https:\/\/sindromecharge.es\/index.php\/wp-json\/wp\/v2\/tags?post=10642"}],"curies":[{"name":"wp","href":"https:\/\/api.w.org\/{rel}","templated":true}]}}