{"id":10640,"date":"2024-12-06T11:40:50","date_gmt":"2024-12-06T11:40:50","guid":{"rendered":"https:\/\/sindromecharge.es\/index.php\/2024\/12\/06\/las-personas-con-discapacidad-se-erigen-protagonistas-celebracion-dia-constitucion-congreso\/"},"modified":"2024-12-06T11:40:50","modified_gmt":"2024-12-06T11:40:50","slug":"las-personas-con-discapacidad-se-erigen-protagonistas-celebracion-dia-constitucion-congreso","status":"publish","type":"post","link":"https:\/\/sindromecharge.es\/index.php\/2024\/12\/06\/las-personas-con-discapacidad-se-erigen-protagonistas-celebracion-dia-constitucion-congreso\/","title":{"rendered":"Las personas con discapacidad se erigen en \u00abprotagonistas\u00bb de la celebraci\u00f3n del D\u00eda de la Constituci\u00f3n en el Congreso"},"content":{"rendered":"<p>Leemos en Discapacidad la siguiente noticia que os reproducimos de forma \u00edntegra: <\/p>\n<div>\n<p>El Congreso ha acogido este viernes<b> <\/b><a href=\"https:\/\/www.20minutos.es\/noticia\/5661428\/0\/dia-constitucion-directo-senado-congreso-se-engalanan-por-los-46-anos-carta-magna\/\">el acto institucional de conmemoraci\u00f3n del 46 aniversario de la Constituci\u00f3n espa\u00f1ola<\/a> con las <b>personas con discapacidad como \u00abprotagonistas\u00bb,<\/b> ha reconocido la presidenta del Congreso, Francina Armengol, en un acto centrado en la reforma del art\u00edculo 49 que las Cortes aprobaron en enero para eliminar el t\u00e9rmino &#8216;disminuido&#8217;.<\/p>\n<p>En su discurso, Armengol ha llamado a <a href=\"https:\/\/www.20minutos.es\/noticia\/5661520\/0\/armengol-reivindica-constitucion-como-un-ejemplo-exito-llama-cumplir-articulo-47-derecho-una-vivienda-digna\/\">\u00ababandonar la mirada rehabilitadora y asistencial\u00bb<\/a> de las personas con discapacidad para impulsar<b> su autonom\u00eda y una mayor proyecci\u00f3n social. <\/b><\/p>\n<p>El acto comenzaba con una interpretaci\u00f3n a cargo de la Agrupaci\u00f3n Musical Inclusiva del Teatro Real, formada por ni\u00f1os y j\u00f3venes con discapacidad, y a continuaci\u00f3n, representantes de <b>varios colectivos de discapacitados han dado lectura al nuevo art\u00edculo 49<\/b>. <\/p>\n<p>En concreto, <b>Ana Pel\u00e1ez ha le\u00eddo en soporte braille<\/b>, mientras que Noem\u00ed Sobrino, Marta Castillo, Vicky Bendito y Concepci\u00f3n D\u00edaz, interpretaron en lengua de signos el citado art\u00edculo. <\/p>\n<p>Tras las lecturas,<b> se ha entregado a la presidenta del Congreso de la Constituci\u00f3n Espa\u00f1ola en distintos soportes accesibles<\/b>: en lectoescritura braille, en lectura f\u00e1cil, en lengua de signos, en pictogramas y en un pendrive con un video con su interpretaci\u00f3n en lengua de signos.<\/p>\n<p>El acto ha concluido, <b><a href=\"https:\/\/www.20minutos.es\/noticia\/5661520\/0\/armengol-reivindica-constitucion-como-un-ejemplo-exito-llama-cumplir-articulo-47-derecho-una-vivienda-digna\/\">tras el discurso de Armengol<\/a><\/b>, con la interpretaci\u00f3n de una segunda pieza musical a cargo de la Agrupaci\u00f3n Musical Inclusiva del Teatro Real. <\/p>\n<\/div>\n<p>Fuente: Discapacidad https:\/\/www.20minutos.es\/noticia\/5661538\/0\/las-personas-con-discapacidad-se-erigen-protagonistas-celebracion-dia-constitucion-congreso\/<\/p>\n","protected":false},"excerpt":{"rendered":"<p>Varios representantes de colectivos de personas con discapacidad han dado lectura al nuevo art\u00edculo 49.<\/p>\n","protected":false},"author":1,"featured_media":0,"comment_status":"closed","ping_status":"closed","sticky":false,"template":"","format":"standard","meta":{"footnotes":""},"categories":[8],"tags":[],"class_list":["post-10640","post","type-post","status-publish","format-standard","hentry","category-noticias"],"yoast_head":"<!-- This site is optimized with the Yoast SEO plugin v27.4 - https:\/\/yoast.com\/product\/yoast-seo-wordpress\/ -->\n<title>Las personas con discapacidad se erigen en &quot;protagonistas&quot; de la celebraci\u00f3n del D\u00eda de la Constituci\u00f3n en el Congreso - Asociaci\u00f3n Espa\u00f1ola S\u00edndrome de Charge<\/title>\n<meta name=\"robots\" content=\"index, follow, max-snippet:-1, max-image-preview:large, max-video-preview:-1\" \/>\n<link rel=\"canonical\" href=\"https:\/\/sindromecharge.es\/index.php\/2024\/12\/06\/las-personas-con-discapacidad-se-erigen-protagonistas-celebracion-dia-constitucion-congreso\/\" \/>\n<meta property=\"og:locale\" content=\"es_ES\" \/>\n<meta property=\"og:type\" content=\"article\" \/>\n<meta property=\"og:title\" content=\"Las personas con discapacidad se erigen en &quot;protagonistas&quot; de la celebraci\u00f3n del D\u00eda de la Constituci\u00f3n en el Congreso - Asociaci\u00f3n Espa\u00f1ola S\u00edndrome de Charge\" \/>\n<meta property=\"og:description\" content=\"Varios representantes de colectivos de personas con discapacidad han dado lectura al nuevo art\u00edculo 49.\" \/>\n<meta property=\"og:url\" content=\"https:\/\/sindromecharge.es\/index.php\/2024\/12\/06\/las-personas-con-discapacidad-se-erigen-protagonistas-celebracion-dia-constitucion-congreso\/\" \/>\n<meta property=\"og:site_name\" content=\"Asociaci\u00f3n Espa\u00f1ola S\u00edndrome de Charge\" \/>\n<meta property=\"article:publisher\" content=\"https:\/\/www.facebook.com\/asociacionsindromecharge\" \/>\n<meta property=\"article:published_time\" content=\"2024-12-06T11:40:50+00:00\" \/>\n<meta property=\"og:image\" content=\"https:\/\/sindromecharge.es\/wp-content\/uploads\/2013\/09\/logodecharge300x98.png\" \/>\n\t<meta property=\"og:image:width\" content=\"300\" \/>\n\t<meta property=\"og:image:height\" content=\"98\" \/>\n\t<meta property=\"og:image:type\" content=\"image\/png\" \/>\n<meta name=\"author\" content=\"Charge\" \/>\n<meta name=\"twitter:card\" content=\"summary_large_image\" \/>\n<meta name=\"twitter:creator\" content=\"@sindromecharge\" \/>\n<meta name=\"twitter:site\" content=\"@sindromecharge\" \/>\n<meta name=\"twitter:label1\" content=\"Escrito por\" \/>\n\t<meta name=\"twitter:data1\" content=\"Charge\" \/>\n\t<meta name=\"twitter:label2\" content=\"Tiempo de lectura\" \/>\n\t<meta name=\"twitter:data2\" content=\"1 minuto\" \/>\n<script type=\"application\/ld+json\" class=\"yoast-schema-graph\">{\"@context\":\"https:\\\/\\\/schema.org\",\"@graph\":[{\"@type\":\"Article\",\"@id\":\"https:\\\/\\\/sindromecharge.es\\\/index.php\\\/2024\\\/12\\\/06\\\/las-personas-con-discapacidad-se-erigen-protagonistas-celebracion-dia-constitucion-congreso\\\/#article\",\"isPartOf\":{\"@id\":\"https:\\\/\\\/sindromecharge.es\\\/index.php\\\/2024\\\/12\\\/06\\\/las-personas-con-discapacidad-se-erigen-protagonistas-celebracion-dia-constitucion-congreso\\\/\"},\"author\":{\"name\":\"Charge\",\"@id\":\"https:\\\/\\\/sindromecharge.es\\\/#\\\/schema\\\/person\\\/39a60ebe0a2b4d5a11179701e336b039\"},\"headline\":\"Las personas con discapacidad se erigen en \u00abprotagonistas\u00bb de la celebraci\u00f3n del D\u00eda de la Constituci\u00f3n en el Congreso\",\"datePublished\":\"2024-12-06T11:40:50+00:00\",\"mainEntityOfPage\":{\"@id\":\"https:\\\/\\\/sindromecharge.es\\\/index.php\\\/2024\\\/12\\\/06\\\/las-personas-con-discapacidad-se-erigen-protagonistas-celebracion-dia-constitucion-congreso\\\/\"},\"wordCount\":283,\"articleSection\":[\"noticias\"],\"inLanguage\":\"es\"},{\"@type\":\"WebPage\",\"@id\":\"https:\\\/\\\/sindromecharge.es\\\/index.php\\\/2024\\\/12\\\/06\\\/las-personas-con-discapacidad-se-erigen-protagonistas-celebracion-dia-constitucion-congreso\\\/\",\"url\":\"https:\\\/\\\/sindromecharge.es\\\/index.php\\\/2024\\\/12\\\/06\\\/las-personas-con-discapacidad-se-erigen-protagonistas-celebracion-dia-constitucion-congreso\\\/\",\"name\":\"Las personas con discapacidad se erigen en \\\"protagonistas\\\" de la celebraci\u00f3n del D\u00eda de la Constituci\u00f3n en el Congreso - Asociaci\u00f3n Espa\u00f1ola S\u00edndrome de Charge\",\"isPartOf\":{\"@id\":\"https:\\\/\\\/sindromecharge.es\\\/#website\"},\"datePublished\":\"2024-12-06T11:40:50+00:00\",\"author\":{\"@id\":\"https:\\\/\\\/sindromecharge.es\\\/#\\\/schema\\\/person\\\/39a60ebe0a2b4d5a11179701e336b039\"},\"breadcrumb\":{\"@id\":\"https:\\\/\\\/sindromecharge.es\\\/index.php\\\/2024\\\/12\\\/06\\\/las-personas-con-discapacidad-se-erigen-protagonistas-celebracion-dia-constitucion-congreso\\\/#breadcrumb\"},\"inLanguage\":\"es\",\"potentialAction\":[{\"@type\":\"ReadAction\",\"target\":[\"https:\\\/\\\/sindromecharge.es\\\/index.php\\\/2024\\\/12\\\/06\\\/las-personas-con-discapacidad-se-erigen-protagonistas-celebracion-dia-constitucion-congreso\\\/\"]}]},{\"@type\":\"BreadcrumbList\",\"@id\":\"https:\\\/\\\/sindromecharge.es\\\/index.php\\\/2024\\\/12\\\/06\\\/las-personas-con-discapacidad-se-erigen-protagonistas-celebracion-dia-constitucion-congreso\\\/#breadcrumb\",\"itemListElement\":[{\"@type\":\"ListItem\",\"position\":1,\"name\":\"Portada\",\"item\":\"https:\\\/\\\/sindromecharge.es\\\/\"},{\"@type\":\"ListItem\",\"position\":2,\"name\":\"Las personas con discapacidad se erigen en &#8220;protagonistas&#8221; de la celebraci\u00f3n del D\u00eda de la Constituci\u00f3n en el Congreso\"}]},{\"@type\":\"WebSite\",\"@id\":\"https:\\\/\\\/sindromecharge.es\\\/#website\",\"url\":\"https:\\\/\\\/sindromecharge.es\\\/\",\"name\":\"Asociaci\u00f3n Espa\u00f1ola S\u00edndrome de Charge\",\"description\":\"\",\"potentialAction\":[{\"@type\":\"SearchAction\",\"target\":{\"@type\":\"EntryPoint\",\"urlTemplate\":\"https:\\\/\\\/sindromecharge.es\\\/?s={search_term_string}\"},\"query-input\":{\"@type\":\"PropertyValueSpecification\",\"valueRequired\":true,\"valueName\":\"search_term_string\"}}],\"inLanguage\":\"es\"},{\"@type\":\"Person\",\"@id\":\"https:\\\/\\\/sindromecharge.es\\\/#\\\/schema\\\/person\\\/39a60ebe0a2b4d5a11179701e336b039\",\"name\":\"Charge\",\"image\":{\"@type\":\"ImageObject\",\"inLanguage\":\"es\",\"@id\":\"https:\\\/\\\/secure.gravatar.com\\\/avatar\\\/c3b46e32a0fc3b093a0873fb767bf3293de856293065e84ef06b7ec7a8acfb98?s=96&d=identicon&r=x\",\"url\":\"https:\\\/\\\/secure.gravatar.com\\\/avatar\\\/c3b46e32a0fc3b093a0873fb767bf3293de856293065e84ef06b7ec7a8acfb98?s=96&d=identicon&r=x\",\"contentUrl\":\"https:\\\/\\\/secure.gravatar.com\\\/avatar\\\/c3b46e32a0fc3b093a0873fb767bf3293de856293065e84ef06b7ec7a8acfb98?s=96&d=identicon&r=x\",\"caption\":\"Charge\"},\"url\":\"https:\\\/\\\/sindromecharge.es\\\/index.php\\\/author\\\/admin\\\/\"}]}<\/script>\n<!-- \/ Yoast SEO plugin. -->","yoast_head_json":{"title":"Las personas con discapacidad se erigen en \"protagonistas\" de la celebraci\u00f3n del D\u00eda de la Constituci\u00f3n en el Congreso - Asociaci\u00f3n Espa\u00f1ola S\u00edndrome de Charge","robots":{"index":"index","follow":"follow","max-snippet":"max-snippet:-1","max-image-preview":"max-image-preview:large","max-video-preview":"max-video-preview:-1"},"canonical":"https:\/\/sindromecharge.es\/index.php\/2024\/12\/06\/las-personas-con-discapacidad-se-erigen-protagonistas-celebracion-dia-constitucion-congreso\/","og_locale":"es_ES","og_type":"article","og_title":"Las personas con discapacidad se erigen en \"protagonistas\" de la celebraci\u00f3n del D\u00eda de la Constituci\u00f3n en el Congreso - Asociaci\u00f3n Espa\u00f1ola S\u00edndrome de Charge","og_description":"Varios representantes de colectivos de personas con discapacidad han dado lectura al nuevo art\u00edculo 49.","og_url":"https:\/\/sindromecharge.es\/index.php\/2024\/12\/06\/las-personas-con-discapacidad-se-erigen-protagonistas-celebracion-dia-constitucion-congreso\/","og_site_name":"Asociaci\u00f3n Espa\u00f1ola S\u00edndrome de Charge","article_publisher":"https:\/\/www.facebook.com\/asociacionsindromecharge","article_published_time":"2024-12-06T11:40:50+00:00","og_image":[{"width":300,"height":98,"url":"https:\/\/sindromecharge.es\/wp-content\/uploads\/2013\/09\/logodecharge300x98.png","type":"image\/png"}],"author":"Charge","twitter_card":"summary_large_image","twitter_creator":"@sindromecharge","twitter_site":"@sindromecharge","twitter_misc":{"Escrito por":"Charge","Tiempo de lectura":"1 minuto"},"schema":{"@context":"https:\/\/schema.org","@graph":[{"@type":"Article","@id":"https:\/\/sindromecharge.es\/index.php\/2024\/12\/06\/las-personas-con-discapacidad-se-erigen-protagonistas-celebracion-dia-constitucion-congreso\/#article","isPartOf":{"@id":"https:\/\/sindromecharge.es\/index.php\/2024\/12\/06\/las-personas-con-discapacidad-se-erigen-protagonistas-celebracion-dia-constitucion-congreso\/"},"author":{"name":"Charge","@id":"https:\/\/sindromecharge.es\/#\/schema\/person\/39a60ebe0a2b4d5a11179701e336b039"},"headline":"Las personas con discapacidad se erigen en \u00abprotagonistas\u00bb de la celebraci\u00f3n del D\u00eda de la Constituci\u00f3n en el Congreso","datePublished":"2024-12-06T11:40:50+00:00","mainEntityOfPage":{"@id":"https:\/\/sindromecharge.es\/index.php\/2024\/12\/06\/las-personas-con-discapacidad-se-erigen-protagonistas-celebracion-dia-constitucion-congreso\/"},"wordCount":283,"articleSection":["noticias"],"inLanguage":"es"},{"@type":"WebPage","@id":"https:\/\/sindromecharge.es\/index.php\/2024\/12\/06\/las-personas-con-discapacidad-se-erigen-protagonistas-celebracion-dia-constitucion-congreso\/","url":"https:\/\/sindromecharge.es\/index.php\/2024\/12\/06\/las-personas-con-discapacidad-se-erigen-protagonistas-celebracion-dia-constitucion-congreso\/","name":"Las personas con discapacidad se erigen en \"protagonistas\" de la celebraci\u00f3n del D\u00eda de la Constituci\u00f3n en el Congreso - Asociaci\u00f3n Espa\u00f1ola S\u00edndrome de Charge","isPartOf":{"@id":"https:\/\/sindromecharge.es\/#website"},"datePublished":"2024-12-06T11:40:50+00:00","author":{"@id":"https:\/\/sindromecharge.es\/#\/schema\/person\/39a60ebe0a2b4d5a11179701e336b039"},"breadcrumb":{"@id":"https:\/\/sindromecharge.es\/index.php\/2024\/12\/06\/las-personas-con-discapacidad-se-erigen-protagonistas-celebracion-dia-constitucion-congreso\/#breadcrumb"},"inLanguage":"es","potentialAction":[{"@type":"ReadAction","target":["https:\/\/sindromecharge.es\/index.php\/2024\/12\/06\/las-personas-con-discapacidad-se-erigen-protagonistas-celebracion-dia-constitucion-congreso\/"]}]},{"@type":"BreadcrumbList","@id":"https:\/\/sindromecharge.es\/index.php\/2024\/12\/06\/las-personas-con-discapacidad-se-erigen-protagonistas-celebracion-dia-constitucion-congreso\/#breadcrumb","itemListElement":[{"@type":"ListItem","position":1,"name":"Portada","item":"https:\/\/sindromecharge.es\/"},{"@type":"ListItem","position":2,"name":"Las personas con discapacidad se erigen en &#8220;protagonistas&#8221; de la celebraci\u00f3n del D\u00eda de la Constituci\u00f3n en el Congreso"}]},{"@type":"WebSite","@id":"https:\/\/sindromecharge.es\/#website","url":"https:\/\/sindromecharge.es\/","name":"Asociaci\u00f3n Espa\u00f1ola S\u00edndrome de Charge","description":"","potentialAction":[{"@type":"SearchAction","target":{"@type":"EntryPoint","urlTemplate":"https:\/\/sindromecharge.es\/?s={search_term_string}"},"query-input":{"@type":"PropertyValueSpecification","valueRequired":true,"valueName":"search_term_string"}}],"inLanguage":"es"},{"@type":"Person","@id":"https:\/\/sindromecharge.es\/#\/schema\/person\/39a60ebe0a2b4d5a11179701e336b039","name":"Charge","image":{"@type":"ImageObject","inLanguage":"es","@id":"https:\/\/secure.gravatar.com\/avatar\/c3b46e32a0fc3b093a0873fb767bf3293de856293065e84ef06b7ec7a8acfb98?s=96&d=identicon&r=x","url":"https:\/\/secure.gravatar.com\/avatar\/c3b46e32a0fc3b093a0873fb767bf3293de856293065e84ef06b7ec7a8acfb98?s=96&d=identicon&r=x","contentUrl":"https:\/\/secure.gravatar.com\/avatar\/c3b46e32a0fc3b093a0873fb767bf3293de856293065e84ef06b7ec7a8acfb98?s=96&d=identicon&r=x","caption":"Charge"},"url":"https:\/\/sindromecharge.es\/index.php\/author\/admin\/"}]}},"_links":{"self":[{"href":"https:\/\/sindromecharge.es\/index.php\/wp-json\/wp\/v2\/posts\/10640","targetHints":{"allow":["GET"]}}],"collection":[{"href":"https:\/\/sindromecharge.es\/index.php\/wp-json\/wp\/v2\/posts"}],"about":[{"href":"https:\/\/sindromecharge.es\/index.php\/wp-json\/wp\/v2\/types\/post"}],"author":[{"embeddable":true,"href":"https:\/\/sindromecharge.es\/index.php\/wp-json\/wp\/v2\/users\/1"}],"replies":[{"embeddable":true,"href":"https:\/\/sindromecharge.es\/index.php\/wp-json\/wp\/v2\/comments?post=10640"}],"version-history":[{"count":0,"href":"https:\/\/sindromecharge.es\/index.php\/wp-json\/wp\/v2\/posts\/10640\/revisions"}],"wp:attachment":[{"href":"https:\/\/sindromecharge.es\/index.php\/wp-json\/wp\/v2\/media?parent=10640"}],"wp:term":[{"taxonomy":"category","embeddable":true,"href":"https:\/\/sindromecharge.es\/index.php\/wp-json\/wp\/v2\/categories?post=10640"},{"taxonomy":"post_tag","embeddable":true,"href":"https:\/\/sindromecharge.es\/index.php\/wp-json\/wp\/v2\/tags?post=10640"}],"curies":[{"name":"wp","href":"https:\/\/api.w.org\/{rel}","templated":true}]}}