{"id":10639,"date":"2024-12-06T08:01:50","date_gmt":"2024-12-06T08:01:50","guid":{"rendered":"https:\/\/sindromecharge.es\/index.php\/2024\/12\/06\/cuanto-que-casos-se-puede-reducir-una-pension-por-discapacidad\/"},"modified":"2024-12-06T08:01:50","modified_gmt":"2024-12-06T08:01:50","slug":"cuanto-que-casos-se-puede-reducir-una-pension-por-discapacidad","status":"publish","type":"post","link":"https:\/\/sindromecharge.es\/index.php\/2024\/12\/06\/cuanto-que-casos-se-puede-reducir-una-pension-por-discapacidad\/","title":{"rendered":"\u00bfCu\u00e1nto y en qu\u00e9 casos se puede reducir una pensi\u00f3n por discapacidad?"},"content":{"rendered":"<p>Leemos en Discapacidad la siguiente noticia que os reproducimos de forma \u00edntegra: <\/p>\n<div>\n<p>\u00bfSab\u00edas que el <b>complemento a m\u00ednimo de tu pensi\u00f3n<\/b> puede cambiar si trabajas? Pedro L\u00f3pez resuelve una pregunta muy com\u00fan: \u00bfpueden descontarte parte de la pensi\u00f3n si superas ciertos ingresos?<\/p>\n<p>La respuesta es s\u00ed, como advierte el abogado, \u00abes posible y si es legal\u00bb, y se explica porque \u00absi nosotros cobramos una <a href=\"https:\/\/www.20minutos.es\/minuteca\/pensiones\/\" title=\"Pensiones\" target=\"_blank\">pensi\u00f3n<\/a> que est\u00e1 por debajo de lo m\u00ednimo que establece el Estado, nos va a complementar esa cuant\u00eda. Pero esa cuant\u00eda, una vez que se llegue, va a estar sujeta a determinadas condiciones\u00bb.<\/p>\n<p>Estas condiciones son, sobre todo, no superar unos ingresos anuales, que en caso de este a\u00f1o 2024 es de <b>8.942 euros anuales<\/b>, \u00absi no superamos el <b>umbral anual<\/b> -que va cambiando cada a\u00f1o-, no se nos va a descontar la pensi\u00f3n. Ahora bien, si superamos el umbral anual, nosotros vamos a cobrar la pensi\u00f3n que generamos en su momento. Es decir, si yo ten\u00eda derecho a 500 euros de pensi\u00f3n y el Estado pone 1.000, el Estado me abona 500. Pero si supero el l\u00edmite, el Estado simplemente me va a pagar por la pensi\u00f3n que tengo, por lo tanto, se quedar\u00eda en los 500 euros\u00bb, explica.<\/p>\n<p>Como conclusi\u00f3n, Pedro L\u00f3pez recomienda que, cuando vayamos a <b>trabajar teniendo incapacidad o una discapacidad<\/b>, debemos ver la resoluci\u00f3n del INNS por si tenemos alg\u00fan<b> &#8216;<a href=\"https:\/\/grupogarantia.es\/video\/complemento-a-minimos\/\" target=\"_blank\">complemento a m\u00ednimo<\/a><\/b>&#8216;, que es lo que el Estado complementa a m\u00ednimo la pensi\u00f3n, \u00absi es as\u00ed, debemos ver cu\u00e1l es la cuant\u00eda que vamos a cobrar a nivel anual, porque es posible que nos la quiten y perdamos dinero\u00bb, advierte.<\/p>\n<p>Para resolver dudas como esta, relacionadas con el mundo de la discapacidad y el derecho, es posible mandar preguntas a trav\u00e9s &#8216;<a href=\"https:\/\/www.instagram.com\/tododiscapacidad\/\" target=\"_blank\" rel=\"nofollow\">Tododiscapacidad&#8217;<\/a>, el perfil que<b> Pedro L\u00f3pez de Cerro<\/b> ha creado en Instagram.<\/p>\n<\/div>\n<p>Fuente: Discapacidad https:\/\/www.20minutos.es\/noticia\/5661442\/0\/cuanto-que-casos-se-puede-reducir-una-pension-por-discapacidad\/<\/p>\n","protected":false},"excerpt":{"rendered":"<p>El abogado Pedro L\u00f3pez advierte, en Todosdiscapacidad, de la posibilidad de que el Estado reduzca la pensi\u00f3n si tienen una discapacidad<\/p>\n","protected":false},"author":1,"featured_media":0,"comment_status":"closed","ping_status":"closed","sticky":false,"template":"","format":"standard","meta":{"footnotes":""},"categories":[8],"tags":[],"class_list":["post-10639","post","type-post","status-publish","format-standard","hentry","category-noticias"],"yoast_head":"<!-- This site is optimized with the Yoast SEO plugin v27.4 - https:\/\/yoast.com\/product\/yoast-seo-wordpress\/ -->\n<title>\u00bfCu\u00e1nto y en qu\u00e9 casos se puede reducir una pensi\u00f3n por discapacidad? - Asociaci\u00f3n Espa\u00f1ola S\u00edndrome de Charge<\/title>\n<meta name=\"robots\" content=\"index, follow, max-snippet:-1, max-image-preview:large, max-video-preview:-1\" \/>\n<link rel=\"canonical\" href=\"https:\/\/sindromecharge.es\/index.php\/2024\/12\/06\/cuanto-que-casos-se-puede-reducir-una-pension-por-discapacidad\/\" \/>\n<meta property=\"og:locale\" content=\"es_ES\" \/>\n<meta property=\"og:type\" content=\"article\" \/>\n<meta property=\"og:title\" content=\"\u00bfCu\u00e1nto y en qu\u00e9 casos se puede reducir una pensi\u00f3n por discapacidad? - Asociaci\u00f3n Espa\u00f1ola S\u00edndrome de Charge\" \/>\n<meta property=\"og:description\" content=\"El abogado Pedro L\u00f3pez advierte, en Todosdiscapacidad, de la posibilidad de que el Estado reduzca la pensi\u00f3n si tienen una discapacidad\" \/>\n<meta property=\"og:url\" content=\"https:\/\/sindromecharge.es\/index.php\/2024\/12\/06\/cuanto-que-casos-se-puede-reducir-una-pension-por-discapacidad\/\" \/>\n<meta property=\"og:site_name\" content=\"Asociaci\u00f3n Espa\u00f1ola S\u00edndrome de Charge\" \/>\n<meta property=\"article:publisher\" content=\"https:\/\/www.facebook.com\/asociacionsindromecharge\" \/>\n<meta property=\"article:published_time\" content=\"2024-12-06T08:01:50+00:00\" \/>\n<meta property=\"og:image\" content=\"https:\/\/sindromecharge.es\/wp-content\/uploads\/2013\/09\/logodecharge300x98.png\" \/>\n\t<meta property=\"og:image:width\" content=\"300\" \/>\n\t<meta property=\"og:image:height\" content=\"98\" \/>\n\t<meta property=\"og:image:type\" content=\"image\/png\" \/>\n<meta name=\"author\" content=\"Charge\" \/>\n<meta name=\"twitter:card\" content=\"summary_large_image\" \/>\n<meta name=\"twitter:creator\" content=\"@sindromecharge\" \/>\n<meta name=\"twitter:site\" content=\"@sindromecharge\" \/>\n<meta name=\"twitter:label1\" content=\"Escrito por\" \/>\n\t<meta name=\"twitter:data1\" content=\"Charge\" \/>\n\t<meta name=\"twitter:label2\" content=\"Tiempo de lectura\" \/>\n\t<meta name=\"twitter:data2\" content=\"2 minutos\" \/>\n<script type=\"application\/ld+json\" class=\"yoast-schema-graph\">{\"@context\":\"https:\\\/\\\/schema.org\",\"@graph\":[{\"@type\":\"Article\",\"@id\":\"https:\\\/\\\/sindromecharge.es\\\/index.php\\\/2024\\\/12\\\/06\\\/cuanto-que-casos-se-puede-reducir-una-pension-por-discapacidad\\\/#article\",\"isPartOf\":{\"@id\":\"https:\\\/\\\/sindromecharge.es\\\/index.php\\\/2024\\\/12\\\/06\\\/cuanto-que-casos-se-puede-reducir-una-pension-por-discapacidad\\\/\"},\"author\":{\"name\":\"Charge\",\"@id\":\"https:\\\/\\\/sindromecharge.es\\\/#\\\/schema\\\/person\\\/39a60ebe0a2b4d5a11179701e336b039\"},\"headline\":\"\u00bfCu\u00e1nto y en qu\u00e9 casos se puede reducir una pensi\u00f3n por discapacidad?\",\"datePublished\":\"2024-12-06T08:01:50+00:00\",\"mainEntityOfPage\":{\"@id\":\"https:\\\/\\\/sindromecharge.es\\\/index.php\\\/2024\\\/12\\\/06\\\/cuanto-que-casos-se-puede-reducir-una-pension-por-discapacidad\\\/\"},\"wordCount\":350,\"articleSection\":[\"noticias\"],\"inLanguage\":\"es\"},{\"@type\":\"WebPage\",\"@id\":\"https:\\\/\\\/sindromecharge.es\\\/index.php\\\/2024\\\/12\\\/06\\\/cuanto-que-casos-se-puede-reducir-una-pension-por-discapacidad\\\/\",\"url\":\"https:\\\/\\\/sindromecharge.es\\\/index.php\\\/2024\\\/12\\\/06\\\/cuanto-que-casos-se-puede-reducir-una-pension-por-discapacidad\\\/\",\"name\":\"\u00bfCu\u00e1nto y en qu\u00e9 casos se puede reducir una pensi\u00f3n por discapacidad? - Asociaci\u00f3n Espa\u00f1ola S\u00edndrome de Charge\",\"isPartOf\":{\"@id\":\"https:\\\/\\\/sindromecharge.es\\\/#website\"},\"datePublished\":\"2024-12-06T08:01:50+00:00\",\"author\":{\"@id\":\"https:\\\/\\\/sindromecharge.es\\\/#\\\/schema\\\/person\\\/39a60ebe0a2b4d5a11179701e336b039\"},\"breadcrumb\":{\"@id\":\"https:\\\/\\\/sindromecharge.es\\\/index.php\\\/2024\\\/12\\\/06\\\/cuanto-que-casos-se-puede-reducir-una-pension-por-discapacidad\\\/#breadcrumb\"},\"inLanguage\":\"es\",\"potentialAction\":[{\"@type\":\"ReadAction\",\"target\":[\"https:\\\/\\\/sindromecharge.es\\\/index.php\\\/2024\\\/12\\\/06\\\/cuanto-que-casos-se-puede-reducir-una-pension-por-discapacidad\\\/\"]}]},{\"@type\":\"BreadcrumbList\",\"@id\":\"https:\\\/\\\/sindromecharge.es\\\/index.php\\\/2024\\\/12\\\/06\\\/cuanto-que-casos-se-puede-reducir-una-pension-por-discapacidad\\\/#breadcrumb\",\"itemListElement\":[{\"@type\":\"ListItem\",\"position\":1,\"name\":\"Portada\",\"item\":\"https:\\\/\\\/sindromecharge.es\\\/\"},{\"@type\":\"ListItem\",\"position\":2,\"name\":\"\u00bfCu\u00e1nto y en qu\u00e9 casos se puede reducir una pensi\u00f3n por discapacidad?\"}]},{\"@type\":\"WebSite\",\"@id\":\"https:\\\/\\\/sindromecharge.es\\\/#website\",\"url\":\"https:\\\/\\\/sindromecharge.es\\\/\",\"name\":\"Asociaci\u00f3n Espa\u00f1ola S\u00edndrome de Charge\",\"description\":\"\",\"potentialAction\":[{\"@type\":\"SearchAction\",\"target\":{\"@type\":\"EntryPoint\",\"urlTemplate\":\"https:\\\/\\\/sindromecharge.es\\\/?s={search_term_string}\"},\"query-input\":{\"@type\":\"PropertyValueSpecification\",\"valueRequired\":true,\"valueName\":\"search_term_string\"}}],\"inLanguage\":\"es\"},{\"@type\":\"Person\",\"@id\":\"https:\\\/\\\/sindromecharge.es\\\/#\\\/schema\\\/person\\\/39a60ebe0a2b4d5a11179701e336b039\",\"name\":\"Charge\",\"image\":{\"@type\":\"ImageObject\",\"inLanguage\":\"es\",\"@id\":\"https:\\\/\\\/secure.gravatar.com\\\/avatar\\\/c3b46e32a0fc3b093a0873fb767bf3293de856293065e84ef06b7ec7a8acfb98?s=96&d=identicon&r=x\",\"url\":\"https:\\\/\\\/secure.gravatar.com\\\/avatar\\\/c3b46e32a0fc3b093a0873fb767bf3293de856293065e84ef06b7ec7a8acfb98?s=96&d=identicon&r=x\",\"contentUrl\":\"https:\\\/\\\/secure.gravatar.com\\\/avatar\\\/c3b46e32a0fc3b093a0873fb767bf3293de856293065e84ef06b7ec7a8acfb98?s=96&d=identicon&r=x\",\"caption\":\"Charge\"},\"url\":\"https:\\\/\\\/sindromecharge.es\\\/index.php\\\/author\\\/admin\\\/\"}]}<\/script>\n<!-- \/ Yoast SEO plugin. -->","yoast_head_json":{"title":"\u00bfCu\u00e1nto y en qu\u00e9 casos se puede reducir una pensi\u00f3n por discapacidad? - Asociaci\u00f3n Espa\u00f1ola S\u00edndrome de Charge","robots":{"index":"index","follow":"follow","max-snippet":"max-snippet:-1","max-image-preview":"max-image-preview:large","max-video-preview":"max-video-preview:-1"},"canonical":"https:\/\/sindromecharge.es\/index.php\/2024\/12\/06\/cuanto-que-casos-se-puede-reducir-una-pension-por-discapacidad\/","og_locale":"es_ES","og_type":"article","og_title":"\u00bfCu\u00e1nto y en qu\u00e9 casos se puede reducir una pensi\u00f3n por discapacidad? - Asociaci\u00f3n Espa\u00f1ola S\u00edndrome de Charge","og_description":"El abogado Pedro L\u00f3pez advierte, en Todosdiscapacidad, de la posibilidad de que el Estado reduzca la pensi\u00f3n si tienen una discapacidad","og_url":"https:\/\/sindromecharge.es\/index.php\/2024\/12\/06\/cuanto-que-casos-se-puede-reducir-una-pension-por-discapacidad\/","og_site_name":"Asociaci\u00f3n Espa\u00f1ola S\u00edndrome de Charge","article_publisher":"https:\/\/www.facebook.com\/asociacionsindromecharge","article_published_time":"2024-12-06T08:01:50+00:00","og_image":[{"width":300,"height":98,"url":"https:\/\/sindromecharge.es\/wp-content\/uploads\/2013\/09\/logodecharge300x98.png","type":"image\/png"}],"author":"Charge","twitter_card":"summary_large_image","twitter_creator":"@sindromecharge","twitter_site":"@sindromecharge","twitter_misc":{"Escrito por":"Charge","Tiempo de lectura":"2 minutos"},"schema":{"@context":"https:\/\/schema.org","@graph":[{"@type":"Article","@id":"https:\/\/sindromecharge.es\/index.php\/2024\/12\/06\/cuanto-que-casos-se-puede-reducir-una-pension-por-discapacidad\/#article","isPartOf":{"@id":"https:\/\/sindromecharge.es\/index.php\/2024\/12\/06\/cuanto-que-casos-se-puede-reducir-una-pension-por-discapacidad\/"},"author":{"name":"Charge","@id":"https:\/\/sindromecharge.es\/#\/schema\/person\/39a60ebe0a2b4d5a11179701e336b039"},"headline":"\u00bfCu\u00e1nto y en qu\u00e9 casos se puede reducir una pensi\u00f3n por discapacidad?","datePublished":"2024-12-06T08:01:50+00:00","mainEntityOfPage":{"@id":"https:\/\/sindromecharge.es\/index.php\/2024\/12\/06\/cuanto-que-casos-se-puede-reducir-una-pension-por-discapacidad\/"},"wordCount":350,"articleSection":["noticias"],"inLanguage":"es"},{"@type":"WebPage","@id":"https:\/\/sindromecharge.es\/index.php\/2024\/12\/06\/cuanto-que-casos-se-puede-reducir-una-pension-por-discapacidad\/","url":"https:\/\/sindromecharge.es\/index.php\/2024\/12\/06\/cuanto-que-casos-se-puede-reducir-una-pension-por-discapacidad\/","name":"\u00bfCu\u00e1nto y en qu\u00e9 casos se puede reducir una pensi\u00f3n por discapacidad? - Asociaci\u00f3n Espa\u00f1ola S\u00edndrome de Charge","isPartOf":{"@id":"https:\/\/sindromecharge.es\/#website"},"datePublished":"2024-12-06T08:01:50+00:00","author":{"@id":"https:\/\/sindromecharge.es\/#\/schema\/person\/39a60ebe0a2b4d5a11179701e336b039"},"breadcrumb":{"@id":"https:\/\/sindromecharge.es\/index.php\/2024\/12\/06\/cuanto-que-casos-se-puede-reducir-una-pension-por-discapacidad\/#breadcrumb"},"inLanguage":"es","potentialAction":[{"@type":"ReadAction","target":["https:\/\/sindromecharge.es\/index.php\/2024\/12\/06\/cuanto-que-casos-se-puede-reducir-una-pension-por-discapacidad\/"]}]},{"@type":"BreadcrumbList","@id":"https:\/\/sindromecharge.es\/index.php\/2024\/12\/06\/cuanto-que-casos-se-puede-reducir-una-pension-por-discapacidad\/#breadcrumb","itemListElement":[{"@type":"ListItem","position":1,"name":"Portada","item":"https:\/\/sindromecharge.es\/"},{"@type":"ListItem","position":2,"name":"\u00bfCu\u00e1nto y en qu\u00e9 casos se puede reducir una pensi\u00f3n por discapacidad?"}]},{"@type":"WebSite","@id":"https:\/\/sindromecharge.es\/#website","url":"https:\/\/sindromecharge.es\/","name":"Asociaci\u00f3n Espa\u00f1ola S\u00edndrome de Charge","description":"","potentialAction":[{"@type":"SearchAction","target":{"@type":"EntryPoint","urlTemplate":"https:\/\/sindromecharge.es\/?s={search_term_string}"},"query-input":{"@type":"PropertyValueSpecification","valueRequired":true,"valueName":"search_term_string"}}],"inLanguage":"es"},{"@type":"Person","@id":"https:\/\/sindromecharge.es\/#\/schema\/person\/39a60ebe0a2b4d5a11179701e336b039","name":"Charge","image":{"@type":"ImageObject","inLanguage":"es","@id":"https:\/\/secure.gravatar.com\/avatar\/c3b46e32a0fc3b093a0873fb767bf3293de856293065e84ef06b7ec7a8acfb98?s=96&d=identicon&r=x","url":"https:\/\/secure.gravatar.com\/avatar\/c3b46e32a0fc3b093a0873fb767bf3293de856293065e84ef06b7ec7a8acfb98?s=96&d=identicon&r=x","contentUrl":"https:\/\/secure.gravatar.com\/avatar\/c3b46e32a0fc3b093a0873fb767bf3293de856293065e84ef06b7ec7a8acfb98?s=96&d=identicon&r=x","caption":"Charge"},"url":"https:\/\/sindromecharge.es\/index.php\/author\/admin\/"}]}},"_links":{"self":[{"href":"https:\/\/sindromecharge.es\/index.php\/wp-json\/wp\/v2\/posts\/10639","targetHints":{"allow":["GET"]}}],"collection":[{"href":"https:\/\/sindromecharge.es\/index.php\/wp-json\/wp\/v2\/posts"}],"about":[{"href":"https:\/\/sindromecharge.es\/index.php\/wp-json\/wp\/v2\/types\/post"}],"author":[{"embeddable":true,"href":"https:\/\/sindromecharge.es\/index.php\/wp-json\/wp\/v2\/users\/1"}],"replies":[{"embeddable":true,"href":"https:\/\/sindromecharge.es\/index.php\/wp-json\/wp\/v2\/comments?post=10639"}],"version-history":[{"count":0,"href":"https:\/\/sindromecharge.es\/index.php\/wp-json\/wp\/v2\/posts\/10639\/revisions"}],"wp:attachment":[{"href":"https:\/\/sindromecharge.es\/index.php\/wp-json\/wp\/v2\/media?parent=10639"}],"wp:term":[{"taxonomy":"category","embeddable":true,"href":"https:\/\/sindromecharge.es\/index.php\/wp-json\/wp\/v2\/categories?post=10639"},{"taxonomy":"post_tag","embeddable":true,"href":"https:\/\/sindromecharge.es\/index.php\/wp-json\/wp\/v2\/tags?post=10639"}],"curies":[{"name":"wp","href":"https:\/\/api.w.org\/{rel}","templated":true}]}}