{"id":10638,"date":"2024-12-06T07:03:00","date_gmt":"2024-12-06T07:03:00","guid":{"rendered":"https:\/\/sindromecharge.es\/index.php\/2024\/12\/06\/laura-jessica-con-discapacidad-han-conseguido-embellecer-su-futuro-gracias-una-oportunidad-laboral-valemos\/"},"modified":"2024-12-06T07:03:00","modified_gmt":"2024-12-06T07:03:00","slug":"laura-jessica-con-discapacidad-han-conseguido-embellecer-su-futuro-gracias-una-oportunidad-laboral-valemos","status":"publish","type":"post","link":"https:\/\/sindromecharge.es\/index.php\/2024\/12\/06\/laura-jessica-con-discapacidad-han-conseguido-embellecer-su-futuro-gracias-una-oportunidad-laboral-valemos\/","title":{"rendered":"Laura y Jessica, asesoras de belleza: \u00abLa discapacidad no nos hace menos v\u00e1lidas\u00bb"},"content":{"rendered":"<p>Leemos en Discapacidad la siguiente noticia que os reproducimos de forma \u00edntegra: <\/p>\n<div>\n<p><b>Laura Jim\u00e9nez, de 24 a\u00f1os, y Jessica \u00c1lvarez, de 40<\/b>, son, desde hace poco, <b>asesoras de belleza<\/b>. Para Laura es su primera oportunidad, y para Jessica es un nuevo e ilusionante proyecto tras varios a\u00f1os sin tener estabilidad laboral.<\/p>\n<p>Ambas se han formado gracias a &#8216;Embellece tu futuro&#8217; un programa con el que <b>Fundaci\u00f3n L\u2019Or\u00e9al<\/b>, en colaboraci\u00f3n con<b> Inserta empleo de <a href=\"https:\/\/www.20minutos.es\/minuteca\/fundacion-once\/\" title=\"Fundaci\u00f3n Once\" target=\"_blank\">Fundaci\u00f3n ONCE<\/a> y la Fundaci\u00f3n Tomillo<\/b>, buscan crear nuevas oportunidades formativas y laborales para mujeres en riesgo de exclusi\u00f3n social.<\/p>\n<p>En su 36\u00aa edici\u00f3n han elegido <b>formar a mujeres con discapacidad<\/b>, cuya tasa de actividad es casi 40 puntos menor que la de las mujeres sin discapacidad, un 34% frente a un 73,2%.<\/p>\n<p>Han finalizado el curso 13 mujeres -como Jessica y Laura-, y todas ellas han conseguido empleo en grandes <b>empresas de la distribuci\u00f3n cosm\u00e9tica<\/b>, un sector en el que no se ven muchas personas con discapacidad, \u00abiniciativas como esta abre las puertas a las personas con <a href=\"https:\/\/www.20minutos.es\/minuteca\/discapacidad\/\" title=\"Discapacidad\" target=\"_blank\">discapacidad<\/a> a nuevas oportunidades en el sector de la belleza y contribuye a la creaci\u00f3n de un entorno m\u00e1s diverso e inclusivo\u201d, asegura Virginia Carcedo, secretaria general de Fundaci\u00f3n ONCE e Inserta Empleo.<\/p>\n<p><b>Laura<\/b>, que est\u00e1 realizando pr\u00e1cticas actualmente, cree que esta es una <b>gran oportunidad para ella<\/b>, pues siempre le ha apasionado el mundo de la belleza, \u00abme gusta mucho el maquillaje y arreglarme, as\u00ed que me encant\u00f3 cuando me lo propusieron\u00bb, nos contaba entusiasmada, \u00abhe aprendido much\u00edsimo, porque nos han dado clases de maquillaje, de c\u00f3mo cuidar la piel, un mont\u00f3n de talleres\u2026 y hasta estuvimos en la sede central de L\u2019Or\u00e9al\u00bb, cuenta.<\/p>\n<p>Hasta ahora, Laura, que tiene <a href=\"https:\/\/www.20minutos.es\/minuteca\/sindrome-de-down\/\" title=\"S\u00edndrome de Down\" target=\"_blank\">s\u00edndrome de Down<\/a>, ha tenido pocas experiencias laborales, por lo que est\u00e1 a\u00fan m\u00e1s entusiasmada si cabe, \u00abpara m\u00ed ha supuesto un gran crecimiento personal, he aprendido muchas cosas\u00bb. Adem\u00e1s, le ha servido para tener su primera experiencia laboral en la que, seg\u00fan nos cont\u00f3, \u00abhe atendido clientes, he estado en el almac\u00e9n\u2026 Las clientas lo ven con normalidad, me han acogido muy bien, as\u00ed que me ha dado la oportunidad de demostrar que las personas con <a href=\"https:\/\/www.20minutos.es\/minuteca\/discapacidad-intelectual\/\" title=\"Discapacidad intelectual\" target=\"_blank\">discapacidad intelectual<\/a> <b>no estamos limitadas solo a un tipo de trabajo<\/b>, podemos hacer muchas m\u00e1s cosas\u00bb. <\/p>\n<p><b>A Jessica<\/b>, que ha trabajado desde muy joven, este curso le ha servido para que le den una segunda oportunidad viendo m\u00e1s all\u00e1 de su discapacidad, algo que le costaba desde que le diagnosticaron ansiedad depresiva debido a un problema que tiene en la tiroides, \u00abestuve en una empresa 12 a\u00f1os, por motivos de salud lo dej\u00e9 y las cosas que me fueron saliendo despu\u00e9s no me funcionaban, y eso que llevo seis a\u00f1os bastante estable\u201d.<\/p>\n<p>Al ver las dificultades que ten\u00eda para conseguir trabajo, decidi\u00f3 pedir el <b>reconocimiento de la discapacidad<\/b>, pero, lejos de abrirle puertas, se las cerr\u00f3, \u201cal ser una discapacidad ps\u00edquica, no verse, ponen m\u00e1s trabas. Hay much\u00edsimo estigma todav\u00eda con la salud mental. Las empresas deber\u00edan ya estar concienciados de que la discapacidad no solo es f\u00edsica\u201d, asegura.<\/p>\n<h1>Las personas con discapacidad intelectual no estamos limitadas solo a un tipo de trabajo, podemos hacer muchas m\u00e1s cosas<\/h1>\n<p>Cuando le ofrecieron hacer este curso, ni se lo pens\u00f3, pues su primer trabajo, hace a\u00f1os, fue en peluquer\u00eda y est\u00e1 muy familiarizada con el tema, \u00abno hab\u00eda vuelto a hacer nada relacionado con la belleza hasta ahora. Y la formaci\u00f3n ha sido una maravilla, porque las profesoras <b>no nos hac\u00edan sentir como si tuvi\u00e9ramos discapacidad<\/b>, que es lo que nos suele pasar\u00bb, lamenta.<\/p>\n<p>\u00abLas personas, al saber que tienes discapacidad, te empiezan a tratar distinto, empiezan a observarte a ver si se te nota algo\u2026 y ellas no, que es como deber\u00eda ser.<b> Nuestra carta de presentaci\u00f3n era &#8216;hola, soy Jessica&#8217;, no &#8216;hola, tengo discapacidad, soy Jessica&#8217;<\/b> no pon\u00edan la discapacidad por delante de nosotras. Nos han tratado como a unas compa\u00f1eras m\u00e1s\u00bb, asegura agradecida.<\/p>\n<p>A Jessica, adem\u00e1s, no le ha dado tiempo a acabar las pr\u00e1cticas, pues directamente la han ofrecido trabajo, \u00abllevo desde mitad de noviembre como <b>asesora de belleza en un centro comercial<\/b>, en la secci\u00f3n de productos de lujo de L\u2019Or\u00e9al, y estoy muy contenta, porque me han puesto las cosas muy f\u00e1ciles\u00bb.<\/p>\n<p>Como han demostrado Jessica y Laura, lo que las personas con discapacidad necesitan a la hora de trabajar es <b>que conf\u00eden en sus capacidades<\/b>, algo que repercute de manera directa en su autoestima, \u00abacceder a un empleo no s\u00f3lo ofrece estabilidad econ\u00f3mica, sino que tambi\u00e9n fomenta la autonom\u00eda, refuerza la autoestima y <b>brinda la confianza necesaria para afrontar nuevos desaf\u00edos<\/b>. Con iniciativas como esta, buscamos inspirar a otras empresas a unirse a este esfuerzo por crear <b>igualdad de oportunidades para todas las personas <\/b>y ayudarlas a reencontrar su lugar en la sociedad\u00bb, afirma Juan Alonso de Lomas, CEO de L\u2019Or\u00e9al Groupe en Espa\u00f1a y Portugal<\/p>\n<p>Jessica reconoce que, aunque ha trabajado muchos a\u00f1os, no pod\u00eda evitar tener miedo a la hora de volver a enfrentarse al mundo laboral, pero esta oportunidad ha acabado con ese temor, \u00abllevaba un tiempo sin trabajar y estaba nerviosa, pero lo estoy llevando muy bien. <b>Al final es darnos la oportunidad<\/b>, porque la discapacidad no nos hace menos v\u00e1lidas para realizar un puesto de trabajo. Somos capaces de adaptarnos y hay que mirar m\u00e1s all\u00e1 de nuestra discapacidad\u00bb. <\/p>\n<h1>La discapacidad no nos hace menos v\u00e1lidas para realizar un  trabajo. Somos capaces de adaptarnos<\/h1>\n<p>Para darle a\u00fan m\u00e1s seguridad, ha tenido a su hija mayor al lado, \u00abha hecho la formaci\u00f3n tambi\u00e9n, aunque ella no tiene discapacidad, est\u00e1 en otra edici\u00f3n, pero nos hemos graduado juntas\u00bb, dice emocionada.<\/p>\n<p>Tanto ella como Laura esperan que, como adelantaba Juan Alonso de Lomas, esta iniciativa sirva para que m\u00e1s empresas del sector apuesten por ellas, \u00ab<b>no queremos que nos miren con pena<\/b>, o que nos den un trabajo por pena o por hacernos un favor, sino porque vean que podemos trabajamos igual que cualquiera. Incluso en muchas cosas podemos responder mejor que una persona que no tenga discapacidad\u00bb, insiste Jessica. <\/p>\n<p>Se merecen, como todos,<a href=\"https:\/\/www.20minutos.es\/minuteca\/inclusion\/\" title=\"Inclusi\u00f3n\" target=\"_blank\"> inclusi\u00f3n<\/a> y trabajo, porque como asegura Laura, parafraseando el famoso eslogan de L\u2019Or\u00e9al, \u00ab<b>nosotras lo valemos<\/b>\u00ab.<\/p>\n<\/div>\n<p>Fuente: Discapacidad https:\/\/www.20minutos.es\/noticia\/5661014\/0\/laura-jessica-con-discapacidad-han-conseguido-embellecer-su-futuro-gracias-una-oportunidad-laboral-valemos\/<\/p>\n","protected":false},"excerpt":{"rendered":"<p>&#8216;Embellece tu futuro&#8217; es un programa de L&#8217;Or\u00e9al, la Fundaci\u00f3n ONCE y la Fundaci\u00f3n Tomillo para crear oportunidades para mujeres en riesgo de exclusi\u00f3n.<\/p>\n","protected":false},"author":1,"featured_media":0,"comment_status":"closed","ping_status":"closed","sticky":false,"template":"","format":"standard","meta":{"footnotes":""},"categories":[8],"tags":[],"class_list":["post-10638","post","type-post","status-publish","format-standard","hentry","category-noticias"],"yoast_head":"<!-- This site is optimized with the Yoast SEO plugin v27.4 - https:\/\/yoast.com\/product\/yoast-seo-wordpress\/ -->\n<title>Laura y Jessica, asesoras de belleza: &quot;La discapacidad no nos hace menos v\u00e1lidas&quot; - Asociaci\u00f3n Espa\u00f1ola S\u00edndrome de Charge<\/title>\n<meta name=\"robots\" content=\"index, follow, max-snippet:-1, max-image-preview:large, max-video-preview:-1\" \/>\n<link rel=\"canonical\" href=\"https:\/\/sindromecharge.es\/index.php\/2024\/12\/06\/laura-jessica-con-discapacidad-han-conseguido-embellecer-su-futuro-gracias-una-oportunidad-laboral-valemos\/\" \/>\n<meta property=\"og:locale\" content=\"es_ES\" \/>\n<meta property=\"og:type\" content=\"article\" \/>\n<meta property=\"og:title\" content=\"Laura y Jessica, asesoras de belleza: &quot;La discapacidad no nos hace menos v\u00e1lidas&quot; - Asociaci\u00f3n Espa\u00f1ola S\u00edndrome de Charge\" \/>\n<meta property=\"og:description\" content=\"&#8216;Embellece tu futuro&#8217; es un programa de L&#8217;Or\u00e9al, la Fundaci\u00f3n ONCE y la Fundaci\u00f3n Tomillo para crear oportunidades para mujeres en riesgo de exclusi\u00f3n.\" \/>\n<meta property=\"og:url\" content=\"https:\/\/sindromecharge.es\/index.php\/2024\/12\/06\/laura-jessica-con-discapacidad-han-conseguido-embellecer-su-futuro-gracias-una-oportunidad-laboral-valemos\/\" \/>\n<meta property=\"og:site_name\" content=\"Asociaci\u00f3n Espa\u00f1ola S\u00edndrome de Charge\" \/>\n<meta property=\"article:publisher\" content=\"https:\/\/www.facebook.com\/asociacionsindromecharge\" \/>\n<meta property=\"article:published_time\" content=\"2024-12-06T07:03:00+00:00\" \/>\n<meta property=\"og:image\" content=\"https:\/\/sindromecharge.es\/wp-content\/uploads\/2013\/09\/logodecharge300x98.png\" \/>\n\t<meta property=\"og:image:width\" content=\"300\" \/>\n\t<meta property=\"og:image:height\" content=\"98\" \/>\n\t<meta property=\"og:image:type\" content=\"image\/png\" \/>\n<meta name=\"author\" content=\"Charge\" \/>\n<meta name=\"twitter:card\" content=\"summary_large_image\" \/>\n<meta name=\"twitter:creator\" content=\"@sindromecharge\" \/>\n<meta name=\"twitter:site\" content=\"@sindromecharge\" \/>\n<meta name=\"twitter:label1\" content=\"Escrito por\" \/>\n\t<meta name=\"twitter:data1\" content=\"Charge\" \/>\n\t<meta name=\"twitter:label2\" content=\"Tiempo de lectura\" \/>\n\t<meta name=\"twitter:data2\" content=\"6 minutos\" \/>\n<script type=\"application\/ld+json\" class=\"yoast-schema-graph\">{\"@context\":\"https:\\\/\\\/schema.org\",\"@graph\":[{\"@type\":\"Article\",\"@id\":\"https:\\\/\\\/sindromecharge.es\\\/index.php\\\/2024\\\/12\\\/06\\\/laura-jessica-con-discapacidad-han-conseguido-embellecer-su-futuro-gracias-una-oportunidad-laboral-valemos\\\/#article\",\"isPartOf\":{\"@id\":\"https:\\\/\\\/sindromecharge.es\\\/index.php\\\/2024\\\/12\\\/06\\\/laura-jessica-con-discapacidad-han-conseguido-embellecer-su-futuro-gracias-una-oportunidad-laboral-valemos\\\/\"},\"author\":{\"name\":\"Charge\",\"@id\":\"https:\\\/\\\/sindromecharge.es\\\/#\\\/schema\\\/person\\\/39a60ebe0a2b4d5a11179701e336b039\"},\"headline\":\"Laura y Jessica, asesoras de belleza: \u00abLa discapacidad no nos hace menos v\u00e1lidas\u00bb\",\"datePublished\":\"2024-12-06T07:03:00+00:00\",\"mainEntityOfPage\":{\"@id\":\"https:\\\/\\\/sindromecharge.es\\\/index.php\\\/2024\\\/12\\\/06\\\/laura-jessica-con-discapacidad-han-conseguido-embellecer-su-futuro-gracias-una-oportunidad-laboral-valemos\\\/\"},\"wordCount\":1120,\"articleSection\":[\"noticias\"],\"inLanguage\":\"es\"},{\"@type\":\"WebPage\",\"@id\":\"https:\\\/\\\/sindromecharge.es\\\/index.php\\\/2024\\\/12\\\/06\\\/laura-jessica-con-discapacidad-han-conseguido-embellecer-su-futuro-gracias-una-oportunidad-laboral-valemos\\\/\",\"url\":\"https:\\\/\\\/sindromecharge.es\\\/index.php\\\/2024\\\/12\\\/06\\\/laura-jessica-con-discapacidad-han-conseguido-embellecer-su-futuro-gracias-una-oportunidad-laboral-valemos\\\/\",\"name\":\"Laura y Jessica, asesoras de belleza: \\\"La discapacidad no nos hace menos v\u00e1lidas\\\" - Asociaci\u00f3n Espa\u00f1ola S\u00edndrome de Charge\",\"isPartOf\":{\"@id\":\"https:\\\/\\\/sindromecharge.es\\\/#website\"},\"datePublished\":\"2024-12-06T07:03:00+00:00\",\"author\":{\"@id\":\"https:\\\/\\\/sindromecharge.es\\\/#\\\/schema\\\/person\\\/39a60ebe0a2b4d5a11179701e336b039\"},\"breadcrumb\":{\"@id\":\"https:\\\/\\\/sindromecharge.es\\\/index.php\\\/2024\\\/12\\\/06\\\/laura-jessica-con-discapacidad-han-conseguido-embellecer-su-futuro-gracias-una-oportunidad-laboral-valemos\\\/#breadcrumb\"},\"inLanguage\":\"es\",\"potentialAction\":[{\"@type\":\"ReadAction\",\"target\":[\"https:\\\/\\\/sindromecharge.es\\\/index.php\\\/2024\\\/12\\\/06\\\/laura-jessica-con-discapacidad-han-conseguido-embellecer-su-futuro-gracias-una-oportunidad-laboral-valemos\\\/\"]}]},{\"@type\":\"BreadcrumbList\",\"@id\":\"https:\\\/\\\/sindromecharge.es\\\/index.php\\\/2024\\\/12\\\/06\\\/laura-jessica-con-discapacidad-han-conseguido-embellecer-su-futuro-gracias-una-oportunidad-laboral-valemos\\\/#breadcrumb\",\"itemListElement\":[{\"@type\":\"ListItem\",\"position\":1,\"name\":\"Portada\",\"item\":\"https:\\\/\\\/sindromecharge.es\\\/\"},{\"@type\":\"ListItem\",\"position\":2,\"name\":\"Laura y Jessica, asesoras de belleza: &#8220;La discapacidad no nos hace menos v\u00e1lidas&#8221;\"}]},{\"@type\":\"WebSite\",\"@id\":\"https:\\\/\\\/sindromecharge.es\\\/#website\",\"url\":\"https:\\\/\\\/sindromecharge.es\\\/\",\"name\":\"Asociaci\u00f3n Espa\u00f1ola S\u00edndrome de Charge\",\"description\":\"\",\"potentialAction\":[{\"@type\":\"SearchAction\",\"target\":{\"@type\":\"EntryPoint\",\"urlTemplate\":\"https:\\\/\\\/sindromecharge.es\\\/?s={search_term_string}\"},\"query-input\":{\"@type\":\"PropertyValueSpecification\",\"valueRequired\":true,\"valueName\":\"search_term_string\"}}],\"inLanguage\":\"es\"},{\"@type\":\"Person\",\"@id\":\"https:\\\/\\\/sindromecharge.es\\\/#\\\/schema\\\/person\\\/39a60ebe0a2b4d5a11179701e336b039\",\"name\":\"Charge\",\"image\":{\"@type\":\"ImageObject\",\"inLanguage\":\"es\",\"@id\":\"https:\\\/\\\/secure.gravatar.com\\\/avatar\\\/c3b46e32a0fc3b093a0873fb767bf3293de856293065e84ef06b7ec7a8acfb98?s=96&d=identicon&r=x\",\"url\":\"https:\\\/\\\/secure.gravatar.com\\\/avatar\\\/c3b46e32a0fc3b093a0873fb767bf3293de856293065e84ef06b7ec7a8acfb98?s=96&d=identicon&r=x\",\"contentUrl\":\"https:\\\/\\\/secure.gravatar.com\\\/avatar\\\/c3b46e32a0fc3b093a0873fb767bf3293de856293065e84ef06b7ec7a8acfb98?s=96&d=identicon&r=x\",\"caption\":\"Charge\"},\"url\":\"https:\\\/\\\/sindromecharge.es\\\/index.php\\\/author\\\/admin\\\/\"}]}<\/script>\n<!-- \/ Yoast SEO plugin. -->","yoast_head_json":{"title":"Laura y Jessica, asesoras de belleza: \"La discapacidad no nos hace menos v\u00e1lidas\" - Asociaci\u00f3n Espa\u00f1ola S\u00edndrome de Charge","robots":{"index":"index","follow":"follow","max-snippet":"max-snippet:-1","max-image-preview":"max-image-preview:large","max-video-preview":"max-video-preview:-1"},"canonical":"https:\/\/sindromecharge.es\/index.php\/2024\/12\/06\/laura-jessica-con-discapacidad-han-conseguido-embellecer-su-futuro-gracias-una-oportunidad-laboral-valemos\/","og_locale":"es_ES","og_type":"article","og_title":"Laura y Jessica, asesoras de belleza: \"La discapacidad no nos hace menos v\u00e1lidas\" - Asociaci\u00f3n Espa\u00f1ola S\u00edndrome de Charge","og_description":"&#8216;Embellece tu futuro&#8217; es un programa de L&#8217;Or\u00e9al, la Fundaci\u00f3n ONCE y la Fundaci\u00f3n Tomillo para crear oportunidades para mujeres en riesgo de exclusi\u00f3n.","og_url":"https:\/\/sindromecharge.es\/index.php\/2024\/12\/06\/laura-jessica-con-discapacidad-han-conseguido-embellecer-su-futuro-gracias-una-oportunidad-laboral-valemos\/","og_site_name":"Asociaci\u00f3n Espa\u00f1ola S\u00edndrome de Charge","article_publisher":"https:\/\/www.facebook.com\/asociacionsindromecharge","article_published_time":"2024-12-06T07:03:00+00:00","og_image":[{"width":300,"height":98,"url":"https:\/\/sindromecharge.es\/wp-content\/uploads\/2013\/09\/logodecharge300x98.png","type":"image\/png"}],"author":"Charge","twitter_card":"summary_large_image","twitter_creator":"@sindromecharge","twitter_site":"@sindromecharge","twitter_misc":{"Escrito por":"Charge","Tiempo de lectura":"6 minutos"},"schema":{"@context":"https:\/\/schema.org","@graph":[{"@type":"Article","@id":"https:\/\/sindromecharge.es\/index.php\/2024\/12\/06\/laura-jessica-con-discapacidad-han-conseguido-embellecer-su-futuro-gracias-una-oportunidad-laboral-valemos\/#article","isPartOf":{"@id":"https:\/\/sindromecharge.es\/index.php\/2024\/12\/06\/laura-jessica-con-discapacidad-han-conseguido-embellecer-su-futuro-gracias-una-oportunidad-laboral-valemos\/"},"author":{"name":"Charge","@id":"https:\/\/sindromecharge.es\/#\/schema\/person\/39a60ebe0a2b4d5a11179701e336b039"},"headline":"Laura y Jessica, asesoras de belleza: \u00abLa discapacidad no nos hace menos v\u00e1lidas\u00bb","datePublished":"2024-12-06T07:03:00+00:00","mainEntityOfPage":{"@id":"https:\/\/sindromecharge.es\/index.php\/2024\/12\/06\/laura-jessica-con-discapacidad-han-conseguido-embellecer-su-futuro-gracias-una-oportunidad-laboral-valemos\/"},"wordCount":1120,"articleSection":["noticias"],"inLanguage":"es"},{"@type":"WebPage","@id":"https:\/\/sindromecharge.es\/index.php\/2024\/12\/06\/laura-jessica-con-discapacidad-han-conseguido-embellecer-su-futuro-gracias-una-oportunidad-laboral-valemos\/","url":"https:\/\/sindromecharge.es\/index.php\/2024\/12\/06\/laura-jessica-con-discapacidad-han-conseguido-embellecer-su-futuro-gracias-una-oportunidad-laboral-valemos\/","name":"Laura y Jessica, asesoras de belleza: \"La discapacidad no nos hace menos v\u00e1lidas\" - Asociaci\u00f3n Espa\u00f1ola S\u00edndrome de Charge","isPartOf":{"@id":"https:\/\/sindromecharge.es\/#website"},"datePublished":"2024-12-06T07:03:00+00:00","author":{"@id":"https:\/\/sindromecharge.es\/#\/schema\/person\/39a60ebe0a2b4d5a11179701e336b039"},"breadcrumb":{"@id":"https:\/\/sindromecharge.es\/index.php\/2024\/12\/06\/laura-jessica-con-discapacidad-han-conseguido-embellecer-su-futuro-gracias-una-oportunidad-laboral-valemos\/#breadcrumb"},"inLanguage":"es","potentialAction":[{"@type":"ReadAction","target":["https:\/\/sindromecharge.es\/index.php\/2024\/12\/06\/laura-jessica-con-discapacidad-han-conseguido-embellecer-su-futuro-gracias-una-oportunidad-laboral-valemos\/"]}]},{"@type":"BreadcrumbList","@id":"https:\/\/sindromecharge.es\/index.php\/2024\/12\/06\/laura-jessica-con-discapacidad-han-conseguido-embellecer-su-futuro-gracias-una-oportunidad-laboral-valemos\/#breadcrumb","itemListElement":[{"@type":"ListItem","position":1,"name":"Portada","item":"https:\/\/sindromecharge.es\/"},{"@type":"ListItem","position":2,"name":"Laura y Jessica, asesoras de belleza: &#8220;La discapacidad no nos hace menos v\u00e1lidas&#8221;"}]},{"@type":"WebSite","@id":"https:\/\/sindromecharge.es\/#website","url":"https:\/\/sindromecharge.es\/","name":"Asociaci\u00f3n Espa\u00f1ola S\u00edndrome de Charge","description":"","potentialAction":[{"@type":"SearchAction","target":{"@type":"EntryPoint","urlTemplate":"https:\/\/sindromecharge.es\/?s={search_term_string}"},"query-input":{"@type":"PropertyValueSpecification","valueRequired":true,"valueName":"search_term_string"}}],"inLanguage":"es"},{"@type":"Person","@id":"https:\/\/sindromecharge.es\/#\/schema\/person\/39a60ebe0a2b4d5a11179701e336b039","name":"Charge","image":{"@type":"ImageObject","inLanguage":"es","@id":"https:\/\/secure.gravatar.com\/avatar\/c3b46e32a0fc3b093a0873fb767bf3293de856293065e84ef06b7ec7a8acfb98?s=96&d=identicon&r=x","url":"https:\/\/secure.gravatar.com\/avatar\/c3b46e32a0fc3b093a0873fb767bf3293de856293065e84ef06b7ec7a8acfb98?s=96&d=identicon&r=x","contentUrl":"https:\/\/secure.gravatar.com\/avatar\/c3b46e32a0fc3b093a0873fb767bf3293de856293065e84ef06b7ec7a8acfb98?s=96&d=identicon&r=x","caption":"Charge"},"url":"https:\/\/sindromecharge.es\/index.php\/author\/admin\/"}]}},"_links":{"self":[{"href":"https:\/\/sindromecharge.es\/index.php\/wp-json\/wp\/v2\/posts\/10638","targetHints":{"allow":["GET"]}}],"collection":[{"href":"https:\/\/sindromecharge.es\/index.php\/wp-json\/wp\/v2\/posts"}],"about":[{"href":"https:\/\/sindromecharge.es\/index.php\/wp-json\/wp\/v2\/types\/post"}],"author":[{"embeddable":true,"href":"https:\/\/sindromecharge.es\/index.php\/wp-json\/wp\/v2\/users\/1"}],"replies":[{"embeddable":true,"href":"https:\/\/sindromecharge.es\/index.php\/wp-json\/wp\/v2\/comments?post=10638"}],"version-history":[{"count":0,"href":"https:\/\/sindromecharge.es\/index.php\/wp-json\/wp\/v2\/posts\/10638\/revisions"}],"wp:attachment":[{"href":"https:\/\/sindromecharge.es\/index.php\/wp-json\/wp\/v2\/media?parent=10638"}],"wp:term":[{"taxonomy":"category","embeddable":true,"href":"https:\/\/sindromecharge.es\/index.php\/wp-json\/wp\/v2\/categories?post=10638"},{"taxonomy":"post_tag","embeddable":true,"href":"https:\/\/sindromecharge.es\/index.php\/wp-json\/wp\/v2\/tags?post=10638"}],"curies":[{"name":"wp","href":"https:\/\/api.w.org\/{rel}","templated":true}]}}