{"id":10622,"date":"2024-12-03T06:17:48","date_gmt":"2024-12-03T06:17:48","guid":{"rendered":"https:\/\/sindromecharge.es\/index.php\/2024\/12\/03\/paralisis-cerebral-una-reflexion-sobre-vulnerabilidad-equidad\/"},"modified":"2024-12-03T06:17:48","modified_gmt":"2024-12-03T06:17:48","slug":"paralisis-cerebral-una-reflexion-sobre-vulnerabilidad-equidad","status":"publish","type":"post","link":"https:\/\/sindromecharge.es\/index.php\/2024\/12\/03\/paralisis-cerebral-una-reflexion-sobre-vulnerabilidad-equidad\/","title":{"rendered":"Par\u00e1lisis cerebral: una reflexi\u00f3n sobre vulnerabilidad y equidad"},"content":{"rendered":"<p>Leemos en Discapacidad la siguiente noticia que os reproducimos de forma \u00edntegra: <\/p>\n<div>\n<p>La <a href=\"https:\/\/www.20minutos.es\/minuteca\/paralisis-cerebral\/\" title=\"Par\u00e1lisis cerebral\" target=\"_blank\">par\u00e1lisis cerebral<\/a> es una <a href=\"https:\/\/www.20minutos.es\/minuteca\/discapacidad\/\" title=\"Discapacidad\" target=\"_blank\">discapacidad<\/a> causada por una<b> lesi\u00f3n en el cerebro<\/b> durante la gestaci\u00f3n, el parto o los primeros a\u00f1os de vida que, no solo condiciona el desarrollo f\u00edsico, sino que a menudo va acompa\u00f1ada de otras discapacidades como la <a href=\"https:\/\/www.20minutos.es\/minuteca\/discapacidad-intelectual\/\" title=\"Discapacidad intelectual\" target=\"_blank\">intelectual<\/a>, comunicacional o visual. Adem\u00e1s, se pueden dar otras situaciones como <b>disartria, espasticidad, <a href=\"https:\/\/www.20minutos.es\/minuteca\/epilepsia\/\" title=\"Epilepsia\" target=\"_blank\">epilepsia<\/a>, problemas de conducta<\/b>, dificultad para controlar esf\u00ednteres, sialorrea o alteraciones del sue\u00f1o. Nos encontramos pues ante un colectivo con una <b>pluridiscapacidad cuya especial vulnerabilidad<\/b> exige un enfoque diferente y comprometido.<\/p>\n<p><b>El 80% de las personas con par\u00e1lisis cerebral tienen grandes necesidades de apoyo,<\/b> lo que significa tener que contar con el apoyo de otra persona durante todo el tiempo y toda la vida para el total de las rutinas diarias. Por eso, desde Confederaci\u00f3n ASPACE defendemos firmemente un modelo en el que todas las personas, sin importar sus necesidades de apoyo, puedan participar en la sociedad, ejercer sus derechos y tomar sus propias decisiones. Esta es nuestra prioridad y para lograrlo hemos de construir <b>un traje a medida de apoyos para cada persona con pluridiscapacidad<\/b>, poniendo a su disposici\u00f3n recursos y profesionales especializados, para hacer posible su vida independiente, adoptando un enfoque de respeto, garant\u00eda y promoci\u00f3n de derechos.<\/p>\n<p>Pero hay una cuesti\u00f3n fundamental que no podemos pasar por alto si realmente queremos<b> que la vida independiente sea una realidad para las personas con par\u00e1lisis cerebral<\/b>: la empat\u00eda del conjunto de la sociedad. La empat\u00eda no es solo ponerse en el lugar de la persona que tenemos al lado, sino de actuar en consecuencia y reconocer que, aunque cada situaci\u00f3n es \u00fanica, la dignidad humana y el derecho a vivir de manera independiente son universales.<\/p>\n<p>Por eso, cuando hablamos de avances sociales, <b>preferimos hablar de equidad antes que de justicia<\/b>. Y es que la par\u00e1lisis cerebral es una discapacidad especialmente vulnerable por sus altas necesidades de apoyo, por lo que no puede ser abordada de forma generalista. En Confederaci\u00f3n ASPACE<b> trabajamos para que ninguna persona se quede atr\u00e1s en las conquistas sociales de nuestro sector<\/b>. <\/p>\n<p>A veces, lo que son avances para muchas personas, podr\u00edan ser riesgos de exclusi\u00f3n para quienes tienen par\u00e1lisis cerebral. Por eso siempre proponemos ofrecer a cada persona lo que necesita de acuerdo con sus circunstancias \u00fanicas. Un abordaje equitativo, desde cada realidad, para que cada persona disponga de las herramientas precisas para desarrollar su vida independiente. <b>Porque las barreras no est\u00e1n en ellas, sino que existen en el entorno<\/b>, en la falta de recursos, en una mirada caduca de qu\u00e9 es la discapacidad.<\/p>\n<h1>A veces, lo que son avances para muchas personas, podr\u00edan ser riesgos de exclusi\u00f3n para quienes tienen par\u00e1lisis cerebral<\/h1>\n<p>Y aunque es cierto que a\u00fan falta mucho por hacer, estoy segura de que es posible. Porque <b>la vulnerabilidad no debe ser sin\u00f3nimo de exclusi\u00f3n<\/b>. Porque las personas con par\u00e1lisis cerebral, con los apoyos adecuados, pueden ser protagonistas de sus propias vidas. Por eso, necesitamos una sociedad que asuma su responsabilidad colectiva que valore a cada persona por lo que es. En base a esto podremos construir un futuro donde la vida independiente sea una realidad para cada persona, sin excepci\u00f3n.<\/p>\n<p><b>Este colectivo no pide m\u00e1s que lo que necesita: la posibilidad de vivir con los recursos que precisa<\/b>. La par\u00e1lisis cerebral nos recuerda que los apoyos no son cuesti\u00f3n de tratar a todas las personas por igual, sino dar a cada una lo que necesita. Porque la vida independiente comienza cuando dejamos de preguntar qu\u00e9 m\u00e1s puede hacer la persona y empezamos a preguntarnos qu\u00e9 m\u00e1s podemos hacer nosotras.<\/p>\n<\/div>\n<p>Fuente: Discapacidad https:\/\/www.20minutos.es\/noticia\/5659915\/0\/paralisis-cerebral-una-reflexion-sobre-vulnerabilidad-equidad\/<\/p>\n","protected":false},"excerpt":{"rendered":"<p>Manuela Muro, presidenta de Confederaci\u00f3n ASPACE, reflexiona sobre la especial vulnerabilidad de la par\u00e1lisis cerebral y posibles medidas para promover su vida independiente.<\/p>\n","protected":false},"author":1,"featured_media":0,"comment_status":"closed","ping_status":"closed","sticky":false,"template":"","format":"standard","meta":{"footnotes":""},"categories":[8],"tags":[],"class_list":["post-10622","post","type-post","status-publish","format-standard","hentry","category-noticias"],"yoast_head":"<!-- This site is optimized with the Yoast SEO plugin v27.4 - https:\/\/yoast.com\/product\/yoast-seo-wordpress\/ -->\n<title>Par\u00e1lisis cerebral: una reflexi\u00f3n sobre vulnerabilidad y equidad - Asociaci\u00f3n Espa\u00f1ola S\u00edndrome de Charge<\/title>\n<meta name=\"robots\" content=\"index, follow, max-snippet:-1, max-image-preview:large, max-video-preview:-1\" \/>\n<link rel=\"canonical\" href=\"https:\/\/sindromecharge.es\/index.php\/2024\/12\/03\/paralisis-cerebral-una-reflexion-sobre-vulnerabilidad-equidad\/\" \/>\n<meta property=\"og:locale\" content=\"es_ES\" \/>\n<meta property=\"og:type\" content=\"article\" \/>\n<meta property=\"og:title\" content=\"Par\u00e1lisis cerebral: una reflexi\u00f3n sobre vulnerabilidad y equidad - Asociaci\u00f3n Espa\u00f1ola S\u00edndrome de Charge\" \/>\n<meta property=\"og:description\" content=\"Manuela Muro, presidenta de Confederaci\u00f3n ASPACE, reflexiona sobre la especial vulnerabilidad de la par\u00e1lisis cerebral y posibles medidas para promover su vida independiente.\" \/>\n<meta property=\"og:url\" content=\"https:\/\/sindromecharge.es\/index.php\/2024\/12\/03\/paralisis-cerebral-una-reflexion-sobre-vulnerabilidad-equidad\/\" \/>\n<meta property=\"og:site_name\" content=\"Asociaci\u00f3n Espa\u00f1ola S\u00edndrome de Charge\" \/>\n<meta property=\"article:publisher\" content=\"https:\/\/www.facebook.com\/asociacionsindromecharge\" \/>\n<meta property=\"article:published_time\" content=\"2024-12-03T06:17:48+00:00\" \/>\n<meta property=\"og:image\" content=\"https:\/\/sindromecharge.es\/wp-content\/uploads\/2013\/09\/logodecharge300x98.png\" \/>\n\t<meta property=\"og:image:width\" content=\"300\" \/>\n\t<meta property=\"og:image:height\" content=\"98\" \/>\n\t<meta property=\"og:image:type\" content=\"image\/png\" \/>\n<meta name=\"author\" content=\"Charge\" \/>\n<meta name=\"twitter:card\" content=\"summary_large_image\" \/>\n<meta name=\"twitter:creator\" content=\"@sindromecharge\" \/>\n<meta name=\"twitter:site\" content=\"@sindromecharge\" \/>\n<meta name=\"twitter:label1\" content=\"Escrito por\" \/>\n\t<meta name=\"twitter:data1\" content=\"Charge\" \/>\n\t<meta name=\"twitter:label2\" content=\"Tiempo de lectura\" \/>\n\t<meta name=\"twitter:data2\" content=\"3 minutos\" \/>\n<script type=\"application\/ld+json\" class=\"yoast-schema-graph\">{\"@context\":\"https:\\\/\\\/schema.org\",\"@graph\":[{\"@type\":\"Article\",\"@id\":\"https:\\\/\\\/sindromecharge.es\\\/index.php\\\/2024\\\/12\\\/03\\\/paralisis-cerebral-una-reflexion-sobre-vulnerabilidad-equidad\\\/#article\",\"isPartOf\":{\"@id\":\"https:\\\/\\\/sindromecharge.es\\\/index.php\\\/2024\\\/12\\\/03\\\/paralisis-cerebral-una-reflexion-sobre-vulnerabilidad-equidad\\\/\"},\"author\":{\"name\":\"Charge\",\"@id\":\"https:\\\/\\\/sindromecharge.es\\\/#\\\/schema\\\/person\\\/39a60ebe0a2b4d5a11179701e336b039\"},\"headline\":\"Par\u00e1lisis cerebral: una reflexi\u00f3n sobre vulnerabilidad y equidad\",\"datePublished\":\"2024-12-03T06:17:48+00:00\",\"mainEntityOfPage\":{\"@id\":\"https:\\\/\\\/sindromecharge.es\\\/index.php\\\/2024\\\/12\\\/03\\\/paralisis-cerebral-una-reflexion-sobre-vulnerabilidad-equidad\\\/\"},\"wordCount\":661,\"articleSection\":[\"noticias\"],\"inLanguage\":\"es\"},{\"@type\":\"WebPage\",\"@id\":\"https:\\\/\\\/sindromecharge.es\\\/index.php\\\/2024\\\/12\\\/03\\\/paralisis-cerebral-una-reflexion-sobre-vulnerabilidad-equidad\\\/\",\"url\":\"https:\\\/\\\/sindromecharge.es\\\/index.php\\\/2024\\\/12\\\/03\\\/paralisis-cerebral-una-reflexion-sobre-vulnerabilidad-equidad\\\/\",\"name\":\"Par\u00e1lisis cerebral: una reflexi\u00f3n sobre vulnerabilidad y equidad - Asociaci\u00f3n Espa\u00f1ola S\u00edndrome de Charge\",\"isPartOf\":{\"@id\":\"https:\\\/\\\/sindromecharge.es\\\/#website\"},\"datePublished\":\"2024-12-03T06:17:48+00:00\",\"author\":{\"@id\":\"https:\\\/\\\/sindromecharge.es\\\/#\\\/schema\\\/person\\\/39a60ebe0a2b4d5a11179701e336b039\"},\"breadcrumb\":{\"@id\":\"https:\\\/\\\/sindromecharge.es\\\/index.php\\\/2024\\\/12\\\/03\\\/paralisis-cerebral-una-reflexion-sobre-vulnerabilidad-equidad\\\/#breadcrumb\"},\"inLanguage\":\"es\",\"potentialAction\":[{\"@type\":\"ReadAction\",\"target\":[\"https:\\\/\\\/sindromecharge.es\\\/index.php\\\/2024\\\/12\\\/03\\\/paralisis-cerebral-una-reflexion-sobre-vulnerabilidad-equidad\\\/\"]}]},{\"@type\":\"BreadcrumbList\",\"@id\":\"https:\\\/\\\/sindromecharge.es\\\/index.php\\\/2024\\\/12\\\/03\\\/paralisis-cerebral-una-reflexion-sobre-vulnerabilidad-equidad\\\/#breadcrumb\",\"itemListElement\":[{\"@type\":\"ListItem\",\"position\":1,\"name\":\"Portada\",\"item\":\"https:\\\/\\\/sindromecharge.es\\\/\"},{\"@type\":\"ListItem\",\"position\":2,\"name\":\"Par\u00e1lisis cerebral: una reflexi\u00f3n sobre vulnerabilidad y equidad\"}]},{\"@type\":\"WebSite\",\"@id\":\"https:\\\/\\\/sindromecharge.es\\\/#website\",\"url\":\"https:\\\/\\\/sindromecharge.es\\\/\",\"name\":\"Asociaci\u00f3n Espa\u00f1ola S\u00edndrome de Charge\",\"description\":\"\",\"potentialAction\":[{\"@type\":\"SearchAction\",\"target\":{\"@type\":\"EntryPoint\",\"urlTemplate\":\"https:\\\/\\\/sindromecharge.es\\\/?s={search_term_string}\"},\"query-input\":{\"@type\":\"PropertyValueSpecification\",\"valueRequired\":true,\"valueName\":\"search_term_string\"}}],\"inLanguage\":\"es\"},{\"@type\":\"Person\",\"@id\":\"https:\\\/\\\/sindromecharge.es\\\/#\\\/schema\\\/person\\\/39a60ebe0a2b4d5a11179701e336b039\",\"name\":\"Charge\",\"image\":{\"@type\":\"ImageObject\",\"inLanguage\":\"es\",\"@id\":\"https:\\\/\\\/secure.gravatar.com\\\/avatar\\\/c3b46e32a0fc3b093a0873fb767bf3293de856293065e84ef06b7ec7a8acfb98?s=96&d=identicon&r=x\",\"url\":\"https:\\\/\\\/secure.gravatar.com\\\/avatar\\\/c3b46e32a0fc3b093a0873fb767bf3293de856293065e84ef06b7ec7a8acfb98?s=96&d=identicon&r=x\",\"contentUrl\":\"https:\\\/\\\/secure.gravatar.com\\\/avatar\\\/c3b46e32a0fc3b093a0873fb767bf3293de856293065e84ef06b7ec7a8acfb98?s=96&d=identicon&r=x\",\"caption\":\"Charge\"},\"url\":\"https:\\\/\\\/sindromecharge.es\\\/index.php\\\/author\\\/admin\\\/\"}]}<\/script>\n<!-- \/ Yoast SEO plugin. -->","yoast_head_json":{"title":"Par\u00e1lisis cerebral: una reflexi\u00f3n sobre vulnerabilidad y equidad - Asociaci\u00f3n Espa\u00f1ola S\u00edndrome de Charge","robots":{"index":"index","follow":"follow","max-snippet":"max-snippet:-1","max-image-preview":"max-image-preview:large","max-video-preview":"max-video-preview:-1"},"canonical":"https:\/\/sindromecharge.es\/index.php\/2024\/12\/03\/paralisis-cerebral-una-reflexion-sobre-vulnerabilidad-equidad\/","og_locale":"es_ES","og_type":"article","og_title":"Par\u00e1lisis cerebral: una reflexi\u00f3n sobre vulnerabilidad y equidad - Asociaci\u00f3n Espa\u00f1ola S\u00edndrome de Charge","og_description":"Manuela Muro, presidenta de Confederaci\u00f3n ASPACE, reflexiona sobre la especial vulnerabilidad de la par\u00e1lisis cerebral y posibles medidas para promover su vida independiente.","og_url":"https:\/\/sindromecharge.es\/index.php\/2024\/12\/03\/paralisis-cerebral-una-reflexion-sobre-vulnerabilidad-equidad\/","og_site_name":"Asociaci\u00f3n Espa\u00f1ola S\u00edndrome de Charge","article_publisher":"https:\/\/www.facebook.com\/asociacionsindromecharge","article_published_time":"2024-12-03T06:17:48+00:00","og_image":[{"width":300,"height":98,"url":"https:\/\/sindromecharge.es\/wp-content\/uploads\/2013\/09\/logodecharge300x98.png","type":"image\/png"}],"author":"Charge","twitter_card":"summary_large_image","twitter_creator":"@sindromecharge","twitter_site":"@sindromecharge","twitter_misc":{"Escrito por":"Charge","Tiempo de lectura":"3 minutos"},"schema":{"@context":"https:\/\/schema.org","@graph":[{"@type":"Article","@id":"https:\/\/sindromecharge.es\/index.php\/2024\/12\/03\/paralisis-cerebral-una-reflexion-sobre-vulnerabilidad-equidad\/#article","isPartOf":{"@id":"https:\/\/sindromecharge.es\/index.php\/2024\/12\/03\/paralisis-cerebral-una-reflexion-sobre-vulnerabilidad-equidad\/"},"author":{"name":"Charge","@id":"https:\/\/sindromecharge.es\/#\/schema\/person\/39a60ebe0a2b4d5a11179701e336b039"},"headline":"Par\u00e1lisis cerebral: una reflexi\u00f3n sobre vulnerabilidad y equidad","datePublished":"2024-12-03T06:17:48+00:00","mainEntityOfPage":{"@id":"https:\/\/sindromecharge.es\/index.php\/2024\/12\/03\/paralisis-cerebral-una-reflexion-sobre-vulnerabilidad-equidad\/"},"wordCount":661,"articleSection":["noticias"],"inLanguage":"es"},{"@type":"WebPage","@id":"https:\/\/sindromecharge.es\/index.php\/2024\/12\/03\/paralisis-cerebral-una-reflexion-sobre-vulnerabilidad-equidad\/","url":"https:\/\/sindromecharge.es\/index.php\/2024\/12\/03\/paralisis-cerebral-una-reflexion-sobre-vulnerabilidad-equidad\/","name":"Par\u00e1lisis cerebral: una reflexi\u00f3n sobre vulnerabilidad y equidad - Asociaci\u00f3n Espa\u00f1ola S\u00edndrome de Charge","isPartOf":{"@id":"https:\/\/sindromecharge.es\/#website"},"datePublished":"2024-12-03T06:17:48+00:00","author":{"@id":"https:\/\/sindromecharge.es\/#\/schema\/person\/39a60ebe0a2b4d5a11179701e336b039"},"breadcrumb":{"@id":"https:\/\/sindromecharge.es\/index.php\/2024\/12\/03\/paralisis-cerebral-una-reflexion-sobre-vulnerabilidad-equidad\/#breadcrumb"},"inLanguage":"es","potentialAction":[{"@type":"ReadAction","target":["https:\/\/sindromecharge.es\/index.php\/2024\/12\/03\/paralisis-cerebral-una-reflexion-sobre-vulnerabilidad-equidad\/"]}]},{"@type":"BreadcrumbList","@id":"https:\/\/sindromecharge.es\/index.php\/2024\/12\/03\/paralisis-cerebral-una-reflexion-sobre-vulnerabilidad-equidad\/#breadcrumb","itemListElement":[{"@type":"ListItem","position":1,"name":"Portada","item":"https:\/\/sindromecharge.es\/"},{"@type":"ListItem","position":2,"name":"Par\u00e1lisis cerebral: una reflexi\u00f3n sobre vulnerabilidad y equidad"}]},{"@type":"WebSite","@id":"https:\/\/sindromecharge.es\/#website","url":"https:\/\/sindromecharge.es\/","name":"Asociaci\u00f3n Espa\u00f1ola S\u00edndrome de Charge","description":"","potentialAction":[{"@type":"SearchAction","target":{"@type":"EntryPoint","urlTemplate":"https:\/\/sindromecharge.es\/?s={search_term_string}"},"query-input":{"@type":"PropertyValueSpecification","valueRequired":true,"valueName":"search_term_string"}}],"inLanguage":"es"},{"@type":"Person","@id":"https:\/\/sindromecharge.es\/#\/schema\/person\/39a60ebe0a2b4d5a11179701e336b039","name":"Charge","image":{"@type":"ImageObject","inLanguage":"es","@id":"https:\/\/secure.gravatar.com\/avatar\/c3b46e32a0fc3b093a0873fb767bf3293de856293065e84ef06b7ec7a8acfb98?s=96&d=identicon&r=x","url":"https:\/\/secure.gravatar.com\/avatar\/c3b46e32a0fc3b093a0873fb767bf3293de856293065e84ef06b7ec7a8acfb98?s=96&d=identicon&r=x","contentUrl":"https:\/\/secure.gravatar.com\/avatar\/c3b46e32a0fc3b093a0873fb767bf3293de856293065e84ef06b7ec7a8acfb98?s=96&d=identicon&r=x","caption":"Charge"},"url":"https:\/\/sindromecharge.es\/index.php\/author\/admin\/"}]}},"_links":{"self":[{"href":"https:\/\/sindromecharge.es\/index.php\/wp-json\/wp\/v2\/posts\/10622","targetHints":{"allow":["GET"]}}],"collection":[{"href":"https:\/\/sindromecharge.es\/index.php\/wp-json\/wp\/v2\/posts"}],"about":[{"href":"https:\/\/sindromecharge.es\/index.php\/wp-json\/wp\/v2\/types\/post"}],"author":[{"embeddable":true,"href":"https:\/\/sindromecharge.es\/index.php\/wp-json\/wp\/v2\/users\/1"}],"replies":[{"embeddable":true,"href":"https:\/\/sindromecharge.es\/index.php\/wp-json\/wp\/v2\/comments?post=10622"}],"version-history":[{"count":0,"href":"https:\/\/sindromecharge.es\/index.php\/wp-json\/wp\/v2\/posts\/10622\/revisions"}],"wp:attachment":[{"href":"https:\/\/sindromecharge.es\/index.php\/wp-json\/wp\/v2\/media?parent=10622"}],"wp:term":[{"taxonomy":"category","embeddable":true,"href":"https:\/\/sindromecharge.es\/index.php\/wp-json\/wp\/v2\/categories?post=10622"},{"taxonomy":"post_tag","embeddable":true,"href":"https:\/\/sindromecharge.es\/index.php\/wp-json\/wp\/v2\/tags?post=10622"}],"curies":[{"name":"wp","href":"https:\/\/api.w.org\/{rel}","templated":true}]}}