{"id":10621,"date":"2024-12-03T06:17:20","date_gmt":"2024-12-03T06:17:20","guid":{"rendered":"https:\/\/sindromecharge.es\/index.php\/2024\/12\/03\/eurodiputados-discapacidad-importante-empaticemos\/"},"modified":"2024-12-03T06:17:20","modified_gmt":"2024-12-03T06:17:20","slug":"eurodiputados-discapacidad-importante-empaticemos","status":"publish","type":"post","link":"https:\/\/sindromecharge.es\/index.php\/2024\/12\/03\/eurodiputados-discapacidad-importante-empaticemos\/","title":{"rendered":"Seis eurodiputados prueban a ser deportistas a ciegas por un d\u00eda: \u00abEs importante empatizar con las personas con discapacidad\u00bb"},"content":{"rendered":"<p>Leemos en Discapacidad la siguiente noticia que os reproducimos de forma \u00edntegra: <\/p>\n<div>\n<p>Espa\u00f1a y Europa siguen esforz\u00e1ndose en avanzar en inclusi\u00f3n y muestra de ello es <i>Unidos por la Discapacidad:<\/i> la jornada deportiva disputada este lunes en la que<b> seis eurodiputados se han puesto en la piel de atletas paral\u00edmpicos <\/b>y futbolistas de la Liga Genuine. Los representantes de la <a href=\"https:\/\/www.20minutos.es\/minuteca\/union-europea\/\" title=\"Uni\u00f3n Europea\">Uni\u00f3n Europea<\/a> han mostrado as\u00ed su compromiso para derribar barreras asociadas a la <a href=\"https:\/\/www.20minutos.es\/minuteca\/discapacidad\/\" title=\"Discapacidad\">discapacidad<\/a> tras <a href=\"https:\/\/www.20minutos.es\/noticia\/5239105\/0\/parlamento-europeo-da-otro-paso-historico-aprueba-tarjeta-europea-discapacidad\/\" title=\"El Parlamento Europeo da otro paso hist\u00f3rico y aprueba la Tarjeta Europea de Discapacidad\">la reciente aprobaci\u00f3n de una nueva Directiva con este mismo fin.<\/a><\/p>\n<p>Las instalaciones del Consejo Superior de Deportes (CSD) han acogido este evento en honor al D\u00eda Internacional de las Personas con Discapacidad (celebrado este martes) con la intenci\u00f3n de dar \u00ab<b>un paso m\u00e1s hacia la accesibilidad<\/b>\u00ab, seg\u00fan ha aseverado Jos\u00e9 Manuel Rodr\u00edguez Uribes, presidente del CSD. <\/p>\n<p>La jornada ha contado con la participaci\u00f3n de Rosa Estar\u00e1s, Adri\u00e1n V\u00e1zquez, Susana Sol\u00eds y Maravillas Abad\u00ed, por parte del Grupo PPE; Nicol\u00e1s Gonz\u00e1lez Casares, del Grupo S&amp;D; y Mireia Borr\u00e0s, de Patriotas por Europa, quienes <b>han cambiado el traje y el atril<\/b> por el antifaz y las botas de tacos. <\/p>\n<h2>Una carrera de relevos y un partido de f\u00fatbol<\/h2>\n<p>Los dirigentes europeos han competido en <b>una carrera de relevos<\/b> junto a Alba Garc\u00eda Falag\u00e1n o \u00c1lvaro del Amo, medallistas en los <a href=\"https:\/\/www.20minutos.es\/deportes\/minuteca\/juegos-paralimpicos\/\" title=\"Juegos Paral\u00edmpicos\">Juegos Paral\u00edmpicos de Par\u00eds 2024<\/a>. Tras el pistoletazo de salida inicial, los parlamentarios, guiando a los atletas, han dado lo mejor de s\u00ed en una competici\u00f3n en la que se ha producido <b>una gran victoria colectiva.<\/b><\/p>\n<p>Despu\u00e9s de una primera toma de contacto con la pista de atletismo, los europarlamentarios se han vestido de corto para saltar al verde y disputar un partido de f\u00fatbol dirigido por el excolegiado Antonio Mateu Lahoz. Ambos equipos han estado comandados por los exfutbolistas Mario Su\u00e1rez y Aintzane Encinas, aunque <b>el protagonismo ha sido para las verdaderas estrellas<\/b>, los jugadores de la Liga Genuine, quienes han demostrado muchas mejores dotes con el esf\u00e9rico que los pol\u00edticos.<\/p>\n<p>Tras una intensa jornada, los dirigentes europeos han hecho<b> balance de la situaci\u00f3n <\/b>actual a nivel continental, donde recientemente se ha aprobado una importante Directiva con un objetivo claro y conciso: que las personas con discapacidad puedan tener <b>un trato equitativo <\/b>en los pa\u00edses miembros de la Uni\u00f3n Europea. Para ello se ha incluido una Tarjeta Europea de Discapacidad y la Tarjeta Europea de Estacionamiento, algo que ha sido calificado como \u00abun hito\u00bb por Javier G\u00fcemes Pedraza, director Relaciones Internacionales de la <a href=\"https:\/\/www.20minutos.es\/minuteca\/beyonce\/\" title=\"Beyonc\u00e9\">ONCE<\/a>. <\/p>\n<h2>\u00abEs un reconocimiento mutuo\u00bb<\/h2>\n<p>A pesar de que este precepto ya cuenta con luz verde, <b>cada pa\u00eds debe adoptarlo individualmente<\/b>, para lo que se dispone de un plazo de 42 meses. No obstante, deber\u00e1 implantarse lo antes posible, \u00aba la menor brevedad\u00bb, ha explicado a <i><b><a href=\"https:\/\/www.20minutos.es\/minuteca\/20minutos\/\" title=\"20minutos\">20minutos <\/a><\/b><\/i>Rosa Estar\u00e1s, del Partido Popular Europeo: \u00abEs un<b> reconocimiento mutuo para que no haya barreras<\/b>. Es un paso importante para que todas las personas con discapacidad cuando viajen de un estado miembro a otro puedan tener toda una cartera de servicios, los mismos que tendr\u00eda cualquier persona con discapacidad en el pa\u00eds en cuesti\u00f3n\u00bb. <\/p>\n<p>Para ello, Espa\u00f1a podr\u00eda tener un papel pionero, pues nuestro pa\u00eds \u00abdebe tomar la delantera para implantarlo y as\u00ed ir m\u00e1s all\u00e1. <b>No puede ser una simple tarjeta de estacionamiento<\/b>\u00ab, ha defendido por su parte Nicol\u00e1s Gonz\u00e1lez, eurodiputado del grupo Sociedad y Democracia (S&amp;D). Gracias a la aplicaci\u00f3n de esta nueva norma, el exteniente de alcalde de Lal\u00edn ha vaticinado que se podr\u00eda alcanzar \u00abuna Europa de integraci\u00f3n en la que <b>nadie tendr\u00e1 barreras<\/b>\u00ab. <\/p>\n<p>A pesar de estos avances, su compa\u00f1era de hemiciclo ha defendido que a\u00fan queda tarea por hacer: \u00abTodav\u00eda<b> hay mucha discriminaci\u00f3n, mucho <i>bullying<\/i><\/b>. La educaci\u00f3n no es tan inclusiva como deber\u00eda, el empleo para estas personas no es digno y el acceso a la Justicia tiene grandes dificultades para ellos\u00bb.<\/p>\n<p>No obstante, jornadas como esta contribuyen a conseguir estos objetivos con una mayor celeridad, tal y como ha indicado el socialista: \u00abHay que seguir dando visibilidad a quienes se enfrentan a tant\u00edsimas barreras a diario. <b>Es importante que todos empaticemos<\/b> con este colectivo jugando a f\u00fatbol con sus reglas o someti\u00e9ndonos a las mismas limitaciones para saber por lo que ellos pasan todos los d\u00edas\u00bb.<\/p>\n<p>\u00abEste tipo de eventos permiten visualizar que <b>la discapacidad es algo positivo, que enriquece<\/b>, que la diversidad es maravillosa, y que no hay dos personas iguales, pero que todas juntas construimos un futuro\u00bb, ha comentado Estar\u00e1s, aseverando que una cosa deber quedar clara: \u00abLa gente cree que las personas con discapacidad son pobrecitas y no lo son. <b>Luchan cada d\u00eda como los que m\u00e1s<\/b> por construir una sociedad\u00bb.<\/p>\n<\/div>\n<p>Fuente: Discapacidad https:\/\/www.20minutos.es\/noticia\/5659969\/0\/eurodiputados-discapacidad-importante-empaticemos\/<\/p>\n","protected":false},"excerpt":{"rendered":"<p>Han participado en una carrera de relevos con medallistas paral\u00edmpicos y un partido de f\u00fatbol con deportistas de la Liga Genuine.<\/p>\n","protected":false},"author":1,"featured_media":0,"comment_status":"closed","ping_status":"closed","sticky":false,"template":"","format":"standard","meta":{"footnotes":""},"categories":[8],"tags":[],"class_list":["post-10621","post","type-post","status-publish","format-standard","hentry","category-noticias"],"yoast_head":"<!-- This site is optimized with the Yoast SEO plugin v27.4 - https:\/\/yoast.com\/product\/yoast-seo-wordpress\/ -->\n<title>Seis eurodiputados prueban a ser deportistas a ciegas por un d\u00eda: &quot;Es importante empatizar con las personas con discapacidad&quot; - Asociaci\u00f3n Espa\u00f1ola S\u00edndrome de Charge<\/title>\n<meta name=\"robots\" content=\"index, follow, max-snippet:-1, max-image-preview:large, max-video-preview:-1\" \/>\n<link rel=\"canonical\" href=\"https:\/\/sindromecharge.es\/index.php\/2024\/12\/03\/eurodiputados-discapacidad-importante-empaticemos\/\" \/>\n<meta property=\"og:locale\" content=\"es_ES\" \/>\n<meta property=\"og:type\" content=\"article\" \/>\n<meta property=\"og:title\" content=\"Seis eurodiputados prueban a ser deportistas a ciegas por un d\u00eda: &quot;Es importante empatizar con las personas con discapacidad&quot; - Asociaci\u00f3n Espa\u00f1ola S\u00edndrome de Charge\" \/>\n<meta property=\"og:description\" content=\"Han participado en una carrera de relevos con medallistas paral\u00edmpicos y un partido de f\u00fatbol con deportistas de la Liga Genuine.\" \/>\n<meta property=\"og:url\" content=\"https:\/\/sindromecharge.es\/index.php\/2024\/12\/03\/eurodiputados-discapacidad-importante-empaticemos\/\" \/>\n<meta property=\"og:site_name\" content=\"Asociaci\u00f3n Espa\u00f1ola S\u00edndrome de Charge\" \/>\n<meta property=\"article:publisher\" content=\"https:\/\/www.facebook.com\/asociacionsindromecharge\" \/>\n<meta property=\"article:published_time\" content=\"2024-12-03T06:17:20+00:00\" \/>\n<meta property=\"og:image\" content=\"https:\/\/sindromecharge.es\/wp-content\/uploads\/2013\/09\/logodecharge300x98.png\" \/>\n\t<meta property=\"og:image:width\" content=\"300\" \/>\n\t<meta property=\"og:image:height\" content=\"98\" \/>\n\t<meta property=\"og:image:type\" content=\"image\/png\" \/>\n<meta name=\"author\" content=\"Charge\" \/>\n<meta name=\"twitter:card\" content=\"summary_large_image\" \/>\n<meta name=\"twitter:creator\" content=\"@sindromecharge\" \/>\n<meta name=\"twitter:site\" content=\"@sindromecharge\" \/>\n<meta name=\"twitter:label1\" content=\"Escrito por\" \/>\n\t<meta name=\"twitter:data1\" content=\"Charge\" \/>\n\t<meta name=\"twitter:label2\" content=\"Tiempo de lectura\" \/>\n\t<meta name=\"twitter:data2\" content=\"4 minutos\" \/>\n<script type=\"application\/ld+json\" class=\"yoast-schema-graph\">{\"@context\":\"https:\\\/\\\/schema.org\",\"@graph\":[{\"@type\":\"Article\",\"@id\":\"https:\\\/\\\/sindromecharge.es\\\/index.php\\\/2024\\\/12\\\/03\\\/eurodiputados-discapacidad-importante-empaticemos\\\/#article\",\"isPartOf\":{\"@id\":\"https:\\\/\\\/sindromecharge.es\\\/index.php\\\/2024\\\/12\\\/03\\\/eurodiputados-discapacidad-importante-empaticemos\\\/\"},\"author\":{\"name\":\"Charge\",\"@id\":\"https:\\\/\\\/sindromecharge.es\\\/#\\\/schema\\\/person\\\/39a60ebe0a2b4d5a11179701e336b039\"},\"headline\":\"Seis eurodiputados prueban a ser deportistas a ciegas por un d\u00eda: \u00abEs importante empatizar con las personas con discapacidad\u00bb\",\"datePublished\":\"2024-12-03T06:17:20+00:00\",\"mainEntityOfPage\":{\"@id\":\"https:\\\/\\\/sindromecharge.es\\\/index.php\\\/2024\\\/12\\\/03\\\/eurodiputados-discapacidad-importante-empaticemos\\\/\"},\"wordCount\":858,\"articleSection\":[\"noticias\"],\"inLanguage\":\"es\"},{\"@type\":\"WebPage\",\"@id\":\"https:\\\/\\\/sindromecharge.es\\\/index.php\\\/2024\\\/12\\\/03\\\/eurodiputados-discapacidad-importante-empaticemos\\\/\",\"url\":\"https:\\\/\\\/sindromecharge.es\\\/index.php\\\/2024\\\/12\\\/03\\\/eurodiputados-discapacidad-importante-empaticemos\\\/\",\"name\":\"Seis eurodiputados prueban a ser deportistas a ciegas por un d\u00eda: \\\"Es importante empatizar con las personas con discapacidad\\\" - Asociaci\u00f3n Espa\u00f1ola S\u00edndrome de Charge\",\"isPartOf\":{\"@id\":\"https:\\\/\\\/sindromecharge.es\\\/#website\"},\"datePublished\":\"2024-12-03T06:17:20+00:00\",\"author\":{\"@id\":\"https:\\\/\\\/sindromecharge.es\\\/#\\\/schema\\\/person\\\/39a60ebe0a2b4d5a11179701e336b039\"},\"breadcrumb\":{\"@id\":\"https:\\\/\\\/sindromecharge.es\\\/index.php\\\/2024\\\/12\\\/03\\\/eurodiputados-discapacidad-importante-empaticemos\\\/#breadcrumb\"},\"inLanguage\":\"es\",\"potentialAction\":[{\"@type\":\"ReadAction\",\"target\":[\"https:\\\/\\\/sindromecharge.es\\\/index.php\\\/2024\\\/12\\\/03\\\/eurodiputados-discapacidad-importante-empaticemos\\\/\"]}]},{\"@type\":\"BreadcrumbList\",\"@id\":\"https:\\\/\\\/sindromecharge.es\\\/index.php\\\/2024\\\/12\\\/03\\\/eurodiputados-discapacidad-importante-empaticemos\\\/#breadcrumb\",\"itemListElement\":[{\"@type\":\"ListItem\",\"position\":1,\"name\":\"Portada\",\"item\":\"https:\\\/\\\/sindromecharge.es\\\/\"},{\"@type\":\"ListItem\",\"position\":2,\"name\":\"Seis eurodiputados prueban a ser deportistas a ciegas por un d\u00eda: &#8220;Es importante empatizar con las personas con discapacidad&#8221;\"}]},{\"@type\":\"WebSite\",\"@id\":\"https:\\\/\\\/sindromecharge.es\\\/#website\",\"url\":\"https:\\\/\\\/sindromecharge.es\\\/\",\"name\":\"Asociaci\u00f3n Espa\u00f1ola S\u00edndrome de Charge\",\"description\":\"\",\"potentialAction\":[{\"@type\":\"SearchAction\",\"target\":{\"@type\":\"EntryPoint\",\"urlTemplate\":\"https:\\\/\\\/sindromecharge.es\\\/?s={search_term_string}\"},\"query-input\":{\"@type\":\"PropertyValueSpecification\",\"valueRequired\":true,\"valueName\":\"search_term_string\"}}],\"inLanguage\":\"es\"},{\"@type\":\"Person\",\"@id\":\"https:\\\/\\\/sindromecharge.es\\\/#\\\/schema\\\/person\\\/39a60ebe0a2b4d5a11179701e336b039\",\"name\":\"Charge\",\"image\":{\"@type\":\"ImageObject\",\"inLanguage\":\"es\",\"@id\":\"https:\\\/\\\/secure.gravatar.com\\\/avatar\\\/c3b46e32a0fc3b093a0873fb767bf3293de856293065e84ef06b7ec7a8acfb98?s=96&d=identicon&r=x\",\"url\":\"https:\\\/\\\/secure.gravatar.com\\\/avatar\\\/c3b46e32a0fc3b093a0873fb767bf3293de856293065e84ef06b7ec7a8acfb98?s=96&d=identicon&r=x\",\"contentUrl\":\"https:\\\/\\\/secure.gravatar.com\\\/avatar\\\/c3b46e32a0fc3b093a0873fb767bf3293de856293065e84ef06b7ec7a8acfb98?s=96&d=identicon&r=x\",\"caption\":\"Charge\"},\"url\":\"https:\\\/\\\/sindromecharge.es\\\/index.php\\\/author\\\/admin\\\/\"}]}<\/script>\n<!-- \/ Yoast SEO plugin. -->","yoast_head_json":{"title":"Seis eurodiputados prueban a ser deportistas a ciegas por un d\u00eda: \"Es importante empatizar con las personas con discapacidad\" - Asociaci\u00f3n Espa\u00f1ola S\u00edndrome de Charge","robots":{"index":"index","follow":"follow","max-snippet":"max-snippet:-1","max-image-preview":"max-image-preview:large","max-video-preview":"max-video-preview:-1"},"canonical":"https:\/\/sindromecharge.es\/index.php\/2024\/12\/03\/eurodiputados-discapacidad-importante-empaticemos\/","og_locale":"es_ES","og_type":"article","og_title":"Seis eurodiputados prueban a ser deportistas a ciegas por un d\u00eda: \"Es importante empatizar con las personas con discapacidad\" - Asociaci\u00f3n Espa\u00f1ola S\u00edndrome de Charge","og_description":"Han participado en una carrera de relevos con medallistas paral\u00edmpicos y un partido de f\u00fatbol con deportistas de la Liga Genuine.","og_url":"https:\/\/sindromecharge.es\/index.php\/2024\/12\/03\/eurodiputados-discapacidad-importante-empaticemos\/","og_site_name":"Asociaci\u00f3n Espa\u00f1ola S\u00edndrome de Charge","article_publisher":"https:\/\/www.facebook.com\/asociacionsindromecharge","article_published_time":"2024-12-03T06:17:20+00:00","og_image":[{"width":300,"height":98,"url":"https:\/\/sindromecharge.es\/wp-content\/uploads\/2013\/09\/logodecharge300x98.png","type":"image\/png"}],"author":"Charge","twitter_card":"summary_large_image","twitter_creator":"@sindromecharge","twitter_site":"@sindromecharge","twitter_misc":{"Escrito por":"Charge","Tiempo de lectura":"4 minutos"},"schema":{"@context":"https:\/\/schema.org","@graph":[{"@type":"Article","@id":"https:\/\/sindromecharge.es\/index.php\/2024\/12\/03\/eurodiputados-discapacidad-importante-empaticemos\/#article","isPartOf":{"@id":"https:\/\/sindromecharge.es\/index.php\/2024\/12\/03\/eurodiputados-discapacidad-importante-empaticemos\/"},"author":{"name":"Charge","@id":"https:\/\/sindromecharge.es\/#\/schema\/person\/39a60ebe0a2b4d5a11179701e336b039"},"headline":"Seis eurodiputados prueban a ser deportistas a ciegas por un d\u00eda: \u00abEs importante empatizar con las personas con discapacidad\u00bb","datePublished":"2024-12-03T06:17:20+00:00","mainEntityOfPage":{"@id":"https:\/\/sindromecharge.es\/index.php\/2024\/12\/03\/eurodiputados-discapacidad-importante-empaticemos\/"},"wordCount":858,"articleSection":["noticias"],"inLanguage":"es"},{"@type":"WebPage","@id":"https:\/\/sindromecharge.es\/index.php\/2024\/12\/03\/eurodiputados-discapacidad-importante-empaticemos\/","url":"https:\/\/sindromecharge.es\/index.php\/2024\/12\/03\/eurodiputados-discapacidad-importante-empaticemos\/","name":"Seis eurodiputados prueban a ser deportistas a ciegas por un d\u00eda: \"Es importante empatizar con las personas con discapacidad\" - Asociaci\u00f3n Espa\u00f1ola S\u00edndrome de Charge","isPartOf":{"@id":"https:\/\/sindromecharge.es\/#website"},"datePublished":"2024-12-03T06:17:20+00:00","author":{"@id":"https:\/\/sindromecharge.es\/#\/schema\/person\/39a60ebe0a2b4d5a11179701e336b039"},"breadcrumb":{"@id":"https:\/\/sindromecharge.es\/index.php\/2024\/12\/03\/eurodiputados-discapacidad-importante-empaticemos\/#breadcrumb"},"inLanguage":"es","potentialAction":[{"@type":"ReadAction","target":["https:\/\/sindromecharge.es\/index.php\/2024\/12\/03\/eurodiputados-discapacidad-importante-empaticemos\/"]}]},{"@type":"BreadcrumbList","@id":"https:\/\/sindromecharge.es\/index.php\/2024\/12\/03\/eurodiputados-discapacidad-importante-empaticemos\/#breadcrumb","itemListElement":[{"@type":"ListItem","position":1,"name":"Portada","item":"https:\/\/sindromecharge.es\/"},{"@type":"ListItem","position":2,"name":"Seis eurodiputados prueban a ser deportistas a ciegas por un d\u00eda: &#8220;Es importante empatizar con las personas con discapacidad&#8221;"}]},{"@type":"WebSite","@id":"https:\/\/sindromecharge.es\/#website","url":"https:\/\/sindromecharge.es\/","name":"Asociaci\u00f3n Espa\u00f1ola S\u00edndrome de Charge","description":"","potentialAction":[{"@type":"SearchAction","target":{"@type":"EntryPoint","urlTemplate":"https:\/\/sindromecharge.es\/?s={search_term_string}"},"query-input":{"@type":"PropertyValueSpecification","valueRequired":true,"valueName":"search_term_string"}}],"inLanguage":"es"},{"@type":"Person","@id":"https:\/\/sindromecharge.es\/#\/schema\/person\/39a60ebe0a2b4d5a11179701e336b039","name":"Charge","image":{"@type":"ImageObject","inLanguage":"es","@id":"https:\/\/secure.gravatar.com\/avatar\/c3b46e32a0fc3b093a0873fb767bf3293de856293065e84ef06b7ec7a8acfb98?s=96&d=identicon&r=x","url":"https:\/\/secure.gravatar.com\/avatar\/c3b46e32a0fc3b093a0873fb767bf3293de856293065e84ef06b7ec7a8acfb98?s=96&d=identicon&r=x","contentUrl":"https:\/\/secure.gravatar.com\/avatar\/c3b46e32a0fc3b093a0873fb767bf3293de856293065e84ef06b7ec7a8acfb98?s=96&d=identicon&r=x","caption":"Charge"},"url":"https:\/\/sindromecharge.es\/index.php\/author\/admin\/"}]}},"_links":{"self":[{"href":"https:\/\/sindromecharge.es\/index.php\/wp-json\/wp\/v2\/posts\/10621","targetHints":{"allow":["GET"]}}],"collection":[{"href":"https:\/\/sindromecharge.es\/index.php\/wp-json\/wp\/v2\/posts"}],"about":[{"href":"https:\/\/sindromecharge.es\/index.php\/wp-json\/wp\/v2\/types\/post"}],"author":[{"embeddable":true,"href":"https:\/\/sindromecharge.es\/index.php\/wp-json\/wp\/v2\/users\/1"}],"replies":[{"embeddable":true,"href":"https:\/\/sindromecharge.es\/index.php\/wp-json\/wp\/v2\/comments?post=10621"}],"version-history":[{"count":0,"href":"https:\/\/sindromecharge.es\/index.php\/wp-json\/wp\/v2\/posts\/10621\/revisions"}],"wp:attachment":[{"href":"https:\/\/sindromecharge.es\/index.php\/wp-json\/wp\/v2\/media?parent=10621"}],"wp:term":[{"taxonomy":"category","embeddable":true,"href":"https:\/\/sindromecharge.es\/index.php\/wp-json\/wp\/v2\/categories?post=10621"},{"taxonomy":"post_tag","embeddable":true,"href":"https:\/\/sindromecharge.es\/index.php\/wp-json\/wp\/v2\/tags?post=10621"}],"curies":[{"name":"wp","href":"https:\/\/api.w.org\/{rel}","templated":true}]}}