{"id":10620,"date":"2024-12-03T06:16:55","date_gmt":"2024-12-03T06:16:55","guid":{"rendered":"https:\/\/sindromecharge.es\/index.php\/2024\/12\/03\/mundo-asociativo-alza-voz-para-reivindicar-sus-derechos\/"},"modified":"2024-12-03T06:16:55","modified_gmt":"2024-12-03T06:16:55","slug":"mundo-asociativo-alza-voz-para-reivindicar-sus-derechos","status":"publish","type":"post","link":"https:\/\/sindromecharge.es\/index.php\/2024\/12\/03\/mundo-asociativo-alza-voz-para-reivindicar-sus-derechos\/","title":{"rendered":"Vivienda, empleo, financiaci\u00f3n, accesibilidad&#8230; Las asociaciones de la discapacidad reivindican sus derechos"},"content":{"rendered":"<p>Leemos en Discapacidad la siguiente noticia que os reproducimos de forma \u00edntegra: <\/p>\n<div>\n<p>En el mundo, seg\u00fan datos de la <a href=\"https:\/\/www.20minutos.es\/minuteca\/oms\/\" title=\"OMS\">OMS<\/a>,<b> hay m\u00e1s de 1.300 millones de personas con alg\u00fan tipo de <a href=\"https:\/\/www.20minutos.es\/minuteca\/discapacidad\/\" title=\"Discapacidad\" target=\"_blank\">discapacidad<\/a><\/b>, un 16% de la poblaci\u00f3n mundial. Se trata, por tanto, de una enorme minor\u00eda, a la par que muy diversa y con distintas necesidades. Como cada 3 de diciembre, fecha que la ONU eligi\u00f3 en 1992, se celebra el<b> D\u00eda Internacional de las Personas con Discapacidad<\/b>, una fecha en la que millones de personas alzan la voz para reivindicar sus derechos.<\/p>\n<p>Aunque muchas de estas reivindicaciones son comunes a todos sus integrantes, como <b>una mayor inclusi\u00f3n en la sociedad o la igualdad de oportunidades<\/b>, cada colectivo dentro de la discapacidad tiene sus propias peticiones. Y nadie mejor que los representantes de sus principales asociaciones para ponerles voz.<\/p>\n<h2>CNSE: \u00abPedimos recursos, protecci\u00f3n y respeto para la lengua de signos\u00bb<\/h2>\n<p>En Espa\u00f1a m\u00e1s de<b> un mill\u00f3n de personas <\/b>son sordas o tienen<b> alg\u00fan tipo de discapacidad auditiva<\/b>. De ellas, m\u00e1s de 27.000 utilizan la lengua de signos para comunicarse. Para representarlas est\u00e1 la<b> CNSE (Confederaci\u00f3n Estatal de Personas Sordas)<\/b>, cuyo presidente Roberto Su\u00e1rez recuerda que la principal reivindicaci\u00f3n de la entidad es \u00abel pleno reconocimiento de la lengua de signos como un derecho fundamental, garantizando su promoci\u00f3n en todos los \u00e1mbitos de la vida. Pedimos m\u00e1s <b>recursos para su ense\u00f1anza, protecci\u00f3n y respeto<\/b>, siendo su derecho al uso, un derecho esencial para la igualdad de oportunidades de la poblaci\u00f3n sorda. Adem\u00e1s, reclamamos pol\u00edticas que <b>eliminen las barreras de comunicaci\u00f3n<\/b> y aseguren la inclusi\u00f3n plena de nuestro colectivo, respetando su diversidad y libertad de elecci\u00f3n en cuanto a la forma de comunicarse\u00bb.<\/p>\n<h2>Aspace: \u00abHay que ofrecer una respuesta integral y personalizada a las personas con par\u00e1lisis cerebral\u00bb<\/h2>\n<p><b><a href=\"https:\/\/www.20minutos.es\/minuteca\/manuela-muro\/\" title=\"Manuela Muro\" target=\"_blank\">Manuela Muro<\/a>, presidenta de La Confederaci\u00f3n ASPACE<\/b> representa a las m\u00e1s de 120.000 personas que hay en Espa\u00f1a con <a href=\"https:\/\/www.20minutos.es\/minuteca\/paralisis-cerebral\/\" title=\"Par\u00e1lisis cerebral\" target=\"_blank\">par\u00e1lisis cerebral<\/a>, especialmente las que tienen grandes necesidades de apoyo. En palabras de su presidenta, Manuela Muro, \u00aben el D\u00eda Internacional de las Personas con Discapacidad, queremos recordar la especial vulnerabilidad de las personas con par\u00e1lisis cerebral a lo largo de su vida. <b>El 80% de las personas con esta pluridiscapacidad tiene grandes necesidades de apoyo<\/b>, desde la infancia hasta la vejez: necesitan apoyo de otra persona 24 horas al d\u00eda, 365 d\u00edas al a\u00f1o. Hay que ofrecer una respuesta integral y personalizada a cada una de ellas. Por eso, reivindicamos un abanico diversificado de apoyos (por ejemplo, asistencia personal, Comunicaci\u00f3n Aumentativa y Alternativa, herramientas para facilitar la comprensi\u00f3n como la <a href=\"https:\/\/www.20minutos.es\/minuteca\/lectura-facil\/\" title=\"Lectura f\u00e1cil\">lectura f\u00e1cil<\/a> o los pictogramas, etc.) que se adapten a cada realidad y que permitan ejercer el <b>derecho a una vida independiente<\/b>, promover la participaci\u00f3n social, la autonom\u00eda y la inclusi\u00f3n en todos los \u00e1mbitos de la sociedad\u201d. <\/p>\n<h2>FEDER: \u00abEs esencial impulsar la investigaci\u00f3n\u00bb<\/h2>\n<p>Desde<b> FEDER, la Federaci\u00f3n Espa\u00f1ola de <a href=\"https:\/\/www.20minutos.es\/salud\/minuteca\/enfermedades-raras\/\" title=\"Enfermedades raras\" target=\"_blank\">Enfermedades raras<\/a><\/b>, dolencias que afectan a m\u00e1s de tres millones de personas en Espa\u00f1a, quieren subrayar \u00abla importancia de avanzar en tres l\u00edneas fundamentales para mejorar su calidad de vida de las personas. En primer lugar, es esencial impulsar la investigaci\u00f3n, promoviendo la generaci\u00f3n, el intercambio y la difusi\u00f3n del conocimiento entre la comunidad cient\u00edfica y profesional. Asimismo, es prioritario implementar medidas que aseguren un<b> acceso equitativo<\/b> a pruebas diagn\u00f3sticas y a una atenci\u00f3n integral que responda a las necesidades espec\u00edficas de los pacientes. Por \u00faltimo, reivindicamos garantizar la igualdad de<b> acceso a medicamento<\/b>s y terapias, reconociendo su papel esencial en el abordaje de estas patolog\u00edas poco frecuentes\u00bb.<\/p>\n<h2>Autismo Espa\u00f1a: \u00abReivindicamos el desarrollo de pol\u00edticas p\u00fablicas que contemplen sus necesidades\u00bb<\/h2>\n<p>Desde <b><a href=\"https:\/\/www.20minutos.es\/minuteca\/autismo\/\" title=\"Autismo\" target=\"_blank\">Autismo<\/a> Espa\u00f1a<\/b>, entidad que representa los intereses de las personas con esta condici\u00f3n y sus familias, que se calcula que son medio mill\u00f3n, destacan que su principal reivindicaci\u00f3n es \u00abel desarrollo de pol\u00edticas p\u00fablicas basadas en el conocimiento que contemplen las necesidades espec\u00edficas de las personas con autismo y sus familias en todo el ciclo vital\u00bb. Como reivindicaciones concretas, se\u00f1alan tambi\u00e9n la necesidad de un <b>plan nacional sobre acoso escolar y ciberacoso<\/b>, pues \u00abel 90% del alumnado con autismo es v\u00edctima de acoso escolar, circunstancia que se agrava en las caso de ni\u00f1as y adolescentes\u00bb.<\/p>\n<p>Se suma el <b>apoyo a la vida independiente<\/b>, dado que \u00abla mayor\u00eda de los hombres y mujeres con TEA en edad adulta viven en el hogar familiar, con una escasa participaci\u00f3n social y comunitaria. Por ello, es preciso desarrollar y promover el acceso efectivo a la asistencia personal, en el marco del servicio de atenci\u00f3n a la dependencia, as\u00ed como impulsar servicios y recursos flexibles y especializados de apoyo a la vida adulta, incluyendo el acceso a una vivienda independiente al hogar familiar. Tambi\u00e9n falta formaci\u00f3n especializada en los equipos profesionales vinculados al reconocimiento de la situaci\u00f3n de dependencia y apoyo a la autonom\u00eda personal\u00bb.  <b>Una necesidad apoyo que tambi\u00e9n tienen las familias<\/b>: \u00abreclamamos el acceso garantizado a la prestaci\u00f3n por <a href=\"https:\/\/www.20minutos.es\/noticia\/5654123\/0\/asi-es-cume-prestacion-para-padres-que-cuidan-menores-con-enfermedades-graves-compensa-reduccion-jornada\/\" title='As\u00ed es la CUME, la prestaci\u00f3n para padres que cuidan de menores con enfermedades graves: \"Compensa la reducci\u00f3n de jornada\"'>Cuidado de menores afectados por c\u00e1ncer u otra enfermedad grave (CUME)<\/a>, que garantice la conciliaci\u00f3n familiar a las familias de personas con autismo con grandes necesidades de apoyo\u201d.<\/p>\n<p>Por \u00faltimo, <b>acceso a un empleo de calidad<\/b>, dado que \u00abentre el 70 y el 90% del colectivo se encuentra en situaci\u00f3n de desempleo, resulta fundamental tanto el despliegue efectivo del empleo con apoyo como la reserva del 1% del cupo de discapacidad en las convocatorias de empleo p\u00fablico para personas con autismo sin discapacidad intelectual asociada\u00bb. <\/p>\n<h2>ONCE: \u00abNada incluye m\u00e1s que un empleo\u00bb<\/h2>\n<p>Desde el <b>Grupo Social ONCE<\/b>, su presidente, Miguel Carballeda nos traslada que \u00abqueremos aprovechar este d\u00eda para<b> reivindicar la igualdad en el acceso a una oportunidad de trabajo<\/b>, el empleo como herramienta de normalizaci\u00f3n; de inclusi\u00f3n; de querer ser unos ciudadanos m\u00e1s; de ganarse el salario y los derechos de los que habl\u00e1bamos; de labrarse un futuro al lado de la sociedad, de la que ser parte activa. Porque nada incluye m\u00e1s que un empleo, esto es, la capacidad de poder contar con un salario -pero no solo-; la capacidad de aportar, de sentirse \u00fatil, de no verse apartado, de sentirse parte y no parte excluida, de ser un ciudadano de primera. Esta reivindicaci\u00f3n coincide con un hito hist\u00f3rico en el Grupo Social <a href=\"https:\/\/www.20minutos.es\/minuteca\/once\/\" title=\"ONCE\" target=\"_blank\">ONCE<\/a>, que acaba de superar los 75.000 trabajadores y trabajadoras, 45.000 de ellos con discapacidad (un 60%) ofreciendo as\u00ed su mejor testimonio y la mejor carta de presentaci\u00f3n y acreditaci\u00f3n de la capacidad de estos conciudadanos\u00bb. <\/p>\n<h2>COCEMFE: \u00abLas personas con discapacidad seguimos siendo discriminadas y no podemos esperar m\u00e1s\u00bb<\/h2>\n<p>La<b> Confederaci\u00f3n Espa\u00f1ola de Personas con Discapacidad F\u00edsica y Org\u00e1nica (COCEMFE) <\/b>y su Movimiento Asociativo han presentado un documento con<b> 35 medidas contra la discriminaci\u00f3n<\/b> dirigido al Gobierno central y los diferentes gobiernos auton\u00f3micos con el objetivo de que las adopten en sus respectivas responsabilidades para derribar las barreras que impiden el ejercicio de derechos de las personas con discapacidad en igualdad de condiciones.<\/p>\n<p>Estas medidas atienden a cuestiones como rentas y empleo; educaci\u00f3n; accesibilidad; autonom\u00eda personal, vida independiente y atenci\u00f3n a las situaciones de dependencia, y salud y espacio sociosanitario. En palabras de<b> su presidente, Anxo Queiruga<\/b>, \u00ablas personas con discapacidad seguimos siendo discriminadas a diario y no podemos esperar m\u00e1s a cuestiones como poder disponer de<b> una vivienda accesible, asequible y adaptable, un empleo digno, el acceso a prestaciones para personas vulnerables<\/b>, tener una educaci\u00f3n inclusiva, la financiaci\u00f3n p\u00fablica de los <b>productos sanitarios que necesitamos<\/b>, el abordaje integral de las enfermedades cr\u00f3nicas que tenemos o apoyos para nuestra autonom\u00eda y la prevenci\u00f3n de la institucionalizaci\u00f3n\u00bb. <\/p>\n<h2>Da\u00f1o Cerebral Estatal: \u00abUn Plan Nacional con protocolos de atenci\u00f3n estandarizados y de calidad\u00bb<\/h2>\n<p>En Espa\u00f1a viven alrededor de<b> medio mill\u00f3n de personas con da\u00f1o cerebral adquirido (DCA)<\/b>, por eso desde la <b>Federaci\u00f3n Da\u00f1o Cerebral Estatal<\/b>, la principal reivindicaci\u00f3n de este a\u00f1o es la creaci\u00f3n de un<b> Plan Nacional de Atenci\u00f3n al Da\u00f1o Cerebral Adquirido<\/b> \u00abque permita unificar los criterios y coordinar los diferentes actores sociosanitarios implicados en la atenci\u00f3n a las personas con DCA y sus familias, de forma que sea igual en todo el territorio nacional y se garantice la continuidad asistencial que estas personas necesitan\u00bb. <\/p>\n<p>Adem\u00e1s, durante este a\u00f1o 2024 han reivindicado una herramienta concreta que favorecer\u00eda esta continuidad asistencial: el <b>C\u00f3digo Diagn\u00f3stico DCA al Alta Hospitalaria<\/b>, \u00abla asistencia continuada al DCA solo se puede ofrecer si las personas, en el momento del alta hospitalaria, saben qu\u00e9 les ocurre y se les prescribe el resto de recursos que necesitan. Si salen del hospital con una<b> lesi\u00f3n cerebral<\/b> que les limita para la cual no tienen nombre, la posibilidad de recibir atenci\u00f3n continuada depende de su lugar de residencia o de la capacidad econ\u00f3mica de su familia, por ejemplo. Un Plan Nacional garantizar\u00eda que cualquier persona pudiera acceder a protocolos de atenci\u00f3n estandarizados y de calidad\u00bb. <\/p>\n<h2>CEDDD: \u00abEquilibrio entre educaci\u00f3n ordinaria y especial, garantizar el derecho de las familias a elegir\u00bb<\/h2>\n<p>Desde <b>CEDDD, el Consejo Espa\u00f1ol para la Defensa de la Discapacidad y la Dependencia<\/b>, al ser una organizaci\u00f3n muy amplia, que a\u00fana diferentes entidades de muy diversa \u00edndole, tienen varias reivindicaciones para este d\u00eda que han querido resumir en estos cinco puntos:<\/p>\n<p><b>Respecto a la educaci\u00f3n, \u00ab<\/b>restablecer el equilibrio entre educaci\u00f3n ordinaria y especial, garantizar el derecho de las familias a elegir, y prevenir el acoso a personas con discapacidad\u00bb. En cuanto al <b>empleo,<\/b> \u00abunificar los Centros Especiales de Empleo, garantizar igualdad salarial y oportunidades, e incluir apoyo econ\u00f3mico y atenci\u00f3n sanitaria preventiva\u00bb.<\/p>\n<p><b>En materia de salud y Atenci\u00f3n Temprana,<\/b> \u00abmejorar la salud mental con m\u00e1s recursos y tiempos de espera menores, implementar un plan nacional de atenci\u00f3n temprana y ampliar la cobertura de baja visi\u00f3n\u00bb.<\/p>\n<p>Piden adem\u00e1s aumentar el presupuesto para la <b>dependencia<\/b>, simplificando tr\u00e1mites, promoviendo atenci\u00f3n domiciliaria, ampliando plazas p\u00fablicas y equiparando el IVA para los servicios de dependencia, as\u00ed como garantizar la aplicaci\u00f3n efectiva de normativas de <b>accesibilidad<\/b>, eliminar barreras y facilitar adaptaciones en comunidades con personas mayores o con discapacidad..<\/p>\n<h2>Cermi, por una vivienda &#8216;digna y accesible&#8217; para las persona con discapacidad<\/h2>\n<p><a href=\"https:\/\/www.20minutos.es\/minuteca\/cermi\/\" title=\"Cermi\" target=\"_blank\">CERMI<\/a> ha querido aprovechar este d\u00eda mundial para reivindicar la necesidad de una vivienda digna y adecuada para las personas con discapacidad. As\u00ed lo ha expuesto <a href=\"https:\/\/cermi.es\/novedad\/manifiesto-del-movimiento-cermi-con-motivo-del-3-de-diciembre-de-2024-dia-internacional-y-europeo-de-las-personas-con-discapacidad\" target=\"_blank\" rel=\"nofollow\">en un manifiesto<\/a> en el que destaca que una<b> \u00abvivienda digna  y adecuada\u00bb <\/b>es un derecho fundamental y un \u00absoporte vital\u00bb de la autonom\u00eda y la independencia de las personas con discapacidad\u00bb. <\/p>\n<p>Desde el CERMI destacan que no se trata de un asunto m\u00e1s para las personas con discapacidad, es \u00abel gran asunto, y lo ser\u00e1 m\u00e1s en un futuro inmediato\u00bb, ya que tienen derecho a<b> \u00abvivir en un domicilio libremente elegido con los apoyos que precise <\/b>y perteneciendo y participando de comunidad\u00bb. Para el Comit\u00e9, es necesario que la vivienda cumpla con tres elementos, que sea accesible,<b> asequible e inclusiva<\/b>. <\/p>\n<p>Sin embargo, como denuncian, casi el 70% de las viviendas no cumplen las condiciones de accesibilidad necesarias para personas con discapacidad y personas mayores. Para solucionar el elemento de la <a href=\"https:\/\/www.20minutos.es\/minuteca\/accesibilidad\/\" title=\"Accesibilidad\" target=\"_blank\">accesibilidad<\/a>, el CERMI plantea un programa de acci\u00f3n, con medidas como una reforma de la <b>Ley de Propiedad Horizontal <\/b>o la creaci\u00f3n por Ley de un Fondo Estatal de Promoci\u00f3n de la <b>Accesibilidad Universal<\/b>. Tambi\u00e9n \u00abnuevas prestaciones p\u00fablicas\u00bb en materia de vivienda para personas con discapacidad o la regulaci\u00f3n de una fiscalidad proactiva para este grupo de personas y su entorno familiar.<\/p>\n<h2>Plena Inclusi\u00f3n pide \u00abun Pacto de estado para la dignificaci\u00f3n de los cuidados\u00bb<\/h2>\n<p>\u00abEn el a\u00f1o 2025 nos enfrentamos a la situaci\u00f3n m\u00e1s cr\u00edtica en t\u00e9rminos de sostenibilidad para las entidades de Plena inclusi\u00f3n de los \u00faltimos 15 a\u00f1os\u00bb, asegura <b>Enrique Galv\u00e1n, director de Plena inclusi\u00f3n Espa\u00f1a<\/b>. El motivo: la infrafinanciaci\u00f3n de la entidades del sector, principales responsables del<b> sistema de cuidados <\/b>en nuestro pa\u00eds. \u00abVivimos una crisis desconocida desde la que azot\u00f3 al Tercer Sector en el periodo comprendido entre 2008-2012, explica  Galv\u00e1n, \u00absi las administraciones p\u00fablicas no lo remedian, en 2025<b> la amenaza de cierre sobrevuela como una realidad<\/b> para asociaciones que prestan apoyos fundamentales a miles de personas con discapacidad intelectual y a sus familias\u00bb.<\/p>\n<p>Seg\u00fan Galv\u00e1n, todo esto \u00absupone un riesgo que cuestiona el ejercicio de los derechos humanos de muchas personas y sus familias. <b>Se precisa de manera urgente una estrategia sostenida de inversi\u00f3n social<\/b> para apuntalar este cuarto pilar del Estado de Bienestar que hoy, desgraciadamente, se tambalea\u00bb.<\/p>\n<p>Con el fin de dar la voz de alarma y sensibilizar a responsables pol\u00edticos y a la sociedad espa\u00f1ola, Plena inclusi\u00f3n ha lanzado la campa\u00f1a <b>#SinRecursosNOhayCuidados<\/b>. Se trata de una acci\u00f3n de incidencia pol\u00edtica y sensibilizaci\u00f3n social planta sus bases te\u00f3ricas en el documento <a href=\"https:\/\/www.plenainclusion.org\/wp-content\/uploads\/2024\/06\/Plena-inclusion.-Por-un-Pacto-de-Estado-Dignificacion-apoyos-y-cuidados.pdf\" target=\"_blank\" rel=\"nofollow\">&#8216;Por un Pacto de Estado para la Dignificaci\u00f3n del Sector de los Apoyos y los Cuidados&#8217;<\/a>.<\/p>\n<\/p>\n<\/div>\n<p>Fuente: Discapacidad https:\/\/www.20minutos.es\/noticia\/5659045\/0\/mundo-asociativo-alza-voz-para-reivindicar-sus-derechos\/<\/p>\n","protected":false},"excerpt":{"rendered":"<p>La ONU eligi\u00f3 en 1992 el 3 de diciembre como el D\u00eda Internacional de las Personas con Discapacidad, una fecha para reivindicar los derechos de 1.300 millones de personas.<\/p>\n","protected":false},"author":1,"featured_media":0,"comment_status":"closed","ping_status":"closed","sticky":false,"template":"","format":"standard","meta":{"footnotes":""},"categories":[8],"tags":[],"class_list":["post-10620","post","type-post","status-publish","format-standard","hentry","category-noticias"],"yoast_head":"<!-- This site is optimized with the Yoast SEO plugin v27.4 - https:\/\/yoast.com\/product\/yoast-seo-wordpress\/ -->\n<title>Vivienda, empleo, financiaci\u00f3n, accesibilidad... Las asociaciones de la discapacidad reivindican sus derechos - Asociaci\u00f3n Espa\u00f1ola S\u00edndrome de Charge<\/title>\n<meta name=\"robots\" content=\"index, follow, max-snippet:-1, max-image-preview:large, max-video-preview:-1\" \/>\n<link rel=\"canonical\" href=\"https:\/\/sindromecharge.es\/index.php\/2024\/12\/03\/mundo-asociativo-alza-voz-para-reivindicar-sus-derechos\/\" \/>\n<meta property=\"og:locale\" content=\"es_ES\" \/>\n<meta property=\"og:type\" content=\"article\" \/>\n<meta property=\"og:title\" content=\"Vivienda, empleo, financiaci\u00f3n, accesibilidad... Las asociaciones de la discapacidad reivindican sus derechos - Asociaci\u00f3n Espa\u00f1ola S\u00edndrome de Charge\" \/>\n<meta property=\"og:description\" content=\"La ONU eligi\u00f3 en 1992 el 3 de diciembre como el D\u00eda Internacional de las Personas con Discapacidad, una fecha para reivindicar los derechos de 1.300 millones de personas.\" \/>\n<meta property=\"og:url\" content=\"https:\/\/sindromecharge.es\/index.php\/2024\/12\/03\/mundo-asociativo-alza-voz-para-reivindicar-sus-derechos\/\" \/>\n<meta property=\"og:site_name\" content=\"Asociaci\u00f3n Espa\u00f1ola S\u00edndrome de Charge\" \/>\n<meta property=\"article:publisher\" content=\"https:\/\/www.facebook.com\/asociacionsindromecharge\" \/>\n<meta property=\"article:published_time\" content=\"2024-12-03T06:16:55+00:00\" \/>\n<meta property=\"og:image\" content=\"https:\/\/sindromecharge.es\/wp-content\/uploads\/2013\/09\/logodecharge300x98.png\" \/>\n\t<meta property=\"og:image:width\" content=\"300\" \/>\n\t<meta property=\"og:image:height\" content=\"98\" \/>\n\t<meta property=\"og:image:type\" content=\"image\/png\" \/>\n<meta name=\"author\" content=\"Charge\" \/>\n<meta name=\"twitter:card\" content=\"summary_large_image\" \/>\n<meta name=\"twitter:creator\" content=\"@sindromecharge\" \/>\n<meta name=\"twitter:site\" content=\"@sindromecharge\" \/>\n<meta name=\"twitter:label1\" content=\"Escrito por\" \/>\n\t<meta name=\"twitter:data1\" content=\"Charge\" \/>\n\t<meta name=\"twitter:label2\" content=\"Tiempo de lectura\" \/>\n\t<meta name=\"twitter:data2\" content=\"11 minutos\" \/>\n<script type=\"application\/ld+json\" class=\"yoast-schema-graph\">{\"@context\":\"https:\\\/\\\/schema.org\",\"@graph\":[{\"@type\":\"Article\",\"@id\":\"https:\\\/\\\/sindromecharge.es\\\/index.php\\\/2024\\\/12\\\/03\\\/mundo-asociativo-alza-voz-para-reivindicar-sus-derechos\\\/#article\",\"isPartOf\":{\"@id\":\"https:\\\/\\\/sindromecharge.es\\\/index.php\\\/2024\\\/12\\\/03\\\/mundo-asociativo-alza-voz-para-reivindicar-sus-derechos\\\/\"},\"author\":{\"name\":\"Charge\",\"@id\":\"https:\\\/\\\/sindromecharge.es\\\/#\\\/schema\\\/person\\\/39a60ebe0a2b4d5a11179701e336b039\"},\"headline\":\"Vivienda, empleo, financiaci\u00f3n, accesibilidad&#8230; Las asociaciones de la discapacidad reivindican sus derechos\",\"datePublished\":\"2024-12-03T06:16:55+00:00\",\"mainEntityOfPage\":{\"@id\":\"https:\\\/\\\/sindromecharge.es\\\/index.php\\\/2024\\\/12\\\/03\\\/mundo-asociativo-alza-voz-para-reivindicar-sus-derechos\\\/\"},\"wordCount\":2286,\"articleSection\":[\"noticias\"],\"inLanguage\":\"es\"},{\"@type\":\"WebPage\",\"@id\":\"https:\\\/\\\/sindromecharge.es\\\/index.php\\\/2024\\\/12\\\/03\\\/mundo-asociativo-alza-voz-para-reivindicar-sus-derechos\\\/\",\"url\":\"https:\\\/\\\/sindromecharge.es\\\/index.php\\\/2024\\\/12\\\/03\\\/mundo-asociativo-alza-voz-para-reivindicar-sus-derechos\\\/\",\"name\":\"Vivienda, empleo, financiaci\u00f3n, accesibilidad... Las asociaciones de la discapacidad reivindican sus derechos - Asociaci\u00f3n Espa\u00f1ola S\u00edndrome de Charge\",\"isPartOf\":{\"@id\":\"https:\\\/\\\/sindromecharge.es\\\/#website\"},\"datePublished\":\"2024-12-03T06:16:55+00:00\",\"author\":{\"@id\":\"https:\\\/\\\/sindromecharge.es\\\/#\\\/schema\\\/person\\\/39a60ebe0a2b4d5a11179701e336b039\"},\"breadcrumb\":{\"@id\":\"https:\\\/\\\/sindromecharge.es\\\/index.php\\\/2024\\\/12\\\/03\\\/mundo-asociativo-alza-voz-para-reivindicar-sus-derechos\\\/#breadcrumb\"},\"inLanguage\":\"es\",\"potentialAction\":[{\"@type\":\"ReadAction\",\"target\":[\"https:\\\/\\\/sindromecharge.es\\\/index.php\\\/2024\\\/12\\\/03\\\/mundo-asociativo-alza-voz-para-reivindicar-sus-derechos\\\/\"]}]},{\"@type\":\"BreadcrumbList\",\"@id\":\"https:\\\/\\\/sindromecharge.es\\\/index.php\\\/2024\\\/12\\\/03\\\/mundo-asociativo-alza-voz-para-reivindicar-sus-derechos\\\/#breadcrumb\",\"itemListElement\":[{\"@type\":\"ListItem\",\"position\":1,\"name\":\"Portada\",\"item\":\"https:\\\/\\\/sindromecharge.es\\\/\"},{\"@type\":\"ListItem\",\"position\":2,\"name\":\"Vivienda, empleo, financiaci\u00f3n, accesibilidad&#8230; Las asociaciones de la discapacidad reivindican sus derechos\"}]},{\"@type\":\"WebSite\",\"@id\":\"https:\\\/\\\/sindromecharge.es\\\/#website\",\"url\":\"https:\\\/\\\/sindromecharge.es\\\/\",\"name\":\"Asociaci\u00f3n Espa\u00f1ola S\u00edndrome de Charge\",\"description\":\"\",\"potentialAction\":[{\"@type\":\"SearchAction\",\"target\":{\"@type\":\"EntryPoint\",\"urlTemplate\":\"https:\\\/\\\/sindromecharge.es\\\/?s={search_term_string}\"},\"query-input\":{\"@type\":\"PropertyValueSpecification\",\"valueRequired\":true,\"valueName\":\"search_term_string\"}}],\"inLanguage\":\"es\"},{\"@type\":\"Person\",\"@id\":\"https:\\\/\\\/sindromecharge.es\\\/#\\\/schema\\\/person\\\/39a60ebe0a2b4d5a11179701e336b039\",\"name\":\"Charge\",\"image\":{\"@type\":\"ImageObject\",\"inLanguage\":\"es\",\"@id\":\"https:\\\/\\\/secure.gravatar.com\\\/avatar\\\/c3b46e32a0fc3b093a0873fb767bf3293de856293065e84ef06b7ec7a8acfb98?s=96&d=identicon&r=x\",\"url\":\"https:\\\/\\\/secure.gravatar.com\\\/avatar\\\/c3b46e32a0fc3b093a0873fb767bf3293de856293065e84ef06b7ec7a8acfb98?s=96&d=identicon&r=x\",\"contentUrl\":\"https:\\\/\\\/secure.gravatar.com\\\/avatar\\\/c3b46e32a0fc3b093a0873fb767bf3293de856293065e84ef06b7ec7a8acfb98?s=96&d=identicon&r=x\",\"caption\":\"Charge\"},\"url\":\"https:\\\/\\\/sindromecharge.es\\\/index.php\\\/author\\\/admin\\\/\"}]}<\/script>\n<!-- \/ Yoast SEO plugin. -->","yoast_head_json":{"title":"Vivienda, empleo, financiaci\u00f3n, accesibilidad... Las asociaciones de la discapacidad reivindican sus derechos - Asociaci\u00f3n Espa\u00f1ola S\u00edndrome de Charge","robots":{"index":"index","follow":"follow","max-snippet":"max-snippet:-1","max-image-preview":"max-image-preview:large","max-video-preview":"max-video-preview:-1"},"canonical":"https:\/\/sindromecharge.es\/index.php\/2024\/12\/03\/mundo-asociativo-alza-voz-para-reivindicar-sus-derechos\/","og_locale":"es_ES","og_type":"article","og_title":"Vivienda, empleo, financiaci\u00f3n, accesibilidad... Las asociaciones de la discapacidad reivindican sus derechos - Asociaci\u00f3n Espa\u00f1ola S\u00edndrome de Charge","og_description":"La ONU eligi\u00f3 en 1992 el 3 de diciembre como el D\u00eda Internacional de las Personas con Discapacidad, una fecha para reivindicar los derechos de 1.300 millones de personas.","og_url":"https:\/\/sindromecharge.es\/index.php\/2024\/12\/03\/mundo-asociativo-alza-voz-para-reivindicar-sus-derechos\/","og_site_name":"Asociaci\u00f3n Espa\u00f1ola S\u00edndrome de Charge","article_publisher":"https:\/\/www.facebook.com\/asociacionsindromecharge","article_published_time":"2024-12-03T06:16:55+00:00","og_image":[{"width":300,"height":98,"url":"https:\/\/sindromecharge.es\/wp-content\/uploads\/2013\/09\/logodecharge300x98.png","type":"image\/png"}],"author":"Charge","twitter_card":"summary_large_image","twitter_creator":"@sindromecharge","twitter_site":"@sindromecharge","twitter_misc":{"Escrito por":"Charge","Tiempo de lectura":"11 minutos"},"schema":{"@context":"https:\/\/schema.org","@graph":[{"@type":"Article","@id":"https:\/\/sindromecharge.es\/index.php\/2024\/12\/03\/mundo-asociativo-alza-voz-para-reivindicar-sus-derechos\/#article","isPartOf":{"@id":"https:\/\/sindromecharge.es\/index.php\/2024\/12\/03\/mundo-asociativo-alza-voz-para-reivindicar-sus-derechos\/"},"author":{"name":"Charge","@id":"https:\/\/sindromecharge.es\/#\/schema\/person\/39a60ebe0a2b4d5a11179701e336b039"},"headline":"Vivienda, empleo, financiaci\u00f3n, accesibilidad&#8230; Las asociaciones de la discapacidad reivindican sus derechos","datePublished":"2024-12-03T06:16:55+00:00","mainEntityOfPage":{"@id":"https:\/\/sindromecharge.es\/index.php\/2024\/12\/03\/mundo-asociativo-alza-voz-para-reivindicar-sus-derechos\/"},"wordCount":2286,"articleSection":["noticias"],"inLanguage":"es"},{"@type":"WebPage","@id":"https:\/\/sindromecharge.es\/index.php\/2024\/12\/03\/mundo-asociativo-alza-voz-para-reivindicar-sus-derechos\/","url":"https:\/\/sindromecharge.es\/index.php\/2024\/12\/03\/mundo-asociativo-alza-voz-para-reivindicar-sus-derechos\/","name":"Vivienda, empleo, financiaci\u00f3n, accesibilidad... Las asociaciones de la discapacidad reivindican sus derechos - Asociaci\u00f3n Espa\u00f1ola S\u00edndrome de Charge","isPartOf":{"@id":"https:\/\/sindromecharge.es\/#website"},"datePublished":"2024-12-03T06:16:55+00:00","author":{"@id":"https:\/\/sindromecharge.es\/#\/schema\/person\/39a60ebe0a2b4d5a11179701e336b039"},"breadcrumb":{"@id":"https:\/\/sindromecharge.es\/index.php\/2024\/12\/03\/mundo-asociativo-alza-voz-para-reivindicar-sus-derechos\/#breadcrumb"},"inLanguage":"es","potentialAction":[{"@type":"ReadAction","target":["https:\/\/sindromecharge.es\/index.php\/2024\/12\/03\/mundo-asociativo-alza-voz-para-reivindicar-sus-derechos\/"]}]},{"@type":"BreadcrumbList","@id":"https:\/\/sindromecharge.es\/index.php\/2024\/12\/03\/mundo-asociativo-alza-voz-para-reivindicar-sus-derechos\/#breadcrumb","itemListElement":[{"@type":"ListItem","position":1,"name":"Portada","item":"https:\/\/sindromecharge.es\/"},{"@type":"ListItem","position":2,"name":"Vivienda, empleo, financiaci\u00f3n, accesibilidad&#8230; Las asociaciones de la discapacidad reivindican sus derechos"}]},{"@type":"WebSite","@id":"https:\/\/sindromecharge.es\/#website","url":"https:\/\/sindromecharge.es\/","name":"Asociaci\u00f3n Espa\u00f1ola S\u00edndrome de Charge","description":"","potentialAction":[{"@type":"SearchAction","target":{"@type":"EntryPoint","urlTemplate":"https:\/\/sindromecharge.es\/?s={search_term_string}"},"query-input":{"@type":"PropertyValueSpecification","valueRequired":true,"valueName":"search_term_string"}}],"inLanguage":"es"},{"@type":"Person","@id":"https:\/\/sindromecharge.es\/#\/schema\/person\/39a60ebe0a2b4d5a11179701e336b039","name":"Charge","image":{"@type":"ImageObject","inLanguage":"es","@id":"https:\/\/secure.gravatar.com\/avatar\/c3b46e32a0fc3b093a0873fb767bf3293de856293065e84ef06b7ec7a8acfb98?s=96&d=identicon&r=x","url":"https:\/\/secure.gravatar.com\/avatar\/c3b46e32a0fc3b093a0873fb767bf3293de856293065e84ef06b7ec7a8acfb98?s=96&d=identicon&r=x","contentUrl":"https:\/\/secure.gravatar.com\/avatar\/c3b46e32a0fc3b093a0873fb767bf3293de856293065e84ef06b7ec7a8acfb98?s=96&d=identicon&r=x","caption":"Charge"},"url":"https:\/\/sindromecharge.es\/index.php\/author\/admin\/"}]}},"_links":{"self":[{"href":"https:\/\/sindromecharge.es\/index.php\/wp-json\/wp\/v2\/posts\/10620","targetHints":{"allow":["GET"]}}],"collection":[{"href":"https:\/\/sindromecharge.es\/index.php\/wp-json\/wp\/v2\/posts"}],"about":[{"href":"https:\/\/sindromecharge.es\/index.php\/wp-json\/wp\/v2\/types\/post"}],"author":[{"embeddable":true,"href":"https:\/\/sindromecharge.es\/index.php\/wp-json\/wp\/v2\/users\/1"}],"replies":[{"embeddable":true,"href":"https:\/\/sindromecharge.es\/index.php\/wp-json\/wp\/v2\/comments?post=10620"}],"version-history":[{"count":0,"href":"https:\/\/sindromecharge.es\/index.php\/wp-json\/wp\/v2\/posts\/10620\/revisions"}],"wp:attachment":[{"href":"https:\/\/sindromecharge.es\/index.php\/wp-json\/wp\/v2\/media?parent=10620"}],"wp:term":[{"taxonomy":"category","embeddable":true,"href":"https:\/\/sindromecharge.es\/index.php\/wp-json\/wp\/v2\/categories?post=10620"},{"taxonomy":"post_tag","embeddable":true,"href":"https:\/\/sindromecharge.es\/index.php\/wp-json\/wp\/v2\/tags?post=10620"}],"curies":[{"name":"wp","href":"https:\/\/api.w.org\/{rel}","templated":true}]}}