{"id":10614,"date":"2024-12-02T06:27:19","date_gmt":"2024-12-02T06:27:19","guid":{"rendered":"https:\/\/sindromecharge.es\/index.php\/2024\/12\/02\/zalando-entra-lleno-moda-adaptativa-queremos-que-todas-las-personas-sean-cual-sea-su-condicion-vida-tengan-acceso-moda\/"},"modified":"2024-12-02T06:27:19","modified_gmt":"2024-12-02T06:27:19","slug":"zalando-entra-lleno-moda-adaptativa-queremos-que-todas-las-personas-sean-cual-sea-su-condicion-vida-tengan-acceso-moda","status":"publish","type":"post","link":"https:\/\/sindromecharge.es\/index.php\/2024\/12\/02\/zalando-entra-lleno-moda-adaptativa-queremos-que-todas-las-personas-sean-cual-sea-su-condicion-vida-tengan-acceso-moda\/","title":{"rendered":"Zalando apuesta por las personas con discapacidad: \u00abQueremos que toda la persona tenga acceso a la moda\u00bb"},"content":{"rendered":"<p>Leemos en Discapacidad la siguiente noticia que os reproducimos de forma \u00edntegra: <\/p>\n<div>\n<p>La <a href=\"https:\/\/www.20minutos.es\/minuteca\/discapacidad\/\" title=\"Discapacidad\" target=\"_blank\">discapacidad<\/a> est\u00e1 saliendo cada vez m\u00e1s del armario y, gracias a su esfuerzo por dejarse ver, las marcas cada vez tienen m\u00e1s en cuenta a las <b>personas con discapacidad <\/b>y sus necesidades m\u00e1s all\u00e1 de lo sanitario o lo social, tambi\u00e9n como consumidores. Una buena muestra de ello es que, con lentitud y a\u00fan <b>con mucha infrarrepresentaci\u00f3n<\/b>, cada vez se ven m\u00e1s personas con discapacidad en el mundo de la cultura, del entretenimiento y de la moda. Un ejemplo es Zalando, una empresa de moda, con m\u00e1s de 50 millones de clientes en el mundo, que decidi\u00f3 hace cuatro meterse de lleno en el mundo de la discapacidad y empezar a hacer <b>moda adaptativa<\/b>.<\/p>\n<p>\u00abZalando tiene su <b>estrategia de diversidad e inclusi\u00f3n <\/b>en la que entran todo tipo de iniciativas. Haciendo esta estrategia, vimos que hab\u00eda un grupo de consumidores al que no est\u00e1bamos atendiendo, dando servicio, y que era <b>un nicho de mercado que adem\u00e1s era muy numeroso\u00bb<\/b>, asegur\u00f3 Joelle Esmor\u00eds, portavoz corporativa en la presentaci\u00f3n de la marca en Espa\u00f1a, \u00abcomo queremos que cualquier persona, en cualquier situaci\u00f3n vital, tenga acceso a la moda, decidimos <b>meternos de lleno en la moda adaptativa<\/b>, y no solo para la gente que tuviera una discapacidad de manera cr\u00f3nica, sino que tambi\u00e9n para discapacidades temporales\u00bb.<\/p>\n<p>El reto era complejo, pues, como reconoce Joelle, son expertos en moda, no es discapacidad, as\u00ed que lo primero que hicieron fue formar a sus dise\u00f1adores e<b> investigar cu\u00e1les eran las necesidades de estas personas<\/b>, \u00abnos dimos cuenta de que, adem\u00e1s de que hay desconocimiento general, tanto de la discapacidad como de la moda adaptativa, la ropa que hab\u00eda, era muy poca, la mayor\u00eda ten\u00eda un enfoque muy cl\u00ednico y para personas mayores, primaba la funcionalidad sobre el estilo y era muy cara\u00bb. <\/p>\n<p>Empezaron a formar a los equipos, a contactar con partners, a crear <b>mesas redondas con personas con discapacidad <\/b>para que les transmitieran sus necesidades y en dos a\u00f1os, en 2022 sacaron su primera colecci\u00f3n bajo sus marcas, \u00abfueron dos a\u00f1os de formaci\u00f3n, de investigaci\u00f3n para ver qu\u00e9 se necesitaba, porque no hay un solo patr\u00f3n de moda adaptativa, hay much\u00edsimas funcionalidades, y no quer\u00edamos solo atender a las discapacidades que se ven, sino tambi\u00e9n a las que no se ven como los problemas de destreza en las manos, sensibilidad textil, etc.\u00bb.<\/p>\n<p>Cuatro a\u00f1os despu\u00e9s, ya han puesto a disposici\u00f3n de las personas con discapacidad<b> m\u00e1s de 500 productos<\/b> y tienen distintas colecciones dirigidas a distintas edades y estilos, desde moda deportiva, hasta m\u00e1s elegante, tanto de su marca como de marcas que habitualmente encontramos en su plataforma. Entre sus pr\u00f3ximos retos<b>: crear moda de ba\u00f1o y seguir ampliando el cat\u00e1logo<\/b>.<\/p>\n<h2>La moda por encima de todo<\/h2>\n<p>En estrategia de Zalando en cuando a moda adaptativa es la <a href=\"https:\/\/www.20minutos.es\/minuteca\/inclusion\/\" title=\"Inclusi\u00f3n\" target=\"_blank\">inclusi\u00f3n<\/a>, es decir, que, aunque tienen un &#8216;hub&#8217; dedicado exclusivamente a las prendas adaptativas para que sea f\u00e1cil encontrarlas, quieren dejar claro que \u00abla moda es lo primero\u00bb, que la moda est\u00e9 por encima de la discapacidad. Por eso, <b>primero piensan en una prensa que guste, que sea actual, etc. y luego la adaptan<\/b>, algo que creen que es lo que no es estaba haciendo hasta ahora, \u00abqueremos que las personas con discapacidad o las personas que les visten, tengan opciones para vestirse a la moda, con ropa que les guste, y que adem\u00e1s, est\u00e9 adaptada a sus necesidades\u00bb. <\/p>\n<p><b>La atleta Desir\u00e9e Vila<\/b>, que intervino telem\u00e1ticamente en la presentaci\u00f3n, cont\u00f3 que a ella, que <b>perdi\u00f3 la pierna muy joven<\/b> y que adem\u00e1s es muy coqueta, siempre le ha costado encontrar cosas que le gustan, adaptadas a ella y que, adem\u00e1s, no fueran caras, \u00absobre todo con <b>los leggins que utilizo para entrenar, porque siempre ten\u00eda que cortar la pernera<\/b> para pon\u00e9rmelos m\u00e1s f\u00e1cilmente, porque si no cuesta mucho. O llevarlos a arreglar, con el sobrecoste que supone, cuando no, como me ocurri\u00f3 una vez, cortas la pernera que no es y tienes que tirarlas a la basura\u00bb, cont\u00f3 ri\u00e9ndose, \u00aby los vaqueros siempre se me desgastan mucho m\u00e1s de la parte en la que llevo la pr\u00f3tesis\u00bb. <\/p>\n<h1>\u00abPor suerte, cada vez m\u00e1s marcas tienen en cuenta la diversidad, la discapacidad ya no es algo de lo que no se habla, que est\u00e1 oculto\u00bb (Desir\u00e9e Vila)<\/h1>\n<p>\u00abCon el calzado es peor a\u00fan. <b>Ya he aceptado que no puedo ponerme tacones, y menos de aguja<\/b>, pero pod\u00edan hacer sandalias de plataforma m\u00e1s bonitas para vestir, que tengo que ir a muchos eventos y siempre tengo problemas para encontrar unas monas que me combinen con los vestidos\u00bb, dice bromeando.<\/p>\n<p>Desir\u00e9e, a quien al principio le costaba mucho ense\u00f1ar la pr\u00f3tesis porque se avergonzaba de ella, cree que la ropa no es algo trivial y que, para personas j\u00f3venes y coquetas como ella, y que adem\u00e1s tienen una discapacidad sobrevenida,<b> es muy importante sentirse bien con su f\u00edsico<\/b>, \u00ab<span>por suerte, cada vez m\u00e1s marcas tienen en cuenta la diversidad, <\/span>la discapacidad ya no es algo de lo que no se habla, que est\u00e1 oculto\u2026\u00bb. <\/p>\n<h2>La importancia del feed-back de los consumidores<\/h2>\n<p>Apostar por la diversidad, por la discapacidad puede dar cierto miedo y respeto, pero desde Zalando, como confirma Joselle, enseguida se dieron cuenta de que, m\u00e1s all\u00e1 del \u00e9xito empresarial, hab\u00edan acertado por la respuesta que recib\u00edan de los consumidores \u00abadem\u00e1s de que notamos muchas m\u00e1s b\u00fasquedas de moda adaptada, respondieron desde el principio d\u00e1ndonos feedback. Muchas personas, nada m\u00e1s comprar, nos escrib\u00edan cont\u00e1ndonos sus impresiones y <b>dici\u00e9ndonos en qu\u00e9 pod\u00edamos mejorar<\/b>, as\u00ed que decidimos hacerlo de manera autom\u00e1tica cada vez que nos comprar alguna prenda de la colecci\u00f3n\u00bb. <\/p>\n<p>Esta estrategia les sirve a aprendizaje y para mejorar tanto la funcionalidad de los productos como para dar respuesta a m\u00e1s necesidades, \u00abel feed back que recibimos en cada vez mayor y muy positivo, algo que nos ayuda a seguir mejorando, a hacer descripciones cada vez m\u00e1s detalladas y a crear <b>prendas con m\u00e1s de una funcionalidad<\/b>. As\u00ed, por ejemplo, hay una chaqueta que es <b>corta para que sea c\u00f3moda llevar en una <a href=\"https:\/\/www.20minutos.es\/minuteca\/silla-de-ruedas\/\" title=\"Silla de ruedas\" target=\"_blank\">silla de ruedas<\/a><\/b>, pero a la vez tiene el enganche de la cremallera m\u00e1s grande para las personas que tengan poca destreza manual, el enganche es magn\u00e9tico\u2026 o pantalones con botones en la pernera, que sirve para personas con sillas de ruedas, con pr\u00f3tesis o para <b>facilitar la tarea si les viste otra persona<\/b>, etc. Y esto lo hemos hechos con muchos productos, productos que, adem\u00e1s, puede usar cualquiera, tengan o no discapacidad, porque son bonitos, y est\u00e1n dentro de la plataforma general de la web, no solo en el hub de moda adaptada\u00bb, explica.<\/p>\n<h2>El precio, como el de cualquier producto<\/h2>\n<p>Otro de los objetivos que se marcaron a la hora de dise\u00f1ar las prendas adaptadas fue el <b>precio<\/b>, pues es una de las barreras que m\u00e1s se encuentran las personas con discapacidad, ya sea porque las prendas en s\u00ed son m\u00e1s<b> caras<\/b> o porque hay que adaptarlas despu\u00e9s. Por este motivo, las prendas de sus colecciones est\u00e1n entre los 19,99 y los 59,99 euros, en la media del resto de sus colecciones. Si optan por una de sus marcas partners, el precio s\u00ed puede m\u00e1s elevado, pues se trata de marcas de por s\u00ed m\u00e1s caras, sean adatadas o no, \u00abquer\u00edamos que nuestros productos adaptados, los de nuestra marca<b>, estuvieran dentro de un rango muy asequible<\/b>, como el de cualquier colecci\u00f3n\u00bb.<\/p>\n<p>Dado el \u00e9xito que est\u00e1n teniendo, el objetivo de Zalando es seguir creciendo para ofrecer cada vez m\u00e1s variedad. Siguen investigando, est\u00e1n ya dise\u00f1ando una colecci\u00f3n de ba\u00f1o e i<b>nvitan a todas las marcas que se venden en su plataforma a apostar por la moda adaptativa<\/b> para que la oferta sea cada vez mayor, \u00aba las que a\u00fan no se han animado a apostar por la moda adaptativa, les animamos a que lo hagan, incluso ponemos a su disposici\u00f3n todo el conocimiento que hemos ido adquiriendo estos a\u00f1os, porque la idea es que cada vez haya m\u00e1s marcas que se animen y nuestros consumidores tengan m\u00e1s opciones\u00bb. <\/p>\n<h1>Quer\u00edamos que nuestros productos adaptados, los de nuestra marca, estuvieran dentro de un rango muy asequible, como el de cualquier colecci\u00f3n<\/h1>\n<p>Adem\u00e1s, seguir\u00e1n apostando por la<b> diversidad, tambi\u00e9n en sus campa\u00f1as publicitarias<\/b>, \u00ablas personas con discapacidad est\u00e1n infrarrepresentadas en las campa\u00f1as de marketing, por eso decidimos que ten\u00edan que estar presentes en nuestras campa\u00f1as nosotros las tenemos en cuenta tambi\u00e9n para que sean protagonistas de nuestras campa\u00f1as\u00bb. <\/p>\n<p>Todo ello ayudara a que, poco a poco,<b> las personas se sientan cada vez m\u00e1s incluidas <\/b>en la sociedad, para qie, como ocurre con las prendas adaptadas, \u00abse fomente cada vez m\u00e1s su autonom\u00eda y su autoestima, que les hagamos la vida m\u00e1s f\u00e1cil, tanto a ellos como a las personas que los cuidan si lo necesitan\u00bb.<\/p>\n<\/div>\n<p>Fuente: Discapacidad https:\/\/www.20minutos.es\/noticia\/5658595\/0\/zalando-entra-lleno-moda-adaptativa-queremos-que-todas-las-personas-sean-cual-sea-su-condicion-vida-tengan-acceso-moda\/<\/p>\n","protected":false},"excerpt":{"rendered":"<p>Zalando ha creado varias colecciones de moda adaptativa dise\u00f1adas para personas con discapacidad.<\/p>\n","protected":false},"author":1,"featured_media":0,"comment_status":"closed","ping_status":"closed","sticky":false,"template":"","format":"standard","meta":{"footnotes":""},"categories":[8],"tags":[],"class_list":["post-10614","post","type-post","status-publish","format-standard","hentry","category-noticias"],"yoast_head":"<!-- This site is optimized with the Yoast SEO plugin v27.5 - https:\/\/yoast.com\/product\/yoast-seo-wordpress\/ -->\n<title>Zalando apuesta por las personas con discapacidad: &quot;Queremos que toda la persona tenga acceso a la moda&quot; - Asociaci\u00f3n Espa\u00f1ola S\u00edndrome de Charge<\/title>\n<meta name=\"robots\" content=\"index, follow, max-snippet:-1, max-image-preview:large, max-video-preview:-1\" \/>\n<link rel=\"canonical\" href=\"https:\/\/sindromecharge.es\/index.php\/2024\/12\/02\/zalando-entra-lleno-moda-adaptativa-queremos-que-todas-las-personas-sean-cual-sea-su-condicion-vida-tengan-acceso-moda\/\" \/>\n<meta property=\"og:locale\" content=\"es_ES\" \/>\n<meta property=\"og:type\" content=\"article\" \/>\n<meta property=\"og:title\" content=\"Zalando apuesta por las personas con discapacidad: &quot;Queremos que toda la persona tenga acceso a la moda&quot; - Asociaci\u00f3n Espa\u00f1ola S\u00edndrome de Charge\" \/>\n<meta property=\"og:description\" content=\"Zalando ha creado varias colecciones de moda adaptativa dise\u00f1adas para personas con discapacidad.\" \/>\n<meta property=\"og:url\" content=\"https:\/\/sindromecharge.es\/index.php\/2024\/12\/02\/zalando-entra-lleno-moda-adaptativa-queremos-que-todas-las-personas-sean-cual-sea-su-condicion-vida-tengan-acceso-moda\/\" \/>\n<meta property=\"og:site_name\" content=\"Asociaci\u00f3n Espa\u00f1ola S\u00edndrome de Charge\" \/>\n<meta property=\"article:publisher\" content=\"https:\/\/www.facebook.com\/asociacionsindromecharge\" \/>\n<meta property=\"article:published_time\" content=\"2024-12-02T06:27:19+00:00\" \/>\n<meta property=\"og:image\" content=\"https:\/\/sindromecharge.es\/wp-content\/uploads\/2013\/09\/logodecharge300x98.png\" \/>\n\t<meta property=\"og:image:width\" content=\"300\" \/>\n\t<meta property=\"og:image:height\" content=\"98\" \/>\n\t<meta property=\"og:image:type\" content=\"image\/png\" \/>\n<meta name=\"author\" content=\"Charge\" \/>\n<meta name=\"twitter:card\" content=\"summary_large_image\" \/>\n<meta name=\"twitter:creator\" content=\"@sindromecharge\" \/>\n<meta name=\"twitter:site\" content=\"@sindromecharge\" \/>\n<meta name=\"twitter:label1\" content=\"Escrito por\" \/>\n\t<meta name=\"twitter:data1\" content=\"Charge\" \/>\n\t<meta name=\"twitter:label2\" content=\"Tiempo de lectura\" \/>\n\t<meta name=\"twitter:data2\" content=\"8 minutos\" \/>\n<script type=\"application\/ld+json\" class=\"yoast-schema-graph\">{\"@context\":\"https:\\\/\\\/schema.org\",\"@graph\":[{\"@type\":\"Article\",\"@id\":\"https:\\\/\\\/sindromecharge.es\\\/index.php\\\/2024\\\/12\\\/02\\\/zalando-entra-lleno-moda-adaptativa-queremos-que-todas-las-personas-sean-cual-sea-su-condicion-vida-tengan-acceso-moda\\\/#article\",\"isPartOf\":{\"@id\":\"https:\\\/\\\/sindromecharge.es\\\/index.php\\\/2024\\\/12\\\/02\\\/zalando-entra-lleno-moda-adaptativa-queremos-que-todas-las-personas-sean-cual-sea-su-condicion-vida-tengan-acceso-moda\\\/\"},\"author\":{\"name\":\"Charge\",\"@id\":\"https:\\\/\\\/sindromecharge.es\\\/#\\\/schema\\\/person\\\/39a60ebe0a2b4d5a11179701e336b039\"},\"headline\":\"Zalando apuesta por las personas con discapacidad: \u00abQueremos que toda la persona tenga acceso a la moda\u00bb\",\"datePublished\":\"2024-12-02T06:27:19+00:00\",\"mainEntityOfPage\":{\"@id\":\"https:\\\/\\\/sindromecharge.es\\\/index.php\\\/2024\\\/12\\\/02\\\/zalando-entra-lleno-moda-adaptativa-queremos-que-todas-las-personas-sean-cual-sea-su-condicion-vida-tengan-acceso-moda\\\/\"},\"wordCount\":1618,\"articleSection\":[\"noticias\"],\"inLanguage\":\"es\"},{\"@type\":\"WebPage\",\"@id\":\"https:\\\/\\\/sindromecharge.es\\\/index.php\\\/2024\\\/12\\\/02\\\/zalando-entra-lleno-moda-adaptativa-queremos-que-todas-las-personas-sean-cual-sea-su-condicion-vida-tengan-acceso-moda\\\/\",\"url\":\"https:\\\/\\\/sindromecharge.es\\\/index.php\\\/2024\\\/12\\\/02\\\/zalando-entra-lleno-moda-adaptativa-queremos-que-todas-las-personas-sean-cual-sea-su-condicion-vida-tengan-acceso-moda\\\/\",\"name\":\"Zalando apuesta por las personas con discapacidad: \\\"Queremos que toda la persona tenga acceso a la moda\\\" - Asociaci\u00f3n Espa\u00f1ola S\u00edndrome de Charge\",\"isPartOf\":{\"@id\":\"https:\\\/\\\/sindromecharge.es\\\/#website\"},\"datePublished\":\"2024-12-02T06:27:19+00:00\",\"author\":{\"@id\":\"https:\\\/\\\/sindromecharge.es\\\/#\\\/schema\\\/person\\\/39a60ebe0a2b4d5a11179701e336b039\"},\"breadcrumb\":{\"@id\":\"https:\\\/\\\/sindromecharge.es\\\/index.php\\\/2024\\\/12\\\/02\\\/zalando-entra-lleno-moda-adaptativa-queremos-que-todas-las-personas-sean-cual-sea-su-condicion-vida-tengan-acceso-moda\\\/#breadcrumb\"},\"inLanguage\":\"es\",\"potentialAction\":[{\"@type\":\"ReadAction\",\"target\":[\"https:\\\/\\\/sindromecharge.es\\\/index.php\\\/2024\\\/12\\\/02\\\/zalando-entra-lleno-moda-adaptativa-queremos-que-todas-las-personas-sean-cual-sea-su-condicion-vida-tengan-acceso-moda\\\/\"]}]},{\"@type\":\"BreadcrumbList\",\"@id\":\"https:\\\/\\\/sindromecharge.es\\\/index.php\\\/2024\\\/12\\\/02\\\/zalando-entra-lleno-moda-adaptativa-queremos-que-todas-las-personas-sean-cual-sea-su-condicion-vida-tengan-acceso-moda\\\/#breadcrumb\",\"itemListElement\":[{\"@type\":\"ListItem\",\"position\":1,\"name\":\"Portada\",\"item\":\"https:\\\/\\\/sindromecharge.es\\\/\"},{\"@type\":\"ListItem\",\"position\":2,\"name\":\"Zalando apuesta por las personas con discapacidad: &#8220;Queremos que toda la persona tenga acceso a la moda&#8221;\"}]},{\"@type\":\"WebSite\",\"@id\":\"https:\\\/\\\/sindromecharge.es\\\/#website\",\"url\":\"https:\\\/\\\/sindromecharge.es\\\/\",\"name\":\"Asociaci\u00f3n Espa\u00f1ola S\u00edndrome de Charge\",\"description\":\"\",\"potentialAction\":[{\"@type\":\"SearchAction\",\"target\":{\"@type\":\"EntryPoint\",\"urlTemplate\":\"https:\\\/\\\/sindromecharge.es\\\/?s={search_term_string}\"},\"query-input\":{\"@type\":\"PropertyValueSpecification\",\"valueRequired\":true,\"valueName\":\"search_term_string\"}}],\"inLanguage\":\"es\"},{\"@type\":\"Person\",\"@id\":\"https:\\\/\\\/sindromecharge.es\\\/#\\\/schema\\\/person\\\/39a60ebe0a2b4d5a11179701e336b039\",\"name\":\"Charge\",\"image\":{\"@type\":\"ImageObject\",\"inLanguage\":\"es\",\"@id\":\"https:\\\/\\\/secure.gravatar.com\\\/avatar\\\/c3b46e32a0fc3b093a0873fb767bf3293de856293065e84ef06b7ec7a8acfb98?s=96&d=identicon&r=x\",\"url\":\"https:\\\/\\\/secure.gravatar.com\\\/avatar\\\/c3b46e32a0fc3b093a0873fb767bf3293de856293065e84ef06b7ec7a8acfb98?s=96&d=identicon&r=x\",\"contentUrl\":\"https:\\\/\\\/secure.gravatar.com\\\/avatar\\\/c3b46e32a0fc3b093a0873fb767bf3293de856293065e84ef06b7ec7a8acfb98?s=96&d=identicon&r=x\",\"caption\":\"Charge\"},\"url\":\"https:\\\/\\\/sindromecharge.es\\\/index.php\\\/author\\\/admin\\\/\"}]}<\/script>\n<!-- \/ Yoast SEO plugin. -->","yoast_head_json":{"title":"Zalando apuesta por las personas con discapacidad: \"Queremos que toda la persona tenga acceso a la moda\" - Asociaci\u00f3n Espa\u00f1ola S\u00edndrome de Charge","robots":{"index":"index","follow":"follow","max-snippet":"max-snippet:-1","max-image-preview":"max-image-preview:large","max-video-preview":"max-video-preview:-1"},"canonical":"https:\/\/sindromecharge.es\/index.php\/2024\/12\/02\/zalando-entra-lleno-moda-adaptativa-queremos-que-todas-las-personas-sean-cual-sea-su-condicion-vida-tengan-acceso-moda\/","og_locale":"es_ES","og_type":"article","og_title":"Zalando apuesta por las personas con discapacidad: \"Queremos que toda la persona tenga acceso a la moda\" - Asociaci\u00f3n Espa\u00f1ola S\u00edndrome de Charge","og_description":"Zalando ha creado varias colecciones de moda adaptativa dise\u00f1adas para personas con discapacidad.","og_url":"https:\/\/sindromecharge.es\/index.php\/2024\/12\/02\/zalando-entra-lleno-moda-adaptativa-queremos-que-todas-las-personas-sean-cual-sea-su-condicion-vida-tengan-acceso-moda\/","og_site_name":"Asociaci\u00f3n Espa\u00f1ola S\u00edndrome de Charge","article_publisher":"https:\/\/www.facebook.com\/asociacionsindromecharge","article_published_time":"2024-12-02T06:27:19+00:00","og_image":[{"width":300,"height":98,"url":"https:\/\/sindromecharge.es\/wp-content\/uploads\/2013\/09\/logodecharge300x98.png","type":"image\/png"}],"author":"Charge","twitter_card":"summary_large_image","twitter_creator":"@sindromecharge","twitter_site":"@sindromecharge","twitter_misc":{"Escrito por":"Charge","Tiempo de lectura":"8 minutos"},"schema":{"@context":"https:\/\/schema.org","@graph":[{"@type":"Article","@id":"https:\/\/sindromecharge.es\/index.php\/2024\/12\/02\/zalando-entra-lleno-moda-adaptativa-queremos-que-todas-las-personas-sean-cual-sea-su-condicion-vida-tengan-acceso-moda\/#article","isPartOf":{"@id":"https:\/\/sindromecharge.es\/index.php\/2024\/12\/02\/zalando-entra-lleno-moda-adaptativa-queremos-que-todas-las-personas-sean-cual-sea-su-condicion-vida-tengan-acceso-moda\/"},"author":{"name":"Charge","@id":"https:\/\/sindromecharge.es\/#\/schema\/person\/39a60ebe0a2b4d5a11179701e336b039"},"headline":"Zalando apuesta por las personas con discapacidad: \u00abQueremos que toda la persona tenga acceso a la moda\u00bb","datePublished":"2024-12-02T06:27:19+00:00","mainEntityOfPage":{"@id":"https:\/\/sindromecharge.es\/index.php\/2024\/12\/02\/zalando-entra-lleno-moda-adaptativa-queremos-que-todas-las-personas-sean-cual-sea-su-condicion-vida-tengan-acceso-moda\/"},"wordCount":1618,"articleSection":["noticias"],"inLanguage":"es"},{"@type":"WebPage","@id":"https:\/\/sindromecharge.es\/index.php\/2024\/12\/02\/zalando-entra-lleno-moda-adaptativa-queremos-que-todas-las-personas-sean-cual-sea-su-condicion-vida-tengan-acceso-moda\/","url":"https:\/\/sindromecharge.es\/index.php\/2024\/12\/02\/zalando-entra-lleno-moda-adaptativa-queremos-que-todas-las-personas-sean-cual-sea-su-condicion-vida-tengan-acceso-moda\/","name":"Zalando apuesta por las personas con discapacidad: \"Queremos que toda la persona tenga acceso a la moda\" - Asociaci\u00f3n Espa\u00f1ola S\u00edndrome de Charge","isPartOf":{"@id":"https:\/\/sindromecharge.es\/#website"},"datePublished":"2024-12-02T06:27:19+00:00","author":{"@id":"https:\/\/sindromecharge.es\/#\/schema\/person\/39a60ebe0a2b4d5a11179701e336b039"},"breadcrumb":{"@id":"https:\/\/sindromecharge.es\/index.php\/2024\/12\/02\/zalando-entra-lleno-moda-adaptativa-queremos-que-todas-las-personas-sean-cual-sea-su-condicion-vida-tengan-acceso-moda\/#breadcrumb"},"inLanguage":"es","potentialAction":[{"@type":"ReadAction","target":["https:\/\/sindromecharge.es\/index.php\/2024\/12\/02\/zalando-entra-lleno-moda-adaptativa-queremos-que-todas-las-personas-sean-cual-sea-su-condicion-vida-tengan-acceso-moda\/"]}]},{"@type":"BreadcrumbList","@id":"https:\/\/sindromecharge.es\/index.php\/2024\/12\/02\/zalando-entra-lleno-moda-adaptativa-queremos-que-todas-las-personas-sean-cual-sea-su-condicion-vida-tengan-acceso-moda\/#breadcrumb","itemListElement":[{"@type":"ListItem","position":1,"name":"Portada","item":"https:\/\/sindromecharge.es\/"},{"@type":"ListItem","position":2,"name":"Zalando apuesta por las personas con discapacidad: &#8220;Queremos que toda la persona tenga acceso a la moda&#8221;"}]},{"@type":"WebSite","@id":"https:\/\/sindromecharge.es\/#website","url":"https:\/\/sindromecharge.es\/","name":"Asociaci\u00f3n Espa\u00f1ola S\u00edndrome de Charge","description":"","potentialAction":[{"@type":"SearchAction","target":{"@type":"EntryPoint","urlTemplate":"https:\/\/sindromecharge.es\/?s={search_term_string}"},"query-input":{"@type":"PropertyValueSpecification","valueRequired":true,"valueName":"search_term_string"}}],"inLanguage":"es"},{"@type":"Person","@id":"https:\/\/sindromecharge.es\/#\/schema\/person\/39a60ebe0a2b4d5a11179701e336b039","name":"Charge","image":{"@type":"ImageObject","inLanguage":"es","@id":"https:\/\/secure.gravatar.com\/avatar\/c3b46e32a0fc3b093a0873fb767bf3293de856293065e84ef06b7ec7a8acfb98?s=96&d=identicon&r=x","url":"https:\/\/secure.gravatar.com\/avatar\/c3b46e32a0fc3b093a0873fb767bf3293de856293065e84ef06b7ec7a8acfb98?s=96&d=identicon&r=x","contentUrl":"https:\/\/secure.gravatar.com\/avatar\/c3b46e32a0fc3b093a0873fb767bf3293de856293065e84ef06b7ec7a8acfb98?s=96&d=identicon&r=x","caption":"Charge"},"url":"https:\/\/sindromecharge.es\/index.php\/author\/admin\/"}]}},"_links":{"self":[{"href":"https:\/\/sindromecharge.es\/index.php\/wp-json\/wp\/v2\/posts\/10614","targetHints":{"allow":["GET"]}}],"collection":[{"href":"https:\/\/sindromecharge.es\/index.php\/wp-json\/wp\/v2\/posts"}],"about":[{"href":"https:\/\/sindromecharge.es\/index.php\/wp-json\/wp\/v2\/types\/post"}],"author":[{"embeddable":true,"href":"https:\/\/sindromecharge.es\/index.php\/wp-json\/wp\/v2\/users\/1"}],"replies":[{"embeddable":true,"href":"https:\/\/sindromecharge.es\/index.php\/wp-json\/wp\/v2\/comments?post=10614"}],"version-history":[{"count":0,"href":"https:\/\/sindromecharge.es\/index.php\/wp-json\/wp\/v2\/posts\/10614\/revisions"}],"wp:attachment":[{"href":"https:\/\/sindromecharge.es\/index.php\/wp-json\/wp\/v2\/media?parent=10614"}],"wp:term":[{"taxonomy":"category","embeddable":true,"href":"https:\/\/sindromecharge.es\/index.php\/wp-json\/wp\/v2\/categories?post=10614"},{"taxonomy":"post_tag","embeddable":true,"href":"https:\/\/sindromecharge.es\/index.php\/wp-json\/wp\/v2\/tags?post=10614"}],"curies":[{"name":"wp","href":"https:\/\/api.w.org\/{rel}","templated":true}]}}