{"id":10613,"date":"2024-11-30T07:39:14","date_gmt":"2024-11-30T07:39:14","guid":{"rendered":"https:\/\/sindromecharge.es\/index.php\/2024\/11\/30\/piden-que-no-se-elimine-mejora-los-productos-ortoprotesicos-perjudica-los-que-menos-recursos-tienen\/"},"modified":"2024-11-30T07:39:14","modified_gmt":"2024-11-30T07:39:14","slug":"piden-que-no-se-elimine-mejora-los-productos-ortoprotesicos-perjudica-los-que-menos-recursos-tienen","status":"publish","type":"post","link":"https:\/\/sindromecharge.es\/index.php\/2024\/11\/30\/piden-que-no-se-elimine-mejora-los-productos-ortoprotesicos-perjudica-los-que-menos-recursos-tienen\/","title":{"rendered":"Piden que no se elimine la &#8216;mejora&#8217; de los productos ortoprot\u00e9sicos: \u00abPerjudica a los que menos recursos tienen\u00bb"},"content":{"rendered":"<p>Leemos en Discapacidad la siguiente noticia que os reproducimos de forma \u00edntegra: <\/p>\n<div>\n<p>En Espa\u00f1a, las personas que necesitan alg\u00fan tipo de <b>producto ortoprot\u00e9sico<\/b>, como una de ruedas o una pr\u00f3tesis, pueden acceder a ella <b>a trav\u00e9s de la Sanidad P\u00fablica<\/b>. El facultativo correspondiente le &#8216;receta&#8217; la que considera adecuada a sus necesidades, el paciente la adquiere en una ortopedia y despu\u00e9s, se le reembolsa la cantidad establecida.<\/p>\n<p>Esta cantidad depende de producto, un producto que tiene que estar recogido en <a href=\"https:\/\/www.sanidad.gob.es\/profesionales\/prestacionesSanitarias\/CarteraDeServicios\/ContenidoCS\/6PrestacionOrtoprotesica\/\" target=\"_blank\">este cat\u00e1logo<\/a>, que se consensua entre el Ministerio de Sanidad y las Comunidades Aut\u00f3nomas y que es com\u00fan a todo el territorio nacional. Posteriormente, <b>cada Comunidad Aut\u00f3noma puede mejorarlo<\/b>, es decir, o bien incluir m\u00e1s productos financiados o dar m\u00e1s dinero por ellos.<\/p>\n<p>Tambi\u00e9n, o al menos hasta hace un tiempo, existe lo que se conoce com\u00fanmente como &#8216;la mejora&#8217;. Es decir, que si el m\u00e9dico te receta un producto, pero, por tus necesidades o caracter\u00edsticas, quieres adquirir uno que es m\u00e1s caro, te lo compras y pagas solo la diferencia, \u00abantes era posible lo que com\u00fanmente llamamos nosotros &#8216;la mejora&#8217;, que quiere decir que<b> el usuario puede pagar de su bolsillo el exceso<\/b>, porque en el sistema de financiaci\u00f3n hay un importe m\u00e1ximo que se financia y, a partir de esa cantidad, el usuario asume el importe si quiere un producto m\u00e1s caro. Eso se permit\u00eda en todas partes\u00bb, explica <b>Daniel-Anibal Garc\u00eda Diego Secretario Finanzas COCEMFE.<\/b><\/p>\n<p>Tanto como desde personas an\u00f3nimas como desde entidades como COCEMFE denuncian que el Ministerio ha mermado esta posibilidad y que,<b> a no ser que lo decida cada autonom\u00eda<\/b>, esta mejora no ser\u00eda posible, es decir, que <b>la prestaci\u00f3n econ\u00f3mica que se adjudica debe ir solo destinada al producto prescrito<\/b>, y si quieres un producto m\u00e1s caro, tendr\u00e1s que pagarlo entero, \u00abahora mismo esa mejora ya no es, digamos, obligatoria, y cada comunidad aut\u00f3noma puede permitirla o no, y hay comunidades aut\u00f3nomas que no aceptan que el paciente pague la diferencia\u00bb. <\/p>\n<h1>Nuestra postura es que esa mejora exista, pero, sobre todo, que el producto financiado sea el que el usuario necesita, que cubra sus necesidades<\/h1>\n<p>Desde COCEMFE est\u00e1n a favor de que esta mejora exista siempre y en todas las comunidades, \u00abnuestra postura es que esa mejora pueda existir, pero sobre todo, <b>que el producto financiado sea bueno<\/b>, de calidad, el que el usuario necesita, que cubra sus necesidades, pero que si, aun as\u00ed, quiero una mejor, poder cubrir esa diferencia, porque si una silla vale 4.500 euros y lo m\u00e1ximo que pueden financiar es 3.000, tienes que poner 1.500 de tu bolsillo, pero si ni cubren nada porque no aceptan esa mejora, por la misma silla tendr\u00eda que pagar 4500, y eso casi nadie se lo puede permitir. Y esto no solo pasa con las sillas, para con todo el cat\u00e1logo\u00bb. <\/p>\n<p>Eliminar la mejora perjudicar\u00eda, por tanto, a los que menos tienen, \u00absi tienes una capacidad econ\u00f3mica modesta, quiz\u00e1s puedes pagar 1.500, pero no 4.500.<b> Esa mejora es la que les permite acceder a productos de m\u00e1s calidad<\/b>. Los que tengan capacidad econ\u00f3mica seguir\u00e1 usando el producto que deseen, pero los que no la tengan, antes pod\u00edan llegar haciendo un peque\u00f1o esfuerzo, y ahora no puedan\u00bb, explica Daniel-Anibal Garc\u00eda.<\/p>\n<p>Desde<b> FEDOP, la Federaci\u00f3n Espa\u00f1ola de Ortesistas y Protesistas <\/b>creen tambi\u00e9n que el nuevo sistema perjudica enormemente a los usuarios de la prestaci\u00f3n ortoprot\u00e9sica, \u00aby en mayor medida a las personas con <b>grandes discapacidades<\/b>, que necesitan de la \u00faltima innovaci\u00f3n para poder llevar una vida activa. Y les perjudica porque el sistema que se establece les excluye de la posibilidad de acceder a los \u00faltimos avances tecnol\u00f3gicos\u00bb, explica Pablo P\u00e9rez, su presidente, \u00abesto supone, por ejemplo, que, si una persona que usa mucho el coche quiere una<a href=\"https:\/\/www.20minutos.es\/minuteca\/silla-de-ruedas\/\" title=\"Silla de ruedas\" target=\"_blank\"> silla de ruedas<\/a> m\u00e1s ligera,<b> tendr\u00eda que pagarla en su totalidad perdiendo la prestaci\u00f3n<\/b>, o una persona amputada que realiza mucha actividad f\u00edsica y necesita una rodilla de \u00faltima generaci\u00f3n tambi\u00e9n tendr\u00eda que costearla \u00edntegramente\u00bb. <\/p>\n<h1>El sistema que se establece les excluye de la posibilidad de acceder a los \u00faltimos avances tecnol\u00f3gicos<\/h1>\n<h2>M\u00e1s desigualdad tambi\u00e9n entre comunidades<\/h2>\n<p>Desde FEDOP creen, adem\u00e1s, como se deja a criterio de las comunidades aplicar el tema de la mejora o no, esto <b>genera mucha desigualdad entre comunidades<\/b>, \u00abel Ministerio de Sanidad es el garante de la cartera de servicios comunes de prestaci\u00f3n ortoprot\u00e9sica. Sin embargo, son los servicios de salud de cada comunidad y las mutualidades quienes pueden establecer distintos criterios para la obtenci\u00f3n de la financiaci\u00f3n ortoprot\u00e9sica. Por lo tanto, esta puede variar mucho en los distintos territorios. Por ejemplo,<b> en Navarra tenemos el sistema m\u00e1s restrictivo<\/b> donde se establecen m\u00e1s criterios y m\u00e1s productos de especial prescripci\u00f3n sin aceptaci\u00f3n de mejora y, por lo tanto, con opciones muy limitadas, mientras que <b>en Madrid tenemos un sistema m\u00e1s abierto<\/b>, donde se admite la mejora de los productos y el acceso a la innovaci\u00f3n es m\u00e1s sencilla\u00bb, explica P\u00e9rez, \u00abpor el momento,<b> se han ido publicando distintas \u00f3rdenes o resoluciones en la mayor\u00eda de comunidades<\/b>, donde se establecen determinados criterios de la prestaci\u00f3n, como son los m\u00e9dicos prescriptores, requisitos, sistemas de pago o reembolso, etc.\u00bb<\/p>\n<p>Como consecuencia del cambio de legislaci\u00f3n, la mejora no est\u00e1, por tanto, establecida en todo el territorio, \u00ab<b>son muchas las comunidades que no la aceptan como<\/b>, por ejemplo, Navarra, Cantabria, Catalu\u00f1a, Andaluc\u00eda o Castilla-La Mancha. Los usuarios de estos territorios no pueden acceder a los productos de innovaci\u00f3n que superen el IMF (importe financiado)\u00bb.<\/p>\n<p>Desde FEDOP alertan, adem\u00e1s, de que se avecinan nuevos cambios, \u00abel sistema de Oferta previsto en la <a href=\"https:\/\/www.boe.es\/diario_boe\/txt.php?id=BOE-A-2019-856\" target=\"_blank\" rel=\"nofollow\">Orden SCB\/45\/2019 <\/a>-en la que se actualiz\u00f3 el cat\u00e1logo- va a comenzar a ser aplicado antes de terminar el a\u00f1o. Los productos incluidos en la aplicaci\u00f3n OFEPO (conjunto de productos ortoprot\u00e9sicos susceptibles de ser financiados por el Sistema Nacional de Salud) que hayan sido aprobados en la Oferta, se recoger\u00e1n en el <b>Nomencl\u00e1tor de prestaci\u00f3n ortoprot\u00e9sica<\/b>, un fichero que se actualizar\u00e1 mensualmente y que la Direcci\u00f3n General de Cartera Com\u00fan de Servicios del SNS y Farmacia <b>pondr\u00e1 a disposici\u00f3n de los responsables de prestaci\u00f3n ortoprot\u00e9sica <\/b>(comunidades aut\u00f3nomas y mutualidades) dando a estos la posibilidad de determinar dentro de ese nomencl\u00e1tor los productos que pueden prescribir sus servicios de salud\u00bb.<\/p>\n<h1>En el caso de muchos productos, como las sillas de ruedas, los importes financiados se establecieron antes de la inflaci\u00f3n que estamos sufriendo y no se han actualizado<\/h1>\n<p>A todo esto, hay que sumar lo que <b>ha subido mucho la inflaci\u00f3n<\/b>, porque la cantidad financiada no ha variado desde 2019, \u00aben el caso de muchos productos como son las sillas de ruedas, los IMF se establecieron antes de 2019, antes de la inflaci\u00f3n que estamos sufriendo y no se han actualizado, por lo tanto,<b> en muchos productos ya est\u00e1n obsoletos<\/b>. En este sentido, <b>lo que permite la mejora es que no se pierda la financiaci\u00f3n p\u00fablica<\/b> para aquellas personas que necesitan un producto que est\u00e9 por encima de dichos importes\u00bb.<\/p>\n<h2>Qu\u00e9 proponen desde COCEMFE y FEDOP<\/h2>\n<p>Desde el movimiento asociativo, tanto de la <a href=\"https:\/\/www.20minutos.es\/minuteca\/discapacidad\/\" title=\"Discapacidad\" target=\"_blank\">discapacidad<\/a> como de los profesionales de la ortopedia, piden varias cosas, pero, sobre todo, que se permita esta mejora en todas las comunidades, \u00abel cambio se hizo hace tiempo, pero son las comunidades, seg\u00fan han ido adaptando sus cat\u00e1logos cuando han ido adoptando esta decisi\u00f3n. Y muchas deciden no aceptar esa mejora\u00bb, recuerda Daniel-Anibal Garc\u00eda. Por eso demandan que, al menos, esto se respete, \u00abque al menos se mantenga la mejora, porque quitarla<b> a quien m\u00e1s afecta es a las personas con menos capacidad econ\u00f3mica<\/b>, porque tienen que elegir un producto que quiz\u00e1s no les cuadre porque no pueden pagarse otro entero\u00bb.<\/p>\n<p>Desde Cocemfe, piden, adem\u00e1s,<b> que el producto financiado sea el mejor posible<\/b>, y tengan en cuenta las necesidades y preferencias de los pacientes, que son, adem\u00e1s, los que mejor las conocen, \u00ablos productos se califican en grupos, en tipos, y dentro de ese tipo, hay muchos productos y marcas diferentes. Antes financiaban, por ejemplo, silla de ruedas tipo XX y dentro de esas, t\u00fa eleg\u00edas las que estaban financiadas, la marca y pagabas la diferencia. Ahora lo que hace muchas comunidades es<b> &#8216;obligar&#8217; a que el m\u00e9dico prescriba marca y modelo<\/b> y dan al paciente menos poder de decisi\u00f3n y obligan a elegir un producto que tal vez no es lo mejor por sus caracter\u00edsticas personales\u00bb.<\/p>\n<p>Desde FEDOP, que aseguran haber expuesto peri\u00f3dicamente sus inquietudes al Ministerio de Sanidad, creen que, ahora mismo, este sistema no solo <b>no se ajusta a las necesidades de los pacientes, sino que adem\u00e1s da\u00f1a la actividad del sector<\/b>.<\/p>\n<p>Las soluciones que defienden son:<\/p>\n<p>&#8211; La dispensaci\u00f3n de todos los productos incluidos en la Oferta por parte de todos los responsables de prestaciones ortoprot\u00e9sicas (servicios de salud de las comunidades aut\u00f3nomas y mutualidades de funcionarios). Es decir, el Nomencl\u00e1tor debe ser <b>de car\u00e1cter com\u00fan imperativo para todos los responsables de prestaci\u00f3n ortoprot\u00e9sica <\/b>en su integridad, asegurando la igualdad entre los pacientes de todo el territorio espa\u00f1ol, la unidad de mercado y la viabilidad de las empresas del sector de la Ortopedia.<\/p>\n<p>&#8211; La<b> prescripci\u00f3n del facultativo debe ser gen\u00e9rica<\/b> mediante el tipo de producto, no de productos concretos, ya que ser\u00eda perjudicial tanto para el usuario como para el sector.<\/p>\n<h1>Ahora dan al paciente menos poder de decisi\u00f3n y obligan a elegir un producto que tal vez no es lo mejor por sus caracter\u00edsticas personales<\/h1>\n<p><b>&#8211; Incorporaci\u00f3n de la &#8216;mejora&#8217; con car\u00e1cter nacional<\/b>, de manera que no quede al arbitrio de los responsables de la prestaci\u00f3n ortoprot\u00e9sica, sino que su aplicaci\u00f3n sea obligatoria para los mismos. Para una mejor atenci\u00f3n del paciente es absolutamente necesario que, cuando se trate de productos que superan el IMF, sean los propios pacientes los que decidan la elecci\u00f3n de un producto de superiores caracter\u00edsticas y en funci\u00f3n de sus necesidades, corriendo esa diferencia de importe a su cargo.<\/p>\n<p>&#8211; La <b>valoraci\u00f3n y revisi\u00f3n de los Importes M\u00e1ximos de Financiaci\u00f3n <\/b>que la ley exige que se realice anualmente. Mandato que no se ha llevado a cabo por parte del <a href=\"https:\/\/www.20minutos.es\/minuteca\/ministerio-de-sanidad\/\" title=\"Ministerio de Sanidad\" target=\"_blank\">Ministerio de Sanidad<\/a>, por lo cual, los IMF, a d\u00eda de hoy, est\u00e1n obsoletos respecto a la realidad del mercado.<\/p>\n<p>&#8211; <b>Prestaci\u00f3n ortoprot\u00e9sica en establecimientos sanitarios de ortopedia<\/b>. S\u00f3lo podr\u00e1n dispensar los productos ortoprot\u00e9sicos financiados por el Sistema Nacional de Salud los establecimientos sanitarios que cuenten con los debidos permisos administrativos para ello: Autorizaci\u00f3n de funcionamiento para la venta con adaptaci\u00f3n individualizada y licencia previa de funcionamiento para la fabricaci\u00f3n a medida de productos ortoprot\u00e9sicos.<\/p>\n<p><b>&#8211; Eliminaci\u00f3n o sustituci\u00f3n del precinto de los productos ortoprot\u00e9sicos<\/b>. El precinto autoadhesivo f\u00edsico propuesto en la Orden de Ortopedia dificulta enormemente la gesti\u00f3n de los fabricantes y hace imposible la digitalizaci\u00f3n, por lo tanto, apostamos por un sistema de identificaci\u00f3n digital, sencillo y trazable.<\/p>\n<\/div>\n<p>Fuente: Discapacidad https:\/\/www.20minutos.es\/noticia\/5659136\/0\/piden-que-no-se-elimine-mejora-los-productos-ortoprotesicos-perjudica-los-que-menos-recursos-tienen\/<\/p>\n","protected":false},"excerpt":{"rendered":"<p>Hasta la \u00faltima actualizaci\u00f3n, los usuarios pod\u00edan pagar de su bolsillo la diferencia si eleg\u00edan comprar un producto m\u00e1s caro que el que estaba financiado.<\/p>\n","protected":false},"author":1,"featured_media":0,"comment_status":"closed","ping_status":"closed","sticky":false,"template":"","format":"standard","meta":{"footnotes":""},"categories":[8],"tags":[],"class_list":["post-10613","post","type-post","status-publish","format-standard","hentry","category-noticias"],"yoast_head":"<!-- This site is optimized with the Yoast SEO plugin v27.5 - https:\/\/yoast.com\/product\/yoast-seo-wordpress\/ -->\n<title>Piden que no se elimine la &#039;mejora&#039; de los productos ortoprot\u00e9sicos: &quot;Perjudica a los que menos recursos tienen&quot; - Asociaci\u00f3n Espa\u00f1ola S\u00edndrome de Charge<\/title>\n<meta name=\"robots\" content=\"index, follow, max-snippet:-1, max-image-preview:large, max-video-preview:-1\" \/>\n<link rel=\"canonical\" href=\"https:\/\/sindromecharge.es\/index.php\/2024\/11\/30\/piden-que-no-se-elimine-mejora-los-productos-ortoprotesicos-perjudica-los-que-menos-recursos-tienen\/\" \/>\n<meta property=\"og:locale\" content=\"es_ES\" \/>\n<meta property=\"og:type\" content=\"article\" \/>\n<meta property=\"og:title\" content=\"Piden que no se elimine la &#039;mejora&#039; de los productos ortoprot\u00e9sicos: &quot;Perjudica a los que menos recursos tienen&quot; - Asociaci\u00f3n Espa\u00f1ola S\u00edndrome de Charge\" \/>\n<meta property=\"og:description\" content=\"Hasta la \u00faltima actualizaci\u00f3n, los usuarios pod\u00edan pagar de su bolsillo la diferencia si eleg\u00edan comprar un producto m\u00e1s caro que el que estaba financiado.\" \/>\n<meta property=\"og:url\" content=\"https:\/\/sindromecharge.es\/index.php\/2024\/11\/30\/piden-que-no-se-elimine-mejora-los-productos-ortoprotesicos-perjudica-los-que-menos-recursos-tienen\/\" \/>\n<meta property=\"og:site_name\" content=\"Asociaci\u00f3n Espa\u00f1ola S\u00edndrome de Charge\" \/>\n<meta property=\"article:publisher\" content=\"https:\/\/www.facebook.com\/asociacionsindromecharge\" \/>\n<meta property=\"article:published_time\" content=\"2024-11-30T07:39:14+00:00\" \/>\n<meta property=\"og:image\" content=\"https:\/\/sindromecharge.es\/wp-content\/uploads\/2013\/09\/logodecharge300x98.png\" \/>\n\t<meta property=\"og:image:width\" content=\"300\" \/>\n\t<meta property=\"og:image:height\" content=\"98\" \/>\n\t<meta property=\"og:image:type\" content=\"image\/png\" \/>\n<meta name=\"author\" content=\"Charge\" \/>\n<meta name=\"twitter:card\" content=\"summary_large_image\" \/>\n<meta name=\"twitter:creator\" content=\"@sindromecharge\" \/>\n<meta name=\"twitter:site\" content=\"@sindromecharge\" \/>\n<meta name=\"twitter:label1\" content=\"Escrito por\" \/>\n\t<meta name=\"twitter:data1\" content=\"Charge\" \/>\n\t<meta name=\"twitter:label2\" content=\"Tiempo de lectura\" \/>\n\t<meta name=\"twitter:data2\" content=\"10 minutos\" \/>\n<script type=\"application\/ld+json\" class=\"yoast-schema-graph\">{\"@context\":\"https:\\\/\\\/schema.org\",\"@graph\":[{\"@type\":\"Article\",\"@id\":\"https:\\\/\\\/sindromecharge.es\\\/index.php\\\/2024\\\/11\\\/30\\\/piden-que-no-se-elimine-mejora-los-productos-ortoprotesicos-perjudica-los-que-menos-recursos-tienen\\\/#article\",\"isPartOf\":{\"@id\":\"https:\\\/\\\/sindromecharge.es\\\/index.php\\\/2024\\\/11\\\/30\\\/piden-que-no-se-elimine-mejora-los-productos-ortoprotesicos-perjudica-los-que-menos-recursos-tienen\\\/\"},\"author\":{\"name\":\"Charge\",\"@id\":\"https:\\\/\\\/sindromecharge.es\\\/#\\\/schema\\\/person\\\/39a60ebe0a2b4d5a11179701e336b039\"},\"headline\":\"Piden que no se elimine la &#8216;mejora&#8217; de los productos ortoprot\u00e9sicos: \u00abPerjudica a los que menos recursos tienen\u00bb\",\"datePublished\":\"2024-11-30T07:39:14+00:00\",\"mainEntityOfPage\":{\"@id\":\"https:\\\/\\\/sindromecharge.es\\\/index.php\\\/2024\\\/11\\\/30\\\/piden-que-no-se-elimine-mejora-los-productos-ortoprotesicos-perjudica-los-que-menos-recursos-tienen\\\/\"},\"wordCount\":1975,\"articleSection\":[\"noticias\"],\"inLanguage\":\"es\"},{\"@type\":\"WebPage\",\"@id\":\"https:\\\/\\\/sindromecharge.es\\\/index.php\\\/2024\\\/11\\\/30\\\/piden-que-no-se-elimine-mejora-los-productos-ortoprotesicos-perjudica-los-que-menos-recursos-tienen\\\/\",\"url\":\"https:\\\/\\\/sindromecharge.es\\\/index.php\\\/2024\\\/11\\\/30\\\/piden-que-no-se-elimine-mejora-los-productos-ortoprotesicos-perjudica-los-que-menos-recursos-tienen\\\/\",\"name\":\"Piden que no se elimine la 'mejora' de los productos ortoprot\u00e9sicos: \\\"Perjudica a los que menos recursos tienen\\\" - Asociaci\u00f3n Espa\u00f1ola S\u00edndrome de Charge\",\"isPartOf\":{\"@id\":\"https:\\\/\\\/sindromecharge.es\\\/#website\"},\"datePublished\":\"2024-11-30T07:39:14+00:00\",\"author\":{\"@id\":\"https:\\\/\\\/sindromecharge.es\\\/#\\\/schema\\\/person\\\/39a60ebe0a2b4d5a11179701e336b039\"},\"breadcrumb\":{\"@id\":\"https:\\\/\\\/sindromecharge.es\\\/index.php\\\/2024\\\/11\\\/30\\\/piden-que-no-se-elimine-mejora-los-productos-ortoprotesicos-perjudica-los-que-menos-recursos-tienen\\\/#breadcrumb\"},\"inLanguage\":\"es\",\"potentialAction\":[{\"@type\":\"ReadAction\",\"target\":[\"https:\\\/\\\/sindromecharge.es\\\/index.php\\\/2024\\\/11\\\/30\\\/piden-que-no-se-elimine-mejora-los-productos-ortoprotesicos-perjudica-los-que-menos-recursos-tienen\\\/\"]}]},{\"@type\":\"BreadcrumbList\",\"@id\":\"https:\\\/\\\/sindromecharge.es\\\/index.php\\\/2024\\\/11\\\/30\\\/piden-que-no-se-elimine-mejora-los-productos-ortoprotesicos-perjudica-los-que-menos-recursos-tienen\\\/#breadcrumb\",\"itemListElement\":[{\"@type\":\"ListItem\",\"position\":1,\"name\":\"Portada\",\"item\":\"https:\\\/\\\/sindromecharge.es\\\/\"},{\"@type\":\"ListItem\",\"position\":2,\"name\":\"Piden que no se elimine la &#8216;mejora&#8217; de los productos ortoprot\u00e9sicos: &#8220;Perjudica a los que menos recursos tienen&#8221;\"}]},{\"@type\":\"WebSite\",\"@id\":\"https:\\\/\\\/sindromecharge.es\\\/#website\",\"url\":\"https:\\\/\\\/sindromecharge.es\\\/\",\"name\":\"Asociaci\u00f3n Espa\u00f1ola S\u00edndrome de Charge\",\"description\":\"\",\"potentialAction\":[{\"@type\":\"SearchAction\",\"target\":{\"@type\":\"EntryPoint\",\"urlTemplate\":\"https:\\\/\\\/sindromecharge.es\\\/?s={search_term_string}\"},\"query-input\":{\"@type\":\"PropertyValueSpecification\",\"valueRequired\":true,\"valueName\":\"search_term_string\"}}],\"inLanguage\":\"es\"},{\"@type\":\"Person\",\"@id\":\"https:\\\/\\\/sindromecharge.es\\\/#\\\/schema\\\/person\\\/39a60ebe0a2b4d5a11179701e336b039\",\"name\":\"Charge\",\"image\":{\"@type\":\"ImageObject\",\"inLanguage\":\"es\",\"@id\":\"https:\\\/\\\/secure.gravatar.com\\\/avatar\\\/c3b46e32a0fc3b093a0873fb767bf3293de856293065e84ef06b7ec7a8acfb98?s=96&d=identicon&r=x\",\"url\":\"https:\\\/\\\/secure.gravatar.com\\\/avatar\\\/c3b46e32a0fc3b093a0873fb767bf3293de856293065e84ef06b7ec7a8acfb98?s=96&d=identicon&r=x\",\"contentUrl\":\"https:\\\/\\\/secure.gravatar.com\\\/avatar\\\/c3b46e32a0fc3b093a0873fb767bf3293de856293065e84ef06b7ec7a8acfb98?s=96&d=identicon&r=x\",\"caption\":\"Charge\"},\"url\":\"https:\\\/\\\/sindromecharge.es\\\/index.php\\\/author\\\/admin\\\/\"}]}<\/script>\n<!-- \/ Yoast SEO plugin. -->","yoast_head_json":{"title":"Piden que no se elimine la 'mejora' de los productos ortoprot\u00e9sicos: \"Perjudica a los que menos recursos tienen\" - Asociaci\u00f3n Espa\u00f1ola S\u00edndrome de Charge","robots":{"index":"index","follow":"follow","max-snippet":"max-snippet:-1","max-image-preview":"max-image-preview:large","max-video-preview":"max-video-preview:-1"},"canonical":"https:\/\/sindromecharge.es\/index.php\/2024\/11\/30\/piden-que-no-se-elimine-mejora-los-productos-ortoprotesicos-perjudica-los-que-menos-recursos-tienen\/","og_locale":"es_ES","og_type":"article","og_title":"Piden que no se elimine la 'mejora' de los productos ortoprot\u00e9sicos: \"Perjudica a los que menos recursos tienen\" - Asociaci\u00f3n Espa\u00f1ola S\u00edndrome de Charge","og_description":"Hasta la \u00faltima actualizaci\u00f3n, los usuarios pod\u00edan pagar de su bolsillo la diferencia si eleg\u00edan comprar un producto m\u00e1s caro que el que estaba financiado.","og_url":"https:\/\/sindromecharge.es\/index.php\/2024\/11\/30\/piden-que-no-se-elimine-mejora-los-productos-ortoprotesicos-perjudica-los-que-menos-recursos-tienen\/","og_site_name":"Asociaci\u00f3n Espa\u00f1ola S\u00edndrome de Charge","article_publisher":"https:\/\/www.facebook.com\/asociacionsindromecharge","article_published_time":"2024-11-30T07:39:14+00:00","og_image":[{"width":300,"height":98,"url":"https:\/\/sindromecharge.es\/wp-content\/uploads\/2013\/09\/logodecharge300x98.png","type":"image\/png"}],"author":"Charge","twitter_card":"summary_large_image","twitter_creator":"@sindromecharge","twitter_site":"@sindromecharge","twitter_misc":{"Escrito por":"Charge","Tiempo de lectura":"10 minutos"},"schema":{"@context":"https:\/\/schema.org","@graph":[{"@type":"Article","@id":"https:\/\/sindromecharge.es\/index.php\/2024\/11\/30\/piden-que-no-se-elimine-mejora-los-productos-ortoprotesicos-perjudica-los-que-menos-recursos-tienen\/#article","isPartOf":{"@id":"https:\/\/sindromecharge.es\/index.php\/2024\/11\/30\/piden-que-no-se-elimine-mejora-los-productos-ortoprotesicos-perjudica-los-que-menos-recursos-tienen\/"},"author":{"name":"Charge","@id":"https:\/\/sindromecharge.es\/#\/schema\/person\/39a60ebe0a2b4d5a11179701e336b039"},"headline":"Piden que no se elimine la &#8216;mejora&#8217; de los productos ortoprot\u00e9sicos: \u00abPerjudica a los que menos recursos tienen\u00bb","datePublished":"2024-11-30T07:39:14+00:00","mainEntityOfPage":{"@id":"https:\/\/sindromecharge.es\/index.php\/2024\/11\/30\/piden-que-no-se-elimine-mejora-los-productos-ortoprotesicos-perjudica-los-que-menos-recursos-tienen\/"},"wordCount":1975,"articleSection":["noticias"],"inLanguage":"es"},{"@type":"WebPage","@id":"https:\/\/sindromecharge.es\/index.php\/2024\/11\/30\/piden-que-no-se-elimine-mejora-los-productos-ortoprotesicos-perjudica-los-que-menos-recursos-tienen\/","url":"https:\/\/sindromecharge.es\/index.php\/2024\/11\/30\/piden-que-no-se-elimine-mejora-los-productos-ortoprotesicos-perjudica-los-que-menos-recursos-tienen\/","name":"Piden que no se elimine la 'mejora' de los productos ortoprot\u00e9sicos: \"Perjudica a los que menos recursos tienen\" - Asociaci\u00f3n Espa\u00f1ola S\u00edndrome de Charge","isPartOf":{"@id":"https:\/\/sindromecharge.es\/#website"},"datePublished":"2024-11-30T07:39:14+00:00","author":{"@id":"https:\/\/sindromecharge.es\/#\/schema\/person\/39a60ebe0a2b4d5a11179701e336b039"},"breadcrumb":{"@id":"https:\/\/sindromecharge.es\/index.php\/2024\/11\/30\/piden-que-no-se-elimine-mejora-los-productos-ortoprotesicos-perjudica-los-que-menos-recursos-tienen\/#breadcrumb"},"inLanguage":"es","potentialAction":[{"@type":"ReadAction","target":["https:\/\/sindromecharge.es\/index.php\/2024\/11\/30\/piden-que-no-se-elimine-mejora-los-productos-ortoprotesicos-perjudica-los-que-menos-recursos-tienen\/"]}]},{"@type":"BreadcrumbList","@id":"https:\/\/sindromecharge.es\/index.php\/2024\/11\/30\/piden-que-no-se-elimine-mejora-los-productos-ortoprotesicos-perjudica-los-que-menos-recursos-tienen\/#breadcrumb","itemListElement":[{"@type":"ListItem","position":1,"name":"Portada","item":"https:\/\/sindromecharge.es\/"},{"@type":"ListItem","position":2,"name":"Piden que no se elimine la &#8216;mejora&#8217; de los productos ortoprot\u00e9sicos: &#8220;Perjudica a los que menos recursos tienen&#8221;"}]},{"@type":"WebSite","@id":"https:\/\/sindromecharge.es\/#website","url":"https:\/\/sindromecharge.es\/","name":"Asociaci\u00f3n Espa\u00f1ola S\u00edndrome de Charge","description":"","potentialAction":[{"@type":"SearchAction","target":{"@type":"EntryPoint","urlTemplate":"https:\/\/sindromecharge.es\/?s={search_term_string}"},"query-input":{"@type":"PropertyValueSpecification","valueRequired":true,"valueName":"search_term_string"}}],"inLanguage":"es"},{"@type":"Person","@id":"https:\/\/sindromecharge.es\/#\/schema\/person\/39a60ebe0a2b4d5a11179701e336b039","name":"Charge","image":{"@type":"ImageObject","inLanguage":"es","@id":"https:\/\/secure.gravatar.com\/avatar\/c3b46e32a0fc3b093a0873fb767bf3293de856293065e84ef06b7ec7a8acfb98?s=96&d=identicon&r=x","url":"https:\/\/secure.gravatar.com\/avatar\/c3b46e32a0fc3b093a0873fb767bf3293de856293065e84ef06b7ec7a8acfb98?s=96&d=identicon&r=x","contentUrl":"https:\/\/secure.gravatar.com\/avatar\/c3b46e32a0fc3b093a0873fb767bf3293de856293065e84ef06b7ec7a8acfb98?s=96&d=identicon&r=x","caption":"Charge"},"url":"https:\/\/sindromecharge.es\/index.php\/author\/admin\/"}]}},"_links":{"self":[{"href":"https:\/\/sindromecharge.es\/index.php\/wp-json\/wp\/v2\/posts\/10613","targetHints":{"allow":["GET"]}}],"collection":[{"href":"https:\/\/sindromecharge.es\/index.php\/wp-json\/wp\/v2\/posts"}],"about":[{"href":"https:\/\/sindromecharge.es\/index.php\/wp-json\/wp\/v2\/types\/post"}],"author":[{"embeddable":true,"href":"https:\/\/sindromecharge.es\/index.php\/wp-json\/wp\/v2\/users\/1"}],"replies":[{"embeddable":true,"href":"https:\/\/sindromecharge.es\/index.php\/wp-json\/wp\/v2\/comments?post=10613"}],"version-history":[{"count":0,"href":"https:\/\/sindromecharge.es\/index.php\/wp-json\/wp\/v2\/posts\/10613\/revisions"}],"wp:attachment":[{"href":"https:\/\/sindromecharge.es\/index.php\/wp-json\/wp\/v2\/media?parent=10613"}],"wp:term":[{"taxonomy":"category","embeddable":true,"href":"https:\/\/sindromecharge.es\/index.php\/wp-json\/wp\/v2\/categories?post=10613"},{"taxonomy":"post_tag","embeddable":true,"href":"https:\/\/sindromecharge.es\/index.php\/wp-json\/wp\/v2\/tags?post=10613"}],"curies":[{"name":"wp","href":"https:\/\/api.w.org\/{rel}","templated":true}]}}