{"id":10610,"date":"2024-11-29T06:25:25","date_gmt":"2024-11-29T06:25:25","guid":{"rendered":"https:\/\/sindromecharge.es\/index.php\/2024\/11\/29\/cuando-circunstancias-prejubilacion-persona-discapacidad\/"},"modified":"2024-11-29T06:25:25","modified_gmt":"2024-11-29T06:25:25","slug":"cuando-circunstancias-prejubilacion-persona-discapacidad","status":"publish","type":"post","link":"https:\/\/sindromecharge.es\/index.php\/2024\/11\/29\/cuando-circunstancias-prejubilacion-persona-discapacidad\/","title":{"rendered":"Cu\u00e1ndo, en qu\u00e9 circunstancias y con qu\u00e9 enfermedades se puede prejubilar una persona con discapacidad sin penalizaci\u00f3n"},"content":{"rendered":"<p>Leemos en Discapacidad la siguiente noticia que os reproducimos de forma \u00edntegra: <\/p>\n<div>\n<p>En 2009 se aprob\u00f3 un Real Decreto, el <a href=\"https:\/\/www.boe.es\/eli\/es\/rd\/2009\/12\/04\/1851\" target=\"_blank\" rel=\"nofollow\">1851\/2009 de 4 de diciembre<\/a>, que permit\u00eda a las personas con una<a href=\"https:\/\/www.20minutos.es\/minuteca\/discapacidad\/\" title=\"Discapacidad\" target=\"_blank\"> discapacidad<\/a> igual o superior al 45%, prejubilarse sin penalizaci\u00f3n, siempre y cuando se cumplieran unos requisitos. Esta<a href=\"https:\/\/www.20minutos.es\/minuteca\/prejubilacion\/\" title=\"Prejubilaci\u00f3n\" target=\"_blank\"> <b>prejubilaci\u00f3n <\/b><\/a><b>podr\u00eda ser a partir de los 52<\/b> para personas con al menos un 65% de discapacidad y <b>a partir de 56<\/b> para los que tuvieran una discapacidad de al menos un 45%.<\/p>\n<p>Como los criterios, en el caso de las personas con entre un 45 y un 64% de discapacidad eran muy estrictos, el a\u00f1o pasado, se modific\u00f3 este real decreto por el <a href=\"https:\/\/www.boe.es\/diario_boe\/txt.php?id=BOE-A-2023-11644\" target=\"_blank\" rel=\"nofollow\">370\/2023, de 16 de mayo<\/a>.<\/p>\n<p>Tras esta modificaci\u00f3n, que tuvo lugar en mayo de 2023, estas personas tienen m\u00e1s f\u00e1cil prejubilarse. Sin embargo, todav\u00eda quedan algunas cosas por definir, como las enfermedades que se pueden acumular para poder acceder a esta jubilaci\u00f3n anticipada sin penalizaci\u00f3n.<\/p>\n<h2>Requisitos jubilarse antes con una discapacidad<\/h2>\n<p>Para poder acceder a la <a href=\"https:\/\/www.20minutos.es\/minuteca\/jubilacion-anticipada\/\" title=\"Jubilaci\u00f3n anticipada\" target=\"_blank\" rel=\"nofollow\">jubilaci\u00f3n anticipada<\/a>, las personas con discapacidad tienen que cumplir una serie de requisitos, que var\u00edan dependiendo del grado de discapacidad.<\/p>\n<p>\u2022 Contar con el certificado del <b>grado de discapacidad<\/b>.<\/p>\n<p>\u2022 <b>Estar en alta <\/b>o en situaci\u00f3n asimilada a la de alta en el momento de pedir la jubilaci\u00f3n anticipada.<\/p>\n<p>\u2022 <b>Haber cotizado un m\u00ednimo de a\u00f1os<\/b>. Para que las personas con una discapacidad de entre 45 y 64% puedan jubilarse a los 56 tienen que haber cotizado, <b>al menos 5 a\u00f1os con este porcentaje de discapacidad reconocida<\/b>. En caso de que siempre hayan tenido reconocido ese grado de discapacidad, les bastar\u00e1 con haber cotizado 15 a\u00f1os, pero si ha adquirido la discapacidad a lo largo de la vida laboral, deber\u00e1 acreditar haber trabajado al menos 5 a\u00f1os despu\u00e9s.<\/p>\n<p>Este requisito no se exige a las personas con un grado de discapacidad del <b>65%<\/b> o m\u00e1s, que <b>solo necesitar\u00e1n acreditar 15 a\u00f1os de cotizaci\u00f3n<\/b>, con o sin ese grado de discapacidad reconocido, para jubilarse a partir de los 52 a\u00f1os.<\/p>\n<p>En el caso de las personas con m\u00e1s de un 65% de discapacidad, en la actualidad<b> se est\u00e1 barajando, como pide <a href=\"https:\/\/www.20minutos.es\/minuteca\/cermi\/\" title=\"Cermi\" target=\"_blank\">cermi<\/a>, rebajar la exigencia de los 15 a\u00f1os cotizados<\/b> para acceder a la prejubilaci\u00f3n, <a href=\"https:\/\/www.20minutos.es\/noticia\/5549408\/0\/seguridad-social-analizara-posibilidad-modificar-jubilacion-anticipada-trabajadores-con-discapacidad-65\/\" target=\"_blank\">como anunciaron hace unos meses<\/a>. <\/p>\n<p>\u2022 Que <b>la causa de la discapacidad<\/b> determine de \u2018forma generalizada y apreciable\u2019 una reducci\u00f3n de la esperanza de vida de un 15%. Esto se aplica solo a las personas con una discapacidad de entre el 45 y el 64%, pues con un grado de discapacidad igual o superior al 65% no ser\u00e1 necesario acreditar la naturaleza de la enfermedad.<\/p>\n<p>La ley establece que las <b>causas<\/b> por las que estas personas pueden jubilarse anticipadamente son las siguientes:<\/p>\n<p>\u2022 <a href=\"https:\/\/www.20minutos.es\/minuteca\/discapacidad-intelectual\/\" title=\"Discapacidad intelectual\" target=\"_blank\">Discapacidad <b>intelectual<\/b><\/a><b>.<\/b><\/p>\n<p>\u2022 <a href=\"https:\/\/www.20minutos.es\/minuteca\/paralisis-cerebral\/\" title=\"Par\u00e1lisis cerebral\" target=\"_blank\"><b>Par\u00e1lisis <\/b>cerebral<\/a>.<\/p>\n<p><b>\u2022 Anomal\u00edas gen\u00e9ticas<\/b>: <a href=\"https:\/\/www.20minutos.es\/minuteca\/sindrome-de-down\/\" title=\"S\u00edndrome de Down\" target=\"_blank\">S\u00edndrome de Down<\/a>, S\u00edndrome de Prader Willi, s\u00edndrome X fr\u00e1gil, osteog\u00e9nesis imperfecta, acondroplasia, fibrosis qu\u00edstica o enfermedad de Wilson.<\/p>\n<p>\u2022 Trastornos del <b>espectro <a href=\"https:\/\/www.20minutos.es\/minuteca\/autismo\/\" title=\"Autismo\" target=\"_blank\">autista<\/a><\/b>.<\/p>\n<p>\u2022 <b>Anomal\u00edas cong\u00e9nitas<\/b> secundarias a talidomida.<\/p>\n<p>\u2022Secuelas de <b><a href=\"https:\/\/www.20minutos.es\/minuteca\/polio\/\" title=\"Polio\" target=\"_blank\">polio<\/a><\/b> o s\u00edndrome postpolio.<\/p>\n<p>\u2022 <b>Da\u00f1o cerebral adquirido<\/b> por traumatismo craneoencef\u00e1lico, secuelas de tumores del sistema nerviosos central, infecciones o intoxicaciones.<\/p>\n<p>\u2022 <b><a href=\"https:\/\/www.20minutos.es\/minuteca\/enfermedad-mental\/\" title=\"Enfermedad mental\" target=\"_blank\">Enfermedad mental<\/a><\/b>: esquizofrenia y trastorno bipolar.<\/p>\n<p><b>\u2022 Enfermedad neurol\u00f3gica: <\/b><a href=\"https:\/\/www.20minutos.es\/minuteca\/ela-esclerosis-lateral-amiotrofica\/\" title=\"ELA - Esclerosis lateral amiotr\u00f3fica\" target=\"_blank\">esclerosis lateral amiotr\u00f3fica (ELA)<\/a>, <a href=\"https:\/\/www.20minutos.es\/minuteca\/esclerosis-multiple\/\" title=\"Esclerosis m\u00faltiple\" target=\"_blank\">esclerosis m\u00faltiple<\/a>, leucodistrofias, <a href=\"https:\/\/www.20minutos.es\/minuteca\/sindrome-de-tourette\/\" title=\"S\u00edndrome de Tourette\" target=\"_blank\">s\u00edndrome de Tourette<\/a> o lesi\u00f3n medular traum\u00e1tica.<\/p>\n<p>Desde el movimiento asociativo se est\u00e1 pidiendo que, como se recoge en la ley, se anuncien ya nuevas patolog\u00edas generadoras de discapacidad para a\u00f1adir a este listado. Desde Cermi sugieren que se a\u00f1adan, entre otras, la <a href=\"https:\/\/www.20minutos.es\/minuteca\/fibromialgia\/\" title=\"Fibromialgia\" target=\"_blank\">fibromialgia<\/a>, el s\u00edndrome de fatiga cr\u00f3nica, la artritis, la enfermedad de Huntington, el <a href=\"https:\/\/www.20minutos.es\/minuteca\/parkinson\/\" title=\"P\u00e1rkinson\" target=\"_blank\">p\u00e1rkinson<\/a> o la espina b\u00edfida, entre otras. Se puede consultar el <a href=\"https:\/\/www.20minutos.es\/imagenes\/capaces\/5223461-estas-son-las-11-patologias-que-cermi-propone-para-poder-prejubilarte-con-discapacidad\" target=\"_blank\">listado completo aqu\u00ed<\/a>. <\/p>\n<p>La discapacidad puede estar producida por una de estas enfermedades o por varias. Es decir, que si tenemos m\u00e1s de una patolog\u00eda que cause discapacidad,<b> se puede acumular la discapacidad producida por una y otra<\/b>. O sea, que podr\u00edamos acceder a la jubilaci\u00f3n anticipada si una de estas enfermedades provoca un 33% de discapacidad y otra un 20%. <\/p>\n<h2>Jubilaci\u00f3n sin penalizaci\u00f3n<\/h2>\n<p>Si se le concede a una persona con discapacidad la jubilaci\u00f3n anticipada, los a\u00f1os que le restan hasta la que hubiera sido una jubilaci\u00f3n a la edad ordinaria -que en 2024 son los 66 a\u00f1os y seis meses-<b> se computan como cotizados<\/b>. Es decir, que, a los a\u00f1os reales cotizados, habr\u00eda que sumar los que se han jubilado prematuramente a causa de su discapacidad. Con la suma resultante, se calcular\u00e1 la cuant\u00eda la pensi\u00f3n de jubilaci\u00f3n.<\/p>\n<p>Adem\u00e1s, a diferencia de lo que ocurre con las personas que se prejubilan por voluntad propia,<b> la prejubilaci\u00f3n de las personas con discapacidad no tiene coeficientes reductores.<\/b><\/p>\n<p>Los a\u00f1os que se pueden jubilar antes depender\u00e1 de los a\u00f1os cotizados. Como indican en la <a href=\"https:\/\/www.seg-social.es\/wps\/portal\/wss\/internet\/Trabajadores\/PrestacionesPensionesTrabajadores\/10963\/28393\/1712\/41704#41711\" target=\"_blank\" rel=\"nofollow\">web de la Seguridad Social<\/a>, \u00abse reducir\u00e1 en un per\u00edodo equivalente al que resulte de aplicar al tiempo efectivamente trabajado los coeficientes que se indican\u00bb:<\/p>\n<p>\u2022 El <b>coeficiente del 0,25,<\/b> en los casos en que el trabajador tenga acreditado un grado de discapacidad igual o superior al 65%. Es decir, que <b>podr\u00e1 reducirse un a\u00f1o de cada cuatro cotizados<\/b>.<\/p>\n<p>\u2022 El <b>coeficiente del 0,50<\/b>, en los casos en que el trabajador tenga acreditado un grado de discapacidad igual o superior al 65% y acredite la necesidad del concurso de otra persona para la realizaci\u00f3n de los actos esenciales de la vida ordinaria. Esto implica <b>un a\u00f1o de reducci\u00f3n de la edad de jubilaci\u00f3n por cada dos cotizados.<\/b><\/p>\n<p>Sea cual sea el resultado,<b> en ning\u00fan caso, esta edad podr\u00e1 ser inferior a 52 a\u00f1os<\/b>. Es decir que si, por ejemplo, una persona con una discapacidad superior al 65% y grandes necesidades de apoyo ha cotizado 30 a\u00f1os, no podr\u00eda jubilarse 15 a\u00f1os antes -a las 51 a\u00f1os- sino a los 52.<\/p>\n<p>Las personas que, aun teniendo una discapacidad reconocida<b>, no llegan a ese 45% no pueden acogerse a este tipo de jubilaci\u00f3n anticipada<\/b>. La \u00fanica ventaja que tienen los trabajadores con una discapacidad entre el 33 y el 44% es que, si lo desean, <b>pueden acceder a la modalidad de jubilaci\u00f3n parcial con contrato de relevo tras cotizar 25 a\u00f1os<\/b>. La poblaci\u00f3n general (sin discapacidad) solo puede acceder a esta modalidad habiendo cotizado 33 a\u00f1os.<\/p>\n<\/div>\n<p>Fuente: Discapacidad https:\/\/www.20minutos.es\/noticia\/5658351\/0\/cuando-circunstancias-prejubilacion-persona-discapacidad\/<\/p>\n","protected":false},"excerpt":{"rendered":"<p>Con un 65% de discapacidad pueden jubilarse a partir de los 52 a\u00f1os, y con un 45% o m\u00e1s, a partir de los 56 si cumplen una serie de requisitos.<\/p>\n","protected":false},"author":1,"featured_media":0,"comment_status":"closed","ping_status":"closed","sticky":false,"template":"","format":"standard","meta":{"footnotes":""},"categories":[8],"tags":[],"class_list":["post-10610","post","type-post","status-publish","format-standard","hentry","category-noticias"],"yoast_head":"<!-- This site is optimized with the Yoast SEO plugin v27.5 - https:\/\/yoast.com\/product\/yoast-seo-wordpress\/ -->\n<title>Cu\u00e1ndo, en qu\u00e9 circunstancias y con qu\u00e9 enfermedades se puede prejubilar una persona con discapacidad sin penalizaci\u00f3n - Asociaci\u00f3n Espa\u00f1ola S\u00edndrome de Charge<\/title>\n<meta name=\"robots\" content=\"index, follow, max-snippet:-1, max-image-preview:large, max-video-preview:-1\" \/>\n<link rel=\"canonical\" href=\"https:\/\/sindromecharge.es\/index.php\/2024\/11\/29\/cuando-circunstancias-prejubilacion-persona-discapacidad\/\" \/>\n<meta property=\"og:locale\" content=\"es_ES\" \/>\n<meta property=\"og:type\" content=\"article\" \/>\n<meta property=\"og:title\" content=\"Cu\u00e1ndo, en qu\u00e9 circunstancias y con qu\u00e9 enfermedades se puede prejubilar una persona con discapacidad sin penalizaci\u00f3n - Asociaci\u00f3n Espa\u00f1ola S\u00edndrome de Charge\" \/>\n<meta property=\"og:description\" content=\"Con un 65% de discapacidad pueden jubilarse a partir de los 52 a\u00f1os, y con un 45% o m\u00e1s, a partir de los 56 si cumplen una serie de requisitos.\" \/>\n<meta property=\"og:url\" content=\"https:\/\/sindromecharge.es\/index.php\/2024\/11\/29\/cuando-circunstancias-prejubilacion-persona-discapacidad\/\" \/>\n<meta property=\"og:site_name\" content=\"Asociaci\u00f3n Espa\u00f1ola S\u00edndrome de Charge\" \/>\n<meta property=\"article:publisher\" content=\"https:\/\/www.facebook.com\/asociacionsindromecharge\" \/>\n<meta property=\"article:published_time\" content=\"2024-11-29T06:25:25+00:00\" \/>\n<meta property=\"og:image\" content=\"https:\/\/sindromecharge.es\/wp-content\/uploads\/2013\/09\/logodecharge300x98.png\" \/>\n\t<meta property=\"og:image:width\" content=\"300\" \/>\n\t<meta property=\"og:image:height\" content=\"98\" \/>\n\t<meta property=\"og:image:type\" content=\"image\/png\" \/>\n<meta name=\"author\" content=\"Charge\" \/>\n<meta name=\"twitter:card\" content=\"summary_large_image\" \/>\n<meta name=\"twitter:creator\" content=\"@sindromecharge\" \/>\n<meta name=\"twitter:site\" content=\"@sindromecharge\" \/>\n<meta name=\"twitter:label1\" content=\"Escrito por\" \/>\n\t<meta name=\"twitter:data1\" content=\"Charge\" \/>\n\t<meta name=\"twitter:label2\" content=\"Tiempo de lectura\" \/>\n\t<meta name=\"twitter:data2\" content=\"5 minutos\" \/>\n<script type=\"application\/ld+json\" class=\"yoast-schema-graph\">{\"@context\":\"https:\\\/\\\/schema.org\",\"@graph\":[{\"@type\":\"Article\",\"@id\":\"https:\\\/\\\/sindromecharge.es\\\/index.php\\\/2024\\\/11\\\/29\\\/cuando-circunstancias-prejubilacion-persona-discapacidad\\\/#article\",\"isPartOf\":{\"@id\":\"https:\\\/\\\/sindromecharge.es\\\/index.php\\\/2024\\\/11\\\/29\\\/cuando-circunstancias-prejubilacion-persona-discapacidad\\\/\"},\"author\":{\"name\":\"Charge\",\"@id\":\"https:\\\/\\\/sindromecharge.es\\\/#\\\/schema\\\/person\\\/39a60ebe0a2b4d5a11179701e336b039\"},\"headline\":\"Cu\u00e1ndo, en qu\u00e9 circunstancias y con qu\u00e9 enfermedades se puede prejubilar una persona con discapacidad sin penalizaci\u00f3n\",\"datePublished\":\"2024-11-29T06:25:25+00:00\",\"mainEntityOfPage\":{\"@id\":\"https:\\\/\\\/sindromecharge.es\\\/index.php\\\/2024\\\/11\\\/29\\\/cuando-circunstancias-prejubilacion-persona-discapacidad\\\/\"},\"wordCount\":1087,\"articleSection\":[\"noticias\"],\"inLanguage\":\"es\"},{\"@type\":\"WebPage\",\"@id\":\"https:\\\/\\\/sindromecharge.es\\\/index.php\\\/2024\\\/11\\\/29\\\/cuando-circunstancias-prejubilacion-persona-discapacidad\\\/\",\"url\":\"https:\\\/\\\/sindromecharge.es\\\/index.php\\\/2024\\\/11\\\/29\\\/cuando-circunstancias-prejubilacion-persona-discapacidad\\\/\",\"name\":\"Cu\u00e1ndo, en qu\u00e9 circunstancias y con qu\u00e9 enfermedades se puede prejubilar una persona con discapacidad sin penalizaci\u00f3n - Asociaci\u00f3n Espa\u00f1ola S\u00edndrome de Charge\",\"isPartOf\":{\"@id\":\"https:\\\/\\\/sindromecharge.es\\\/#website\"},\"datePublished\":\"2024-11-29T06:25:25+00:00\",\"author\":{\"@id\":\"https:\\\/\\\/sindromecharge.es\\\/#\\\/schema\\\/person\\\/39a60ebe0a2b4d5a11179701e336b039\"},\"breadcrumb\":{\"@id\":\"https:\\\/\\\/sindromecharge.es\\\/index.php\\\/2024\\\/11\\\/29\\\/cuando-circunstancias-prejubilacion-persona-discapacidad\\\/#breadcrumb\"},\"inLanguage\":\"es\",\"potentialAction\":[{\"@type\":\"ReadAction\",\"target\":[\"https:\\\/\\\/sindromecharge.es\\\/index.php\\\/2024\\\/11\\\/29\\\/cuando-circunstancias-prejubilacion-persona-discapacidad\\\/\"]}]},{\"@type\":\"BreadcrumbList\",\"@id\":\"https:\\\/\\\/sindromecharge.es\\\/index.php\\\/2024\\\/11\\\/29\\\/cuando-circunstancias-prejubilacion-persona-discapacidad\\\/#breadcrumb\",\"itemListElement\":[{\"@type\":\"ListItem\",\"position\":1,\"name\":\"Portada\",\"item\":\"https:\\\/\\\/sindromecharge.es\\\/\"},{\"@type\":\"ListItem\",\"position\":2,\"name\":\"Cu\u00e1ndo, en qu\u00e9 circunstancias y con qu\u00e9 enfermedades se puede prejubilar una persona con discapacidad sin penalizaci\u00f3n\"}]},{\"@type\":\"WebSite\",\"@id\":\"https:\\\/\\\/sindromecharge.es\\\/#website\",\"url\":\"https:\\\/\\\/sindromecharge.es\\\/\",\"name\":\"Asociaci\u00f3n Espa\u00f1ola S\u00edndrome de Charge\",\"description\":\"\",\"potentialAction\":[{\"@type\":\"SearchAction\",\"target\":{\"@type\":\"EntryPoint\",\"urlTemplate\":\"https:\\\/\\\/sindromecharge.es\\\/?s={search_term_string}\"},\"query-input\":{\"@type\":\"PropertyValueSpecification\",\"valueRequired\":true,\"valueName\":\"search_term_string\"}}],\"inLanguage\":\"es\"},{\"@type\":\"Person\",\"@id\":\"https:\\\/\\\/sindromecharge.es\\\/#\\\/schema\\\/person\\\/39a60ebe0a2b4d5a11179701e336b039\",\"name\":\"Charge\",\"image\":{\"@type\":\"ImageObject\",\"inLanguage\":\"es\",\"@id\":\"https:\\\/\\\/secure.gravatar.com\\\/avatar\\\/c3b46e32a0fc3b093a0873fb767bf3293de856293065e84ef06b7ec7a8acfb98?s=96&d=identicon&r=x\",\"url\":\"https:\\\/\\\/secure.gravatar.com\\\/avatar\\\/c3b46e32a0fc3b093a0873fb767bf3293de856293065e84ef06b7ec7a8acfb98?s=96&d=identicon&r=x\",\"contentUrl\":\"https:\\\/\\\/secure.gravatar.com\\\/avatar\\\/c3b46e32a0fc3b093a0873fb767bf3293de856293065e84ef06b7ec7a8acfb98?s=96&d=identicon&r=x\",\"caption\":\"Charge\"},\"url\":\"https:\\\/\\\/sindromecharge.es\\\/index.php\\\/author\\\/admin\\\/\"}]}<\/script>\n<!-- \/ Yoast SEO plugin. -->","yoast_head_json":{"title":"Cu\u00e1ndo, en qu\u00e9 circunstancias y con qu\u00e9 enfermedades se puede prejubilar una persona con discapacidad sin penalizaci\u00f3n - Asociaci\u00f3n Espa\u00f1ola S\u00edndrome de Charge","robots":{"index":"index","follow":"follow","max-snippet":"max-snippet:-1","max-image-preview":"max-image-preview:large","max-video-preview":"max-video-preview:-1"},"canonical":"https:\/\/sindromecharge.es\/index.php\/2024\/11\/29\/cuando-circunstancias-prejubilacion-persona-discapacidad\/","og_locale":"es_ES","og_type":"article","og_title":"Cu\u00e1ndo, en qu\u00e9 circunstancias y con qu\u00e9 enfermedades se puede prejubilar una persona con discapacidad sin penalizaci\u00f3n - Asociaci\u00f3n Espa\u00f1ola S\u00edndrome de Charge","og_description":"Con un 65% de discapacidad pueden jubilarse a partir de los 52 a\u00f1os, y con un 45% o m\u00e1s, a partir de los 56 si cumplen una serie de requisitos.","og_url":"https:\/\/sindromecharge.es\/index.php\/2024\/11\/29\/cuando-circunstancias-prejubilacion-persona-discapacidad\/","og_site_name":"Asociaci\u00f3n Espa\u00f1ola S\u00edndrome de Charge","article_publisher":"https:\/\/www.facebook.com\/asociacionsindromecharge","article_published_time":"2024-11-29T06:25:25+00:00","og_image":[{"width":300,"height":98,"url":"https:\/\/sindromecharge.es\/wp-content\/uploads\/2013\/09\/logodecharge300x98.png","type":"image\/png"}],"author":"Charge","twitter_card":"summary_large_image","twitter_creator":"@sindromecharge","twitter_site":"@sindromecharge","twitter_misc":{"Escrito por":"Charge","Tiempo de lectura":"5 minutos"},"schema":{"@context":"https:\/\/schema.org","@graph":[{"@type":"Article","@id":"https:\/\/sindromecharge.es\/index.php\/2024\/11\/29\/cuando-circunstancias-prejubilacion-persona-discapacidad\/#article","isPartOf":{"@id":"https:\/\/sindromecharge.es\/index.php\/2024\/11\/29\/cuando-circunstancias-prejubilacion-persona-discapacidad\/"},"author":{"name":"Charge","@id":"https:\/\/sindromecharge.es\/#\/schema\/person\/39a60ebe0a2b4d5a11179701e336b039"},"headline":"Cu\u00e1ndo, en qu\u00e9 circunstancias y con qu\u00e9 enfermedades se puede prejubilar una persona con discapacidad sin penalizaci\u00f3n","datePublished":"2024-11-29T06:25:25+00:00","mainEntityOfPage":{"@id":"https:\/\/sindromecharge.es\/index.php\/2024\/11\/29\/cuando-circunstancias-prejubilacion-persona-discapacidad\/"},"wordCount":1087,"articleSection":["noticias"],"inLanguage":"es"},{"@type":"WebPage","@id":"https:\/\/sindromecharge.es\/index.php\/2024\/11\/29\/cuando-circunstancias-prejubilacion-persona-discapacidad\/","url":"https:\/\/sindromecharge.es\/index.php\/2024\/11\/29\/cuando-circunstancias-prejubilacion-persona-discapacidad\/","name":"Cu\u00e1ndo, en qu\u00e9 circunstancias y con qu\u00e9 enfermedades se puede prejubilar una persona con discapacidad sin penalizaci\u00f3n - Asociaci\u00f3n Espa\u00f1ola S\u00edndrome de Charge","isPartOf":{"@id":"https:\/\/sindromecharge.es\/#website"},"datePublished":"2024-11-29T06:25:25+00:00","author":{"@id":"https:\/\/sindromecharge.es\/#\/schema\/person\/39a60ebe0a2b4d5a11179701e336b039"},"breadcrumb":{"@id":"https:\/\/sindromecharge.es\/index.php\/2024\/11\/29\/cuando-circunstancias-prejubilacion-persona-discapacidad\/#breadcrumb"},"inLanguage":"es","potentialAction":[{"@type":"ReadAction","target":["https:\/\/sindromecharge.es\/index.php\/2024\/11\/29\/cuando-circunstancias-prejubilacion-persona-discapacidad\/"]}]},{"@type":"BreadcrumbList","@id":"https:\/\/sindromecharge.es\/index.php\/2024\/11\/29\/cuando-circunstancias-prejubilacion-persona-discapacidad\/#breadcrumb","itemListElement":[{"@type":"ListItem","position":1,"name":"Portada","item":"https:\/\/sindromecharge.es\/"},{"@type":"ListItem","position":2,"name":"Cu\u00e1ndo, en qu\u00e9 circunstancias y con qu\u00e9 enfermedades se puede prejubilar una persona con discapacidad sin penalizaci\u00f3n"}]},{"@type":"WebSite","@id":"https:\/\/sindromecharge.es\/#website","url":"https:\/\/sindromecharge.es\/","name":"Asociaci\u00f3n Espa\u00f1ola S\u00edndrome de Charge","description":"","potentialAction":[{"@type":"SearchAction","target":{"@type":"EntryPoint","urlTemplate":"https:\/\/sindromecharge.es\/?s={search_term_string}"},"query-input":{"@type":"PropertyValueSpecification","valueRequired":true,"valueName":"search_term_string"}}],"inLanguage":"es"},{"@type":"Person","@id":"https:\/\/sindromecharge.es\/#\/schema\/person\/39a60ebe0a2b4d5a11179701e336b039","name":"Charge","image":{"@type":"ImageObject","inLanguage":"es","@id":"https:\/\/secure.gravatar.com\/avatar\/c3b46e32a0fc3b093a0873fb767bf3293de856293065e84ef06b7ec7a8acfb98?s=96&d=identicon&r=x","url":"https:\/\/secure.gravatar.com\/avatar\/c3b46e32a0fc3b093a0873fb767bf3293de856293065e84ef06b7ec7a8acfb98?s=96&d=identicon&r=x","contentUrl":"https:\/\/secure.gravatar.com\/avatar\/c3b46e32a0fc3b093a0873fb767bf3293de856293065e84ef06b7ec7a8acfb98?s=96&d=identicon&r=x","caption":"Charge"},"url":"https:\/\/sindromecharge.es\/index.php\/author\/admin\/"}]}},"_links":{"self":[{"href":"https:\/\/sindromecharge.es\/index.php\/wp-json\/wp\/v2\/posts\/10610","targetHints":{"allow":["GET"]}}],"collection":[{"href":"https:\/\/sindromecharge.es\/index.php\/wp-json\/wp\/v2\/posts"}],"about":[{"href":"https:\/\/sindromecharge.es\/index.php\/wp-json\/wp\/v2\/types\/post"}],"author":[{"embeddable":true,"href":"https:\/\/sindromecharge.es\/index.php\/wp-json\/wp\/v2\/users\/1"}],"replies":[{"embeddable":true,"href":"https:\/\/sindromecharge.es\/index.php\/wp-json\/wp\/v2\/comments?post=10610"}],"version-history":[{"count":0,"href":"https:\/\/sindromecharge.es\/index.php\/wp-json\/wp\/v2\/posts\/10610\/revisions"}],"wp:attachment":[{"href":"https:\/\/sindromecharge.es\/index.php\/wp-json\/wp\/v2\/media?parent=10610"}],"wp:term":[{"taxonomy":"category","embeddable":true,"href":"https:\/\/sindromecharge.es\/index.php\/wp-json\/wp\/v2\/categories?post=10610"},{"taxonomy":"post_tag","embeddable":true,"href":"https:\/\/sindromecharge.es\/index.php\/wp-json\/wp\/v2\/tags?post=10610"}],"curies":[{"name":"wp","href":"https:\/\/api.w.org\/{rel}","templated":true}]}}