{"id":10609,"date":"2024-11-29T05:46:49","date_gmt":"2024-11-29T05:46:49","guid":{"rendered":"https:\/\/sindromecharge.es\/index.php\/2024\/11\/29\/jornada-ceddd-pedimos-un-pacto-estado-sin-las-cuidadoras-principales-muchas-vidas-se-perderian\/"},"modified":"2024-11-29T05:46:49","modified_gmt":"2024-11-29T05:46:49","slug":"jornada-ceddd-pedimos-un-pacto-estado-sin-las-cuidadoras-principales-muchas-vidas-se-perderian","status":"publish","type":"post","link":"https:\/\/sindromecharge.es\/index.php\/2024\/11\/29\/jornada-ceddd-pedimos-un-pacto-estado-sin-las-cuidadoras-principales-muchas-vidas-se-perderian\/","title":{"rendered":"El CEDDD organiza una jornada que constata la labor \u00abinsustituible\u00bb de las cuidadoras principales"},"content":{"rendered":"<p>Leemos en Discapacidad la siguiente noticia que os reproducimos de forma \u00edntegra: <\/p>\n<div>\n<p>Este jueves, el <b>Consejo Espa\u00f1ol para la Defensa de la Discapacidad<\/b> y la <b>Dependencia <\/b>(CEDDD) organizaba la jornada titulada \u00abCuidadoras principales, \u00bfy si no existi\u00e9ramos?\u00bb. Este evento reun\u00eda a profesionales, cuidadoras y representantes de asociaciones para <b>debatir sobre el papel fundamental de las cuidadoras principales<\/b> en la sociedad y las m\u00faltiples problem\u00e1ticas que enfrentaban, desde la sobrecarga emocional hasta la falta de reconocimiento legal y econ\u00f3mico. <\/p>\n<p><b>Mar Ugarte<\/b>, moderadora del evento, abr\u00eda la jornada destacando la feminizaci\u00f3n de los cuidados: \u00abEntre <b>el 86% y el 92% de las personas cuidadoras en Espa\u00f1a son mujeres<\/b>\u00ab. Ugarte enfatizaba que la Ley de Dependencia, concebida en 2006, no se dise\u00f1aba pensando en las cuidadoras, dejando a estas en <b>un papel subsidiario frente al Estado<\/b> y con una carga desproporcionada dentro de las familias.<\/p>\n<h2>Testimonios de una realidad silenciada<br \/><\/h2>\n<p>La jornada contaba con la participaci\u00f3n de <b>cuatro mujeres con historias personales que reflejaban los desaf\u00edos de las cuidadoras principales<\/b>. Silvina Funes, doctora en sociolog\u00eda y madre de un hijo con discapacidad, recalcaba el impacto emocional de su labor: \u00abNuestros cuidados no solo son imprescindibles; <b>son insustituibles desde el punto de vista emocional<\/b> y afectivo\u00bb. Adem\u00e1s, alertaba sobre el coste econ\u00f3mico de reemplazar los <b>cuidados familiares por institucionalizaci\u00f3n<\/b>, estimado en 46.000 millones de euros anuales.<\/p>\n<p>Por su parte, <b>Celine Rodr\u00edguez<\/b>, portavoz de la Plataforma Estatal de Cuidadoras Principales, compart\u00eda su experiencia personal: \u00abNuestros hijos son beb\u00e9s eternos. Un m\u00e9dico nos dijo una vez que <b>el 90% del trabajo de recuperaci\u00f3n lo har\u00edamos nosotros con amor<\/b> y cuidados\u00bb. Este testimonio pon\u00eda en evidencia la dimensi\u00f3n afectiva de su labor, que no pod\u00eda ser sustituida por personal profesional.<\/p>\n<p><b>Yolanda de la Viuda<\/b>, presidenta de la Asociaci\u00f3n de Ayuda a la Dependencia y Enfermedades Raras de <a href=\"https:\/\/www.20minutos.es\/minuteca\/castilla-y-leon\/\" title=\"Castilla y Le\u00f3n\">Castilla y Le\u00f3n<\/a>, hac\u00eda un llamado urgente a los pol\u00edticos: \u00abLa Ley de Dependencia, que nac\u00eda en 2006, ha alcanzado su mayor\u00eda de edad. <b>Es momento de que se la trate como un derecho, no como una limosna<\/b>\u00ab. De la Viuda tambi\u00e9n subrayaba la necesidad de un pacto de Estado que garantizara la protecci\u00f3n de las cuidadoras y las personas dependientes, destacando que, sin ellas, muchas vidas se perder\u00edan.<\/p>\n<p><b>Carmen \u00c1lvarez<\/b>, abogada y profesora, abordaba la carga emocional de ser cuidadora. \u00abTener una persona con discapacidad en la familia es vivir en un constante duelo. <b>El mayor miedo de una cuidadora es: &#8216;\u00bfQui\u00e9n cuidar\u00e1 de mi hijo cuando yo no est\u00e9?<\/b>&#8216;. Es un terremoto de emociones que el sistema no comprende\u00bb.<\/p>\n<h2>La Plataforma Estatal de Cuidadoras Principales<\/h2>\n<p>La jornada tambi\u00e9n serv\u00eda para dar visibilidad al trabajo de la <b>Plataforma Estatal de Cuidadoras Principales<\/b>, una iniciativa reciente que ya contaba con <b>500 integrantes<\/b> y el apoyo de varias asociaciones. <b>Celine Rodr\u00edguez<\/b> presentaba las principales demandas de la plataforma, entre las que destacaban:<\/p>\n<ul>\n<li>Equiparaci\u00f3n de la prestaci\u00f3n por cuidados al salario m\u00ednimo interprofesional, frente a los actuales 470 euros al mes.<\/li>\n<li>Reconocimiento de las cuidadoras como cuidadoras principales, en lugar de \u00abhabituales no profesionales\u00bb.<\/li>\n<li>Jubilaci\u00f3n anticipada para quienes cuidaban a dependientes de grado 2 y 3, dada la naturaleza cr\u00f3nica del estr\u00e9s que enfrentaban.<\/li>\n<li>Complementos de cotizaci\u00f3n, para garantizar pensiones dignas a quienes hab\u00edan dedicado su vida al cuidado.<\/li>\n<\/ul>\n<h2>Un futuro pendiente de cambios<\/h2>\n<p>El evento dejaba claro que las cuidadoras principales eran un pilar del sistema de dependencia en <a href=\"https:\/\/www.20minutos.es\/minuteca\/espana\/\" title=\"Espa\u00f1a\">Espa\u00f1a<\/a>, aportando <b>no solo cuidados f\u00edsicos sino tambi\u00e9n un apoyo emocional y social insustituible<\/b>. Sin embargo, la falta de reconocimiento legal, econ\u00f3mico y social pon\u00eda en riesgo tanto su bienestar como <b>el de las personas dependientes<\/b>.<\/p>\n<p>\u00ab<b>Es hora de que los pol\u00edticos escuchen y act\u00faen<\/b>\u00ab, conclu\u00eda <b>Mar Ugarte<\/b>. La jornada finalizaba con un llamado un\u00e1nime a que la Ley de Dependencia evolucionara para proteger a quienes cuidaban, porque, como dec\u00eda una de las participantes: \u00ab<b>Un cuidador son dos vidas, y ambas merecen ser cuidadas<\/b>\u00ab.<\/p>\n<\/div>\n<p>Fuente: Discapacidad https:\/\/www.20minutos.es\/noticia\/5658945\/0\/jornada-ceddd-pedimos-un-pacto-estado-sin-las-cuidadoras-principales-muchas-vidas-se-perderian\/<\/p>\n","protected":false},"excerpt":{"rendered":"<p>Este jueves, el Consejo Espa\u00f1ol para la Defensa de la Discapacidad y la Dependencia (CEDDD) organizaba la jornada titulada \u00abCuidadoras principales, \u00bfy si&#8230;<\/p>\n","protected":false},"author":1,"featured_media":0,"comment_status":"closed","ping_status":"closed","sticky":false,"template":"","format":"standard","meta":{"footnotes":""},"categories":[8],"tags":[],"class_list":["post-10609","post","type-post","status-publish","format-standard","hentry","category-noticias"],"yoast_head":"<!-- This site is optimized with the Yoast SEO plugin v27.5 - https:\/\/yoast.com\/product\/yoast-seo-wordpress\/ -->\n<title>El CEDDD organiza una jornada que constata la labor &quot;insustituible&quot; de las cuidadoras principales - Asociaci\u00f3n Espa\u00f1ola S\u00edndrome de Charge<\/title>\n<meta name=\"robots\" content=\"index, follow, max-snippet:-1, max-image-preview:large, max-video-preview:-1\" \/>\n<link rel=\"canonical\" href=\"https:\/\/sindromecharge.es\/index.php\/2024\/11\/29\/jornada-ceddd-pedimos-un-pacto-estado-sin-las-cuidadoras-principales-muchas-vidas-se-perderian\/\" \/>\n<meta property=\"og:locale\" content=\"es_ES\" \/>\n<meta property=\"og:type\" content=\"article\" \/>\n<meta property=\"og:title\" content=\"El CEDDD organiza una jornada que constata la labor &quot;insustituible&quot; de las cuidadoras principales - Asociaci\u00f3n Espa\u00f1ola S\u00edndrome de Charge\" \/>\n<meta property=\"og:description\" content=\"Este jueves, el Consejo Espa\u00f1ol para la Defensa de la Discapacidad y la Dependencia (CEDDD) organizaba la jornada titulada \u00abCuidadoras principales, \u00bfy si&#8230;\" \/>\n<meta property=\"og:url\" content=\"https:\/\/sindromecharge.es\/index.php\/2024\/11\/29\/jornada-ceddd-pedimos-un-pacto-estado-sin-las-cuidadoras-principales-muchas-vidas-se-perderian\/\" \/>\n<meta property=\"og:site_name\" content=\"Asociaci\u00f3n Espa\u00f1ola S\u00edndrome de Charge\" \/>\n<meta property=\"article:publisher\" content=\"https:\/\/www.facebook.com\/asociacionsindromecharge\" \/>\n<meta property=\"article:published_time\" content=\"2024-11-29T05:46:49+00:00\" \/>\n<meta property=\"og:image\" content=\"https:\/\/sindromecharge.es\/wp-content\/uploads\/2013\/09\/logodecharge300x98.png\" \/>\n\t<meta property=\"og:image:width\" content=\"300\" \/>\n\t<meta property=\"og:image:height\" content=\"98\" \/>\n\t<meta property=\"og:image:type\" content=\"image\/png\" \/>\n<meta name=\"author\" content=\"Charge\" \/>\n<meta name=\"twitter:card\" content=\"summary_large_image\" \/>\n<meta name=\"twitter:creator\" content=\"@sindromecharge\" \/>\n<meta name=\"twitter:site\" content=\"@sindromecharge\" \/>\n<meta name=\"twitter:label1\" content=\"Escrito por\" \/>\n\t<meta name=\"twitter:data1\" content=\"Charge\" \/>\n\t<meta name=\"twitter:label2\" content=\"Tiempo de lectura\" \/>\n\t<meta name=\"twitter:data2\" content=\"3 minutos\" \/>\n<script type=\"application\/ld+json\" class=\"yoast-schema-graph\">{\"@context\":\"https:\\\/\\\/schema.org\",\"@graph\":[{\"@type\":\"Article\",\"@id\":\"https:\\\/\\\/sindromecharge.es\\\/index.php\\\/2024\\\/11\\\/29\\\/jornada-ceddd-pedimos-un-pacto-estado-sin-las-cuidadoras-principales-muchas-vidas-se-perderian\\\/#article\",\"isPartOf\":{\"@id\":\"https:\\\/\\\/sindromecharge.es\\\/index.php\\\/2024\\\/11\\\/29\\\/jornada-ceddd-pedimos-un-pacto-estado-sin-las-cuidadoras-principales-muchas-vidas-se-perderian\\\/\"},\"author\":{\"name\":\"Charge\",\"@id\":\"https:\\\/\\\/sindromecharge.es\\\/#\\\/schema\\\/person\\\/39a60ebe0a2b4d5a11179701e336b039\"},\"headline\":\"El CEDDD organiza una jornada que constata la labor \u00abinsustituible\u00bb de las cuidadoras principales\",\"datePublished\":\"2024-11-29T05:46:49+00:00\",\"mainEntityOfPage\":{\"@id\":\"https:\\\/\\\/sindromecharge.es\\\/index.php\\\/2024\\\/11\\\/29\\\/jornada-ceddd-pedimos-un-pacto-estado-sin-las-cuidadoras-principales-muchas-vidas-se-perderian\\\/\"},\"wordCount\":712,\"articleSection\":[\"noticias\"],\"inLanguage\":\"es\"},{\"@type\":\"WebPage\",\"@id\":\"https:\\\/\\\/sindromecharge.es\\\/index.php\\\/2024\\\/11\\\/29\\\/jornada-ceddd-pedimos-un-pacto-estado-sin-las-cuidadoras-principales-muchas-vidas-se-perderian\\\/\",\"url\":\"https:\\\/\\\/sindromecharge.es\\\/index.php\\\/2024\\\/11\\\/29\\\/jornada-ceddd-pedimos-un-pacto-estado-sin-las-cuidadoras-principales-muchas-vidas-se-perderian\\\/\",\"name\":\"El CEDDD organiza una jornada que constata la labor \\\"insustituible\\\" de las cuidadoras principales - Asociaci\u00f3n Espa\u00f1ola S\u00edndrome de Charge\",\"isPartOf\":{\"@id\":\"https:\\\/\\\/sindromecharge.es\\\/#website\"},\"datePublished\":\"2024-11-29T05:46:49+00:00\",\"author\":{\"@id\":\"https:\\\/\\\/sindromecharge.es\\\/#\\\/schema\\\/person\\\/39a60ebe0a2b4d5a11179701e336b039\"},\"breadcrumb\":{\"@id\":\"https:\\\/\\\/sindromecharge.es\\\/index.php\\\/2024\\\/11\\\/29\\\/jornada-ceddd-pedimos-un-pacto-estado-sin-las-cuidadoras-principales-muchas-vidas-se-perderian\\\/#breadcrumb\"},\"inLanguage\":\"es\",\"potentialAction\":[{\"@type\":\"ReadAction\",\"target\":[\"https:\\\/\\\/sindromecharge.es\\\/index.php\\\/2024\\\/11\\\/29\\\/jornada-ceddd-pedimos-un-pacto-estado-sin-las-cuidadoras-principales-muchas-vidas-se-perderian\\\/\"]}]},{\"@type\":\"BreadcrumbList\",\"@id\":\"https:\\\/\\\/sindromecharge.es\\\/index.php\\\/2024\\\/11\\\/29\\\/jornada-ceddd-pedimos-un-pacto-estado-sin-las-cuidadoras-principales-muchas-vidas-se-perderian\\\/#breadcrumb\",\"itemListElement\":[{\"@type\":\"ListItem\",\"position\":1,\"name\":\"Portada\",\"item\":\"https:\\\/\\\/sindromecharge.es\\\/\"},{\"@type\":\"ListItem\",\"position\":2,\"name\":\"El CEDDD organiza una jornada que constata la labor &#8220;insustituible&#8221; de las cuidadoras principales\"}]},{\"@type\":\"WebSite\",\"@id\":\"https:\\\/\\\/sindromecharge.es\\\/#website\",\"url\":\"https:\\\/\\\/sindromecharge.es\\\/\",\"name\":\"Asociaci\u00f3n Espa\u00f1ola S\u00edndrome de Charge\",\"description\":\"\",\"potentialAction\":[{\"@type\":\"SearchAction\",\"target\":{\"@type\":\"EntryPoint\",\"urlTemplate\":\"https:\\\/\\\/sindromecharge.es\\\/?s={search_term_string}\"},\"query-input\":{\"@type\":\"PropertyValueSpecification\",\"valueRequired\":true,\"valueName\":\"search_term_string\"}}],\"inLanguage\":\"es\"},{\"@type\":\"Person\",\"@id\":\"https:\\\/\\\/sindromecharge.es\\\/#\\\/schema\\\/person\\\/39a60ebe0a2b4d5a11179701e336b039\",\"name\":\"Charge\",\"image\":{\"@type\":\"ImageObject\",\"inLanguage\":\"es\",\"@id\":\"https:\\\/\\\/secure.gravatar.com\\\/avatar\\\/c3b46e32a0fc3b093a0873fb767bf3293de856293065e84ef06b7ec7a8acfb98?s=96&d=identicon&r=x\",\"url\":\"https:\\\/\\\/secure.gravatar.com\\\/avatar\\\/c3b46e32a0fc3b093a0873fb767bf3293de856293065e84ef06b7ec7a8acfb98?s=96&d=identicon&r=x\",\"contentUrl\":\"https:\\\/\\\/secure.gravatar.com\\\/avatar\\\/c3b46e32a0fc3b093a0873fb767bf3293de856293065e84ef06b7ec7a8acfb98?s=96&d=identicon&r=x\",\"caption\":\"Charge\"},\"url\":\"https:\\\/\\\/sindromecharge.es\\\/index.php\\\/author\\\/admin\\\/\"}]}<\/script>\n<!-- \/ Yoast SEO plugin. -->","yoast_head_json":{"title":"El CEDDD organiza una jornada que constata la labor \"insustituible\" de las cuidadoras principales - Asociaci\u00f3n Espa\u00f1ola S\u00edndrome de Charge","robots":{"index":"index","follow":"follow","max-snippet":"max-snippet:-1","max-image-preview":"max-image-preview:large","max-video-preview":"max-video-preview:-1"},"canonical":"https:\/\/sindromecharge.es\/index.php\/2024\/11\/29\/jornada-ceddd-pedimos-un-pacto-estado-sin-las-cuidadoras-principales-muchas-vidas-se-perderian\/","og_locale":"es_ES","og_type":"article","og_title":"El CEDDD organiza una jornada que constata la labor \"insustituible\" de las cuidadoras principales - Asociaci\u00f3n Espa\u00f1ola S\u00edndrome de Charge","og_description":"Este jueves, el Consejo Espa\u00f1ol para la Defensa de la Discapacidad y la Dependencia (CEDDD) organizaba la jornada titulada \u00abCuidadoras principales, \u00bfy si&#8230;","og_url":"https:\/\/sindromecharge.es\/index.php\/2024\/11\/29\/jornada-ceddd-pedimos-un-pacto-estado-sin-las-cuidadoras-principales-muchas-vidas-se-perderian\/","og_site_name":"Asociaci\u00f3n Espa\u00f1ola S\u00edndrome de Charge","article_publisher":"https:\/\/www.facebook.com\/asociacionsindromecharge","article_published_time":"2024-11-29T05:46:49+00:00","og_image":[{"width":300,"height":98,"url":"https:\/\/sindromecharge.es\/wp-content\/uploads\/2013\/09\/logodecharge300x98.png","type":"image\/png"}],"author":"Charge","twitter_card":"summary_large_image","twitter_creator":"@sindromecharge","twitter_site":"@sindromecharge","twitter_misc":{"Escrito por":"Charge","Tiempo de lectura":"3 minutos"},"schema":{"@context":"https:\/\/schema.org","@graph":[{"@type":"Article","@id":"https:\/\/sindromecharge.es\/index.php\/2024\/11\/29\/jornada-ceddd-pedimos-un-pacto-estado-sin-las-cuidadoras-principales-muchas-vidas-se-perderian\/#article","isPartOf":{"@id":"https:\/\/sindromecharge.es\/index.php\/2024\/11\/29\/jornada-ceddd-pedimos-un-pacto-estado-sin-las-cuidadoras-principales-muchas-vidas-se-perderian\/"},"author":{"name":"Charge","@id":"https:\/\/sindromecharge.es\/#\/schema\/person\/39a60ebe0a2b4d5a11179701e336b039"},"headline":"El CEDDD organiza una jornada que constata la labor \u00abinsustituible\u00bb de las cuidadoras principales","datePublished":"2024-11-29T05:46:49+00:00","mainEntityOfPage":{"@id":"https:\/\/sindromecharge.es\/index.php\/2024\/11\/29\/jornada-ceddd-pedimos-un-pacto-estado-sin-las-cuidadoras-principales-muchas-vidas-se-perderian\/"},"wordCount":712,"articleSection":["noticias"],"inLanguage":"es"},{"@type":"WebPage","@id":"https:\/\/sindromecharge.es\/index.php\/2024\/11\/29\/jornada-ceddd-pedimos-un-pacto-estado-sin-las-cuidadoras-principales-muchas-vidas-se-perderian\/","url":"https:\/\/sindromecharge.es\/index.php\/2024\/11\/29\/jornada-ceddd-pedimos-un-pacto-estado-sin-las-cuidadoras-principales-muchas-vidas-se-perderian\/","name":"El CEDDD organiza una jornada que constata la labor \"insustituible\" de las cuidadoras principales - Asociaci\u00f3n Espa\u00f1ola S\u00edndrome de Charge","isPartOf":{"@id":"https:\/\/sindromecharge.es\/#website"},"datePublished":"2024-11-29T05:46:49+00:00","author":{"@id":"https:\/\/sindromecharge.es\/#\/schema\/person\/39a60ebe0a2b4d5a11179701e336b039"},"breadcrumb":{"@id":"https:\/\/sindromecharge.es\/index.php\/2024\/11\/29\/jornada-ceddd-pedimos-un-pacto-estado-sin-las-cuidadoras-principales-muchas-vidas-se-perderian\/#breadcrumb"},"inLanguage":"es","potentialAction":[{"@type":"ReadAction","target":["https:\/\/sindromecharge.es\/index.php\/2024\/11\/29\/jornada-ceddd-pedimos-un-pacto-estado-sin-las-cuidadoras-principales-muchas-vidas-se-perderian\/"]}]},{"@type":"BreadcrumbList","@id":"https:\/\/sindromecharge.es\/index.php\/2024\/11\/29\/jornada-ceddd-pedimos-un-pacto-estado-sin-las-cuidadoras-principales-muchas-vidas-se-perderian\/#breadcrumb","itemListElement":[{"@type":"ListItem","position":1,"name":"Portada","item":"https:\/\/sindromecharge.es\/"},{"@type":"ListItem","position":2,"name":"El CEDDD organiza una jornada que constata la labor &#8220;insustituible&#8221; de las cuidadoras principales"}]},{"@type":"WebSite","@id":"https:\/\/sindromecharge.es\/#website","url":"https:\/\/sindromecharge.es\/","name":"Asociaci\u00f3n Espa\u00f1ola S\u00edndrome de Charge","description":"","potentialAction":[{"@type":"SearchAction","target":{"@type":"EntryPoint","urlTemplate":"https:\/\/sindromecharge.es\/?s={search_term_string}"},"query-input":{"@type":"PropertyValueSpecification","valueRequired":true,"valueName":"search_term_string"}}],"inLanguage":"es"},{"@type":"Person","@id":"https:\/\/sindromecharge.es\/#\/schema\/person\/39a60ebe0a2b4d5a11179701e336b039","name":"Charge","image":{"@type":"ImageObject","inLanguage":"es","@id":"https:\/\/secure.gravatar.com\/avatar\/c3b46e32a0fc3b093a0873fb767bf3293de856293065e84ef06b7ec7a8acfb98?s=96&d=identicon&r=x","url":"https:\/\/secure.gravatar.com\/avatar\/c3b46e32a0fc3b093a0873fb767bf3293de856293065e84ef06b7ec7a8acfb98?s=96&d=identicon&r=x","contentUrl":"https:\/\/secure.gravatar.com\/avatar\/c3b46e32a0fc3b093a0873fb767bf3293de856293065e84ef06b7ec7a8acfb98?s=96&d=identicon&r=x","caption":"Charge"},"url":"https:\/\/sindromecharge.es\/index.php\/author\/admin\/"}]}},"_links":{"self":[{"href":"https:\/\/sindromecharge.es\/index.php\/wp-json\/wp\/v2\/posts\/10609","targetHints":{"allow":["GET"]}}],"collection":[{"href":"https:\/\/sindromecharge.es\/index.php\/wp-json\/wp\/v2\/posts"}],"about":[{"href":"https:\/\/sindromecharge.es\/index.php\/wp-json\/wp\/v2\/types\/post"}],"author":[{"embeddable":true,"href":"https:\/\/sindromecharge.es\/index.php\/wp-json\/wp\/v2\/users\/1"}],"replies":[{"embeddable":true,"href":"https:\/\/sindromecharge.es\/index.php\/wp-json\/wp\/v2\/comments?post=10609"}],"version-history":[{"count":0,"href":"https:\/\/sindromecharge.es\/index.php\/wp-json\/wp\/v2\/posts\/10609\/revisions"}],"wp:attachment":[{"href":"https:\/\/sindromecharge.es\/index.php\/wp-json\/wp\/v2\/media?parent=10609"}],"wp:term":[{"taxonomy":"category","embeddable":true,"href":"https:\/\/sindromecharge.es\/index.php\/wp-json\/wp\/v2\/categories?post=10609"},{"taxonomy":"post_tag","embeddable":true,"href":"https:\/\/sindromecharge.es\/index.php\/wp-json\/wp\/v2\/tags?post=10609"}],"curies":[{"name":"wp","href":"https:\/\/api.w.org\/{rel}","templated":true}]}}